{"id":18538,"date":"2021-11-06T21:11:59","date_gmt":"2021-11-06T19:11:59","guid":{"rendered":"http:\/\/esponsorama.ad\/?p=18538"},"modified":"2021-11-06T21:11:59","modified_gmt":"2021-11-06T19:11:59","slug":"antonelli-8th-and-tatay-26th-in-the-algarve-grand-prix-qualifying","status":"publish","type":"post","link":"http:\/\/esponsorama.ad\/en\/antonelli-8th-and-tatay-26th-in-the-algarve-grand-prix-qualifying\/","title":{"rendered":"ANTONELLI 8TH AND TATAY 26TH IN THE ALGARVE GRAND PRIX QUALIFYING"},"content":{"rendered":"<p>Avintia Esponsorama Moto3 and Avintia VR46 Academy finished the Grande Pr\u00e9mio Brembo do Algarve qualifying at the Aut\u00f3dromo Internacional do Algarve.<\/p>\n<p>Niccol\u00f2 Antonelli, who didn&#8217;t get direct access to Q2 after the free practice sessions, qualified in the top 4 in Q1. In Q2, with a time of 1:47.774, the VR46 Academy rider was 8th, which will allow him to start tomorrow&#8217;s race from the third row.<\/p>\n<p>Carlos Tatay was unable to go through the Q1 cut. The Avintia Esponsorama Moto3 rider will start from the ninth row with the objective of reaching the points positions in the race.<\/p>\n<p>Tomorrow at 12:20 (CET+1), the penultimate race of 2021 in the Moto3 class will start, where Antonelli and Tatay will try to get a good result for the team.<\/p>\n<p>\t\t\t\t\t<div class=\"rider-short\">\n\t\t\t\t<a href=\"http:\/\/esponsorama.ad\/es\/piloto\/niccolo-antonelli\/\"><img loading=\"lazy\" decoding=\"async\" width=\"300\" height=\"300\" src=\"http:\/\/esponsorama.ad\/wp-content\/uploads\/2021\/02\/dorsal-na-gris-300x300.png\" class=\"attachment-medium size-medium\" alt=\"\" srcset=\"http:\/\/esponsorama.ad\/wp-content\/uploads\/2021\/02\/dorsal-na-gris-300x300.png 300w, http:\/\/esponsorama.ad\/wp-content\/uploads\/2021\/02\/dorsal-na-gris-150x150.png 150w, http:\/\/esponsorama.ad\/wp-content\/uploads\/2021\/02\/dorsal-na-gris.png 500w\" sizes=\"auto, (max-width: 300px) 100vw, 300px\" \/><\/a><div class=\"info\"><h3><a href=\"http:\/\/esponsorama.ad\/es\/piloto\/niccolo-antonelli\/\">Niccol\u00f2 Antonelli<\/a> | 1'47.774 | P8<\/h3><div class=\"rrss\"><a target=\"_blank\" href=\"https:\/\/www.facebook.com\/Nicco23\"><i class=\"fa fa-facebook\"><\/i><\/a><a target=\"_blank\" href=\"https:\/\/twitter.com\/_Nicco23\"><i class=\"fa fa-twitter\"><\/i><\/a><a target=\"_blank\" href=\"https:\/\/www.instagram.com\/nicco23on\/?hl=es\"><i class=\"fa fa-instagram\"><\/i><\/a><a target=\"_blank\" href=\"https:\/\/www.youtube.com\/user\/NiccoloAntonelli\/featured\"><i class=\"fa fa-youtube\"><\/i><\/a><\/div><\/div>\t\t\t\t\t<\/div>\n\t\t\t\t<br \/>\n&#8220;Today was a good day, although not quite perfect. We did a good job during the weekend, so we are ready. Tomorrow morning we&#8217;ll finish perfecting some aspects and we&#8217;ll give everything in the race to get a good position.&#8221;<\/p>\n<p>\t\t\t\t\t<div class=\"rider-short\">\n\t\t\t\t<a href=\"http:\/\/esponsorama.ad\/en\/piloto\/carlos-tatay\/\"><img loading=\"lazy\" decoding=\"async\" width=\"300\" height=\"300\" src=\"http:\/\/esponsorama.ad\/wp-content\/uploads\/2021\/02\/dorsal-tatay-gris-300x300.png\" class=\"attachment-medium size-medium\" alt=\"\" srcset=\"http:\/\/esponsorama.ad\/wp-content\/uploads\/2021\/02\/dorsal-tatay-gris-300x300.png 300w, http:\/\/esponsorama.ad\/wp-content\/uploads\/2021\/02\/dorsal-tatay-gris-150x150.png 150w, http:\/\/esponsorama.ad\/wp-content\/uploads\/2021\/02\/dorsal-tatay-gris.png 500w\" sizes=\"auto, (max-width: 300px) 100vw, 300px\" \/><\/a><div class=\"info\"><h3><a href=\"http:\/\/esponsorama.ad\/en\/piloto\/carlos-tatay\/\">Carlos Tatay<\/a> | 1'49.213 | P26<\/h3><div class=\"rrss\"><a target=\"_blank\" href=\"https:\/\/www.facebook.com\/carlostatay99\/\"><i class=\"fa fa-facebook\"><\/i><\/a><a target=\"_blank\" href=\"https:\/\/twitter.com\/carlostatay99\"><i class=\"fa fa-twitter\"><\/i><\/a><a target=\"_blank\" href=\"https:\/\/www.instagram.com\/carlostatay99\/\"><i class=\"fa fa-instagram\"><\/i><\/a><\/div><\/div>\t\t\t\t\t<\/div>\n\t\t\t\t<br \/>\n&#8220;We will start very far back but I felt very comfortable on the bike all weekend. Tomorrow we&#8217;ll enjoy the race and I&#8217;ll give everything to get a good result.&#8221;<\/p>\n","protected":false},"excerpt":{"rendered":"<p>Avintia Esponsorama Moto3 and Avintia VR46 Academy finished the Grande Pr\u00e9mio Brembo do Algarve qualifying at the Aut\u00f3dromo Internacional do Algarve. Niccol\u00f2 Antonelli, who didn&#8217;t get direct access to Q2 after the free practice sessions, qualified in the top 4 in Q1. In Q2, with a time of 1:47.774, the VR46 Academy rider was 8th, [&hellip;]<\/p>\n","protected":false},"author":6,"featured_media":18536,"comment_status":"closed","ping_status":"closed","sticky":false,"template":"","format":"standard","meta":{"footnotes":""},"categories":[12],"tags":[],"class_list":["post-18538","post","type-post","status-publish","format-standard","has-post-thumbnail","hentry"],"yoast_head":"<!-- This site is optimized with the Yoast SEO plugin v27.1.1 - https:\/\/yoast.com\/product\/yoast-seo-wordpress\/ -->\n<title>ANTONELLI 8TH AND TATAY 26TH IN THE ALGARVE GRAND PRIX QUALIFYING - Esponsorama<\/title>\n<meta name=\"robots\" content=\"index, follow, max-snippet:-1, max-image-preview:large, max-video-preview:-1\" \/>\n<link rel=\"canonical\" href=\"http:\/\/esponsorama.ad\/en\/antonelli-8th-and-tatay-26th-in-the-algarve-grand-prix-qualifying\/\" \/>\n<meta property=\"og:locale\" content=\"en_GB\" \/>\n<meta property=\"og:type\" content=\"article\" \/>\n<meta property=\"og:title\" content=\"ANTONELLI 8TH AND TATAY 26TH IN THE ALGARVE GRAND PRIX QUALIFYING - Esponsorama\" \/>\n<meta property=\"og:description\" content=\"Avintia Esponsorama Moto3 and Avintia VR46 Academy finished the Grande Pr\u00e9mio Brembo do Algarve qualifying at the Aut\u00f3dromo Internacional do Algarve. Niccol\u00f2 Antonelli, who didn&#8217;t get direct access to Q2 after the free practice sessions, qualified in the top 4 in Q1. In Q2, with a time of 1:47.774, the VR46 Academy rider was 8th, [&hellip;]\" \/>\n<meta property=\"og:url\" content=\"http:\/\/esponsorama.ad\/en\/antonelli-8th-and-tatay-26th-in-the-algarve-grand-prix-qualifying\/\" \/>\n<meta property=\"og:site_name\" content=\"Esponsorama\" \/>\n<meta property=\"article:published_time\" content=\"2021-11-06T19:11:59+00:00\" \/>\n<meta property=\"og:image\" content=\"http:\/\/esponsorama.ad\/wp-content\/uploads\/2021\/11\/d6f72ddc-8383-0859-af97-b202481df5b8.jpg\" \/>\n\t<meta property=\"og:image:width\" content=\"2350\" \/>\n\t<meta property=\"og:image:height\" content=\"1564\" \/>\n\t<meta property=\"og:image:type\" content=\"image\/jpeg\" \/>\n<meta name=\"author\" content=\"Xavi Andornet\" \/>\n<meta name=\"twitter:card\" content=\"summary_large_image\" \/>\n<meta name=\"twitter:label1\" content=\"Written by\" \/>\n\t<meta name=\"twitter:data1\" content=\"Xavi Andornet\" \/>\n\t<meta name=\"twitter:label2\" content=\"Estimated reading time\" \/>\n\t<meta name=\"twitter:data2\" content=\"1 minute\" \/>\n<script type=\"application\/ld+json\" class=\"yoast-schema-graph\">{\"@context\":\"https:\/\/schema.org\",\"@graph\":[{\"@type\":\"Article\",\"@id\":\"http:\/\/esponsorama.ad\/en\/antonelli-8th-and-tatay-26th-in-the-algarve-grand-prix-qualifying\/#article\",\"isPartOf\":{\"@id\":\"http:\/\/esponsorama.ad\/en\/antonelli-8th-and-tatay-26th-in-the-algarve-grand-prix-qualifying\/\"},\"author\":{\"name\":\"Xavi Andornet\",\"@id\":\"http:\/\/esponsorama.ad\/es\/#\/schema\/person\/a5cde74945183d737066e46b61c6f9c4\"},\"headline\":\"ANTONELLI 8TH AND TATAY 26TH IN THE ALGARVE GRAND PRIX QUALIFYING\",\"datePublished\":\"2021-11-06T19:11:59+00:00\",\"mainEntityOfPage\":{\"@id\":\"http:\/\/esponsorama.ad\/en\/antonelli-8th-and-tatay-26th-in-the-algarve-grand-prix-qualifying\/\"},\"wordCount\":217,\"image\":{\"@id\":\"http:\/\/esponsorama.ad\/en\/antonelli-8th-and-tatay-26th-in-the-algarve-grand-prix-qualifying\/#primaryimage\"},\"thumbnailUrl\":\"http:\/\/esponsorama.ad\/wp-content\/uploads\/2021\/11\/d6f72ddc-8383-0859-af97-b202481df5b8.jpg\",\"articleSection\":[\"\"],\"inLanguage\":\"en-GB\"},{\"@type\":\"WebPage\",\"@id\":\"http:\/\/esponsorama.ad\/en\/antonelli-8th-and-tatay-26th-in-the-algarve-grand-prix-qualifying\/\",\"url\":\"http:\/\/esponsorama.ad\/en\/antonelli-8th-and-tatay-26th-in-the-algarve-grand-prix-qualifying\/\",\"name\":\"ANTONELLI 8TH AND TATAY 26TH IN THE ALGARVE GRAND PRIX QUALIFYING - Esponsorama\",\"isPartOf\":{\"@id\":\"http:\/\/esponsorama.ad\/es\/#website\"},\"primaryImageOfPage\":{\"@id\":\"http:\/\/esponsorama.ad\/en\/antonelli-8th-and-tatay-26th-in-the-algarve-grand-prix-qualifying\/#primaryimage\"},\"image\":{\"@id\":\"http:\/\/esponsorama.ad\/en\/antonelli-8th-and-tatay-26th-in-the-algarve-grand-prix-qualifying\/#primaryimage\"},\"thumbnailUrl\":\"http:\/\/esponsorama.ad\/wp-content\/uploads\/2021\/11\/d6f72ddc-8383-0859-af97-b202481df5b8.jpg\",\"datePublished\":\"2021-11-06T19:11:59+00:00\",\"author\":{\"@id\":\"http:\/\/esponsorama.ad\/es\/#\/schema\/person\/a5cde74945183d737066e46b61c6f9c4\"},\"breadcrumb\":{\"@id\":\"http:\/\/esponsorama.ad\/en\/antonelli-8th-and-tatay-26th-in-the-algarve-grand-prix-qualifying\/#breadcrumb\"},\"inLanguage\":\"en-GB\",\"potentialAction\":[{\"@type\":\"ReadAction\",\"target\":[\"http:\/\/esponsorama.ad\/en\/antonelli-8th-and-tatay-26th-in-the-algarve-grand-prix-qualifying\/\"]}]},{\"@type\":\"ImageObject\",\"inLanguage\":\"en-GB\",\"@id\":\"http:\/\/esponsorama.ad\/en\/antonelli-8th-and-tatay-26th-in-the-algarve-grand-prix-qualifying\/#primaryimage\",\"url\":\"http:\/\/esponsorama.ad\/wp-content\/uploads\/2021\/11\/d6f72ddc-8383-0859-af97-b202481df5b8.jpg\",\"contentUrl\":\"http:\/\/esponsorama.ad\/wp-content\/uploads\/2021\/11\/d6f72ddc-8383-0859-af97-b202481df5b8.jpg\",\"width\":2350,\"height\":1564,\"caption\":\"Niccolo Antonelli, Moto3, Algarve MotoGP, 6 November 2021\"},{\"@type\":\"BreadcrumbList\",\"@id\":\"http:\/\/esponsorama.ad\/en\/antonelli-8th-and-tatay-26th-in-the-algarve-grand-prix-qualifying\/#breadcrumb\",\"itemListElement\":[{\"@type\":\"ListItem\",\"position\":1,\"name\":\"Home\",\"item\":\"http:\/\/esponsorama.ad\/en\/\"},{\"@type\":\"ListItem\",\"position\":2,\"name\":\"ANTONELLI 8TH AND TATAY 26TH IN THE ALGARVE GRAND PRIX QUALIFYING\"}]},{\"@type\":\"WebSite\",\"@id\":\"http:\/\/esponsorama.ad\/es\/#website\",\"url\":\"http:\/\/esponsorama.ad\/es\/\",\"name\":\"Esponsorama\",\"description\":\"Specialist in motorsport sponsorship and event promotions\",\"potentialAction\":[{\"@type\":\"SearchAction\",\"target\":{\"@type\":\"EntryPoint\",\"urlTemplate\":\"http:\/\/esponsorama.ad\/es\/?s={search_term_string}\"},\"query-input\":{\"@type\":\"PropertyValueSpecification\",\"valueRequired\":true,\"valueName\":\"search_term_string\"}}],\"inLanguage\":\"en-GB\"},{\"@type\":\"Person\",\"@id\":\"http:\/\/esponsorama.ad\/es\/#\/schema\/person\/a5cde74945183d737066e46b61c6f9c4\",\"name\":\"Xavi Andornet\",\"image\":{\"@type\":\"ImageObject\",\"inLanguage\":\"en-GB\",\"@id\":\"http:\/\/esponsorama.ad\/es\/#\/schema\/person\/image\/\",\"url\":\"https:\/\/secure.gravatar.com\/avatar\/f10eaf9ad601244a2357c9fd7cd9805ed166cfaaf76d5d9ab08a9d873e70147a?s=96&d=mm&r=g\",\"contentUrl\":\"https:\/\/secure.gravatar.com\/avatar\/f10eaf9ad601244a2357c9fd7cd9805ed166cfaaf76d5d9ab08a9d873e70147a?s=96&d=mm&r=g\",\"caption\":\"Xavi Andornet\"},\"sameAs\":[\"http:\/\/www.andornet.ad\"],\"url\":\"http:\/\/esponsorama.ad\/en\/author\/andornet\/\"}]}<\/script>\n<!-- \/ Yoast SEO plugin. -->","yoast_head_json":{"title":"ANTONELLI 8TH AND TATAY 26TH IN THE ALGARVE GRAND PRIX QUALIFYING - Esponsorama","robots":{"index":"index","follow":"follow","max-snippet":"max-snippet:-1","max-image-preview":"max-image-preview:large","max-video-preview":"max-video-preview:-1"},"canonical":"http:\/\/esponsorama.ad\/en\/antonelli-8th-and-tatay-26th-in-the-algarve-grand-prix-qualifying\/","og_locale":"en_GB","og_type":"article","og_title":"ANTONELLI 8TH AND TATAY 26TH IN THE ALGARVE GRAND PRIX QUALIFYING - Esponsorama","og_description":"Avintia Esponsorama Moto3 and Avintia VR46 Academy finished the Grande Pr\u00e9mio Brembo do Algarve qualifying at the Aut\u00f3dromo Internacional do Algarve. Niccol\u00f2 Antonelli, who didn&#8217;t get direct access to Q2 after the free practice sessions, qualified in the top 4 in Q1. In Q2, with a time of 1:47.774, the VR46 Academy rider was 8th, [&hellip;]","og_url":"http:\/\/esponsorama.ad\/en\/antonelli-8th-and-tatay-26th-in-the-algarve-grand-prix-qualifying\/","og_site_name":"Esponsorama","article_published_time":"2021-11-06T19:11:59+00:00","og_image":[{"width":2350,"height":1564,"url":"http:\/\/esponsorama.ad\/wp-content\/uploads\/2021\/11\/d6f72ddc-8383-0859-af97-b202481df5b8.jpg","type":"image\/jpeg"}],"author":"Xavi Andornet","twitter_card":"summary_large_image","twitter_misc":{"Written by":"Xavi Andornet","Estimated reading time":"1 minute"},"schema":{"@context":"https:\/\/schema.org","@graph":[{"@type":"Article","@id":"http:\/\/esponsorama.ad\/en\/antonelli-8th-and-tatay-26th-in-the-algarve-grand-prix-qualifying\/#article","isPartOf":{"@id":"http:\/\/esponsorama.ad\/en\/antonelli-8th-and-tatay-26th-in-the-algarve-grand-prix-qualifying\/"},"author":{"name":"Xavi Andornet","@id":"http:\/\/esponsorama.ad\/es\/#\/schema\/person\/a5cde74945183d737066e46b61c6f9c4"},"headline":"ANTONELLI 8TH AND TATAY 26TH IN THE ALGARVE GRAND PRIX QUALIFYING","datePublished":"2021-11-06T19:11:59+00:00","mainEntityOfPage":{"@id":"http:\/\/esponsorama.ad\/en\/antonelli-8th-and-tatay-26th-in-the-algarve-grand-prix-qualifying\/"},"wordCount":217,"image":{"@id":"http:\/\/esponsorama.ad\/en\/antonelli-8th-and-tatay-26th-in-the-algarve-grand-prix-qualifying\/#primaryimage"},"thumbnailUrl":"http:\/\/esponsorama.ad\/wp-content\/uploads\/2021\/11\/d6f72ddc-8383-0859-af97-b202481df5b8.jpg","articleSection":[""],"inLanguage":"en-GB"},{"@type":"WebPage","@id":"http:\/\/esponsorama.ad\/en\/antonelli-8th-and-tatay-26th-in-the-algarve-grand-prix-qualifying\/","url":"http:\/\/esponsorama.ad\/en\/antonelli-8th-and-tatay-26th-in-the-algarve-grand-prix-qualifying\/","name":"ANTONELLI 8TH AND TATAY 26TH IN THE ALGARVE GRAND PRIX QUALIFYING - Esponsorama","isPartOf":{"@id":"http:\/\/esponsorama.ad\/es\/#website"},"primaryImageOfPage":{"@id":"http:\/\/esponsorama.ad\/en\/antonelli-8th-and-tatay-26th-in-the-algarve-grand-prix-qualifying\/#primaryimage"},"image":{"@id":"http:\/\/esponsorama.ad\/en\/antonelli-8th-and-tatay-26th-in-the-algarve-grand-prix-qualifying\/#primaryimage"},"thumbnailUrl":"http:\/\/esponsorama.ad\/wp-content\/uploads\/2021\/11\/d6f72ddc-8383-0859-af97-b202481df5b8.jpg","datePublished":"2021-11-06T19:11:59+00:00","author":{"@id":"http:\/\/esponsorama.ad\/es\/#\/schema\/person\/a5cde74945183d737066e46b61c6f9c4"},"breadcrumb":{"@id":"http:\/\/esponsorama.ad\/en\/antonelli-8th-and-tatay-26th-in-the-algarve-grand-prix-qualifying\/#breadcrumb"},"inLanguage":"en-GB","potentialAction":[{"@type":"ReadAction","target":["http:\/\/esponsorama.ad\/en\/antonelli-8th-and-tatay-26th-in-the-algarve-grand-prix-qualifying\/"]}]},{"@type":"ImageObject","inLanguage":"en-GB","@id":"http:\/\/esponsorama.ad\/en\/antonelli-8th-and-tatay-26th-in-the-algarve-grand-prix-qualifying\/#primaryimage","url":"http:\/\/esponsorama.ad\/wp-content\/uploads\/2021\/11\/d6f72ddc-8383-0859-af97-b202481df5b8.jpg","contentUrl":"http:\/\/esponsorama.ad\/wp-content\/uploads\/2021\/11\/d6f72ddc-8383-0859-af97-b202481df5b8.jpg","width":2350,"height":1564,"caption":"Niccolo Antonelli, Moto3, Algarve MotoGP, 6 November 2021"},{"@type":"BreadcrumbList","@id":"http:\/\/esponsorama.ad\/en\/antonelli-8th-and-tatay-26th-in-the-algarve-grand-prix-qualifying\/#breadcrumb","itemListElement":[{"@type":"ListItem","position":1,"name":"Home","item":"http:\/\/esponsorama.ad\/en\/"},{"@type":"ListItem","position":2,"name":"ANTONELLI 8TH AND TATAY 26TH IN THE ALGARVE GRAND PRIX QUALIFYING"}]},{"@type":"WebSite","@id":"http:\/\/esponsorama.ad\/es\/#website","url":"http:\/\/esponsorama.ad\/es\/","name":"Esponsorama","description":"Specialist in motorsport sponsorship and event promotions","potentialAction":[{"@type":"SearchAction","target":{"@type":"EntryPoint","urlTemplate":"http:\/\/esponsorama.ad\/es\/?s={search_term_string}"},"query-input":{"@type":"PropertyValueSpecification","valueRequired":true,"valueName":"search_term_string"}}],"inLanguage":"en-GB"},{"@type":"Person","@id":"http:\/\/esponsorama.ad\/es\/#\/schema\/person\/a5cde74945183d737066e46b61c6f9c4","name":"Xavi Andornet","image":{"@type":"ImageObject","inLanguage":"en-GB","@id":"http:\/\/esponsorama.ad\/es\/#\/schema\/person\/image\/","url":"https:\/\/secure.gravatar.com\/avatar\/f10eaf9ad601244a2357c9fd7cd9805ed166cfaaf76d5d9ab08a9d873e70147a?s=96&d=mm&r=g","contentUrl":"https:\/\/secure.gravatar.com\/avatar\/f10eaf9ad601244a2357c9fd7cd9805ed166cfaaf76d5d9ab08a9d873e70147a?s=96&d=mm&r=g","caption":"Xavi Andornet"},"sameAs":["http:\/\/www.andornet.ad"],"url":"http:\/\/esponsorama.ad\/en\/author\/andornet\/"}]}},"_links":{"self":[{"href":"http:\/\/esponsorama.ad\/en\/wp-json\/wp\/v2\/posts\/18538","targetHints":{"allow":["GET"]}}],"collection":[{"href":"http:\/\/esponsorama.ad\/en\/wp-json\/wp\/v2\/posts"}],"about":[{"href":"http:\/\/esponsorama.ad\/en\/wp-json\/wp\/v2\/types\/post"}],"author":[{"embeddable":true,"href":"http:\/\/esponsorama.ad\/en\/wp-json\/wp\/v2\/users\/6"}],"replies":[{"embeddable":true,"href":"http:\/\/esponsorama.ad\/en\/wp-json\/wp\/v2\/comments?post=18538"}],"version-history":[{"count":1,"href":"http:\/\/esponsorama.ad\/en\/wp-json\/wp\/v2\/posts\/18538\/revisions"}],"predecessor-version":[{"id":18540,"href":"http:\/\/esponsorama.ad\/en\/wp-json\/wp\/v2\/posts\/18538\/revisions\/18540"}],"wp:featuredmedia":[{"embeddable":true,"href":"http:\/\/esponsorama.ad\/en\/wp-json\/wp\/v2\/media\/18536"}],"wp:attachment":[{"href":"http:\/\/esponsorama.ad\/en\/wp-json\/wp\/v2\/media?parent=18538"}],"wp:term":[{"taxonomy":"category","embeddable":true,"href":"http:\/\/esponsorama.ad\/en\/wp-json\/wp\/v2\/categories?post=18538"},{"taxonomy":"post_tag","embeddable":true,"href":"http:\/\/esponsorama.ad\/en\/wp-json\/wp\/v2\/tags?post=18538"}],"curies":[{"name":"wp","href":"https:\/\/api.w.org\/{rel}","templated":true}]}}