{"id":18591,"date":"2021-11-12T23:36:27","date_gmt":"2021-11-12T21:36:27","guid":{"rendered":"http:\/\/esponsorama.ad\/?p=18591"},"modified":"2021-11-12T23:37:54","modified_gmt":"2021-11-12T21:37:54","slug":"bastianini-and-marini-complete-first-day-at-the-circuit-ricardo-tormo","status":"publish","type":"post","link":"http:\/\/esponsorama.ad\/en\/bastianini-and-marini-complete-first-day-at-the-circuit-ricardo-tormo\/","title":{"rendered":"BASTIANINI AND MARINI COMPLETE FIRST DAY AT THE CIRCUIT RICARDO TORMO"},"content":{"rendered":"<p>Avintia Esponsorama Racing and Sky VR46 Academy completed the first two free practice sessions of the Gran Premio Motul de la Comunitat Valenciana at the Circuit Ricardo Tormo.<\/p>\n<p>The rain made an appearance during the morning session and Bastianini and Marini were able to have their first contact with the Spanish track with the MotoGP bike. The Avintia Esponsorama Racing rider was 14th, while the Sky VR46 Avintia rider finished seventh after suffering a crash without serious consequences.<\/p>\n<p>In the afternoon and in dry conditions, all the riders were able to improve their times. Bastianini suffered a crash that affected him for the rest of the session, where he finished in 20th position. Marini was 21st.<\/p>\n<p>Tomorrow at 9:55 the third free practice will start, where Bastianini and Marini will try to get a position that will give them direct access to Q2 of the Gran Premio Motul de la Comunitat Valenciana qualifying.<\/p>\n<p>\t\t\t\t\t<div class=\"rider-short\">\n\t\t\t\t<a href=\"http:\/\/esponsorama.ad\/es\/piloto\/enea-bastianini\/\"><img loading=\"lazy\" decoding=\"async\" width=\"300\" height=\"300\" src=\"http:\/\/esponsorama.ad\/wp-content\/uploads\/2021\/02\/dorsal-bastianini-gris-300x300.png\" class=\"attachment-medium size-medium\" alt=\"\" srcset=\"http:\/\/esponsorama.ad\/wp-content\/uploads\/2021\/02\/dorsal-bastianini-gris-300x300.png 300w, http:\/\/esponsorama.ad\/wp-content\/uploads\/2021\/02\/dorsal-bastianini-gris-150x150.png 150w, http:\/\/esponsorama.ad\/wp-content\/uploads\/2021\/02\/dorsal-bastianini-gris.png 500w\" sizes=\"auto, (max-width: 300px) 100vw, 300px\" \/><\/a><div class=\"info\"><h3><a href=\"http:\/\/esponsorama.ad\/es\/piloto\/enea-bastianini\/\">Enea Bastianini<\/a><\/h3><div class=\"rrss\"><a target=\"_blank\" href=\"https:\/\/www.eneabastianini.it\/en\/\"><i class=\"fa fa-link\"><\/i><\/a><a target=\"_blank\" href=\"https:\/\/www.facebook.com\/Bestia33\"><i class=\"fa fa-facebook\"><\/i><\/a><a target=\"_blank\" href=\"https:\/\/twitter.com\/eneabastianini\"><i class=\"fa fa-twitter\"><\/i><\/a><a target=\"_blank\" href=\"https:\/\/www.instagram.com\/eneabastianini\/?hl=es\"><i class=\"fa fa-instagram\"><\/i><\/a><\/div><\/div>\t\t\t\t\t<\/div>\n\t\t\t\t<br \/>\n\u201cNo estoy contento. Esta ma\u00f1ana con la lluvia no ha ido demasiado bien y por la tarde me he ido al suelo, en general no me he sentido con mucha confianza. De todas formas, nos centraremos en hacer un buen trabajo ma\u00f1ana en el tercer entrenamiento libre y conseguir una buena posici\u00f3n en la clasificaci\u00f3n.\u201d<\/p>\n<p>\t\t\t\t\t<div class=\"rider-short\">\n\t\t\t\t<a href=\"http:\/\/esponsorama.ad\/es\/piloto\/luca-marini\/\"><img loading=\"lazy\" decoding=\"async\" width=\"300\" height=\"300\" src=\"http:\/\/esponsorama.ad\/wp-content\/uploads\/2021\/02\/dorsal-marini-gris-300x300.png\" class=\"attachment-medium size-medium\" alt=\"\" srcset=\"http:\/\/esponsorama.ad\/wp-content\/uploads\/2021\/02\/dorsal-marini-gris-300x300.png 300w, http:\/\/esponsorama.ad\/wp-content\/uploads\/2021\/02\/dorsal-marini-gris-150x150.png 150w, http:\/\/esponsorama.ad\/wp-content\/uploads\/2021\/02\/dorsal-marini-gris.png 500w\" sizes=\"auto, (max-width: 300px) 100vw, 300px\" \/><\/a><div class=\"info\"><h3><a href=\"http:\/\/esponsorama.ad\/es\/piloto\/luca-marini\/\">Luca Marini<\/a><\/h3><div class=\"rrss\"><a target=\"_blank\" href=\"https:\/\/www.facebook.com\/LucaMariniLM97Official\/\"><i class=\"fa fa-facebook\"><\/i><\/a><a target=\"_blank\" href=\"https:\/\/twitter.com\/Luca_Marini_97\"><i class=\"fa fa-twitter\"><\/i><\/a><a target=\"_blank\" href=\"https:\/\/www.instagram.com\/luca_marini_97\/?hl=es\"><i class=\"fa fa-instagram\"><\/i><\/a><\/div><\/div>\t\t\t\t\t<\/div>\n\t\t\t\t<br \/>\n\u201cNo ha sido un viernes f\u00e1cil. El agarre ha sido probablemente el aspecto m\u00e1s dif\u00edcil de manejar. Tengo que acostumbrarme a este tipo de condiciones, pero la diferencia con el grupo no es grande y ma\u00f1ana podemos acercarnos. Volveremos a trabajar en el FP3 y probar el neum\u00e1tico duro delantero.\u201d<\/p>\n","protected":false},"excerpt":{"rendered":"<p>Avintia Esponsorama Racing and Sky VR46 Academy completed the first two free practice sessions of the Gran Premio Motul de la Comunitat Valenciana at the Circuit Ricardo Tormo. The rain made an appearance during the morning session and Bastianini and Marini were able to have their first contact with the Spanish track with the MotoGP [&hellip;]<\/p>\n","protected":false},"author":6,"featured_media":18589,"comment_status":"closed","ping_status":"closed","sticky":false,"template":"","format":"standard","meta":{"footnotes":""},"categories":[3],"tags":[],"class_list":["post-18591","post","type-post","status-publish","format-standard","has-post-thumbnail","hentry","category-motogp"],"yoast_head":"<!-- This site is optimized with the Yoast SEO plugin v27.1.1 - https:\/\/yoast.com\/product\/yoast-seo-wordpress\/ -->\n<title>BASTIANINI AND MARINI COMPLETE FIRST DAY AT THE CIRCUIT RICARDO TORMO - Esponsorama<\/title>\n<meta name=\"robots\" content=\"index, follow, max-snippet:-1, max-image-preview:large, max-video-preview:-1\" \/>\n<link rel=\"canonical\" href=\"http:\/\/esponsorama.ad\/en\/bastianini-and-marini-complete-first-day-at-the-circuit-ricardo-tormo\/\" \/>\n<meta property=\"og:locale\" content=\"en_GB\" \/>\n<meta property=\"og:type\" content=\"article\" \/>\n<meta property=\"og:title\" content=\"BASTIANINI AND MARINI COMPLETE FIRST DAY AT THE CIRCUIT RICARDO TORMO - Esponsorama\" \/>\n<meta property=\"og:description\" content=\"Avintia Esponsorama Racing and Sky VR46 Academy completed the first two free practice sessions of the Gran Premio Motul de la Comunitat Valenciana at the Circuit Ricardo Tormo. The rain made an appearance during the morning session and Bastianini and Marini were able to have their first contact with the Spanish track with the MotoGP [&hellip;]\" \/>\n<meta property=\"og:url\" content=\"http:\/\/esponsorama.ad\/en\/bastianini-and-marini-complete-first-day-at-the-circuit-ricardo-tormo\/\" \/>\n<meta property=\"og:site_name\" content=\"Esponsorama\" \/>\n<meta property=\"article:published_time\" content=\"2021-11-12T21:36:27+00:00\" \/>\n<meta property=\"article:modified_time\" content=\"2021-11-12T21:37:54+00:00\" \/>\n<meta property=\"og:image\" content=\"http:\/\/esponsorama.ad\/wp-content\/uploads\/2021\/11\/0e8ca612-4d61-db86-71cf-8cff54d6f603.jpg\" \/>\n\t<meta property=\"og:image:width\" content=\"4073\" \/>\n\t<meta property=\"og:image:height\" content=\"2716\" \/>\n\t<meta property=\"og:image:type\" content=\"image\/jpeg\" \/>\n<meta name=\"author\" content=\"Xavi Andornet\" \/>\n<meta name=\"twitter:card\" content=\"summary_large_image\" \/>\n<meta name=\"twitter:label1\" content=\"Written by\" \/>\n\t<meta name=\"twitter:data1\" content=\"Xavi Andornet\" \/>\n\t<meta name=\"twitter:label2\" content=\"Estimated reading time\" \/>\n\t<meta name=\"twitter:data2\" content=\"1 minute\" \/>\n<script type=\"application\/ld+json\" class=\"yoast-schema-graph\">{\"@context\":\"https:\/\/schema.org\",\"@graph\":[{\"@type\":\"Article\",\"@id\":\"http:\/\/esponsorama.ad\/en\/bastianini-and-marini-complete-first-day-at-the-circuit-ricardo-tormo\/#article\",\"isPartOf\":{\"@id\":\"http:\/\/esponsorama.ad\/en\/bastianini-and-marini-complete-first-day-at-the-circuit-ricardo-tormo\/\"},\"author\":{\"name\":\"Xavi Andornet\",\"@id\":\"http:\/\/esponsorama.ad\/es\/#\/schema\/person\/a5cde74945183d737066e46b61c6f9c4\"},\"headline\":\"BASTIANINI AND MARINI COMPLETE FIRST DAY AT THE CIRCUIT RICARDO TORMO\",\"datePublished\":\"2021-11-12T21:36:27+00:00\",\"dateModified\":\"2021-11-12T21:37:54+00:00\",\"mainEntityOfPage\":{\"@id\":\"http:\/\/esponsorama.ad\/en\/bastianini-and-marini-complete-first-day-at-the-circuit-ricardo-tormo\/\"},\"wordCount\":281,\"image\":{\"@id\":\"http:\/\/esponsorama.ad\/en\/bastianini-and-marini-complete-first-day-at-the-circuit-ricardo-tormo\/#primaryimage\"},\"thumbnailUrl\":\"http:\/\/esponsorama.ad\/wp-content\/uploads\/2021\/11\/0e8ca612-4d61-db86-71cf-8cff54d6f603.jpg\",\"articleSection\":[\"MotoGP\"],\"inLanguage\":\"en-GB\"},{\"@type\":\"WebPage\",\"@id\":\"http:\/\/esponsorama.ad\/en\/bastianini-and-marini-complete-first-day-at-the-circuit-ricardo-tormo\/\",\"url\":\"http:\/\/esponsorama.ad\/en\/bastianini-and-marini-complete-first-day-at-the-circuit-ricardo-tormo\/\",\"name\":\"BASTIANINI AND MARINI COMPLETE FIRST DAY AT THE CIRCUIT RICARDO TORMO - Esponsorama\",\"isPartOf\":{\"@id\":\"http:\/\/esponsorama.ad\/es\/#website\"},\"primaryImageOfPage\":{\"@id\":\"http:\/\/esponsorama.ad\/en\/bastianini-and-marini-complete-first-day-at-the-circuit-ricardo-tormo\/#primaryimage\"},\"image\":{\"@id\":\"http:\/\/esponsorama.ad\/en\/bastianini-and-marini-complete-first-day-at-the-circuit-ricardo-tormo\/#primaryimage\"},\"thumbnailUrl\":\"http:\/\/esponsorama.ad\/wp-content\/uploads\/2021\/11\/0e8ca612-4d61-db86-71cf-8cff54d6f603.jpg\",\"datePublished\":\"2021-11-12T21:36:27+00:00\",\"dateModified\":\"2021-11-12T21:37:54+00:00\",\"author\":{\"@id\":\"http:\/\/esponsorama.ad\/es\/#\/schema\/person\/a5cde74945183d737066e46b61c6f9c4\"},\"breadcrumb\":{\"@id\":\"http:\/\/esponsorama.ad\/en\/bastianini-and-marini-complete-first-day-at-the-circuit-ricardo-tormo\/#breadcrumb\"},\"inLanguage\":\"en-GB\",\"potentialAction\":[{\"@type\":\"ReadAction\",\"target\":[\"http:\/\/esponsorama.ad\/en\/bastianini-and-marini-complete-first-day-at-the-circuit-ricardo-tormo\/\"]}]},{\"@type\":\"ImageObject\",\"inLanguage\":\"en-GB\",\"@id\":\"http:\/\/esponsorama.ad\/en\/bastianini-and-marini-complete-first-day-at-the-circuit-ricardo-tormo\/#primaryimage\",\"url\":\"http:\/\/esponsorama.ad\/wp-content\/uploads\/2021\/11\/0e8ca612-4d61-db86-71cf-8cff54d6f603.jpg\",\"contentUrl\":\"http:\/\/esponsorama.ad\/wp-content\/uploads\/2021\/11\/0e8ca612-4d61-db86-71cf-8cff54d6f603.jpg\",\"width\":4073,\"height\":2716,\"caption\":\"Enea Bastianini, Valencia MotoGP, 12 November 2021\"},{\"@type\":\"BreadcrumbList\",\"@id\":\"http:\/\/esponsorama.ad\/en\/bastianini-and-marini-complete-first-day-at-the-circuit-ricardo-tormo\/#breadcrumb\",\"itemListElement\":[{\"@type\":\"ListItem\",\"position\":1,\"name\":\"Home\",\"item\":\"http:\/\/esponsorama.ad\/es\/\"},{\"@type\":\"ListItem\",\"position\":2,\"name\":\"BASTIANINI AND MARINI COMPLETE FIRST DAY AT THE CIRCUIT RICARDO TORMO\"}]},{\"@type\":\"WebSite\",\"@id\":\"http:\/\/esponsorama.ad\/es\/#website\",\"url\":\"http:\/\/esponsorama.ad\/es\/\",\"name\":\"Esponsorama\",\"description\":\"Specialist in motorsport sponsorship and event promotions\",\"potentialAction\":[{\"@type\":\"SearchAction\",\"target\":{\"@type\":\"EntryPoint\",\"urlTemplate\":\"http:\/\/esponsorama.ad\/es\/?s={search_term_string}\"},\"query-input\":{\"@type\":\"PropertyValueSpecification\",\"valueRequired\":true,\"valueName\":\"search_term_string\"}}],\"inLanguage\":\"en-GB\"},{\"@type\":\"Person\",\"@id\":\"http:\/\/esponsorama.ad\/es\/#\/schema\/person\/a5cde74945183d737066e46b61c6f9c4\",\"name\":\"Xavi Andornet\",\"image\":{\"@type\":\"ImageObject\",\"inLanguage\":\"en-GB\",\"@id\":\"http:\/\/esponsorama.ad\/es\/#\/schema\/person\/image\/\",\"url\":\"https:\/\/secure.gravatar.com\/avatar\/f10eaf9ad601244a2357c9fd7cd9805ed166cfaaf76d5d9ab08a9d873e70147a?s=96&d=mm&r=g\",\"contentUrl\":\"https:\/\/secure.gravatar.com\/avatar\/f10eaf9ad601244a2357c9fd7cd9805ed166cfaaf76d5d9ab08a9d873e70147a?s=96&d=mm&r=g\",\"caption\":\"Xavi Andornet\"},\"sameAs\":[\"http:\/\/www.andornet.ad\"],\"url\":\"http:\/\/esponsorama.ad\/en\/author\/andornet\/\"}]}<\/script>\n<!-- \/ Yoast SEO plugin. -->","yoast_head_json":{"title":"BASTIANINI AND MARINI COMPLETE FIRST DAY AT THE CIRCUIT RICARDO TORMO - Esponsorama","robots":{"index":"index","follow":"follow","max-snippet":"max-snippet:-1","max-image-preview":"max-image-preview:large","max-video-preview":"max-video-preview:-1"},"canonical":"http:\/\/esponsorama.ad\/en\/bastianini-and-marini-complete-first-day-at-the-circuit-ricardo-tormo\/","og_locale":"en_GB","og_type":"article","og_title":"BASTIANINI AND MARINI COMPLETE FIRST DAY AT THE CIRCUIT RICARDO TORMO - Esponsorama","og_description":"Avintia Esponsorama Racing and Sky VR46 Academy completed the first two free practice sessions of the Gran Premio Motul de la Comunitat Valenciana at the Circuit Ricardo Tormo. The rain made an appearance during the morning session and Bastianini and Marini were able to have their first contact with the Spanish track with the MotoGP [&hellip;]","og_url":"http:\/\/esponsorama.ad\/en\/bastianini-and-marini-complete-first-day-at-the-circuit-ricardo-tormo\/","og_site_name":"Esponsorama","article_published_time":"2021-11-12T21:36:27+00:00","article_modified_time":"2021-11-12T21:37:54+00:00","og_image":[{"width":4073,"height":2716,"url":"http:\/\/esponsorama.ad\/wp-content\/uploads\/2021\/11\/0e8ca612-4d61-db86-71cf-8cff54d6f603.jpg","type":"image\/jpeg"}],"author":"Xavi Andornet","twitter_card":"summary_large_image","twitter_misc":{"Written by":"Xavi Andornet","Estimated reading time":"1 minute"},"schema":{"@context":"https:\/\/schema.org","@graph":[{"@type":"Article","@id":"http:\/\/esponsorama.ad\/en\/bastianini-and-marini-complete-first-day-at-the-circuit-ricardo-tormo\/#article","isPartOf":{"@id":"http:\/\/esponsorama.ad\/en\/bastianini-and-marini-complete-first-day-at-the-circuit-ricardo-tormo\/"},"author":{"name":"Xavi Andornet","@id":"http:\/\/esponsorama.ad\/es\/#\/schema\/person\/a5cde74945183d737066e46b61c6f9c4"},"headline":"BASTIANINI AND MARINI COMPLETE FIRST DAY AT THE CIRCUIT RICARDO TORMO","datePublished":"2021-11-12T21:36:27+00:00","dateModified":"2021-11-12T21:37:54+00:00","mainEntityOfPage":{"@id":"http:\/\/esponsorama.ad\/en\/bastianini-and-marini-complete-first-day-at-the-circuit-ricardo-tormo\/"},"wordCount":281,"image":{"@id":"http:\/\/esponsorama.ad\/en\/bastianini-and-marini-complete-first-day-at-the-circuit-ricardo-tormo\/#primaryimage"},"thumbnailUrl":"http:\/\/esponsorama.ad\/wp-content\/uploads\/2021\/11\/0e8ca612-4d61-db86-71cf-8cff54d6f603.jpg","articleSection":["MotoGP"],"inLanguage":"en-GB"},{"@type":"WebPage","@id":"http:\/\/esponsorama.ad\/en\/bastianini-and-marini-complete-first-day-at-the-circuit-ricardo-tormo\/","url":"http:\/\/esponsorama.ad\/en\/bastianini-and-marini-complete-first-day-at-the-circuit-ricardo-tormo\/","name":"BASTIANINI AND MARINI COMPLETE FIRST DAY AT THE CIRCUIT RICARDO TORMO - Esponsorama","isPartOf":{"@id":"http:\/\/esponsorama.ad\/es\/#website"},"primaryImageOfPage":{"@id":"http:\/\/esponsorama.ad\/en\/bastianini-and-marini-complete-first-day-at-the-circuit-ricardo-tormo\/#primaryimage"},"image":{"@id":"http:\/\/esponsorama.ad\/en\/bastianini-and-marini-complete-first-day-at-the-circuit-ricardo-tormo\/#primaryimage"},"thumbnailUrl":"http:\/\/esponsorama.ad\/wp-content\/uploads\/2021\/11\/0e8ca612-4d61-db86-71cf-8cff54d6f603.jpg","datePublished":"2021-11-12T21:36:27+00:00","dateModified":"2021-11-12T21:37:54+00:00","author":{"@id":"http:\/\/esponsorama.ad\/es\/#\/schema\/person\/a5cde74945183d737066e46b61c6f9c4"},"breadcrumb":{"@id":"http:\/\/esponsorama.ad\/en\/bastianini-and-marini-complete-first-day-at-the-circuit-ricardo-tormo\/#breadcrumb"},"inLanguage":"en-GB","potentialAction":[{"@type":"ReadAction","target":["http:\/\/esponsorama.ad\/en\/bastianini-and-marini-complete-first-day-at-the-circuit-ricardo-tormo\/"]}]},{"@type":"ImageObject","inLanguage":"en-GB","@id":"http:\/\/esponsorama.ad\/en\/bastianini-and-marini-complete-first-day-at-the-circuit-ricardo-tormo\/#primaryimage","url":"http:\/\/esponsorama.ad\/wp-content\/uploads\/2021\/11\/0e8ca612-4d61-db86-71cf-8cff54d6f603.jpg","contentUrl":"http:\/\/esponsorama.ad\/wp-content\/uploads\/2021\/11\/0e8ca612-4d61-db86-71cf-8cff54d6f603.jpg","width":4073,"height":2716,"caption":"Enea Bastianini, Valencia MotoGP, 12 November 2021"},{"@type":"BreadcrumbList","@id":"http:\/\/esponsorama.ad\/en\/bastianini-and-marini-complete-first-day-at-the-circuit-ricardo-tormo\/#breadcrumb","itemListElement":[{"@type":"ListItem","position":1,"name":"Home","item":"http:\/\/esponsorama.ad\/es\/"},{"@type":"ListItem","position":2,"name":"BASTIANINI AND MARINI COMPLETE FIRST DAY AT THE CIRCUIT RICARDO TORMO"}]},{"@type":"WebSite","@id":"http:\/\/esponsorama.ad\/es\/#website","url":"http:\/\/esponsorama.ad\/es\/","name":"Esponsorama","description":"Specialist in motorsport sponsorship and event promotions","potentialAction":[{"@type":"SearchAction","target":{"@type":"EntryPoint","urlTemplate":"http:\/\/esponsorama.ad\/es\/?s={search_term_string}"},"query-input":{"@type":"PropertyValueSpecification","valueRequired":true,"valueName":"search_term_string"}}],"inLanguage":"en-GB"},{"@type":"Person","@id":"http:\/\/esponsorama.ad\/es\/#\/schema\/person\/a5cde74945183d737066e46b61c6f9c4","name":"Xavi Andornet","image":{"@type":"ImageObject","inLanguage":"en-GB","@id":"http:\/\/esponsorama.ad\/es\/#\/schema\/person\/image\/","url":"https:\/\/secure.gravatar.com\/avatar\/f10eaf9ad601244a2357c9fd7cd9805ed166cfaaf76d5d9ab08a9d873e70147a?s=96&d=mm&r=g","contentUrl":"https:\/\/secure.gravatar.com\/avatar\/f10eaf9ad601244a2357c9fd7cd9805ed166cfaaf76d5d9ab08a9d873e70147a?s=96&d=mm&r=g","caption":"Xavi Andornet"},"sameAs":["http:\/\/www.andornet.ad"],"url":"http:\/\/esponsorama.ad\/en\/author\/andornet\/"}]}},"_links":{"self":[{"href":"http:\/\/esponsorama.ad\/en\/wp-json\/wp\/v2\/posts\/18591","targetHints":{"allow":["GET"]}}],"collection":[{"href":"http:\/\/esponsorama.ad\/en\/wp-json\/wp\/v2\/posts"}],"about":[{"href":"http:\/\/esponsorama.ad\/en\/wp-json\/wp\/v2\/types\/post"}],"author":[{"embeddable":true,"href":"http:\/\/esponsorama.ad\/en\/wp-json\/wp\/v2\/users\/6"}],"replies":[{"embeddable":true,"href":"http:\/\/esponsorama.ad\/en\/wp-json\/wp\/v2\/comments?post=18591"}],"version-history":[{"count":1,"href":"http:\/\/esponsorama.ad\/en\/wp-json\/wp\/v2\/posts\/18591\/revisions"}],"predecessor-version":[{"id":18592,"href":"http:\/\/esponsorama.ad\/en\/wp-json\/wp\/v2\/posts\/18591\/revisions\/18592"}],"wp:featuredmedia":[{"embeddable":true,"href":"http:\/\/esponsorama.ad\/en\/wp-json\/wp\/v2\/media\/18589"}],"wp:attachment":[{"href":"http:\/\/esponsorama.ad\/en\/wp-json\/wp\/v2\/media?parent=18591"}],"wp:term":[{"taxonomy":"category","embeddable":true,"href":"http:\/\/esponsorama.ad\/en\/wp-json\/wp\/v2\/categories?post=18591"},{"taxonomy":"post_tag","embeddable":true,"href":"http:\/\/esponsorama.ad\/en\/wp-json\/wp\/v2\/tags?post=18591"}],"curies":[{"name":"wp","href":"https:\/\/api.w.org\/{rel}","templated":true}]}}