{"id":3113,"date":"2017-05-02T20:12:59","date_gmt":"2017-05-02T18:12:59","guid":{"rendered":"http:\/\/esponsorama.ad\/?p=3113"},"modified":"2017-05-02T20:12:59","modified_gmt":"2017-05-02T18:12:59","slug":"vicente-perez-reale-avintia-academy-wild-card-al-gran-premi-despanya","status":"publish","type":"post","link":"http:\/\/esponsorama.ad\/ca\/vicente-perez-reale-avintia-academy-wild-card-al-gran-premi-despanya\/","title":{"rendered":"Vicente P\u00e9rez, de Reale Avintia Academy, &#8216;wild card&#8217; al Gran Premi d&#8217;Espanya"},"content":{"rendered":"<div class=\"column\">\n<p>Despr\u00e9s de l&#8217;arrencada el passat cap de setmana del FIM CEV, al circuit d&#8217;Albacete, Vicente P\u00e9rez Selfa pilot de Reale Avintia Academy al FIM CEV de Moto3, continua amb forces i anir\u00e0 com a convidat aquest cap de setmana el Gran Premi d&#8217;Espanya ( del 5 al 7 de maig).<\/p>\n<p>El pilot valenci\u00e0 va acabar des\u00e8 en el tra\u00e7at manxec, despr\u00e9s de remuntar quinze posicions que havia perdut despr\u00e9s esquivar la caiguda del pilot madrileny Ra\u00fal Fern\u00e1ndez. Vicente tenia un bon ritme de carrera, que li hagu\u00e9s perm\u00e8s estar dins\u00a0dels cinc primers llocs.<\/p>\n<\/div>\n<div class=\"section\">\n<div class=\"layoutArea\">\n<div class=\"column\">\n<p>La seg\u00fcent prova del FIM CEV ser\u00e0 el 19-20 de maig al tra\u00e7at franc\u00e8s de Le Mans, per\u00f2 abans el pilot de l&#8217;equip Reale Avintia Academy passar\u00e0 per la seva segona experi\u00e8ncia mundialista al circuit de Jerez; es va estrenar l&#8217;any passat com &#8216;wild card&#8217; a Val\u00e8ncia.<\/p>\n<p>El pilot de dinou anys afronta amb molta il\u00b7lusi\u00f3 c\u00f3rrer en el Campionat del M\u00f3n de Moto3 aquest cap de setmana, en qu\u00e8 s\u00f3n molts els espanyols participants.<\/p>\n<p><br \/>\n&#8220;\u00c9s la meva segona experi\u00e8ncia en el Campionat del M\u00f3n; ja ho vam fer a Val\u00e8ncia la temporada passada. Aquest any s\u00e9 que ho podem fer b\u00e9, ja que estem ben preparats. El Mundial de Moto3 est\u00e0 molt atape\u00eft, com cada any. No tinc cap favorit per\u00f2 els espanyols estan molt forts. Vull donar les gr\u00e0cies a tot l&#8217;equip i al meu m\u00e0nager per aquesta oportunitat &#8220;.<\/p>\n<p><br \/>\n&#8220;\u00c9s el segon &#8216;wild card&#8217; per a Vicente. \u00c9s un pilot amb molt potencial i encara que ser\u00e0 complicat, podem aspirar a puntuar, L&#8217;objectiu \u00e9s fer quil\u00f2metres per arribar forts a la segona cita del FIM CEV. L&#8217;equip est\u00e0 molt motivat, la nostra participaci\u00f3 en el Mundial \u00e9s un regal per a nosaltres. Esperem donar una bona imatge aquest cap de setmana.\u201d<\/p>\n<\/div>\n<\/div>\n<\/div>\n","protected":false},"excerpt":{"rendered":"<p>Despr\u00e9s de l&#8217;arrencada el passat cap de setmana del FIM CEV, al circuit d&#8217;Albacete, Vicente P\u00e9rez Selfa pilot de Reale Avintia Academy al FIM CEV de Moto3, continua amb forces i anir\u00e0 com a convidat aquest cap de setmana el Gran Premi d&#8217;Espanya ( del 5 al 7 de maig). El pilot valenci\u00e0 va acabar [&hellip;]<\/p>\n","protected":false},"author":6,"featured_media":3105,"comment_status":"closed","ping_status":"closed","sticky":false,"template":"","format":"standard","meta":{"footnotes":""},"categories":[10],"tags":[],"class_list":["post-3113","post","type-post","status-publish","format-standard","has-post-thumbnail","hentry"],"yoast_head":"<!-- This site is optimized with the Yoast SEO plugin v27.1.1 - https:\/\/yoast.com\/product\/yoast-seo-wordpress\/ -->\n<title>Vicente P\u00e9rez, de Reale Avintia Academy, &#039;wild card&#039; al Gran Premi d&#039;Espanya - Esponsorama<\/title>\n<meta name=\"robots\" content=\"index, follow, max-snippet:-1, max-image-preview:large, max-video-preview:-1\" \/>\n<link rel=\"canonical\" href=\"http:\/\/esponsorama.ad\/ca\/vicente-perez-reale-avintia-academy-wild-card-al-gran-premi-despanya\/\" \/>\n<meta property=\"og:locale\" content=\"en_GB\" \/>\n<meta property=\"og:type\" content=\"article\" \/>\n<meta property=\"og:title\" content=\"Vicente P\u00e9rez, de Reale Avintia Academy, &#039;wild card&#039; al Gran Premi d&#039;Espanya - Esponsorama\" \/>\n<meta property=\"og:description\" content=\"Despr\u00e9s de l&#8217;arrencada el passat cap de setmana del FIM CEV, al circuit d&#8217;Albacete, Vicente P\u00e9rez Selfa pilot de Reale Avintia Academy al FIM CEV de Moto3, continua amb forces i anir\u00e0 com a convidat aquest cap de setmana el Gran Premi d&#8217;Espanya ( del 5 al 7 de maig). El pilot valenci\u00e0 va acabar [&hellip;]\" \/>\n<meta property=\"og:url\" content=\"http:\/\/esponsorama.ad\/ca\/vicente-perez-reale-avintia-academy-wild-card-al-gran-premi-despanya\/\" \/>\n<meta property=\"og:site_name\" content=\"Esponsorama\" \/>\n<meta property=\"article:published_time\" content=\"2017-05-02T18:12:59+00:00\" \/>\n<meta property=\"og:image\" content=\"http:\/\/esponsorama.ad\/wp-content\/uploads\/2017\/05\/MG_9056.jpg\" \/>\n\t<meta property=\"og:image:width\" content=\"4272\" \/>\n\t<meta property=\"og:image:height\" content=\"2848\" \/>\n\t<meta property=\"og:image:type\" content=\"image\/jpeg\" \/>\n<meta name=\"author\" content=\"Xavi Andornet\" \/>\n<meta name=\"twitter:card\" content=\"summary_large_image\" \/>\n<meta name=\"twitter:label1\" content=\"Written by\" \/>\n\t<meta name=\"twitter:data1\" content=\"Xavi Andornet\" \/>\n\t<meta name=\"twitter:label2\" content=\"Estimated reading time\" \/>\n\t<meta name=\"twitter:data2\" content=\"2 minutes\" \/>\n<script type=\"application\/ld+json\" class=\"yoast-schema-graph\">{\"@context\":\"https:\/\/schema.org\",\"@graph\":[{\"@type\":\"Article\",\"@id\":\"http:\/\/esponsorama.ad\/ca\/vicente-perez-reale-avintia-academy-wild-card-al-gran-premi-despanya\/#article\",\"isPartOf\":{\"@id\":\"http:\/\/esponsorama.ad\/ca\/vicente-perez-reale-avintia-academy-wild-card-al-gran-premi-despanya\/\"},\"author\":{\"name\":\"Xavi Andornet\",\"@id\":\"http:\/\/esponsorama.ad\/es\/#\/schema\/person\/a5cde74945183d737066e46b61c6f9c4\"},\"headline\":\"Vicente P\u00e9rez, de Reale Avintia Academy, &#8216;wild card&#8217; al Gran Premi d&#8217;Espanya\",\"datePublished\":\"2017-05-02T18:12:59+00:00\",\"mainEntityOfPage\":{\"@id\":\"http:\/\/esponsorama.ad\/ca\/vicente-perez-reale-avintia-academy-wild-card-al-gran-premi-despanya\/\"},\"wordCount\":339,\"image\":{\"@id\":\"http:\/\/esponsorama.ad\/ca\/vicente-perez-reale-avintia-academy-wild-card-al-gran-premi-despanya\/#primaryimage\"},\"thumbnailUrl\":\"http:\/\/esponsorama.ad\/wp-content\/uploads\/2017\/05\/MG_9056.jpg\",\"articleSection\":[\"\"],\"inLanguage\":\"en-GB\"},{\"@type\":\"WebPage\",\"@id\":\"http:\/\/esponsorama.ad\/ca\/vicente-perez-reale-avintia-academy-wild-card-al-gran-premi-despanya\/\",\"url\":\"http:\/\/esponsorama.ad\/ca\/vicente-perez-reale-avintia-academy-wild-card-al-gran-premi-despanya\/\",\"name\":\"Vicente P\u00e9rez, de Reale Avintia Academy, 'wild card' al Gran Premi d'Espanya - Esponsorama\",\"isPartOf\":{\"@id\":\"http:\/\/esponsorama.ad\/es\/#website\"},\"primaryImageOfPage\":{\"@id\":\"http:\/\/esponsorama.ad\/ca\/vicente-perez-reale-avintia-academy-wild-card-al-gran-premi-despanya\/#primaryimage\"},\"image\":{\"@id\":\"http:\/\/esponsorama.ad\/ca\/vicente-perez-reale-avintia-academy-wild-card-al-gran-premi-despanya\/#primaryimage\"},\"thumbnailUrl\":\"http:\/\/esponsorama.ad\/wp-content\/uploads\/2017\/05\/MG_9056.jpg\",\"datePublished\":\"2017-05-02T18:12:59+00:00\",\"author\":{\"@id\":\"http:\/\/esponsorama.ad\/es\/#\/schema\/person\/a5cde74945183d737066e46b61c6f9c4\"},\"breadcrumb\":{\"@id\":\"http:\/\/esponsorama.ad\/ca\/vicente-perez-reale-avintia-academy-wild-card-al-gran-premi-despanya\/#breadcrumb\"},\"inLanguage\":\"en-GB\",\"potentialAction\":[{\"@type\":\"ReadAction\",\"target\":[\"http:\/\/esponsorama.ad\/ca\/vicente-perez-reale-avintia-academy-wild-card-al-gran-premi-despanya\/\"]}]},{\"@type\":\"ImageObject\",\"inLanguage\":\"en-GB\",\"@id\":\"http:\/\/esponsorama.ad\/ca\/vicente-perez-reale-avintia-academy-wild-card-al-gran-premi-despanya\/#primaryimage\",\"url\":\"http:\/\/esponsorama.ad\/wp-content\/uploads\/2017\/05\/MG_9056.jpg\",\"contentUrl\":\"http:\/\/esponsorama.ad\/wp-content\/uploads\/2017\/05\/MG_9056.jpg\",\"width\":4272,\"height\":2848},{\"@type\":\"BreadcrumbList\",\"@id\":\"http:\/\/esponsorama.ad\/ca\/vicente-perez-reale-avintia-academy-wild-card-al-gran-premi-despanya\/#breadcrumb\",\"itemListElement\":[{\"@type\":\"ListItem\",\"position\":1,\"name\":\"Home\",\"item\":\"http:\/\/esponsorama.ad\/ca\/\"},{\"@type\":\"ListItem\",\"position\":2,\"name\":\"Vicente P\u00e9rez, de Reale Avintia Academy, &#8216;wild card&#8217; al Gran Premi d&#8217;Espanya\"}]},{\"@type\":\"WebSite\",\"@id\":\"http:\/\/esponsorama.ad\/es\/#website\",\"url\":\"http:\/\/esponsorama.ad\/es\/\",\"name\":\"Esponsorama\",\"description\":\"Specialist in motorsport sponsorship and event promotions\",\"potentialAction\":[{\"@type\":\"SearchAction\",\"target\":{\"@type\":\"EntryPoint\",\"urlTemplate\":\"http:\/\/esponsorama.ad\/es\/?s={search_term_string}\"},\"query-input\":{\"@type\":\"PropertyValueSpecification\",\"valueRequired\":true,\"valueName\":\"search_term_string\"}}],\"inLanguage\":\"en-GB\"},{\"@type\":\"Person\",\"@id\":\"http:\/\/esponsorama.ad\/es\/#\/schema\/person\/a5cde74945183d737066e46b61c6f9c4\",\"name\":\"Xavi Andornet\",\"image\":{\"@type\":\"ImageObject\",\"inLanguage\":\"en-GB\",\"@id\":\"http:\/\/esponsorama.ad\/es\/#\/schema\/person\/image\/\",\"url\":\"https:\/\/secure.gravatar.com\/avatar\/f10eaf9ad601244a2357c9fd7cd9805ed166cfaaf76d5d9ab08a9d873e70147a?s=96&d=mm&r=g\",\"contentUrl\":\"https:\/\/secure.gravatar.com\/avatar\/f10eaf9ad601244a2357c9fd7cd9805ed166cfaaf76d5d9ab08a9d873e70147a?s=96&d=mm&r=g\",\"caption\":\"Xavi Andornet\"},\"sameAs\":[\"http:\/\/www.andornet.ad\"],\"url\":\"http:\/\/esponsorama.ad\/en\/author\/andornet\/\"}]}<\/script>\n<!-- \/ Yoast SEO plugin. -->","yoast_head_json":{"title":"Vicente P\u00e9rez, de Reale Avintia Academy, 'wild card' al Gran Premi d'Espanya - Esponsorama","robots":{"index":"index","follow":"follow","max-snippet":"max-snippet:-1","max-image-preview":"max-image-preview:large","max-video-preview":"max-video-preview:-1"},"canonical":"http:\/\/esponsorama.ad\/ca\/vicente-perez-reale-avintia-academy-wild-card-al-gran-premi-despanya\/","og_locale":"en_GB","og_type":"article","og_title":"Vicente P\u00e9rez, de Reale Avintia Academy, 'wild card' al Gran Premi d'Espanya - Esponsorama","og_description":"Despr\u00e9s de l&#8217;arrencada el passat cap de setmana del FIM CEV, al circuit d&#8217;Albacete, Vicente P\u00e9rez Selfa pilot de Reale Avintia Academy al FIM CEV de Moto3, continua amb forces i anir\u00e0 com a convidat aquest cap de setmana el Gran Premi d&#8217;Espanya ( del 5 al 7 de maig). El pilot valenci\u00e0 va acabar [&hellip;]","og_url":"http:\/\/esponsorama.ad\/ca\/vicente-perez-reale-avintia-academy-wild-card-al-gran-premi-despanya\/","og_site_name":"Esponsorama","article_published_time":"2017-05-02T18:12:59+00:00","og_image":[{"width":4272,"height":2848,"url":"http:\/\/esponsorama.ad\/wp-content\/uploads\/2017\/05\/MG_9056.jpg","type":"image\/jpeg"}],"author":"Xavi Andornet","twitter_card":"summary_large_image","twitter_misc":{"Written by":"Xavi Andornet","Estimated reading time":"2 minutes"},"schema":{"@context":"https:\/\/schema.org","@graph":[{"@type":"Article","@id":"http:\/\/esponsorama.ad\/ca\/vicente-perez-reale-avintia-academy-wild-card-al-gran-premi-despanya\/#article","isPartOf":{"@id":"http:\/\/esponsorama.ad\/ca\/vicente-perez-reale-avintia-academy-wild-card-al-gran-premi-despanya\/"},"author":{"name":"Xavi Andornet","@id":"http:\/\/esponsorama.ad\/es\/#\/schema\/person\/a5cde74945183d737066e46b61c6f9c4"},"headline":"Vicente P\u00e9rez, de Reale Avintia Academy, &#8216;wild card&#8217; al Gran Premi d&#8217;Espanya","datePublished":"2017-05-02T18:12:59+00:00","mainEntityOfPage":{"@id":"http:\/\/esponsorama.ad\/ca\/vicente-perez-reale-avintia-academy-wild-card-al-gran-premi-despanya\/"},"wordCount":339,"image":{"@id":"http:\/\/esponsorama.ad\/ca\/vicente-perez-reale-avintia-academy-wild-card-al-gran-premi-despanya\/#primaryimage"},"thumbnailUrl":"http:\/\/esponsorama.ad\/wp-content\/uploads\/2017\/05\/MG_9056.jpg","articleSection":[""],"inLanguage":"en-GB"},{"@type":"WebPage","@id":"http:\/\/esponsorama.ad\/ca\/vicente-perez-reale-avintia-academy-wild-card-al-gran-premi-despanya\/","url":"http:\/\/esponsorama.ad\/ca\/vicente-perez-reale-avintia-academy-wild-card-al-gran-premi-despanya\/","name":"Vicente P\u00e9rez, de Reale Avintia Academy, 'wild card' al Gran Premi d'Espanya - Esponsorama","isPartOf":{"@id":"http:\/\/esponsorama.ad\/es\/#website"},"primaryImageOfPage":{"@id":"http:\/\/esponsorama.ad\/ca\/vicente-perez-reale-avintia-academy-wild-card-al-gran-premi-despanya\/#primaryimage"},"image":{"@id":"http:\/\/esponsorama.ad\/ca\/vicente-perez-reale-avintia-academy-wild-card-al-gran-premi-despanya\/#primaryimage"},"thumbnailUrl":"http:\/\/esponsorama.ad\/wp-content\/uploads\/2017\/05\/MG_9056.jpg","datePublished":"2017-05-02T18:12:59+00:00","author":{"@id":"http:\/\/esponsorama.ad\/es\/#\/schema\/person\/a5cde74945183d737066e46b61c6f9c4"},"breadcrumb":{"@id":"http:\/\/esponsorama.ad\/ca\/vicente-perez-reale-avintia-academy-wild-card-al-gran-premi-despanya\/#breadcrumb"},"inLanguage":"en-GB","potentialAction":[{"@type":"ReadAction","target":["http:\/\/esponsorama.ad\/ca\/vicente-perez-reale-avintia-academy-wild-card-al-gran-premi-despanya\/"]}]},{"@type":"ImageObject","inLanguage":"en-GB","@id":"http:\/\/esponsorama.ad\/ca\/vicente-perez-reale-avintia-academy-wild-card-al-gran-premi-despanya\/#primaryimage","url":"http:\/\/esponsorama.ad\/wp-content\/uploads\/2017\/05\/MG_9056.jpg","contentUrl":"http:\/\/esponsorama.ad\/wp-content\/uploads\/2017\/05\/MG_9056.jpg","width":4272,"height":2848},{"@type":"BreadcrumbList","@id":"http:\/\/esponsorama.ad\/ca\/vicente-perez-reale-avintia-academy-wild-card-al-gran-premi-despanya\/#breadcrumb","itemListElement":[{"@type":"ListItem","position":1,"name":"Home","item":"http:\/\/esponsorama.ad\/ca\/"},{"@type":"ListItem","position":2,"name":"Vicente P\u00e9rez, de Reale Avintia Academy, &#8216;wild card&#8217; al Gran Premi d&#8217;Espanya"}]},{"@type":"WebSite","@id":"http:\/\/esponsorama.ad\/es\/#website","url":"http:\/\/esponsorama.ad\/es\/","name":"Esponsorama","description":"Specialist in motorsport sponsorship and event promotions","potentialAction":[{"@type":"SearchAction","target":{"@type":"EntryPoint","urlTemplate":"http:\/\/esponsorama.ad\/es\/?s={search_term_string}"},"query-input":{"@type":"PropertyValueSpecification","valueRequired":true,"valueName":"search_term_string"}}],"inLanguage":"en-GB"},{"@type":"Person","@id":"http:\/\/esponsorama.ad\/es\/#\/schema\/person\/a5cde74945183d737066e46b61c6f9c4","name":"Xavi Andornet","image":{"@type":"ImageObject","inLanguage":"en-GB","@id":"http:\/\/esponsorama.ad\/es\/#\/schema\/person\/image\/","url":"https:\/\/secure.gravatar.com\/avatar\/f10eaf9ad601244a2357c9fd7cd9805ed166cfaaf76d5d9ab08a9d873e70147a?s=96&d=mm&r=g","contentUrl":"https:\/\/secure.gravatar.com\/avatar\/f10eaf9ad601244a2357c9fd7cd9805ed166cfaaf76d5d9ab08a9d873e70147a?s=96&d=mm&r=g","caption":"Xavi Andornet"},"sameAs":["http:\/\/www.andornet.ad"],"url":"http:\/\/esponsorama.ad\/en\/author\/andornet\/"}]}},"_links":{"self":[{"href":"http:\/\/esponsorama.ad\/en\/wp-json\/wp\/v2\/posts\/3113","targetHints":{"allow":["GET"]}}],"collection":[{"href":"http:\/\/esponsorama.ad\/en\/wp-json\/wp\/v2\/posts"}],"about":[{"href":"http:\/\/esponsorama.ad\/en\/wp-json\/wp\/v2\/types\/post"}],"author":[{"embeddable":true,"href":"http:\/\/esponsorama.ad\/en\/wp-json\/wp\/v2\/users\/6"}],"replies":[{"embeddable":true,"href":"http:\/\/esponsorama.ad\/en\/wp-json\/wp\/v2\/comments?post=3113"}],"version-history":[{"count":0,"href":"http:\/\/esponsorama.ad\/en\/wp-json\/wp\/v2\/posts\/3113\/revisions"}],"wp:featuredmedia":[{"embeddable":true,"href":"http:\/\/esponsorama.ad\/en\/wp-json\/wp\/v2\/media\/3105"}],"wp:attachment":[{"href":"http:\/\/esponsorama.ad\/en\/wp-json\/wp\/v2\/media?parent=3113"}],"wp:term":[{"taxonomy":"category","embeddable":true,"href":"http:\/\/esponsorama.ad\/en\/wp-json\/wp\/v2\/categories?post=3113"},{"taxonomy":"post_tag","embeddable":true,"href":"http:\/\/esponsorama.ad\/en\/wp-json\/wp\/v2\/tags?post=3113"}],"curies":[{"name":"wp","href":"https:\/\/api.w.org\/{rel}","templated":true}]}}