{"id":4004,"date":"2017-06-10T17:10:44","date_gmt":"2017-06-10T15:10:44","guid":{"rendered":"http:\/\/esponsorama.ad\/?p=4004"},"modified":"2017-06-10T17:10:44","modified_gmt":"2017-06-10T15:10:44","slug":"bon-treball-vicente-perez-per-la-carrera-dema-al-gp-catalunya","status":"publish","type":"post","link":"http:\/\/esponsorama.ad\/ca\/bon-treball-vicente-perez-per-la-carrera-dema-al-gp-catalunya\/","title":{"rendered":"Bon treball de Vicente P\u00e9rez per a la carrera de dem\u00e0 al GP de Catalunya"},"content":{"rendered":"<div class=\"column\">\n<p>La jornada de dissabte al Gran Premi de Catalunya ha estat marcada per les altes temperatures; aix\u00f2 no ha estat cap entrebanc perqu\u00e8 els pilots donin el m\u00e0xim possible. A m\u00e9s, la gran afici\u00f3 que sempre \u00e9s usual veure a Montmel\u00f3 ha servit a tots de suport.<\/p>\n<p>Vicente P\u00e9rez, de Reale Avintia Academy, ha tingut un bon dia i ha evolucionat bastant respecte als temps del dia d&#8217;ahir. Tot i que el pilot valenci\u00e0 sortir\u00e0 dem\u00e0 des de la P28 amb un 1&#8217;55.218, la posici\u00f3 \u00e9s irrellevant, ja que est\u00e0 a nom\u00e9s cinc d\u00e8cimes de la P17.<\/p>\n<p>Vicente tenia molt clar que avui havia d&#8217;agafar experi\u00e8ncia i aix\u00ed ho ha fet des del<\/p>\n<\/div>\n<div class=\"column\">\n<p>mat\u00ed, que a la FP3 s&#8217;ha classificat en la P23 amb un temps de 1&#8217;55.525.<br \/>\nL&#8217;equip est\u00e0 content amb la feina que s&#8217;est\u00e0 realitzant i sabent que va pel bon cam\u00ed per fer-se fort en el FIM CEV.<br \/>\nDem\u00e0 s&#8217;espera la carrera amb positivitat i sense pressions, perqu\u00e8 l&#8217;important \u00e9s aprendre per al cap de setmana vinent a la cita del FIM CEV.<\/p>\n\n<p>&#8220;Avui hem treballat for\u00e7a b\u00e9. Al FP3 hem millorat respecte a ahir i aix\u00f2 m&#8217;ha donat confian\u00e7a per a la Quali. A la sessi\u00f3 de Classificaci\u00f3 no hem tingut molta sort perqu\u00e8 venia per ficar-me al P14 o P15 i un pilot se m&#8217;ha posat per davant; no he pogut fer una bona volta. Estic content perqu\u00e8 tinc ritme per dem\u00e0 lluitar pels punts. Encara que estiguem al P27, aix\u00f2 no \u00e9s significatiu perqu\u00e8 en temps estem molt enganxats. Dem\u00e0 he de fer una bona sortida i enganxar-me al grup. Vull agrair tota la feina que sempre fa el meu equip per tenir tot a punt per a cada entrenament i cursa. &#8221;<\/p>\n\n<p>&#8220;Vicente i tot l&#8217;equip han treballat molt b\u00e9 i crec que s&#8217;ha complert l&#8217;objectiu, que era anar traient el m\u00e0xim potencial de cara al cap de setmana que ve. Tot i que la posici\u00f3 \u00e9s la 27a est\u00e0 a quatre d\u00e8cimes d&#8217;estar entre els quinze primers. La cursa de dem\u00e0 ens la prenem amb calma, al principi. Si es col\u00b7loca en un bon grup i hi ha paci\u00e8ncia podem esperar un resultat bo. No ens volem obsessionar per agafar punts; la nostra idea principal \u00e9s fer b\u00e9 la feina &#8220;.<\/p>\n<\/div>\n","protected":false},"excerpt":{"rendered":"<p>La jornada de dissabte al Gran Premi de Catalunya ha estat marcada per les altes temperatures; aix\u00f2 no ha estat cap entrebanc perqu\u00e8 els pilots donin el m\u00e0xim possible. A m\u00e9s, la gran afici\u00f3 que sempre \u00e9s usual veure a Montmel\u00f3 ha servit a tots de suport. Vicente P\u00e9rez, de Reale Avintia Academy, ha tingut [&hellip;]<\/p>\n","protected":false},"author":6,"featured_media":3950,"comment_status":"closed","ping_status":"closed","sticky":false,"template":"","format":"standard","meta":{"footnotes":""},"categories":[10],"tags":[],"class_list":["post-4004","post","type-post","status-publish","format-standard","has-post-thumbnail","hentry"],"yoast_head":"<!-- This site is optimized with the Yoast SEO plugin v27.1.1 - https:\/\/yoast.com\/product\/yoast-seo-wordpress\/ -->\n<title>Bon treball de Vicente P\u00e9rez per a la carrera de dem\u00e0 al GP de Catalunya - Esponsorama<\/title>\n<meta name=\"robots\" content=\"index, follow, max-snippet:-1, max-image-preview:large, max-video-preview:-1\" \/>\n<link rel=\"canonical\" href=\"http:\/\/esponsorama.ad\/ca\/bon-treball-vicente-perez-per-la-carrera-dema-al-gp-catalunya\/\" \/>\n<meta property=\"og:locale\" content=\"en_GB\" \/>\n<meta property=\"og:type\" content=\"article\" \/>\n<meta property=\"og:title\" content=\"Bon treball de Vicente P\u00e9rez per a la carrera de dem\u00e0 al GP de Catalunya - Esponsorama\" \/>\n<meta property=\"og:description\" content=\"La jornada de dissabte al Gran Premi de Catalunya ha estat marcada per les altes temperatures; aix\u00f2 no ha estat cap entrebanc perqu\u00e8 els pilots donin el m\u00e0xim possible. A m\u00e9s, la gran afici\u00f3 que sempre \u00e9s usual veure a Montmel\u00f3 ha servit a tots de suport. Vicente P\u00e9rez, de Reale Avintia Academy, ha tingut [&hellip;]\" \/>\n<meta property=\"og:url\" content=\"http:\/\/esponsorama.ad\/ca\/bon-treball-vicente-perez-per-la-carrera-dema-al-gp-catalunya\/\" \/>\n<meta property=\"og:site_name\" content=\"Esponsorama\" \/>\n<meta property=\"article:published_time\" content=\"2017-06-10T15:10:44+00:00\" \/>\n<meta property=\"og:image\" content=\"http:\/\/esponsorama.ad\/wp-content\/uploads\/2017\/06\/07Montmelo17M3-3019.jpg\" \/>\n\t<meta property=\"og:image:width\" content=\"4172\" \/>\n\t<meta property=\"og:image:height\" content=\"2781\" \/>\n\t<meta property=\"og:image:type\" content=\"image\/jpeg\" \/>\n<meta name=\"author\" content=\"Xavi Andornet\" \/>\n<meta name=\"twitter:card\" content=\"summary_large_image\" \/>\n<meta name=\"twitter:label1\" content=\"Written by\" \/>\n\t<meta name=\"twitter:data1\" content=\"Xavi Andornet\" \/>\n\t<meta name=\"twitter:label2\" content=\"Estimated reading time\" \/>\n\t<meta name=\"twitter:data2\" content=\"2 minutes\" \/>\n<script type=\"application\/ld+json\" class=\"yoast-schema-graph\">{\"@context\":\"https:\/\/schema.org\",\"@graph\":[{\"@type\":\"Article\",\"@id\":\"http:\/\/esponsorama.ad\/ca\/bon-treball-vicente-perez-per-la-carrera-dema-al-gp-catalunya\/#article\",\"isPartOf\":{\"@id\":\"http:\/\/esponsorama.ad\/ca\/bon-treball-vicente-perez-per-la-carrera-dema-al-gp-catalunya\/\"},\"author\":{\"name\":\"Xavi Andornet\",\"@id\":\"http:\/\/esponsorama.ad\/es\/#\/schema\/person\/a5cde74945183d737066e46b61c6f9c4\"},\"headline\":\"Bon treball de Vicente P\u00e9rez per a la carrera de dem\u00e0 al GP de Catalunya\",\"datePublished\":\"2017-06-10T15:10:44+00:00\",\"mainEntityOfPage\":{\"@id\":\"http:\/\/esponsorama.ad\/ca\/bon-treball-vicente-perez-per-la-carrera-dema-al-gp-catalunya\/\"},\"wordCount\":415,\"image\":{\"@id\":\"http:\/\/esponsorama.ad\/ca\/bon-treball-vicente-perez-per-la-carrera-dema-al-gp-catalunya\/#primaryimage\"},\"thumbnailUrl\":\"http:\/\/esponsorama.ad\/wp-content\/uploads\/2017\/06\/07Montmelo17M3-3019.jpg\",\"articleSection\":[\"\"],\"inLanguage\":\"en-GB\"},{\"@type\":\"WebPage\",\"@id\":\"http:\/\/esponsorama.ad\/ca\/bon-treball-vicente-perez-per-la-carrera-dema-al-gp-catalunya\/\",\"url\":\"http:\/\/esponsorama.ad\/ca\/bon-treball-vicente-perez-per-la-carrera-dema-al-gp-catalunya\/\",\"name\":\"Bon treball de Vicente P\u00e9rez per a la carrera de dem\u00e0 al GP de Catalunya - Esponsorama\",\"isPartOf\":{\"@id\":\"http:\/\/esponsorama.ad\/es\/#website\"},\"primaryImageOfPage\":{\"@id\":\"http:\/\/esponsorama.ad\/ca\/bon-treball-vicente-perez-per-la-carrera-dema-al-gp-catalunya\/#primaryimage\"},\"image\":{\"@id\":\"http:\/\/esponsorama.ad\/ca\/bon-treball-vicente-perez-per-la-carrera-dema-al-gp-catalunya\/#primaryimage\"},\"thumbnailUrl\":\"http:\/\/esponsorama.ad\/wp-content\/uploads\/2017\/06\/07Montmelo17M3-3019.jpg\",\"datePublished\":\"2017-06-10T15:10:44+00:00\",\"author\":{\"@id\":\"http:\/\/esponsorama.ad\/es\/#\/schema\/person\/a5cde74945183d737066e46b61c6f9c4\"},\"breadcrumb\":{\"@id\":\"http:\/\/esponsorama.ad\/ca\/bon-treball-vicente-perez-per-la-carrera-dema-al-gp-catalunya\/#breadcrumb\"},\"inLanguage\":\"en-GB\",\"potentialAction\":[{\"@type\":\"ReadAction\",\"target\":[\"http:\/\/esponsorama.ad\/ca\/bon-treball-vicente-perez-per-la-carrera-dema-al-gp-catalunya\/\"]}]},{\"@type\":\"ImageObject\",\"inLanguage\":\"en-GB\",\"@id\":\"http:\/\/esponsorama.ad\/ca\/bon-treball-vicente-perez-per-la-carrera-dema-al-gp-catalunya\/#primaryimage\",\"url\":\"http:\/\/esponsorama.ad\/wp-content\/uploads\/2017\/06\/07Montmelo17M3-3019.jpg\",\"contentUrl\":\"http:\/\/esponsorama.ad\/wp-content\/uploads\/2017\/06\/07Montmelo17M3-3019.jpg\",\"width\":4172,\"height\":2781},{\"@type\":\"BreadcrumbList\",\"@id\":\"http:\/\/esponsorama.ad\/ca\/bon-treball-vicente-perez-per-la-carrera-dema-al-gp-catalunya\/#breadcrumb\",\"itemListElement\":[{\"@type\":\"ListItem\",\"position\":1,\"name\":\"Home\",\"item\":\"http:\/\/esponsorama.ad\/es\/\"},{\"@type\":\"ListItem\",\"position\":2,\"name\":\"Bon treball de Vicente P\u00e9rez per a la carrera de dem\u00e0 al GP de Catalunya\"}]},{\"@type\":\"WebSite\",\"@id\":\"http:\/\/esponsorama.ad\/es\/#website\",\"url\":\"http:\/\/esponsorama.ad\/es\/\",\"name\":\"Esponsorama\",\"description\":\"Specialist in motorsport sponsorship and event promotions\",\"potentialAction\":[{\"@type\":\"SearchAction\",\"target\":{\"@type\":\"EntryPoint\",\"urlTemplate\":\"http:\/\/esponsorama.ad\/es\/?s={search_term_string}\"},\"query-input\":{\"@type\":\"PropertyValueSpecification\",\"valueRequired\":true,\"valueName\":\"search_term_string\"}}],\"inLanguage\":\"en-GB\"},{\"@type\":\"Person\",\"@id\":\"http:\/\/esponsorama.ad\/es\/#\/schema\/person\/a5cde74945183d737066e46b61c6f9c4\",\"name\":\"Xavi Andornet\",\"image\":{\"@type\":\"ImageObject\",\"inLanguage\":\"en-GB\",\"@id\":\"http:\/\/esponsorama.ad\/es\/#\/schema\/person\/image\/\",\"url\":\"https:\/\/secure.gravatar.com\/avatar\/f10eaf9ad601244a2357c9fd7cd9805ed166cfaaf76d5d9ab08a9d873e70147a?s=96&d=mm&r=g\",\"contentUrl\":\"https:\/\/secure.gravatar.com\/avatar\/f10eaf9ad601244a2357c9fd7cd9805ed166cfaaf76d5d9ab08a9d873e70147a?s=96&d=mm&r=g\",\"caption\":\"Xavi Andornet\"},\"sameAs\":[\"http:\/\/www.andornet.ad\"],\"url\":\"http:\/\/esponsorama.ad\/en\/author\/andornet\/\"}]}<\/script>\n<!-- \/ Yoast SEO plugin. -->","yoast_head_json":{"title":"Bon treball de Vicente P\u00e9rez per a la carrera de dem\u00e0 al GP de Catalunya - Esponsorama","robots":{"index":"index","follow":"follow","max-snippet":"max-snippet:-1","max-image-preview":"max-image-preview:large","max-video-preview":"max-video-preview:-1"},"canonical":"http:\/\/esponsorama.ad\/ca\/bon-treball-vicente-perez-per-la-carrera-dema-al-gp-catalunya\/","og_locale":"en_GB","og_type":"article","og_title":"Bon treball de Vicente P\u00e9rez per a la carrera de dem\u00e0 al GP de Catalunya - Esponsorama","og_description":"La jornada de dissabte al Gran Premi de Catalunya ha estat marcada per les altes temperatures; aix\u00f2 no ha estat cap entrebanc perqu\u00e8 els pilots donin el m\u00e0xim possible. A m\u00e9s, la gran afici\u00f3 que sempre \u00e9s usual veure a Montmel\u00f3 ha servit a tots de suport. Vicente P\u00e9rez, de Reale Avintia Academy, ha tingut [&hellip;]","og_url":"http:\/\/esponsorama.ad\/ca\/bon-treball-vicente-perez-per-la-carrera-dema-al-gp-catalunya\/","og_site_name":"Esponsorama","article_published_time":"2017-06-10T15:10:44+00:00","og_image":[{"width":4172,"height":2781,"url":"http:\/\/esponsorama.ad\/wp-content\/uploads\/2017\/06\/07Montmelo17M3-3019.jpg","type":"image\/jpeg"}],"author":"Xavi Andornet","twitter_card":"summary_large_image","twitter_misc":{"Written by":"Xavi Andornet","Estimated reading time":"2 minutes"},"schema":{"@context":"https:\/\/schema.org","@graph":[{"@type":"Article","@id":"http:\/\/esponsorama.ad\/ca\/bon-treball-vicente-perez-per-la-carrera-dema-al-gp-catalunya\/#article","isPartOf":{"@id":"http:\/\/esponsorama.ad\/ca\/bon-treball-vicente-perez-per-la-carrera-dema-al-gp-catalunya\/"},"author":{"name":"Xavi Andornet","@id":"http:\/\/esponsorama.ad\/es\/#\/schema\/person\/a5cde74945183d737066e46b61c6f9c4"},"headline":"Bon treball de Vicente P\u00e9rez per a la carrera de dem\u00e0 al GP de Catalunya","datePublished":"2017-06-10T15:10:44+00:00","mainEntityOfPage":{"@id":"http:\/\/esponsorama.ad\/ca\/bon-treball-vicente-perez-per-la-carrera-dema-al-gp-catalunya\/"},"wordCount":415,"image":{"@id":"http:\/\/esponsorama.ad\/ca\/bon-treball-vicente-perez-per-la-carrera-dema-al-gp-catalunya\/#primaryimage"},"thumbnailUrl":"http:\/\/esponsorama.ad\/wp-content\/uploads\/2017\/06\/07Montmelo17M3-3019.jpg","articleSection":[""],"inLanguage":"en-GB"},{"@type":"WebPage","@id":"http:\/\/esponsorama.ad\/ca\/bon-treball-vicente-perez-per-la-carrera-dema-al-gp-catalunya\/","url":"http:\/\/esponsorama.ad\/ca\/bon-treball-vicente-perez-per-la-carrera-dema-al-gp-catalunya\/","name":"Bon treball de Vicente P\u00e9rez per a la carrera de dem\u00e0 al GP de Catalunya - Esponsorama","isPartOf":{"@id":"http:\/\/esponsorama.ad\/es\/#website"},"primaryImageOfPage":{"@id":"http:\/\/esponsorama.ad\/ca\/bon-treball-vicente-perez-per-la-carrera-dema-al-gp-catalunya\/#primaryimage"},"image":{"@id":"http:\/\/esponsorama.ad\/ca\/bon-treball-vicente-perez-per-la-carrera-dema-al-gp-catalunya\/#primaryimage"},"thumbnailUrl":"http:\/\/esponsorama.ad\/wp-content\/uploads\/2017\/06\/07Montmelo17M3-3019.jpg","datePublished":"2017-06-10T15:10:44+00:00","author":{"@id":"http:\/\/esponsorama.ad\/es\/#\/schema\/person\/a5cde74945183d737066e46b61c6f9c4"},"breadcrumb":{"@id":"http:\/\/esponsorama.ad\/ca\/bon-treball-vicente-perez-per-la-carrera-dema-al-gp-catalunya\/#breadcrumb"},"inLanguage":"en-GB","potentialAction":[{"@type":"ReadAction","target":["http:\/\/esponsorama.ad\/ca\/bon-treball-vicente-perez-per-la-carrera-dema-al-gp-catalunya\/"]}]},{"@type":"ImageObject","inLanguage":"en-GB","@id":"http:\/\/esponsorama.ad\/ca\/bon-treball-vicente-perez-per-la-carrera-dema-al-gp-catalunya\/#primaryimage","url":"http:\/\/esponsorama.ad\/wp-content\/uploads\/2017\/06\/07Montmelo17M3-3019.jpg","contentUrl":"http:\/\/esponsorama.ad\/wp-content\/uploads\/2017\/06\/07Montmelo17M3-3019.jpg","width":4172,"height":2781},{"@type":"BreadcrumbList","@id":"http:\/\/esponsorama.ad\/ca\/bon-treball-vicente-perez-per-la-carrera-dema-al-gp-catalunya\/#breadcrumb","itemListElement":[{"@type":"ListItem","position":1,"name":"Home","item":"http:\/\/esponsorama.ad\/es\/"},{"@type":"ListItem","position":2,"name":"Bon treball de Vicente P\u00e9rez per a la carrera de dem\u00e0 al GP de Catalunya"}]},{"@type":"WebSite","@id":"http:\/\/esponsorama.ad\/es\/#website","url":"http:\/\/esponsorama.ad\/es\/","name":"Esponsorama","description":"Specialist in motorsport sponsorship and event promotions","potentialAction":[{"@type":"SearchAction","target":{"@type":"EntryPoint","urlTemplate":"http:\/\/esponsorama.ad\/es\/?s={search_term_string}"},"query-input":{"@type":"PropertyValueSpecification","valueRequired":true,"valueName":"search_term_string"}}],"inLanguage":"en-GB"},{"@type":"Person","@id":"http:\/\/esponsorama.ad\/es\/#\/schema\/person\/a5cde74945183d737066e46b61c6f9c4","name":"Xavi Andornet","image":{"@type":"ImageObject","inLanguage":"en-GB","@id":"http:\/\/esponsorama.ad\/es\/#\/schema\/person\/image\/","url":"https:\/\/secure.gravatar.com\/avatar\/f10eaf9ad601244a2357c9fd7cd9805ed166cfaaf76d5d9ab08a9d873e70147a?s=96&d=mm&r=g","contentUrl":"https:\/\/secure.gravatar.com\/avatar\/f10eaf9ad601244a2357c9fd7cd9805ed166cfaaf76d5d9ab08a9d873e70147a?s=96&d=mm&r=g","caption":"Xavi Andornet"},"sameAs":["http:\/\/www.andornet.ad"],"url":"http:\/\/esponsorama.ad\/en\/author\/andornet\/"}]}},"_links":{"self":[{"href":"http:\/\/esponsorama.ad\/en\/wp-json\/wp\/v2\/posts\/4004","targetHints":{"allow":["GET"]}}],"collection":[{"href":"http:\/\/esponsorama.ad\/en\/wp-json\/wp\/v2\/posts"}],"about":[{"href":"http:\/\/esponsorama.ad\/en\/wp-json\/wp\/v2\/types\/post"}],"author":[{"embeddable":true,"href":"http:\/\/esponsorama.ad\/en\/wp-json\/wp\/v2\/users\/6"}],"replies":[{"embeddable":true,"href":"http:\/\/esponsorama.ad\/en\/wp-json\/wp\/v2\/comments?post=4004"}],"version-history":[{"count":0,"href":"http:\/\/esponsorama.ad\/en\/wp-json\/wp\/v2\/posts\/4004\/revisions"}],"wp:featuredmedia":[{"embeddable":true,"href":"http:\/\/esponsorama.ad\/en\/wp-json\/wp\/v2\/media\/3950"}],"wp:attachment":[{"href":"http:\/\/esponsorama.ad\/en\/wp-json\/wp\/v2\/media?parent=4004"}],"wp:term":[{"taxonomy":"category","embeddable":true,"href":"http:\/\/esponsorama.ad\/en\/wp-json\/wp\/v2\/categories?post=4004"},{"taxonomy":"post_tag","embeddable":true,"href":"http:\/\/esponsorama.ad\/en\/wp-json\/wp\/v2\/tags?post=4004"}],"curies":[{"name":"wp","href":"https:\/\/api.w.org\/{rel}","templated":true}]}}