{"id":6185,"date":"2017-09-23T16:28:36","date_gmt":"2017-09-23T14:28:36","guid":{"rendered":"http:\/\/esponsorama.ad\/?p=6185"},"modified":"2017-09-23T16:28:36","modified_gmt":"2017-09-23T14:28:36","slug":"reale%e2%80%8b-%e2%80%8bavintia%e2%80%8b-%e2%80%8bacademy%e2%80%8b-%e2%80%8bconfirma%e2%80%8b-%e2%80%8ba%e2%80%8b-%e2%80%8bandreas%e2%80%8b-%e2%80%8bperez%e2%80%8b-%e2%80%8ben%e2%80%8b-%e2%80%8bmoto-2","status":"publish","type":"post","link":"http:\/\/esponsorama.ad\/ca\/reale%e2%80%8b-%e2%80%8bavintia%e2%80%8b-%e2%80%8bacademy%e2%80%8b-%e2%80%8bconfirma%e2%80%8b-%e2%80%8ba%e2%80%8b-%e2%80%8bandreas%e2%80%8b-%e2%80%8bperez%e2%80%8b-%e2%80%8ben%e2%80%8b-%e2%80%8bmoto-2\/","title":{"rendered":"Reale Avintia Academy confirma a Andreas P\u00e9rez a Moto3 del FIM CEV per a la temporada\u200b \u200b2018"},"content":{"rendered":"<div class=\"column\">\n<p>Reale Avintia Academy renova contracte amb Andreas P\u00e9rez i el puja de categoria per participar en el FIM CEV de Moto3.<br \/>\nAmb motiu del Gran Premi d&#8217;Arag\u00f3 de MotoGP, l&#8217;estructura Esponsorama ha volgut comptar amb l&#8217;equip Junior per anunciar les seves novetats de cara a la temporada 2018. El primer pilot a confirmar la seva participaci\u00f3 en la &#8220;Academy&#8221; ha estat Andreas P\u00e9rez, que actualment es troba set\u00e8 en l&#8217;European Talent Cup. El pilot catal\u00e0 porta un progr\u00e9s molt bo i aix\u00f2 s&#8217;ha vist reflectit en diverses curses de la Copa; ha guanyat en dues ocasions (Albacete i Jerez) i aconseguit un segon lloc al Circuit de Catalunya.<\/p>\n<p>El CEO d&#8217;Esponsorama, Ra\u00fal Romero, est\u00e0 molt content amb la renovaci\u00f3 d&#8217;Andreas i vol enfortir tota la formaci\u00f3 junior per potenciar l&#8217;evoluci\u00f3 dels joves talents.<\/p>\n<p>Per 2018 tamb\u00e9 hi ha un altre pilot a punt de signar contracte amb Reale Avintia Academy i aix\u00ed, passaria a ser company d&#8217;Andreas P\u00e9rez. A m\u00e9s de Moto3, es vol continuar amb la competici\u00f3 en l&#8217;European Talent Cup i es barregen diverses possibilitats de pilots.<\/p>\n\n<p>Estic molt content amb aquesta not\u00edcia del meu canvi al FIM CEV en Moto3 perqu\u00e8 \u00e9s un categoria de la qual s&#8217;apr\u00e8n molt de cara al futur, per\u00f2 alhora nervi\u00f3s perqu\u00e8 hi ha molta igualtat i el nivell \u00e9s bastant alt. Aquest any est\u00e0 sent una experi\u00e8ncia incre\u00efble en l&#8217;equip perqu\u00e8 m&#8217;han recolzat molt en tots els aspectes i aix\u00f2 \u00e9s per agrair sempre. Espero en 2018 assolir els objectius que ens marcat.\u201d<\/p>\n\n<p>&#8220;Amb Andreas ja ten\u00edem aquest any un projecte iniciat per llarg termini. Gr\u00e0cies als seus resultats i el seu treball, estem encantats de seguir en aquest proc\u00e9s, amb el seu salt al FIM CEV de Moto3. Reale Avintia Academy fa una posada molt forta per als propers anys amb Andreas. Estem parlant amb altres pilots per tancar un conjunt potent de Moto3 i seguir tamb\u00e9 amb l&#8217;estructura en l&#8217;European Talent Cup.\u201d<\/p>\n<p>&nbsp;<\/p>\n<\/div>\n","protected":false},"excerpt":{"rendered":"<p>Reale Avintia Academy renova contracte amb Andreas P\u00e9rez i el puja de categoria per participar en el FIM CEV de Moto3. Amb motiu del Gran Premi d&#8217;Arag\u00f3 de MotoGP, l&#8217;estructura Esponsorama ha volgut comptar amb l&#8217;equip Junior per anunciar les seves novetats de cara a la temporada 2018. El primer pilot a confirmar la seva [&hellip;]<\/p>\n","protected":false},"author":6,"featured_media":6178,"comment_status":"closed","ping_status":"closed","sticky":false,"template":"","format":"standard","meta":{"footnotes":""},"categories":[10],"tags":[],"class_list":["post-6185","post","type-post","status-publish","format-standard","has-post-thumbnail","hentry"],"yoast_head":"<!-- This site is optimized with the Yoast SEO plugin v27.1.1 - https:\/\/yoast.com\/product\/yoast-seo-wordpress\/ -->\n<title>Reale Avintia Academy confirma a Andreas P\u00e9rez a Moto3 del FIM CEV per a la temporada\u200b \u200b2018 - Esponsorama<\/title>\n<meta name=\"robots\" content=\"index, follow, max-snippet:-1, max-image-preview:large, max-video-preview:-1\" \/>\n<link rel=\"canonical\" href=\"http:\/\/esponsorama.ad\/ca\/reale\u200b-\u200bavintia\u200b-\u200bacademy\u200b-\u200bconfirma\u200b-\u200ba\u200b-\u200bandreas\u200b-\u200bperez\u200b-\u200ben\u200b-\u200bmoto-2\/\" \/>\n<meta property=\"og:locale\" content=\"en_GB\" \/>\n<meta property=\"og:type\" content=\"article\" \/>\n<meta property=\"og:title\" content=\"Reale Avintia Academy confirma a Andreas P\u00e9rez a Moto3 del FIM CEV per a la temporada\u200b \u200b2018 - Esponsorama\" \/>\n<meta property=\"og:description\" content=\"Reale Avintia Academy renova contracte amb Andreas P\u00e9rez i el puja de categoria per participar en el FIM CEV de Moto3. Amb motiu del Gran Premi d&#8217;Arag\u00f3 de MotoGP, l&#8217;estructura Esponsorama ha volgut comptar amb l&#8217;equip Junior per anunciar les seves novetats de cara a la temporada 2018. El primer pilot a confirmar la seva [&hellip;]\" \/>\n<meta property=\"og:url\" content=\"http:\/\/esponsorama.ad\/ca\/reale\u200b-\u200bavintia\u200b-\u200bacademy\u200b-\u200bconfirma\u200b-\u200ba\u200b-\u200bandreas\u200b-\u200bperez\u200b-\u200ben\u200b-\u200bmoto-2\/\" \/>\n<meta property=\"og:site_name\" content=\"Esponsorama\" \/>\n<meta property=\"article:published_time\" content=\"2017-09-23T14:28:36+00:00\" \/>\n<meta property=\"og:image\" content=\"http:\/\/esponsorama.ad\/wp-content\/uploads\/2017\/09\/14Aragon17ESPONSORAMA_CEV-0833-1024x683.jpg\" \/>\n\t<meta property=\"og:image:width\" content=\"1024\" \/>\n\t<meta property=\"og:image:height\" content=\"683\" \/>\n\t<meta property=\"og:image:type\" content=\"image\/jpeg\" \/>\n<meta name=\"author\" content=\"Xavi Andornet\" \/>\n<meta name=\"twitter:card\" content=\"summary_large_image\" \/>\n<meta name=\"twitter:label1\" content=\"Written by\" \/>\n\t<meta name=\"twitter:data1\" content=\"Xavi Andornet\" \/>\n\t<meta name=\"twitter:label2\" content=\"Estimated reading time\" \/>\n\t<meta name=\"twitter:data2\" content=\"2 minutes\" \/>\n<script type=\"application\/ld+json\" class=\"yoast-schema-graph\">{\"@context\":\"https:\/\/schema.org\",\"@graph\":[{\"@type\":\"Article\",\"@id\":\"http:\/\/esponsorama.ad\/ca\/reale%e2%80%8b-%e2%80%8bavintia%e2%80%8b-%e2%80%8bacademy%e2%80%8b-%e2%80%8bconfirma%e2%80%8b-%e2%80%8ba%e2%80%8b-%e2%80%8bandreas%e2%80%8b-%e2%80%8bperez%e2%80%8b-%e2%80%8ben%e2%80%8b-%e2%80%8bmoto-2\/#article\",\"isPartOf\":{\"@id\":\"http:\/\/esponsorama.ad\/ca\/reale%e2%80%8b-%e2%80%8bavintia%e2%80%8b-%e2%80%8bacademy%e2%80%8b-%e2%80%8bconfirma%e2%80%8b-%e2%80%8ba%e2%80%8b-%e2%80%8bandreas%e2%80%8b-%e2%80%8bperez%e2%80%8b-%e2%80%8ben%e2%80%8b-%e2%80%8bmoto-2\/\"},\"author\":{\"name\":\"Xavi Andornet\",\"@id\":\"http:\/\/esponsorama.ad\/es\/#\/schema\/person\/a5cde74945183d737066e46b61c6f9c4\"},\"headline\":\"Reale Avintia Academy confirma a Andreas P\u00e9rez a Moto3 del FIM CEV per a la temporada\u200b \u200b2018\",\"datePublished\":\"2017-09-23T14:28:36+00:00\",\"mainEntityOfPage\":{\"@id\":\"http:\/\/esponsorama.ad\/ca\/reale%e2%80%8b-%e2%80%8bavintia%e2%80%8b-%e2%80%8bacademy%e2%80%8b-%e2%80%8bconfirma%e2%80%8b-%e2%80%8ba%e2%80%8b-%e2%80%8bandreas%e2%80%8b-%e2%80%8bperez%e2%80%8b-%e2%80%8ben%e2%80%8b-%e2%80%8bmoto-2\/\"},\"wordCount\":359,\"image\":{\"@id\":\"http:\/\/esponsorama.ad\/ca\/reale%e2%80%8b-%e2%80%8bavintia%e2%80%8b-%e2%80%8bacademy%e2%80%8b-%e2%80%8bconfirma%e2%80%8b-%e2%80%8ba%e2%80%8b-%e2%80%8bandreas%e2%80%8b-%e2%80%8bperez%e2%80%8b-%e2%80%8ben%e2%80%8b-%e2%80%8bmoto-2\/#primaryimage\"},\"thumbnailUrl\":\"http:\/\/esponsorama.ad\/wp-content\/uploads\/2017\/09\/14Aragon17ESPONSORAMA_CEV-0833.jpg\",\"articleSection\":[\"\"],\"inLanguage\":\"en-GB\"},{\"@type\":\"WebPage\",\"@id\":\"http:\/\/esponsorama.ad\/ca\/reale%e2%80%8b-%e2%80%8bavintia%e2%80%8b-%e2%80%8bacademy%e2%80%8b-%e2%80%8bconfirma%e2%80%8b-%e2%80%8ba%e2%80%8b-%e2%80%8bandreas%e2%80%8b-%e2%80%8bperez%e2%80%8b-%e2%80%8ben%e2%80%8b-%e2%80%8bmoto-2\/\",\"url\":\"http:\/\/esponsorama.ad\/ca\/reale%e2%80%8b-%e2%80%8bavintia%e2%80%8b-%e2%80%8bacademy%e2%80%8b-%e2%80%8bconfirma%e2%80%8b-%e2%80%8ba%e2%80%8b-%e2%80%8bandreas%e2%80%8b-%e2%80%8bperez%e2%80%8b-%e2%80%8ben%e2%80%8b-%e2%80%8bmoto-2\/\",\"name\":\"Reale Avintia Academy confirma a Andreas P\u00e9rez a Moto3 del FIM CEV per a la temporada\u200b \u200b2018 - Esponsorama\",\"isPartOf\":{\"@id\":\"http:\/\/esponsorama.ad\/es\/#website\"},\"primaryImageOfPage\":{\"@id\":\"http:\/\/esponsorama.ad\/ca\/reale%e2%80%8b-%e2%80%8bavintia%e2%80%8b-%e2%80%8bacademy%e2%80%8b-%e2%80%8bconfirma%e2%80%8b-%e2%80%8ba%e2%80%8b-%e2%80%8bandreas%e2%80%8b-%e2%80%8bperez%e2%80%8b-%e2%80%8ben%e2%80%8b-%e2%80%8bmoto-2\/#primaryimage\"},\"image\":{\"@id\":\"http:\/\/esponsorama.ad\/ca\/reale%e2%80%8b-%e2%80%8bavintia%e2%80%8b-%e2%80%8bacademy%e2%80%8b-%e2%80%8bconfirma%e2%80%8b-%e2%80%8ba%e2%80%8b-%e2%80%8bandreas%e2%80%8b-%e2%80%8bperez%e2%80%8b-%e2%80%8ben%e2%80%8b-%e2%80%8bmoto-2\/#primaryimage\"},\"thumbnailUrl\":\"http:\/\/esponsorama.ad\/wp-content\/uploads\/2017\/09\/14Aragon17ESPONSORAMA_CEV-0833.jpg\",\"datePublished\":\"2017-09-23T14:28:36+00:00\",\"author\":{\"@id\":\"http:\/\/esponsorama.ad\/es\/#\/schema\/person\/a5cde74945183d737066e46b61c6f9c4\"},\"breadcrumb\":{\"@id\":\"http:\/\/esponsorama.ad\/ca\/reale%e2%80%8b-%e2%80%8bavintia%e2%80%8b-%e2%80%8bacademy%e2%80%8b-%e2%80%8bconfirma%e2%80%8b-%e2%80%8ba%e2%80%8b-%e2%80%8bandreas%e2%80%8b-%e2%80%8bperez%e2%80%8b-%e2%80%8ben%e2%80%8b-%e2%80%8bmoto-2\/#breadcrumb\"},\"inLanguage\":\"en-GB\",\"potentialAction\":[{\"@type\":\"ReadAction\",\"target\":[\"http:\/\/esponsorama.ad\/ca\/reale%e2%80%8b-%e2%80%8bavintia%e2%80%8b-%e2%80%8bacademy%e2%80%8b-%e2%80%8bconfirma%e2%80%8b-%e2%80%8ba%e2%80%8b-%e2%80%8bandreas%e2%80%8b-%e2%80%8bperez%e2%80%8b-%e2%80%8ben%e2%80%8b-%e2%80%8bmoto-2\/\"]}]},{\"@type\":\"ImageObject\",\"inLanguage\":\"en-GB\",\"@id\":\"http:\/\/esponsorama.ad\/ca\/reale%e2%80%8b-%e2%80%8bavintia%e2%80%8b-%e2%80%8bacademy%e2%80%8b-%e2%80%8bconfirma%e2%80%8b-%e2%80%8ba%e2%80%8b-%e2%80%8bandreas%e2%80%8b-%e2%80%8bperez%e2%80%8b-%e2%80%8ben%e2%80%8b-%e2%80%8bmoto-2\/#primaryimage\",\"url\":\"http:\/\/esponsorama.ad\/wp-content\/uploads\/2017\/09\/14Aragon17ESPONSORAMA_CEV-0833.jpg\",\"contentUrl\":\"http:\/\/esponsorama.ad\/wp-content\/uploads\/2017\/09\/14Aragon17ESPONSORAMA_CEV-0833.jpg\",\"width\":4730,\"height\":3153},{\"@type\":\"BreadcrumbList\",\"@id\":\"http:\/\/esponsorama.ad\/ca\/reale%e2%80%8b-%e2%80%8bavintia%e2%80%8b-%e2%80%8bacademy%e2%80%8b-%e2%80%8bconfirma%e2%80%8b-%e2%80%8ba%e2%80%8b-%e2%80%8bandreas%e2%80%8b-%e2%80%8bperez%e2%80%8b-%e2%80%8ben%e2%80%8b-%e2%80%8bmoto-2\/#breadcrumb\",\"itemListElement\":[{\"@type\":\"ListItem\",\"position\":1,\"name\":\"Home\",\"item\":\"http:\/\/esponsorama.ad\/ca\/\"},{\"@type\":\"ListItem\",\"position\":2,\"name\":\"Reale Avintia Academy confirma a Andreas P\u00e9rez a Moto3 del FIM CEV per a la temporada\u200b \u200b2018\"}]},{\"@type\":\"WebSite\",\"@id\":\"http:\/\/esponsorama.ad\/es\/#website\",\"url\":\"http:\/\/esponsorama.ad\/es\/\",\"name\":\"Esponsorama\",\"description\":\"Specialist in motorsport sponsorship and event promotions\",\"potentialAction\":[{\"@type\":\"SearchAction\",\"target\":{\"@type\":\"EntryPoint\",\"urlTemplate\":\"http:\/\/esponsorama.ad\/es\/?s={search_term_string}\"},\"query-input\":{\"@type\":\"PropertyValueSpecification\",\"valueRequired\":true,\"valueName\":\"search_term_string\"}}],\"inLanguage\":\"en-GB\"},{\"@type\":\"Person\",\"@id\":\"http:\/\/esponsorama.ad\/es\/#\/schema\/person\/a5cde74945183d737066e46b61c6f9c4\",\"name\":\"Xavi Andornet\",\"image\":{\"@type\":\"ImageObject\",\"inLanguage\":\"en-GB\",\"@id\":\"http:\/\/esponsorama.ad\/es\/#\/schema\/person\/image\/\",\"url\":\"https:\/\/secure.gravatar.com\/avatar\/f10eaf9ad601244a2357c9fd7cd9805ed166cfaaf76d5d9ab08a9d873e70147a?s=96&d=mm&r=g\",\"contentUrl\":\"https:\/\/secure.gravatar.com\/avatar\/f10eaf9ad601244a2357c9fd7cd9805ed166cfaaf76d5d9ab08a9d873e70147a?s=96&d=mm&r=g\",\"caption\":\"Xavi Andornet\"},\"sameAs\":[\"http:\/\/www.andornet.ad\"],\"url\":\"http:\/\/esponsorama.ad\/en\/author\/andornet\/\"}]}<\/script>\n<!-- \/ Yoast SEO plugin. -->","yoast_head_json":{"title":"Reale Avintia Academy confirma a Andreas P\u00e9rez a Moto3 del FIM CEV per a la temporada\u200b \u200b2018 - Esponsorama","robots":{"index":"index","follow":"follow","max-snippet":"max-snippet:-1","max-image-preview":"max-image-preview:large","max-video-preview":"max-video-preview:-1"},"canonical":"http:\/\/esponsorama.ad\/ca\/reale\u200b-\u200bavintia\u200b-\u200bacademy\u200b-\u200bconfirma\u200b-\u200ba\u200b-\u200bandreas\u200b-\u200bperez\u200b-\u200ben\u200b-\u200bmoto-2\/","og_locale":"en_GB","og_type":"article","og_title":"Reale Avintia Academy confirma a Andreas P\u00e9rez a Moto3 del FIM CEV per a la temporada\u200b \u200b2018 - Esponsorama","og_description":"Reale Avintia Academy renova contracte amb Andreas P\u00e9rez i el puja de categoria per participar en el FIM CEV de Moto3. Amb motiu del Gran Premi d&#8217;Arag\u00f3 de MotoGP, l&#8217;estructura Esponsorama ha volgut comptar amb l&#8217;equip Junior per anunciar les seves novetats de cara a la temporada 2018. El primer pilot a confirmar la seva [&hellip;]","og_url":"http:\/\/esponsorama.ad\/ca\/reale\u200b-\u200bavintia\u200b-\u200bacademy\u200b-\u200bconfirma\u200b-\u200ba\u200b-\u200bandreas\u200b-\u200bperez\u200b-\u200ben\u200b-\u200bmoto-2\/","og_site_name":"Esponsorama","article_published_time":"2017-09-23T14:28:36+00:00","og_image":[{"width":1024,"height":683,"url":"http:\/\/esponsorama.ad\/wp-content\/uploads\/2017\/09\/14Aragon17ESPONSORAMA_CEV-0833-1024x683.jpg","type":"image\/jpeg"}],"author":"Xavi Andornet","twitter_card":"summary_large_image","twitter_misc":{"Written by":"Xavi Andornet","Estimated reading time":"2 minutes"},"schema":{"@context":"https:\/\/schema.org","@graph":[{"@type":"Article","@id":"http:\/\/esponsorama.ad\/ca\/reale%e2%80%8b-%e2%80%8bavintia%e2%80%8b-%e2%80%8bacademy%e2%80%8b-%e2%80%8bconfirma%e2%80%8b-%e2%80%8ba%e2%80%8b-%e2%80%8bandreas%e2%80%8b-%e2%80%8bperez%e2%80%8b-%e2%80%8ben%e2%80%8b-%e2%80%8bmoto-2\/#article","isPartOf":{"@id":"http:\/\/esponsorama.ad\/ca\/reale%e2%80%8b-%e2%80%8bavintia%e2%80%8b-%e2%80%8bacademy%e2%80%8b-%e2%80%8bconfirma%e2%80%8b-%e2%80%8ba%e2%80%8b-%e2%80%8bandreas%e2%80%8b-%e2%80%8bperez%e2%80%8b-%e2%80%8ben%e2%80%8b-%e2%80%8bmoto-2\/"},"author":{"name":"Xavi Andornet","@id":"http:\/\/esponsorama.ad\/es\/#\/schema\/person\/a5cde74945183d737066e46b61c6f9c4"},"headline":"Reale Avintia Academy confirma a Andreas P\u00e9rez a Moto3 del FIM CEV per a la temporada\u200b \u200b2018","datePublished":"2017-09-23T14:28:36+00:00","mainEntityOfPage":{"@id":"http:\/\/esponsorama.ad\/ca\/reale%e2%80%8b-%e2%80%8bavintia%e2%80%8b-%e2%80%8bacademy%e2%80%8b-%e2%80%8bconfirma%e2%80%8b-%e2%80%8ba%e2%80%8b-%e2%80%8bandreas%e2%80%8b-%e2%80%8bperez%e2%80%8b-%e2%80%8ben%e2%80%8b-%e2%80%8bmoto-2\/"},"wordCount":359,"image":{"@id":"http:\/\/esponsorama.ad\/ca\/reale%e2%80%8b-%e2%80%8bavintia%e2%80%8b-%e2%80%8bacademy%e2%80%8b-%e2%80%8bconfirma%e2%80%8b-%e2%80%8ba%e2%80%8b-%e2%80%8bandreas%e2%80%8b-%e2%80%8bperez%e2%80%8b-%e2%80%8ben%e2%80%8b-%e2%80%8bmoto-2\/#primaryimage"},"thumbnailUrl":"http:\/\/esponsorama.ad\/wp-content\/uploads\/2017\/09\/14Aragon17ESPONSORAMA_CEV-0833.jpg","articleSection":[""],"inLanguage":"en-GB"},{"@type":"WebPage","@id":"http:\/\/esponsorama.ad\/ca\/reale%e2%80%8b-%e2%80%8bavintia%e2%80%8b-%e2%80%8bacademy%e2%80%8b-%e2%80%8bconfirma%e2%80%8b-%e2%80%8ba%e2%80%8b-%e2%80%8bandreas%e2%80%8b-%e2%80%8bperez%e2%80%8b-%e2%80%8ben%e2%80%8b-%e2%80%8bmoto-2\/","url":"http:\/\/esponsorama.ad\/ca\/reale%e2%80%8b-%e2%80%8bavintia%e2%80%8b-%e2%80%8bacademy%e2%80%8b-%e2%80%8bconfirma%e2%80%8b-%e2%80%8ba%e2%80%8b-%e2%80%8bandreas%e2%80%8b-%e2%80%8bperez%e2%80%8b-%e2%80%8ben%e2%80%8b-%e2%80%8bmoto-2\/","name":"Reale Avintia Academy confirma a Andreas P\u00e9rez a Moto3 del FIM CEV per a la temporada\u200b \u200b2018 - Esponsorama","isPartOf":{"@id":"http:\/\/esponsorama.ad\/es\/#website"},"primaryImageOfPage":{"@id":"http:\/\/esponsorama.ad\/ca\/reale%e2%80%8b-%e2%80%8bavintia%e2%80%8b-%e2%80%8bacademy%e2%80%8b-%e2%80%8bconfirma%e2%80%8b-%e2%80%8ba%e2%80%8b-%e2%80%8bandreas%e2%80%8b-%e2%80%8bperez%e2%80%8b-%e2%80%8ben%e2%80%8b-%e2%80%8bmoto-2\/#primaryimage"},"image":{"@id":"http:\/\/esponsorama.ad\/ca\/reale%e2%80%8b-%e2%80%8bavintia%e2%80%8b-%e2%80%8bacademy%e2%80%8b-%e2%80%8bconfirma%e2%80%8b-%e2%80%8ba%e2%80%8b-%e2%80%8bandreas%e2%80%8b-%e2%80%8bperez%e2%80%8b-%e2%80%8ben%e2%80%8b-%e2%80%8bmoto-2\/#primaryimage"},"thumbnailUrl":"http:\/\/esponsorama.ad\/wp-content\/uploads\/2017\/09\/14Aragon17ESPONSORAMA_CEV-0833.jpg","datePublished":"2017-09-23T14:28:36+00:00","author":{"@id":"http:\/\/esponsorama.ad\/es\/#\/schema\/person\/a5cde74945183d737066e46b61c6f9c4"},"breadcrumb":{"@id":"http:\/\/esponsorama.ad\/ca\/reale%e2%80%8b-%e2%80%8bavintia%e2%80%8b-%e2%80%8bacademy%e2%80%8b-%e2%80%8bconfirma%e2%80%8b-%e2%80%8ba%e2%80%8b-%e2%80%8bandreas%e2%80%8b-%e2%80%8bperez%e2%80%8b-%e2%80%8ben%e2%80%8b-%e2%80%8bmoto-2\/#breadcrumb"},"inLanguage":"en-GB","potentialAction":[{"@type":"ReadAction","target":["http:\/\/esponsorama.ad\/ca\/reale%e2%80%8b-%e2%80%8bavintia%e2%80%8b-%e2%80%8bacademy%e2%80%8b-%e2%80%8bconfirma%e2%80%8b-%e2%80%8ba%e2%80%8b-%e2%80%8bandreas%e2%80%8b-%e2%80%8bperez%e2%80%8b-%e2%80%8ben%e2%80%8b-%e2%80%8bmoto-2\/"]}]},{"@type":"ImageObject","inLanguage":"en-GB","@id":"http:\/\/esponsorama.ad\/ca\/reale%e2%80%8b-%e2%80%8bavintia%e2%80%8b-%e2%80%8bacademy%e2%80%8b-%e2%80%8bconfirma%e2%80%8b-%e2%80%8ba%e2%80%8b-%e2%80%8bandreas%e2%80%8b-%e2%80%8bperez%e2%80%8b-%e2%80%8ben%e2%80%8b-%e2%80%8bmoto-2\/#primaryimage","url":"http:\/\/esponsorama.ad\/wp-content\/uploads\/2017\/09\/14Aragon17ESPONSORAMA_CEV-0833.jpg","contentUrl":"http:\/\/esponsorama.ad\/wp-content\/uploads\/2017\/09\/14Aragon17ESPONSORAMA_CEV-0833.jpg","width":4730,"height":3153},{"@type":"BreadcrumbList","@id":"http:\/\/esponsorama.ad\/ca\/reale%e2%80%8b-%e2%80%8bavintia%e2%80%8b-%e2%80%8bacademy%e2%80%8b-%e2%80%8bconfirma%e2%80%8b-%e2%80%8ba%e2%80%8b-%e2%80%8bandreas%e2%80%8b-%e2%80%8bperez%e2%80%8b-%e2%80%8ben%e2%80%8b-%e2%80%8bmoto-2\/#breadcrumb","itemListElement":[{"@type":"ListItem","position":1,"name":"Home","item":"http:\/\/esponsorama.ad\/ca\/"},{"@type":"ListItem","position":2,"name":"Reale Avintia Academy confirma a Andreas P\u00e9rez a Moto3 del FIM CEV per a la temporada\u200b \u200b2018"}]},{"@type":"WebSite","@id":"http:\/\/esponsorama.ad\/es\/#website","url":"http:\/\/esponsorama.ad\/es\/","name":"Esponsorama","description":"Specialist in motorsport sponsorship and event promotions","potentialAction":[{"@type":"SearchAction","target":{"@type":"EntryPoint","urlTemplate":"http:\/\/esponsorama.ad\/es\/?s={search_term_string}"},"query-input":{"@type":"PropertyValueSpecification","valueRequired":true,"valueName":"search_term_string"}}],"inLanguage":"en-GB"},{"@type":"Person","@id":"http:\/\/esponsorama.ad\/es\/#\/schema\/person\/a5cde74945183d737066e46b61c6f9c4","name":"Xavi Andornet","image":{"@type":"ImageObject","inLanguage":"en-GB","@id":"http:\/\/esponsorama.ad\/es\/#\/schema\/person\/image\/","url":"https:\/\/secure.gravatar.com\/avatar\/f10eaf9ad601244a2357c9fd7cd9805ed166cfaaf76d5d9ab08a9d873e70147a?s=96&d=mm&r=g","contentUrl":"https:\/\/secure.gravatar.com\/avatar\/f10eaf9ad601244a2357c9fd7cd9805ed166cfaaf76d5d9ab08a9d873e70147a?s=96&d=mm&r=g","caption":"Xavi Andornet"},"sameAs":["http:\/\/www.andornet.ad"],"url":"http:\/\/esponsorama.ad\/en\/author\/andornet\/"}]}},"_links":{"self":[{"href":"http:\/\/esponsorama.ad\/en\/wp-json\/wp\/v2\/posts\/6185","targetHints":{"allow":["GET"]}}],"collection":[{"href":"http:\/\/esponsorama.ad\/en\/wp-json\/wp\/v2\/posts"}],"about":[{"href":"http:\/\/esponsorama.ad\/en\/wp-json\/wp\/v2\/types\/post"}],"author":[{"embeddable":true,"href":"http:\/\/esponsorama.ad\/en\/wp-json\/wp\/v2\/users\/6"}],"replies":[{"embeddable":true,"href":"http:\/\/esponsorama.ad\/en\/wp-json\/wp\/v2\/comments?post=6185"}],"version-history":[{"count":0,"href":"http:\/\/esponsorama.ad\/en\/wp-json\/wp\/v2\/posts\/6185\/revisions"}],"wp:featuredmedia":[{"embeddable":true,"href":"http:\/\/esponsorama.ad\/en\/wp-json\/wp\/v2\/media\/6178"}],"wp:attachment":[{"href":"http:\/\/esponsorama.ad\/en\/wp-json\/wp\/v2\/media?parent=6185"}],"wp:term":[{"taxonomy":"category","embeddable":true,"href":"http:\/\/esponsorama.ad\/en\/wp-json\/wp\/v2\/categories?post=6185"},{"taxonomy":"post_tag","embeddable":true,"href":"http:\/\/esponsorama.ad\/en\/wp-json\/wp\/v2\/tags?post=6185"}],"curies":[{"name":"wp","href":"https:\/\/api.w.org\/{rel}","templated":true}]}}