{"id":8680,"date":"2018-03-26T18:00:52","date_gmt":"2018-03-26T16:00:52","guid":{"rendered":"http:\/\/esponsorama.ad\/?p=8680"},"modified":"2018-03-26T18:00:52","modified_gmt":"2018-03-26T16:00:52","slug":"reale-avintia-academy-consigue-barry-baltus-la-pole-la-european-talent-cup-estoril","status":"publish","type":"post","link":"http:\/\/esponsorama.ad\/ca\/reale-avintia-academy-consigue-barry-baltus-la-pole-la-european-talent-cup-estoril\/","title":{"rendered":"Reale Avintia Academy aconsegueix amb Barry Baltus, la pole a l&#8217;European Talent Cup"},"content":{"rendered":"<div class=\"column\">\n<p>Reale Avintia Academy s&#8217;estrena amb magnific\u00e8ncia a Estoril, aconseguint la pole en la Europen Talent Cup de la m\u00e0 del Belga Barry Baltus; amb un crono de 1&#8217;52.401. Barry, que des de l&#8217;arrencada de cap de setmana a la cita d&#8217;Estoril, s&#8217;ha sentit c\u00f2mode amb la moto, dem\u00e0 t\u00e9 moltes opcions d&#8217;endur alguna vict\u00f2ria.<\/p>\n<p>Tamb\u00e9 l&#8217;equip ha viscut la cara de la mala sort amb les caigudes d&#8217;Andreas P\u00e9rez i Adri\u00e1n Hortes. Andreas es va lesionar en els entrenaments de divendres amb un trencament de la clav\u00edcula esquerra. Per la seva banda, Adri\u00e1n Huertas, que estava destacant en els cronos de l&#8217;European Talent Cup, s&#8217;ha trencat el c\u00fabit i r\u00e0dio. Tots dos lamenten no poder continuar a la cita d&#8217;Estoril per\u00f2 esperen estar al 100% en la seg\u00fcent prova, que ser\u00e0 a Val\u00e8ncia els propers 28 i 29 d&#8217;abril.<\/p>\n<p>En Moto3 el millor classificat ha estat el valenci\u00e0 Vicente P\u00e9rez, que amb un des\u00e8 lloc a la graella de sortida, sap que dem\u00e0 podr\u00e0 aconseguir un gran resultat en carrera.<br \/>\nAndrea Cavaliere sortir\u00e0 dem\u00e0 des de l&#8217;onzena l\u00ednia en la graella de sortida (P32), despr\u00e9s d&#8217;aconseguir un temps de 1&#8217;50.687. L&#8217;itali\u00e0 no ha aconseguit optar pels llocs que esperava, per\u00f2 dem\u00e0 lluitar\u00e0 per recuperar i fer un bon resultat.<\/p>\n<p>En l&#8217;European Talent Cup tamb\u00e9 ha fet un treball excepcional Carlos Tatay, que amb un temps molt bo (1&#8217;52.611) dem\u00e0 arrencar\u00e0 tercer en carrera. El pilot est\u00e0 molt fort i el diumenge donar\u00e0 espectacle a tots.<\/p>\n<p>L&#8217;alemany Nicolas Czyba ha necessitat un pas m\u00e9s en els cronos d&#8217;avui. Amb un temps de 1&#8217;56.447, el pilot s&#8217;ha hagut de conformar amb la P30. Iker Garc\u00eda, tamb\u00e9 ha necessitat estar m\u00e9s centrat i c\u00f2mode; el pilot s&#8217;ha classificat en la P43, amb un temps de 1&#8217;57.378.<\/p>\n<div class=\"column\">\n\n<p>&#8220;Estic molt feli\u00e7 d&#8217;estar a la pole perqu\u00e8 ja en la primera cursa de l&#8217;European Talent Cup aconseguir estar al cap \u00e9s una gran fita. Gr\u00e0cies a tots perqu\u00e8 la moto est\u00e0 perfecta. Confio molt en fer una bona cursa dem\u00e0. Vull agrair tamb\u00e9 a Zeros perqu\u00e8 gr\u00e0cies al seu treball, jo puc ser aqu\u00ed.&#8221;<\/p>\n<\/div>\n\n<p>&#8220;Ha estat un dia for\u00e7a productiu per a nosaltres, hem comen\u00e7at amb bon ritme des de l&#8217;inici. El primer crono ha estat for\u00e7a complicat, tot i que an\u00e0vem amb pneum\u00e0tics de pluja, per\u00f2 estava molt mullada la pista; havien molts pegats. En els segons les condicions eren gaireb\u00e9 perfectes; hem tirat fort amb la goma nova i classificar-nos en primera l\u00ednia de graella (3r) est\u00e0 molt b\u00e9 per ser l&#8217;arrencada de campionat.&#8221;<\/p>\n\n<p>&#8220;Ha estat b\u00e9 l&#8217;entrenament d&#8217;avui perqu\u00e8 hem tingut ritme, per\u00f2 ens ha faltat la volta r\u00e0pida. Dem\u00e0 segur que tindrem una carrera molt lluitada i podrem optar per la vict\u00f2ria. Al meu entendre, tenim un dels ritmes m\u00e9s forts de la graella.&#8221;<\/p>\n<p>&nbsp;<\/p>\n<\/div>\n","protected":false},"excerpt":{"rendered":"<p>Reale Avintia Academy s&#8217;estrena amb magnific\u00e8ncia a Estoril, aconseguint la pole en la Europen Talent Cup de la m\u00e0 del Belga Barry Baltus; amb un crono de 1&#8217;52.401. Barry, que des de l&#8217;arrencada de cap de setmana a la cita d&#8217;Estoril, s&#8217;ha sentit c\u00f2mode amb la moto, dem\u00e0 t\u00e9 moltes opcions d&#8217;endur alguna vict\u00f2ria. Tamb\u00e9 [&hellip;]<\/p>\n","protected":false},"author":6,"featured_media":8678,"comment_status":"closed","ping_status":"closed","sticky":false,"template":"","format":"standard","meta":{"footnotes":""},"categories":[10],"tags":[],"class_list":["post-8680","post","type-post","status-publish","format-standard","has-post-thumbnail","hentry"],"yoast_head":"<!-- This site is optimized with the Yoast SEO plugin v27.1.1 - https:\/\/yoast.com\/product\/yoast-seo-wordpress\/ -->\n<title>Reale Avintia Academy aconsegueix amb Barry Baltus, la pole a l&#039;European Talent Cup - Esponsorama<\/title>\n<meta name=\"robots\" content=\"index, follow, max-snippet:-1, max-image-preview:large, max-video-preview:-1\" \/>\n<link rel=\"canonical\" href=\"http:\/\/esponsorama.ad\/ca\/reale-avintia-academy-consigue-barry-baltus-la-pole-la-european-talent-cup-estoril\/\" \/>\n<meta property=\"og:locale\" content=\"en_GB\" \/>\n<meta property=\"og:type\" content=\"article\" \/>\n<meta property=\"og:title\" content=\"Reale Avintia Academy aconsegueix amb Barry Baltus, la pole a l&#039;European Talent Cup - Esponsorama\" \/>\n<meta property=\"og:description\" content=\"Reale Avintia Academy s&#8217;estrena amb magnific\u00e8ncia a Estoril, aconseguint la pole en la Europen Talent Cup de la m\u00e0 del Belga Barry Baltus; amb un crono de 1&#8217;52.401. Barry, que des de l&#8217;arrencada de cap de setmana a la cita d&#8217;Estoril, s&#8217;ha sentit c\u00f2mode amb la moto, dem\u00e0 t\u00e9 moltes opcions d&#8217;endur alguna vict\u00f2ria. Tamb\u00e9 [&hellip;]\" \/>\n<meta property=\"og:url\" content=\"http:\/\/esponsorama.ad\/ca\/reale-avintia-academy-consigue-barry-baltus-la-pole-la-european-talent-cup-estoril\/\" \/>\n<meta property=\"og:site_name\" content=\"Esponsorama\" \/>\n<meta property=\"article:published_time\" content=\"2018-03-26T16:00:52+00:00\" \/>\n<meta property=\"og:image\" content=\"http:\/\/esponsorama.ad\/wp-content\/uploads\/2018\/03\/barry-1024x824.jpg\" \/>\n\t<meta property=\"og:image:width\" content=\"1024\" \/>\n\t<meta property=\"og:image:height\" content=\"824\" \/>\n\t<meta property=\"og:image:type\" content=\"image\/jpeg\" \/>\n<meta name=\"author\" content=\"Xavi Andornet\" \/>\n<meta name=\"twitter:card\" content=\"summary_large_image\" \/>\n<meta name=\"twitter:label1\" content=\"Written by\" \/>\n\t<meta name=\"twitter:data1\" content=\"Xavi Andornet\" \/>\n\t<meta name=\"twitter:label2\" content=\"Estimated reading time\" \/>\n\t<meta name=\"twitter:data2\" content=\"3 minutes\" \/>\n<script type=\"application\/ld+json\" class=\"yoast-schema-graph\">{\"@context\":\"https:\/\/schema.org\",\"@graph\":[{\"@type\":\"Article\",\"@id\":\"http:\/\/esponsorama.ad\/ca\/reale-avintia-academy-consigue-barry-baltus-la-pole-la-european-talent-cup-estoril\/#article\",\"isPartOf\":{\"@id\":\"http:\/\/esponsorama.ad\/ca\/reale-avintia-academy-consigue-barry-baltus-la-pole-la-european-talent-cup-estoril\/\"},\"author\":{\"name\":\"Xavi Andornet\",\"@id\":\"http:\/\/esponsorama.ad\/es\/#\/schema\/person\/a5cde74945183d737066e46b61c6f9c4\"},\"headline\":\"Reale Avintia Academy aconsegueix amb Barry Baltus, la pole a l&#8217;European Talent Cup\",\"datePublished\":\"2018-03-26T16:00:52+00:00\",\"mainEntityOfPage\":{\"@id\":\"http:\/\/esponsorama.ad\/ca\/reale-avintia-academy-consigue-barry-baltus-la-pole-la-european-talent-cup-estoril\/\"},\"wordCount\":517,\"image\":{\"@id\":\"http:\/\/esponsorama.ad\/ca\/reale-avintia-academy-consigue-barry-baltus-la-pole-la-european-talent-cup-estoril\/#primaryimage\"},\"thumbnailUrl\":\"http:\/\/esponsorama.ad\/wp-content\/uploads\/2018\/03\/barry.jpg\",\"articleSection\":[\"\"],\"inLanguage\":\"en-GB\"},{\"@type\":\"WebPage\",\"@id\":\"http:\/\/esponsorama.ad\/ca\/reale-avintia-academy-consigue-barry-baltus-la-pole-la-european-talent-cup-estoril\/\",\"url\":\"http:\/\/esponsorama.ad\/ca\/reale-avintia-academy-consigue-barry-baltus-la-pole-la-european-talent-cup-estoril\/\",\"name\":\"Reale Avintia Academy aconsegueix amb Barry Baltus, la pole a l'European Talent Cup - Esponsorama\",\"isPartOf\":{\"@id\":\"http:\/\/esponsorama.ad\/es\/#website\"},\"primaryImageOfPage\":{\"@id\":\"http:\/\/esponsorama.ad\/ca\/reale-avintia-academy-consigue-barry-baltus-la-pole-la-european-talent-cup-estoril\/#primaryimage\"},\"image\":{\"@id\":\"http:\/\/esponsorama.ad\/ca\/reale-avintia-academy-consigue-barry-baltus-la-pole-la-european-talent-cup-estoril\/#primaryimage\"},\"thumbnailUrl\":\"http:\/\/esponsorama.ad\/wp-content\/uploads\/2018\/03\/barry.jpg\",\"datePublished\":\"2018-03-26T16:00:52+00:00\",\"author\":{\"@id\":\"http:\/\/esponsorama.ad\/es\/#\/schema\/person\/a5cde74945183d737066e46b61c6f9c4\"},\"breadcrumb\":{\"@id\":\"http:\/\/esponsorama.ad\/ca\/reale-avintia-academy-consigue-barry-baltus-la-pole-la-european-talent-cup-estoril\/#breadcrumb\"},\"inLanguage\":\"en-GB\",\"potentialAction\":[{\"@type\":\"ReadAction\",\"target\":[\"http:\/\/esponsorama.ad\/ca\/reale-avintia-academy-consigue-barry-baltus-la-pole-la-european-talent-cup-estoril\/\"]}]},{\"@type\":\"ImageObject\",\"inLanguage\":\"en-GB\",\"@id\":\"http:\/\/esponsorama.ad\/ca\/reale-avintia-academy-consigue-barry-baltus-la-pole-la-european-talent-cup-estoril\/#primaryimage\",\"url\":\"http:\/\/esponsorama.ad\/wp-content\/uploads\/2018\/03\/barry.jpg\",\"contentUrl\":\"http:\/\/esponsorama.ad\/wp-content\/uploads\/2018\/03\/barry.jpg\",\"width\":2944,\"height\":2368},{\"@type\":\"BreadcrumbList\",\"@id\":\"http:\/\/esponsorama.ad\/ca\/reale-avintia-academy-consigue-barry-baltus-la-pole-la-european-talent-cup-estoril\/#breadcrumb\",\"itemListElement\":[{\"@type\":\"ListItem\",\"position\":1,\"name\":\"Home\",\"item\":\"http:\/\/esponsorama.ad\/ca\/\"},{\"@type\":\"ListItem\",\"position\":2,\"name\":\"Reale Avintia Academy aconsegueix amb Barry Baltus, la pole a l&#8217;European Talent Cup\"}]},{\"@type\":\"WebSite\",\"@id\":\"http:\/\/esponsorama.ad\/es\/#website\",\"url\":\"http:\/\/esponsorama.ad\/es\/\",\"name\":\"Esponsorama\",\"description\":\"Specialist in motorsport sponsorship and event promotions\",\"potentialAction\":[{\"@type\":\"SearchAction\",\"target\":{\"@type\":\"EntryPoint\",\"urlTemplate\":\"http:\/\/esponsorama.ad\/es\/?s={search_term_string}\"},\"query-input\":{\"@type\":\"PropertyValueSpecification\",\"valueRequired\":true,\"valueName\":\"search_term_string\"}}],\"inLanguage\":\"en-GB\"},{\"@type\":\"Person\",\"@id\":\"http:\/\/esponsorama.ad\/es\/#\/schema\/person\/a5cde74945183d737066e46b61c6f9c4\",\"name\":\"Xavi Andornet\",\"image\":{\"@type\":\"ImageObject\",\"inLanguage\":\"en-GB\",\"@id\":\"http:\/\/esponsorama.ad\/es\/#\/schema\/person\/image\/\",\"url\":\"https:\/\/secure.gravatar.com\/avatar\/f10eaf9ad601244a2357c9fd7cd9805ed166cfaaf76d5d9ab08a9d873e70147a?s=96&d=mm&r=g\",\"contentUrl\":\"https:\/\/secure.gravatar.com\/avatar\/f10eaf9ad601244a2357c9fd7cd9805ed166cfaaf76d5d9ab08a9d873e70147a?s=96&d=mm&r=g\",\"caption\":\"Xavi Andornet\"},\"sameAs\":[\"http:\/\/www.andornet.ad\"],\"url\":\"http:\/\/esponsorama.ad\/en\/author\/andornet\/\"}]}<\/script>\n<!-- \/ Yoast SEO plugin. -->","yoast_head_json":{"title":"Reale Avintia Academy aconsegueix amb Barry Baltus, la pole a l'European Talent Cup - Esponsorama","robots":{"index":"index","follow":"follow","max-snippet":"max-snippet:-1","max-image-preview":"max-image-preview:large","max-video-preview":"max-video-preview:-1"},"canonical":"http:\/\/esponsorama.ad\/ca\/reale-avintia-academy-consigue-barry-baltus-la-pole-la-european-talent-cup-estoril\/","og_locale":"en_GB","og_type":"article","og_title":"Reale Avintia Academy aconsegueix amb Barry Baltus, la pole a l'European Talent Cup - Esponsorama","og_description":"Reale Avintia Academy s&#8217;estrena amb magnific\u00e8ncia a Estoril, aconseguint la pole en la Europen Talent Cup de la m\u00e0 del Belga Barry Baltus; amb un crono de 1&#8217;52.401. Barry, que des de l&#8217;arrencada de cap de setmana a la cita d&#8217;Estoril, s&#8217;ha sentit c\u00f2mode amb la moto, dem\u00e0 t\u00e9 moltes opcions d&#8217;endur alguna vict\u00f2ria. Tamb\u00e9 [&hellip;]","og_url":"http:\/\/esponsorama.ad\/ca\/reale-avintia-academy-consigue-barry-baltus-la-pole-la-european-talent-cup-estoril\/","og_site_name":"Esponsorama","article_published_time":"2018-03-26T16:00:52+00:00","og_image":[{"width":1024,"height":824,"url":"http:\/\/esponsorama.ad\/wp-content\/uploads\/2018\/03\/barry-1024x824.jpg","type":"image\/jpeg"}],"author":"Xavi Andornet","twitter_card":"summary_large_image","twitter_misc":{"Written by":"Xavi Andornet","Estimated reading time":"3 minutes"},"schema":{"@context":"https:\/\/schema.org","@graph":[{"@type":"Article","@id":"http:\/\/esponsorama.ad\/ca\/reale-avintia-academy-consigue-barry-baltus-la-pole-la-european-talent-cup-estoril\/#article","isPartOf":{"@id":"http:\/\/esponsorama.ad\/ca\/reale-avintia-academy-consigue-barry-baltus-la-pole-la-european-talent-cup-estoril\/"},"author":{"name":"Xavi Andornet","@id":"http:\/\/esponsorama.ad\/es\/#\/schema\/person\/a5cde74945183d737066e46b61c6f9c4"},"headline":"Reale Avintia Academy aconsegueix amb Barry Baltus, la pole a l&#8217;European Talent Cup","datePublished":"2018-03-26T16:00:52+00:00","mainEntityOfPage":{"@id":"http:\/\/esponsorama.ad\/ca\/reale-avintia-academy-consigue-barry-baltus-la-pole-la-european-talent-cup-estoril\/"},"wordCount":517,"image":{"@id":"http:\/\/esponsorama.ad\/ca\/reale-avintia-academy-consigue-barry-baltus-la-pole-la-european-talent-cup-estoril\/#primaryimage"},"thumbnailUrl":"http:\/\/esponsorama.ad\/wp-content\/uploads\/2018\/03\/barry.jpg","articleSection":[""],"inLanguage":"en-GB"},{"@type":"WebPage","@id":"http:\/\/esponsorama.ad\/ca\/reale-avintia-academy-consigue-barry-baltus-la-pole-la-european-talent-cup-estoril\/","url":"http:\/\/esponsorama.ad\/ca\/reale-avintia-academy-consigue-barry-baltus-la-pole-la-european-talent-cup-estoril\/","name":"Reale Avintia Academy aconsegueix amb Barry Baltus, la pole a l'European Talent Cup - Esponsorama","isPartOf":{"@id":"http:\/\/esponsorama.ad\/es\/#website"},"primaryImageOfPage":{"@id":"http:\/\/esponsorama.ad\/ca\/reale-avintia-academy-consigue-barry-baltus-la-pole-la-european-talent-cup-estoril\/#primaryimage"},"image":{"@id":"http:\/\/esponsorama.ad\/ca\/reale-avintia-academy-consigue-barry-baltus-la-pole-la-european-talent-cup-estoril\/#primaryimage"},"thumbnailUrl":"http:\/\/esponsorama.ad\/wp-content\/uploads\/2018\/03\/barry.jpg","datePublished":"2018-03-26T16:00:52+00:00","author":{"@id":"http:\/\/esponsorama.ad\/es\/#\/schema\/person\/a5cde74945183d737066e46b61c6f9c4"},"breadcrumb":{"@id":"http:\/\/esponsorama.ad\/ca\/reale-avintia-academy-consigue-barry-baltus-la-pole-la-european-talent-cup-estoril\/#breadcrumb"},"inLanguage":"en-GB","potentialAction":[{"@type":"ReadAction","target":["http:\/\/esponsorama.ad\/ca\/reale-avintia-academy-consigue-barry-baltus-la-pole-la-european-talent-cup-estoril\/"]}]},{"@type":"ImageObject","inLanguage":"en-GB","@id":"http:\/\/esponsorama.ad\/ca\/reale-avintia-academy-consigue-barry-baltus-la-pole-la-european-talent-cup-estoril\/#primaryimage","url":"http:\/\/esponsorama.ad\/wp-content\/uploads\/2018\/03\/barry.jpg","contentUrl":"http:\/\/esponsorama.ad\/wp-content\/uploads\/2018\/03\/barry.jpg","width":2944,"height":2368},{"@type":"BreadcrumbList","@id":"http:\/\/esponsorama.ad\/ca\/reale-avintia-academy-consigue-barry-baltus-la-pole-la-european-talent-cup-estoril\/#breadcrumb","itemListElement":[{"@type":"ListItem","position":1,"name":"Home","item":"http:\/\/esponsorama.ad\/ca\/"},{"@type":"ListItem","position":2,"name":"Reale Avintia Academy aconsegueix amb Barry Baltus, la pole a l&#8217;European Talent Cup"}]},{"@type":"WebSite","@id":"http:\/\/esponsorama.ad\/es\/#website","url":"http:\/\/esponsorama.ad\/es\/","name":"Esponsorama","description":"Specialist in motorsport sponsorship and event promotions","potentialAction":[{"@type":"SearchAction","target":{"@type":"EntryPoint","urlTemplate":"http:\/\/esponsorama.ad\/es\/?s={search_term_string}"},"query-input":{"@type":"PropertyValueSpecification","valueRequired":true,"valueName":"search_term_string"}}],"inLanguage":"en-GB"},{"@type":"Person","@id":"http:\/\/esponsorama.ad\/es\/#\/schema\/person\/a5cde74945183d737066e46b61c6f9c4","name":"Xavi Andornet","image":{"@type":"ImageObject","inLanguage":"en-GB","@id":"http:\/\/esponsorama.ad\/es\/#\/schema\/person\/image\/","url":"https:\/\/secure.gravatar.com\/avatar\/f10eaf9ad601244a2357c9fd7cd9805ed166cfaaf76d5d9ab08a9d873e70147a?s=96&d=mm&r=g","contentUrl":"https:\/\/secure.gravatar.com\/avatar\/f10eaf9ad601244a2357c9fd7cd9805ed166cfaaf76d5d9ab08a9d873e70147a?s=96&d=mm&r=g","caption":"Xavi Andornet"},"sameAs":["http:\/\/www.andornet.ad"],"url":"http:\/\/esponsorama.ad\/en\/author\/andornet\/"}]}},"_links":{"self":[{"href":"http:\/\/esponsorama.ad\/en\/wp-json\/wp\/v2\/posts\/8680","targetHints":{"allow":["GET"]}}],"collection":[{"href":"http:\/\/esponsorama.ad\/en\/wp-json\/wp\/v2\/posts"}],"about":[{"href":"http:\/\/esponsorama.ad\/en\/wp-json\/wp\/v2\/types\/post"}],"author":[{"embeddable":true,"href":"http:\/\/esponsorama.ad\/en\/wp-json\/wp\/v2\/users\/6"}],"replies":[{"embeddable":true,"href":"http:\/\/esponsorama.ad\/en\/wp-json\/wp\/v2\/comments?post=8680"}],"version-history":[{"count":0,"href":"http:\/\/esponsorama.ad\/en\/wp-json\/wp\/v2\/posts\/8680\/revisions"}],"wp:featuredmedia":[{"embeddable":true,"href":"http:\/\/esponsorama.ad\/en\/wp-json\/wp\/v2\/media\/8678"}],"wp:attachment":[{"href":"http:\/\/esponsorama.ad\/en\/wp-json\/wp\/v2\/media?parent=8680"}],"wp:term":[{"taxonomy":"category","embeddable":true,"href":"http:\/\/esponsorama.ad\/en\/wp-json\/wp\/v2\/categories?post=8680"},{"taxonomy":"post_tag","embeddable":true,"href":"http:\/\/esponsorama.ad\/en\/wp-json\/wp\/v2\/tags?post=8680"}],"curies":[{"name":"wp","href":"https:\/\/api.w.org\/{rel}","templated":true}]}}