{"id":9850,"date":"2018-05-19T19:42:04","date_gmt":"2018-05-19T17:42:04","guid":{"rendered":"http:\/\/esponsorama.ad\/?p=9850"},"modified":"2018-05-20T22:27:42","modified_gmt":"2018-05-20T20:27:42","slug":"la-carrera-del-fim-cev-le-mans-no-sale-lo-esperado-reale-avintia-academy","status":"publish","type":"post","link":"http:\/\/esponsorama.ad\/en\/la-carrera-del-fim-cev-le-mans-no-sale-lo-esperado-reale-avintia-academy\/","title":{"rendered":"El FIM CEV en Le Mans no sale como lo esperado para Reale Avintia Academy"},"content":{"rendered":"<p><strong>Reale Avintia Academy \u2013 FIM CEV Francia \u2013 Circuito de Le Mans<\/strong><\/p>\n<p>Las expectativas para la carrera del FIM CEV en Le Mans eran muy buenas en el Reale Avintia Academy, despu\u00e9s de los ritmos que ten\u00edan el viernes los pilotos de Moto3.<\/p>\n<p>Vicente P\u00e9rez ha empezado la carrera desde la s\u00e9ptima posici\u00f3n y esta ma\u00f1ana ha liderado los tiempos durante el warm up, por lo que la confianza estaba puesta en \u00e9l para subir al podio. El piloto valenciano ha estado la mayor parte de la carrera dentro de las tres primeras posiciones. Vicente ha tenido un susto, que casi le cuesta una ca\u00edda y eso le ha hecho mantener la calma y preferir asegurarse los puntos. Finalmente ha cruzado la l\u00ednea de meta en la s\u00e9ptima plaza y ha podido puntuar.<\/p>\n<p>Barry Baltus, que en el warm up de esta ma\u00f1ana ha hecho el tercer mejor tiempo, ha tenido mala suerte en la salida de la carrera choc\u00e1ndose con Celestino Vietti y se ha ido al suelo, no pudiendo continuar.<\/p>\n<p>Andreas P\u00e9rez, que a\u00fan sigue resentido de su lesi\u00f3n de clav\u00edcula, ha podido evolucionar y coger experiencia en un circuito que era desconocido para \u00e9l. Ha terminado la carrera en la P24.<\/p>\n<p>Andrea Cavaliere, poco a poco va adapt\u00e1ndose y evolucionando dentro del equipo, ha finalizado un fin de semana de aprendizaje y ha acabado la carrera en la P34<\/p>\n<p> <strong>MANAGER REALE AVINTIA ACADEMY<\/strong><\/p>\n<p>\u201cLos resultados no ha sido los esperados. Ha sido una l\u00e1stima, ya que Vicente ha luchado por el podium hasta la mitad de carrera lleg\u00e1ndose a colocar en segunda posici\u00f3n marcando vuelta r\u00e1pida, pero despu\u00e9s de estar a punto de caerse ha perdido la confianza y ha asegurado la s\u00e9tima posici\u00f3n, que le permite estar en sexta posici\u00f3n en la clasificaci\u00f3n general. Barry ha ca\u00eddo en la salida cuando un piloto lo ha tocado, una l\u00e1stima porque despu\u00e9s de finalizar en tercera posici\u00f3n en el warm up ten\u00edamos confianza de hacer un buen trabajo. Andreas, que vuelve despu\u00e9s de dos lesiones, ha logrado coger experiencia y ha sido capaz de finalizar en el segundo grupo. Cavaliere sigue mejorando carrera a carrera.&#8221;<\/p>\n","protected":false},"excerpt":{"rendered":"<p>Reale Avintia Academy \u2013 FIM CEV Francia \u2013 Circuito de Le Mans Las expectativas para la carrera del FIM CEV en Le Mans eran muy buenas en el Reale Avintia Academy, despu\u00e9s de los ritmos que ten\u00edan el viernes los pilotos de Moto3. Vicente P\u00e9rez ha empezado la carrera desde la s\u00e9ptima posici\u00f3n y esta [&hellip;]<\/p>\n","protected":false},"author":6,"featured_media":9824,"comment_status":"closed","ping_status":"closed","sticky":false,"template":"","format":"standard","meta":{"footnotes":""},"categories":[10],"tags":[],"class_list":["post-9850","post","type-post","status-publish","format-standard","has-post-thumbnail","hentry"],"yoast_head":"<!-- This site is optimized with the Yoast SEO plugin v27.1.1 - https:\/\/yoast.com\/product\/yoast-seo-wordpress\/ -->\n<title>El FIM CEV en Le Mans no sale como lo esperado para Reale Avintia Academy - Esponsorama<\/title>\n<meta name=\"robots\" content=\"index, follow, max-snippet:-1, max-image-preview:large, max-video-preview:-1\" \/>\n<link rel=\"canonical\" href=\"http:\/\/esponsorama.ad\/en\/la-carrera-del-fim-cev-le-mans-no-sale-lo-esperado-reale-avintia-academy\/\" \/>\n<meta property=\"og:locale\" content=\"en_GB\" \/>\n<meta property=\"og:type\" content=\"article\" \/>\n<meta property=\"og:title\" content=\"El FIM CEV en Le Mans no sale como lo esperado para Reale Avintia Academy - Esponsorama\" \/>\n<meta property=\"og:description\" content=\"Reale Avintia Academy \u2013 FIM CEV Francia \u2013 Circuito de Le Mans Las expectativas para la carrera del FIM CEV en Le Mans eran muy buenas en el Reale Avintia Academy, despu\u00e9s de los ritmos que ten\u00edan el viernes los pilotos de Moto3. Vicente P\u00e9rez ha empezado la carrera desde la s\u00e9ptima posici\u00f3n y esta [&hellip;]\" \/>\n<meta property=\"og:url\" content=\"http:\/\/esponsorama.ad\/en\/la-carrera-del-fim-cev-le-mans-no-sale-lo-esperado-reale-avintia-academy\/\" \/>\n<meta property=\"og:site_name\" content=\"Esponsorama\" \/>\n<meta property=\"article:published_time\" content=\"2018-05-19T17:42:04+00:00\" \/>\n<meta property=\"article:modified_time\" content=\"2018-05-20T20:27:42+00:00\" \/>\n<meta property=\"og:image\" content=\"http:\/\/esponsorama.ad\/wp-content\/uploads\/2018\/05\/MG_4544-1024x683.jpg\" \/>\n\t<meta property=\"og:image:width\" content=\"1024\" \/>\n\t<meta property=\"og:image:height\" content=\"683\" \/>\n\t<meta property=\"og:image:type\" content=\"image\/jpeg\" \/>\n<meta name=\"author\" content=\"Xavi Andornet\" \/>\n<meta name=\"twitter:card\" content=\"summary_large_image\" \/>\n<meta name=\"twitter:label1\" content=\"Written by\" \/>\n\t<meta name=\"twitter:data1\" content=\"Xavi Andornet\" \/>\n\t<meta name=\"twitter:label2\" content=\"Estimated reading time\" \/>\n\t<meta name=\"twitter:data2\" content=\"2 minutes\" \/>\n<script type=\"application\/ld+json\" class=\"yoast-schema-graph\">{\"@context\":\"https:\/\/schema.org\",\"@graph\":[{\"@type\":\"Article\",\"@id\":\"http:\/\/esponsorama.ad\/en\/la-carrera-del-fim-cev-le-mans-no-sale-lo-esperado-reale-avintia-academy\/#article\",\"isPartOf\":{\"@id\":\"http:\/\/esponsorama.ad\/en\/la-carrera-del-fim-cev-le-mans-no-sale-lo-esperado-reale-avintia-academy\/\"},\"author\":{\"name\":\"Xavi Andornet\",\"@id\":\"http:\/\/esponsorama.ad\/es\/#\/schema\/person\/a5cde74945183d737066e46b61c6f9c4\"},\"headline\":\"El FIM CEV en Le Mans no sale como lo esperado para Reale Avintia Academy\",\"datePublished\":\"2018-05-19T17:42:04+00:00\",\"dateModified\":\"2018-05-20T20:27:42+00:00\",\"mainEntityOfPage\":{\"@id\":\"http:\/\/esponsorama.ad\/en\/la-carrera-del-fim-cev-le-mans-no-sale-lo-esperado-reale-avintia-academy\/\"},\"wordCount\":403,\"image\":{\"@id\":\"http:\/\/esponsorama.ad\/en\/la-carrera-del-fim-cev-le-mans-no-sale-lo-esperado-reale-avintia-academy\/#primaryimage\"},\"thumbnailUrl\":\"http:\/\/esponsorama.ad\/wp-content\/uploads\/2018\/05\/MG_4544.jpg\",\"articleSection\":[\"\"],\"inLanguage\":\"en-GB\"},{\"@type\":\"WebPage\",\"@id\":\"http:\/\/esponsorama.ad\/en\/la-carrera-del-fim-cev-le-mans-no-sale-lo-esperado-reale-avintia-academy\/\",\"url\":\"http:\/\/esponsorama.ad\/en\/la-carrera-del-fim-cev-le-mans-no-sale-lo-esperado-reale-avintia-academy\/\",\"name\":\"El FIM CEV en Le Mans no sale como lo esperado para Reale Avintia Academy - Esponsorama\",\"isPartOf\":{\"@id\":\"http:\/\/esponsorama.ad\/es\/#website\"},\"primaryImageOfPage\":{\"@id\":\"http:\/\/esponsorama.ad\/en\/la-carrera-del-fim-cev-le-mans-no-sale-lo-esperado-reale-avintia-academy\/#primaryimage\"},\"image\":{\"@id\":\"http:\/\/esponsorama.ad\/en\/la-carrera-del-fim-cev-le-mans-no-sale-lo-esperado-reale-avintia-academy\/#primaryimage\"},\"thumbnailUrl\":\"http:\/\/esponsorama.ad\/wp-content\/uploads\/2018\/05\/MG_4544.jpg\",\"datePublished\":\"2018-05-19T17:42:04+00:00\",\"dateModified\":\"2018-05-20T20:27:42+00:00\",\"author\":{\"@id\":\"http:\/\/esponsorama.ad\/es\/#\/schema\/person\/a5cde74945183d737066e46b61c6f9c4\"},\"breadcrumb\":{\"@id\":\"http:\/\/esponsorama.ad\/en\/la-carrera-del-fim-cev-le-mans-no-sale-lo-esperado-reale-avintia-academy\/#breadcrumb\"},\"inLanguage\":\"en-GB\",\"potentialAction\":[{\"@type\":\"ReadAction\",\"target\":[\"http:\/\/esponsorama.ad\/en\/la-carrera-del-fim-cev-le-mans-no-sale-lo-esperado-reale-avintia-academy\/\"]}]},{\"@type\":\"ImageObject\",\"inLanguage\":\"en-GB\",\"@id\":\"http:\/\/esponsorama.ad\/en\/la-carrera-del-fim-cev-le-mans-no-sale-lo-esperado-reale-avintia-academy\/#primaryimage\",\"url\":\"http:\/\/esponsorama.ad\/wp-content\/uploads\/2018\/05\/MG_4544.jpg\",\"contentUrl\":\"http:\/\/esponsorama.ad\/wp-content\/uploads\/2018\/05\/MG_4544.jpg\",\"width\":3254,\"height\":2169},{\"@type\":\"BreadcrumbList\",\"@id\":\"http:\/\/esponsorama.ad\/en\/la-carrera-del-fim-cev-le-mans-no-sale-lo-esperado-reale-avintia-academy\/#breadcrumb\",\"itemListElement\":[{\"@type\":\"ListItem\",\"position\":1,\"name\":\"Home\",\"item\":\"http:\/\/esponsorama.ad\/es\/\"},{\"@type\":\"ListItem\",\"position\":2,\"name\":\"El FIM CEV en Le Mans no sale como lo esperado para Reale Avintia Academy\"}]},{\"@type\":\"WebSite\",\"@id\":\"http:\/\/esponsorama.ad\/es\/#website\",\"url\":\"http:\/\/esponsorama.ad\/es\/\",\"name\":\"Esponsorama\",\"description\":\"Specialist in motorsport sponsorship and event promotions\",\"potentialAction\":[{\"@type\":\"SearchAction\",\"target\":{\"@type\":\"EntryPoint\",\"urlTemplate\":\"http:\/\/esponsorama.ad\/es\/?s={search_term_string}\"},\"query-input\":{\"@type\":\"PropertyValueSpecification\",\"valueRequired\":true,\"valueName\":\"search_term_string\"}}],\"inLanguage\":\"en-GB\"},{\"@type\":\"Person\",\"@id\":\"http:\/\/esponsorama.ad\/es\/#\/schema\/person\/a5cde74945183d737066e46b61c6f9c4\",\"name\":\"Xavi Andornet\",\"image\":{\"@type\":\"ImageObject\",\"inLanguage\":\"en-GB\",\"@id\":\"http:\/\/esponsorama.ad\/es\/#\/schema\/person\/image\/\",\"url\":\"https:\/\/secure.gravatar.com\/avatar\/f10eaf9ad601244a2357c9fd7cd9805ed166cfaaf76d5d9ab08a9d873e70147a?s=96&d=mm&r=g\",\"contentUrl\":\"https:\/\/secure.gravatar.com\/avatar\/f10eaf9ad601244a2357c9fd7cd9805ed166cfaaf76d5d9ab08a9d873e70147a?s=96&d=mm&r=g\",\"caption\":\"Xavi Andornet\"},\"sameAs\":[\"http:\/\/www.andornet.ad\"],\"url\":\"http:\/\/esponsorama.ad\/en\/author\/andornet\/\"}]}<\/script>\n<!-- \/ Yoast SEO plugin. -->","yoast_head_json":{"title":"El FIM CEV en Le Mans no sale como lo esperado para Reale Avintia Academy - Esponsorama","robots":{"index":"index","follow":"follow","max-snippet":"max-snippet:-1","max-image-preview":"max-image-preview:large","max-video-preview":"max-video-preview:-1"},"canonical":"http:\/\/esponsorama.ad\/en\/la-carrera-del-fim-cev-le-mans-no-sale-lo-esperado-reale-avintia-academy\/","og_locale":"en_GB","og_type":"article","og_title":"El FIM CEV en Le Mans no sale como lo esperado para Reale Avintia Academy - Esponsorama","og_description":"Reale Avintia Academy \u2013 FIM CEV Francia \u2013 Circuito de Le Mans Las expectativas para la carrera del FIM CEV en Le Mans eran muy buenas en el Reale Avintia Academy, despu\u00e9s de los ritmos que ten\u00edan el viernes los pilotos de Moto3. Vicente P\u00e9rez ha empezado la carrera desde la s\u00e9ptima posici\u00f3n y esta [&hellip;]","og_url":"http:\/\/esponsorama.ad\/en\/la-carrera-del-fim-cev-le-mans-no-sale-lo-esperado-reale-avintia-academy\/","og_site_name":"Esponsorama","article_published_time":"2018-05-19T17:42:04+00:00","article_modified_time":"2018-05-20T20:27:42+00:00","og_image":[{"width":1024,"height":683,"url":"http:\/\/esponsorama.ad\/wp-content\/uploads\/2018\/05\/MG_4544-1024x683.jpg","type":"image\/jpeg"}],"author":"Xavi Andornet","twitter_card":"summary_large_image","twitter_misc":{"Written by":"Xavi Andornet","Estimated reading time":"2 minutes"},"schema":{"@context":"https:\/\/schema.org","@graph":[{"@type":"Article","@id":"http:\/\/esponsorama.ad\/en\/la-carrera-del-fim-cev-le-mans-no-sale-lo-esperado-reale-avintia-academy\/#article","isPartOf":{"@id":"http:\/\/esponsorama.ad\/en\/la-carrera-del-fim-cev-le-mans-no-sale-lo-esperado-reale-avintia-academy\/"},"author":{"name":"Xavi Andornet","@id":"http:\/\/esponsorama.ad\/es\/#\/schema\/person\/a5cde74945183d737066e46b61c6f9c4"},"headline":"El FIM CEV en Le Mans no sale como lo esperado para Reale Avintia Academy","datePublished":"2018-05-19T17:42:04+00:00","dateModified":"2018-05-20T20:27:42+00:00","mainEntityOfPage":{"@id":"http:\/\/esponsorama.ad\/en\/la-carrera-del-fim-cev-le-mans-no-sale-lo-esperado-reale-avintia-academy\/"},"wordCount":403,"image":{"@id":"http:\/\/esponsorama.ad\/en\/la-carrera-del-fim-cev-le-mans-no-sale-lo-esperado-reale-avintia-academy\/#primaryimage"},"thumbnailUrl":"http:\/\/esponsorama.ad\/wp-content\/uploads\/2018\/05\/MG_4544.jpg","articleSection":[""],"inLanguage":"en-GB"},{"@type":"WebPage","@id":"http:\/\/esponsorama.ad\/en\/la-carrera-del-fim-cev-le-mans-no-sale-lo-esperado-reale-avintia-academy\/","url":"http:\/\/esponsorama.ad\/en\/la-carrera-del-fim-cev-le-mans-no-sale-lo-esperado-reale-avintia-academy\/","name":"El FIM CEV en Le Mans no sale como lo esperado para Reale Avintia Academy - Esponsorama","isPartOf":{"@id":"http:\/\/esponsorama.ad\/es\/#website"},"primaryImageOfPage":{"@id":"http:\/\/esponsorama.ad\/en\/la-carrera-del-fim-cev-le-mans-no-sale-lo-esperado-reale-avintia-academy\/#primaryimage"},"image":{"@id":"http:\/\/esponsorama.ad\/en\/la-carrera-del-fim-cev-le-mans-no-sale-lo-esperado-reale-avintia-academy\/#primaryimage"},"thumbnailUrl":"http:\/\/esponsorama.ad\/wp-content\/uploads\/2018\/05\/MG_4544.jpg","datePublished":"2018-05-19T17:42:04+00:00","dateModified":"2018-05-20T20:27:42+00:00","author":{"@id":"http:\/\/esponsorama.ad\/es\/#\/schema\/person\/a5cde74945183d737066e46b61c6f9c4"},"breadcrumb":{"@id":"http:\/\/esponsorama.ad\/en\/la-carrera-del-fim-cev-le-mans-no-sale-lo-esperado-reale-avintia-academy\/#breadcrumb"},"inLanguage":"en-GB","potentialAction":[{"@type":"ReadAction","target":["http:\/\/esponsorama.ad\/en\/la-carrera-del-fim-cev-le-mans-no-sale-lo-esperado-reale-avintia-academy\/"]}]},{"@type":"ImageObject","inLanguage":"en-GB","@id":"http:\/\/esponsorama.ad\/en\/la-carrera-del-fim-cev-le-mans-no-sale-lo-esperado-reale-avintia-academy\/#primaryimage","url":"http:\/\/esponsorama.ad\/wp-content\/uploads\/2018\/05\/MG_4544.jpg","contentUrl":"http:\/\/esponsorama.ad\/wp-content\/uploads\/2018\/05\/MG_4544.jpg","width":3254,"height":2169},{"@type":"BreadcrumbList","@id":"http:\/\/esponsorama.ad\/en\/la-carrera-del-fim-cev-le-mans-no-sale-lo-esperado-reale-avintia-academy\/#breadcrumb","itemListElement":[{"@type":"ListItem","position":1,"name":"Home","item":"http:\/\/esponsorama.ad\/es\/"},{"@type":"ListItem","position":2,"name":"El FIM CEV en Le Mans no sale como lo esperado para Reale Avintia Academy"}]},{"@type":"WebSite","@id":"http:\/\/esponsorama.ad\/es\/#website","url":"http:\/\/esponsorama.ad\/es\/","name":"Esponsorama","description":"Specialist in motorsport sponsorship and event promotions","potentialAction":[{"@type":"SearchAction","target":{"@type":"EntryPoint","urlTemplate":"http:\/\/esponsorama.ad\/es\/?s={search_term_string}"},"query-input":{"@type":"PropertyValueSpecification","valueRequired":true,"valueName":"search_term_string"}}],"inLanguage":"en-GB"},{"@type":"Person","@id":"http:\/\/esponsorama.ad\/es\/#\/schema\/person\/a5cde74945183d737066e46b61c6f9c4","name":"Xavi Andornet","image":{"@type":"ImageObject","inLanguage":"en-GB","@id":"http:\/\/esponsorama.ad\/es\/#\/schema\/person\/image\/","url":"https:\/\/secure.gravatar.com\/avatar\/f10eaf9ad601244a2357c9fd7cd9805ed166cfaaf76d5d9ab08a9d873e70147a?s=96&d=mm&r=g","contentUrl":"https:\/\/secure.gravatar.com\/avatar\/f10eaf9ad601244a2357c9fd7cd9805ed166cfaaf76d5d9ab08a9d873e70147a?s=96&d=mm&r=g","caption":"Xavi Andornet"},"sameAs":["http:\/\/www.andornet.ad"],"url":"http:\/\/esponsorama.ad\/en\/author\/andornet\/"}]}},"_links":{"self":[{"href":"http:\/\/esponsorama.ad\/en\/wp-json\/wp\/v2\/posts\/9850","targetHints":{"allow":["GET"]}}],"collection":[{"href":"http:\/\/esponsorama.ad\/en\/wp-json\/wp\/v2\/posts"}],"about":[{"href":"http:\/\/esponsorama.ad\/en\/wp-json\/wp\/v2\/types\/post"}],"author":[{"embeddable":true,"href":"http:\/\/esponsorama.ad\/en\/wp-json\/wp\/v2\/users\/6"}],"replies":[{"embeddable":true,"href":"http:\/\/esponsorama.ad\/en\/wp-json\/wp\/v2\/comments?post=9850"}],"version-history":[{"count":0,"href":"http:\/\/esponsorama.ad\/en\/wp-json\/wp\/v2\/posts\/9850\/revisions"}],"wp:featuredmedia":[{"embeddable":true,"href":"http:\/\/esponsorama.ad\/en\/wp-json\/wp\/v2\/media\/9824"}],"wp:attachment":[{"href":"http:\/\/esponsorama.ad\/en\/wp-json\/wp\/v2\/media?parent=9850"}],"wp:term":[{"taxonomy":"category","embeddable":true,"href":"http:\/\/esponsorama.ad\/en\/wp-json\/wp\/v2\/categories?post=9850"},{"taxonomy":"post_tag","embeddable":true,"href":"http:\/\/esponsorama.ad\/en\/wp-json\/wp\/v2\/tags?post=9850"}],"curies":[{"name":"wp","href":"https:\/\/api.w.org\/{rel}","templated":true}]}}