{"id":10198,"date":"2018-06-10T00:00:26","date_gmt":"2018-06-09T22:00:26","guid":{"rendered":"http:\/\/esponsorama.ad\/?p=10198"},"modified":"2018-06-16T17:03:25","modified_gmt":"2018-06-16T15:03:25","slug":"clasificatorios-atipicos-reale-avintia-academy-circuit-barcelona-catalunya-2","status":"publish","type":"post","link":"http:\/\/esponsorama.ad\/es\/clasificatorios-atipicos-reale-avintia-academy-circuit-barcelona-catalunya-2\/","title":{"rendered":"Clasificatorios at\u00edpicos para el Reale Avintia Academy en el Circuit de Barcelona-Catalunya"},"content":{"rendered":"<p><strong>Reale Avintia Academy \u2013 FIM CEV Barcelona\u2013 Circuit de Catalunya<\/strong><\/p>\n<p>El Reale Avintia Academy y sus j\u00f3venes pilotos del FIM CEV, han comenzado la jornada del s\u00e1bado con las expectativas de hacer unos buenos cronometrados para el domingo en carrera, en el trazado de Barcelona-Catalunya.<\/p>\n<p>La novedad del equipo ha sido Carlos Tatay, por su estreno en la categor\u00eda de Moto3 y clasificarse casi dentro del top 10, con un tiempo de 1\u201950.627.<\/p>\n<p>Barry Baltus luchar\u00e1 ma\u00f1ana en carrera, saliendo desde la posici\u00f3n 23\u00aa. El piloto belga ha hecho un crono de 1\u201950.808.<\/p>\n<p>Vicente P\u00e9rez hoy no ha tenido un d\u00eda f\u00e1cil. El piloto valenciano est\u00e1 acostumbrado a estar siempre en los puestos de cabeza y las cosas se le han complicado en los clasificatorios. Ma\u00f1ana saldr\u00e1 desde la 30\u00aa posici\u00f3n despu\u00e9s de marcar un crono de 1\u201951.274.<\/p>\n<p>Andreas P\u00e9rez no ha podido hacer del s\u00e1bado la jornada ideal para salir ma\u00f1ana en parrilla en el grupo de cabeza, se ha tenido que conformar con el 38\u00ba puesto (1\u201951.692). P\u00e9rez necesita recuperar la forma que le caracteriza, que se trunc\u00f3 por sus lesiones de clav\u00edcula, para volver a estar en lo m\u00e1s alto.<\/p>\n<p>Seguidamente, en la 39\u00aa posici\u00f3n, se encuentra Andrea Cavaliere. El piloto italiano luchar\u00e1 porrecuperar ma\u00f1ana posiciones y conseguir puntos.<\/p>\n<p>En la European Talent Cup ha habido muchas penalizaciones de pilotos y la parrilla de salida ha variado mucho.<\/p>\n<p>Adri\u00e1n Huertas ma\u00f1ana partir\u00e1 en carrera desde la posici\u00f3n 21\u00aa (con un tiempo de 1\u201955.007 y con las ganas de poder hacer una buena salida y terminar en cabeza.<\/p>\n<p>El alem\u00e1n Nicolas Czyba estar\u00e1 despu\u00e9s en parrilla, en concreto en el 31\u00ba puesto.<\/p>\n<p>Ma\u00f1ana se espera una mejora general en el Reale Avintia Academy y todos luchar\u00e1n por dar el m\u00e1ximo.<\/p>\n","protected":false},"excerpt":{"rendered":"<p>Reale Avintia Academy \u2013 FIM CEV Barcelona\u2013 Circuit de Catalunya El Reale Avintia Academy y sus j\u00f3venes pilotos del FIM CEV, han comenzado la jornada del s\u00e1bado con las expectativas de hacer unos buenos cronometrados para el domingo en carrera, en el trazado de Barcelona-Catalunya. La novedad del equipo ha sido Carlos Tatay, por su [&hellip;]<\/p>\n","protected":false},"author":6,"featured_media":10180,"comment_status":"closed","ping_status":"closed","sticky":false,"template":"","format":"standard","meta":{"footnotes":""},"categories":[10],"tags":[],"class_list":["post-10198","post","type-post","status-publish","format-standard","has-post-thumbnail","hentry","category-fim-cev"],"yoast_head":"<!-- This site is optimized with the Yoast SEO plugin v27.1.1 - https:\/\/yoast.com\/product\/yoast-seo-wordpress\/ -->\n<title>Clasificatorios at\u00edpicos para el Reale Avintia Academy en el Circuit de Barcelona-Catalunya - Esponsorama<\/title>\n<meta name=\"robots\" content=\"index, follow, max-snippet:-1, max-image-preview:large, max-video-preview:-1\" \/>\n<link rel=\"canonical\" href=\"http:\/\/esponsorama.ad\/es\/clasificatorios-atipicos-reale-avintia-academy-circuit-barcelona-catalunya-2\/\" \/>\n<meta property=\"og:locale\" content=\"es_ES\" \/>\n<meta property=\"og:type\" content=\"article\" \/>\n<meta property=\"og:title\" content=\"Clasificatorios at\u00edpicos para el Reale Avintia Academy en el Circuit de Barcelona-Catalunya - Esponsorama\" \/>\n<meta property=\"og:description\" content=\"Reale Avintia Academy \u2013 FIM CEV Barcelona\u2013 Circuit de Catalunya El Reale Avintia Academy y sus j\u00f3venes pilotos del FIM CEV, han comenzado la jornada del s\u00e1bado con las expectativas de hacer unos buenos cronometrados para el domingo en carrera, en el trazado de Barcelona-Catalunya. La novedad del equipo ha sido Carlos Tatay, por su [&hellip;]\" \/>\n<meta property=\"og:url\" content=\"http:\/\/esponsorama.ad\/es\/clasificatorios-atipicos-reale-avintia-academy-circuit-barcelona-catalunya-2\/\" \/>\n<meta property=\"og:site_name\" content=\"Esponsorama\" \/>\n<meta property=\"article:published_time\" content=\"2018-06-09T22:00:26+00:00\" \/>\n<meta property=\"article:modified_time\" content=\"2018-06-16T15:03:25+00:00\" \/>\n<meta property=\"og:image\" content=\"http:\/\/esponsorama.ad\/wp-content\/uploads\/2018\/06\/MG_7167-1024x683.jpg\" \/>\n\t<meta property=\"og:image:width\" content=\"1024\" \/>\n\t<meta property=\"og:image:height\" content=\"683\" \/>\n\t<meta property=\"og:image:type\" content=\"image\/jpeg\" \/>\n<meta name=\"author\" content=\"Xavi Andornet\" \/>\n<meta name=\"twitter:card\" content=\"summary_large_image\" \/>\n<meta name=\"twitter:label1\" content=\"Escrito por\" \/>\n\t<meta name=\"twitter:data1\" content=\"Xavi Andornet\" \/>\n\t<meta name=\"twitter:label2\" content=\"Tiempo de lectura\" \/>\n\t<meta name=\"twitter:data2\" content=\"2 minutos\" \/>\n<script type=\"application\/ld+json\" class=\"yoast-schema-graph\">{\"@context\":\"https:\/\/schema.org\",\"@graph\":[{\"@type\":\"Article\",\"@id\":\"http:\/\/esponsorama.ad\/es\/clasificatorios-atipicos-reale-avintia-academy-circuit-barcelona-catalunya-2\/#article\",\"isPartOf\":{\"@id\":\"http:\/\/esponsorama.ad\/es\/clasificatorios-atipicos-reale-avintia-academy-circuit-barcelona-catalunya-2\/\"},\"author\":{\"name\":\"Xavi Andornet\",\"@id\":\"http:\/\/esponsorama.ad\/es\/#\/schema\/person\/a5cde74945183d737066e46b61c6f9c4\"},\"headline\":\"Clasificatorios at\u00edpicos para el Reale Avintia Academy en el Circuit de Barcelona-Catalunya\",\"datePublished\":\"2018-06-09T22:00:26+00:00\",\"dateModified\":\"2018-06-16T15:03:25+00:00\",\"mainEntityOfPage\":{\"@id\":\"http:\/\/esponsorama.ad\/es\/clasificatorios-atipicos-reale-avintia-academy-circuit-barcelona-catalunya-2\/\"},\"wordCount\":319,\"image\":{\"@id\":\"http:\/\/esponsorama.ad\/es\/clasificatorios-atipicos-reale-avintia-academy-circuit-barcelona-catalunya-2\/#primaryimage\"},\"thumbnailUrl\":\"http:\/\/esponsorama.ad\/wp-content\/uploads\/2018\/06\/MG_7167.jpg\",\"articleSection\":[\"FIM CEV\"],\"inLanguage\":\"es\"},{\"@type\":\"WebPage\",\"@id\":\"http:\/\/esponsorama.ad\/es\/clasificatorios-atipicos-reale-avintia-academy-circuit-barcelona-catalunya-2\/\",\"url\":\"http:\/\/esponsorama.ad\/es\/clasificatorios-atipicos-reale-avintia-academy-circuit-barcelona-catalunya-2\/\",\"name\":\"Clasificatorios at\u00edpicos para el Reale Avintia Academy en el Circuit de Barcelona-Catalunya - Esponsorama\",\"isPartOf\":{\"@id\":\"http:\/\/esponsorama.ad\/es\/#website\"},\"primaryImageOfPage\":{\"@id\":\"http:\/\/esponsorama.ad\/es\/clasificatorios-atipicos-reale-avintia-academy-circuit-barcelona-catalunya-2\/#primaryimage\"},\"image\":{\"@id\":\"http:\/\/esponsorama.ad\/es\/clasificatorios-atipicos-reale-avintia-academy-circuit-barcelona-catalunya-2\/#primaryimage\"},\"thumbnailUrl\":\"http:\/\/esponsorama.ad\/wp-content\/uploads\/2018\/06\/MG_7167.jpg\",\"datePublished\":\"2018-06-09T22:00:26+00:00\",\"dateModified\":\"2018-06-16T15:03:25+00:00\",\"author\":{\"@id\":\"http:\/\/esponsorama.ad\/es\/#\/schema\/person\/a5cde74945183d737066e46b61c6f9c4\"},\"breadcrumb\":{\"@id\":\"http:\/\/esponsorama.ad\/es\/clasificatorios-atipicos-reale-avintia-academy-circuit-barcelona-catalunya-2\/#breadcrumb\"},\"inLanguage\":\"es\",\"potentialAction\":[{\"@type\":\"ReadAction\",\"target\":[\"http:\/\/esponsorama.ad\/es\/clasificatorios-atipicos-reale-avintia-academy-circuit-barcelona-catalunya-2\/\"]}]},{\"@type\":\"ImageObject\",\"inLanguage\":\"es\",\"@id\":\"http:\/\/esponsorama.ad\/es\/clasificatorios-atipicos-reale-avintia-academy-circuit-barcelona-catalunya-2\/#primaryimage\",\"url\":\"http:\/\/esponsorama.ad\/wp-content\/uploads\/2018\/06\/MG_7167.jpg\",\"contentUrl\":\"http:\/\/esponsorama.ad\/wp-content\/uploads\/2018\/06\/MG_7167.jpg\",\"width\":3169,\"height\":2113},{\"@type\":\"BreadcrumbList\",\"@id\":\"http:\/\/esponsorama.ad\/es\/clasificatorios-atipicos-reale-avintia-academy-circuit-barcelona-catalunya-2\/#breadcrumb\",\"itemListElement\":[{\"@type\":\"ListItem\",\"position\":1,\"name\":\"Home\",\"item\":\"http:\/\/esponsorama.ad\/es\/\"},{\"@type\":\"ListItem\",\"position\":2,\"name\":\"Clasificatorios at\u00edpicos para el Reale Avintia Academy en el Circuit de Barcelona-Catalunya\"}]},{\"@type\":\"WebSite\",\"@id\":\"http:\/\/esponsorama.ad\/es\/#website\",\"url\":\"http:\/\/esponsorama.ad\/es\/\",\"name\":\"Esponsorama\",\"description\":\"Specialist in motorsport sponsorship and event promotions\",\"potentialAction\":[{\"@type\":\"SearchAction\",\"target\":{\"@type\":\"EntryPoint\",\"urlTemplate\":\"http:\/\/esponsorama.ad\/es\/?s={search_term_string}\"},\"query-input\":{\"@type\":\"PropertyValueSpecification\",\"valueRequired\":true,\"valueName\":\"search_term_string\"}}],\"inLanguage\":\"es\"},{\"@type\":\"Person\",\"@id\":\"http:\/\/esponsorama.ad\/es\/#\/schema\/person\/a5cde74945183d737066e46b61c6f9c4\",\"name\":\"Xavi Andornet\",\"image\":{\"@type\":\"ImageObject\",\"inLanguage\":\"es\",\"@id\":\"http:\/\/esponsorama.ad\/es\/#\/schema\/person\/image\/\",\"url\":\"https:\/\/secure.gravatar.com\/avatar\/f10eaf9ad601244a2357c9fd7cd9805ed166cfaaf76d5d9ab08a9d873e70147a?s=96&d=mm&r=g\",\"contentUrl\":\"https:\/\/secure.gravatar.com\/avatar\/f10eaf9ad601244a2357c9fd7cd9805ed166cfaaf76d5d9ab08a9d873e70147a?s=96&d=mm&r=g\",\"caption\":\"Xavi Andornet\"},\"sameAs\":[\"http:\/\/www.andornet.ad\"],\"url\":\"http:\/\/esponsorama.ad\/es\/author\/andornet\/\"}]}<\/script>\n<!-- \/ Yoast SEO plugin. -->","yoast_head_json":{"title":"Clasificatorios at\u00edpicos para el Reale Avintia Academy en el Circuit de Barcelona-Catalunya - Esponsorama","robots":{"index":"index","follow":"follow","max-snippet":"max-snippet:-1","max-image-preview":"max-image-preview:large","max-video-preview":"max-video-preview:-1"},"canonical":"http:\/\/esponsorama.ad\/es\/clasificatorios-atipicos-reale-avintia-academy-circuit-barcelona-catalunya-2\/","og_locale":"es_ES","og_type":"article","og_title":"Clasificatorios at\u00edpicos para el Reale Avintia Academy en el Circuit de Barcelona-Catalunya - Esponsorama","og_description":"Reale Avintia Academy \u2013 FIM CEV Barcelona\u2013 Circuit de Catalunya El Reale Avintia Academy y sus j\u00f3venes pilotos del FIM CEV, han comenzado la jornada del s\u00e1bado con las expectativas de hacer unos buenos cronometrados para el domingo en carrera, en el trazado de Barcelona-Catalunya. La novedad del equipo ha sido Carlos Tatay, por su [&hellip;]","og_url":"http:\/\/esponsorama.ad\/es\/clasificatorios-atipicos-reale-avintia-academy-circuit-barcelona-catalunya-2\/","og_site_name":"Esponsorama","article_published_time":"2018-06-09T22:00:26+00:00","article_modified_time":"2018-06-16T15:03:25+00:00","og_image":[{"width":1024,"height":683,"url":"http:\/\/esponsorama.ad\/wp-content\/uploads\/2018\/06\/MG_7167-1024x683.jpg","type":"image\/jpeg"}],"author":"Xavi Andornet","twitter_card":"summary_large_image","twitter_misc":{"Escrito por":"Xavi Andornet","Tiempo de lectura":"2 minutos"},"schema":{"@context":"https:\/\/schema.org","@graph":[{"@type":"Article","@id":"http:\/\/esponsorama.ad\/es\/clasificatorios-atipicos-reale-avintia-academy-circuit-barcelona-catalunya-2\/#article","isPartOf":{"@id":"http:\/\/esponsorama.ad\/es\/clasificatorios-atipicos-reale-avintia-academy-circuit-barcelona-catalunya-2\/"},"author":{"name":"Xavi Andornet","@id":"http:\/\/esponsorama.ad\/es\/#\/schema\/person\/a5cde74945183d737066e46b61c6f9c4"},"headline":"Clasificatorios at\u00edpicos para el Reale Avintia Academy en el Circuit de Barcelona-Catalunya","datePublished":"2018-06-09T22:00:26+00:00","dateModified":"2018-06-16T15:03:25+00:00","mainEntityOfPage":{"@id":"http:\/\/esponsorama.ad\/es\/clasificatorios-atipicos-reale-avintia-academy-circuit-barcelona-catalunya-2\/"},"wordCount":319,"image":{"@id":"http:\/\/esponsorama.ad\/es\/clasificatorios-atipicos-reale-avintia-academy-circuit-barcelona-catalunya-2\/#primaryimage"},"thumbnailUrl":"http:\/\/esponsorama.ad\/wp-content\/uploads\/2018\/06\/MG_7167.jpg","articleSection":["FIM CEV"],"inLanguage":"es"},{"@type":"WebPage","@id":"http:\/\/esponsorama.ad\/es\/clasificatorios-atipicos-reale-avintia-academy-circuit-barcelona-catalunya-2\/","url":"http:\/\/esponsorama.ad\/es\/clasificatorios-atipicos-reale-avintia-academy-circuit-barcelona-catalunya-2\/","name":"Clasificatorios at\u00edpicos para el Reale Avintia Academy en el Circuit de Barcelona-Catalunya - Esponsorama","isPartOf":{"@id":"http:\/\/esponsorama.ad\/es\/#website"},"primaryImageOfPage":{"@id":"http:\/\/esponsorama.ad\/es\/clasificatorios-atipicos-reale-avintia-academy-circuit-barcelona-catalunya-2\/#primaryimage"},"image":{"@id":"http:\/\/esponsorama.ad\/es\/clasificatorios-atipicos-reale-avintia-academy-circuit-barcelona-catalunya-2\/#primaryimage"},"thumbnailUrl":"http:\/\/esponsorama.ad\/wp-content\/uploads\/2018\/06\/MG_7167.jpg","datePublished":"2018-06-09T22:00:26+00:00","dateModified":"2018-06-16T15:03:25+00:00","author":{"@id":"http:\/\/esponsorama.ad\/es\/#\/schema\/person\/a5cde74945183d737066e46b61c6f9c4"},"breadcrumb":{"@id":"http:\/\/esponsorama.ad\/es\/clasificatorios-atipicos-reale-avintia-academy-circuit-barcelona-catalunya-2\/#breadcrumb"},"inLanguage":"es","potentialAction":[{"@type":"ReadAction","target":["http:\/\/esponsorama.ad\/es\/clasificatorios-atipicos-reale-avintia-academy-circuit-barcelona-catalunya-2\/"]}]},{"@type":"ImageObject","inLanguage":"es","@id":"http:\/\/esponsorama.ad\/es\/clasificatorios-atipicos-reale-avintia-academy-circuit-barcelona-catalunya-2\/#primaryimage","url":"http:\/\/esponsorama.ad\/wp-content\/uploads\/2018\/06\/MG_7167.jpg","contentUrl":"http:\/\/esponsorama.ad\/wp-content\/uploads\/2018\/06\/MG_7167.jpg","width":3169,"height":2113},{"@type":"BreadcrumbList","@id":"http:\/\/esponsorama.ad\/es\/clasificatorios-atipicos-reale-avintia-academy-circuit-barcelona-catalunya-2\/#breadcrumb","itemListElement":[{"@type":"ListItem","position":1,"name":"Home","item":"http:\/\/esponsorama.ad\/es\/"},{"@type":"ListItem","position":2,"name":"Clasificatorios at\u00edpicos para el Reale Avintia Academy en el Circuit de Barcelona-Catalunya"}]},{"@type":"WebSite","@id":"http:\/\/esponsorama.ad\/es\/#website","url":"http:\/\/esponsorama.ad\/es\/","name":"Esponsorama","description":"Specialist in motorsport sponsorship and event promotions","potentialAction":[{"@type":"SearchAction","target":{"@type":"EntryPoint","urlTemplate":"http:\/\/esponsorama.ad\/es\/?s={search_term_string}"},"query-input":{"@type":"PropertyValueSpecification","valueRequired":true,"valueName":"search_term_string"}}],"inLanguage":"es"},{"@type":"Person","@id":"http:\/\/esponsorama.ad\/es\/#\/schema\/person\/a5cde74945183d737066e46b61c6f9c4","name":"Xavi Andornet","image":{"@type":"ImageObject","inLanguage":"es","@id":"http:\/\/esponsorama.ad\/es\/#\/schema\/person\/image\/","url":"https:\/\/secure.gravatar.com\/avatar\/f10eaf9ad601244a2357c9fd7cd9805ed166cfaaf76d5d9ab08a9d873e70147a?s=96&d=mm&r=g","contentUrl":"https:\/\/secure.gravatar.com\/avatar\/f10eaf9ad601244a2357c9fd7cd9805ed166cfaaf76d5d9ab08a9d873e70147a?s=96&d=mm&r=g","caption":"Xavi Andornet"},"sameAs":["http:\/\/www.andornet.ad"],"url":"http:\/\/esponsorama.ad\/es\/author\/andornet\/"}]}},"_links":{"self":[{"href":"http:\/\/esponsorama.ad\/es\/wp-json\/wp\/v2\/posts\/10198","targetHints":{"allow":["GET"]}}],"collection":[{"href":"http:\/\/esponsorama.ad\/es\/wp-json\/wp\/v2\/posts"}],"about":[{"href":"http:\/\/esponsorama.ad\/es\/wp-json\/wp\/v2\/types\/post"}],"author":[{"embeddable":true,"href":"http:\/\/esponsorama.ad\/es\/wp-json\/wp\/v2\/users\/6"}],"replies":[{"embeddable":true,"href":"http:\/\/esponsorama.ad\/es\/wp-json\/wp\/v2\/comments?post=10198"}],"version-history":[{"count":0,"href":"http:\/\/esponsorama.ad\/es\/wp-json\/wp\/v2\/posts\/10198\/revisions"}],"wp:featuredmedia":[{"embeddable":true,"href":"http:\/\/esponsorama.ad\/es\/wp-json\/wp\/v2\/media\/10180"}],"wp:attachment":[{"href":"http:\/\/esponsorama.ad\/es\/wp-json\/wp\/v2\/media?parent=10198"}],"wp:term":[{"taxonomy":"category","embeddable":true,"href":"http:\/\/esponsorama.ad\/es\/wp-json\/wp\/v2\/categories?post=10198"},{"taxonomy":"post_tag","embeddable":true,"href":"http:\/\/esponsorama.ad\/es\/wp-json\/wp\/v2\/tags?post=10198"}],"curies":[{"name":"wp","href":"https:\/\/api.w.org\/{rel}","templated":true}]}}