{"id":10573,"date":"2018-06-30T17:39:36","date_gmt":"2018-06-30T15:39:36","guid":{"rendered":"http:\/\/esponsorama.ad\/?p=10573"},"modified":"2018-07-10T18:07:07","modified_gmt":"2018-07-10T16:07:07","slug":"los-pilotos-del-reale-avintia-racing-listos-gp-holanda-2","status":"publish","type":"post","link":"http:\/\/esponsorama.ad\/es\/los-pilotos-del-reale-avintia-racing-listos-gp-holanda-2\/","title":{"rendered":"Los pilotos del Reale Avintia Racing listos para el GP de Holanda"},"content":{"rendered":"<p><strong>MotoGP GP de Holanda \u2013 Circuit Assen TT<\/strong><\/p>\n<p>Otro d\u00eda m\u00e1s el sol ha brillado con fuerza en Assen y los pilotos de MotoGP han disfrutado de unas condiciones perfectas durante el segundo d\u00eda de entrenamientos para el GP de Holanda.<\/p>\n<p>Tito Rabat ha seguido trabajando duro junto a su equipo para mejorar sus sensaciones con la Ducati GP17 del equipo Reale Avintia Racing. El piloto catal\u00e1n ha mejorado mucho con respecto al primer d\u00eda, pero no ha sido suficiente para pasar a la Q2. Rabat saldr\u00e1 ma\u00f1ana desde la 14\u00aa posici\u00f3n de la parrilla, pero espera estar m\u00e1s arriba en la carrera.<\/p>\n<p>Para Xavi Simeon el GP de Holanda est\u00e1 siendo muy dif\u00edcil. El belga llegaba con muchas ganas despu\u00e9s de dar un paso adelante en Barcelona, pero hoy no ha mejorado mucho y ma\u00f1ana saldr\u00e1 desde la \u00faltima fila de la parrilla.<\/p>\n<p><strong><\/strong><\/p>\n<p>\u00abEst\u00e1 siendo un fin de semana complicado pero estoy contento de c\u00f3mo estamos haciendo el trabajo. Hemos dado el m\u00e1ximo en un circuito que siempre se me ha dado fatal desde que llegu\u00e9 a MotoGP. El tiempo en los cronometrados ha sido bastante bueno, ahora solo queda probar una par de cositas en el warm-up a ver si podemos mejorar para ir un poco m\u00e1s r\u00e1pido y conseguir un buen resultado en carrera\u201d.<\/p>\n<p><strong><\/strong><\/p>\n<p>\u201cEstoy decepcionado. Nada de lo que hemos probado nos ha ayudado a mejorar y hemos bajado muy poco los tiempos. La moto es muy dif\u00edcil de pilotar aqu\u00ed en Assen y con la puesta a punto que tenemos no podemos ir m\u00e1s deprisa. No estoy contento porque estamos muy lejos. Despu\u00e9s del fin de semana en Barcelona, donde estuvimos m\u00e1s cerca, otra vez hemos vuelto atr\u00e1s. Espero encontrar algo ma\u00f1ana en el warm-up para poder dar guerra en la carrera\u201d.<\/p>\n","protected":false},"excerpt":{"rendered":"<p>MotoGP GP de Holanda \u2013 Circuit Assen TT Otro d\u00eda m\u00e1s el sol ha brillado con fuerza en Assen y los pilotos de MotoGP han disfrutado de unas condiciones perfectas durante el segundo d\u00eda de entrenamientos para el GP de Holanda. Tito Rabat ha seguido trabajando duro junto a su equipo para mejorar sus sensaciones [&hellip;]<\/p>\n","protected":false},"author":6,"featured_media":10590,"comment_status":"closed","ping_status":"closed","sticky":false,"template":"","format":"standard","meta":{"footnotes":""},"categories":[3],"tags":[],"class_list":["post-10573","post","type-post","status-publish","format-standard","has-post-thumbnail","hentry","category-motogp"],"yoast_head":"<!-- This site is optimized with the Yoast SEO plugin v27.1.1 - https:\/\/yoast.com\/product\/yoast-seo-wordpress\/ -->\n<title>Los pilotos del Reale Avintia Racing listos para el GP de Holanda - Esponsorama<\/title>\n<meta name=\"robots\" content=\"index, follow, max-snippet:-1, max-image-preview:large, max-video-preview:-1\" \/>\n<link rel=\"canonical\" href=\"http:\/\/esponsorama.ad\/es\/los-pilotos-del-reale-avintia-racing-listos-gp-holanda-2\/\" \/>\n<meta property=\"og:locale\" content=\"es_ES\" \/>\n<meta property=\"og:type\" content=\"article\" \/>\n<meta property=\"og:title\" content=\"Los pilotos del Reale Avintia Racing listos para el GP de Holanda - Esponsorama\" \/>\n<meta property=\"og:description\" content=\"MotoGP GP de Holanda \u2013 Circuit Assen TT Otro d\u00eda m\u00e1s el sol ha brillado con fuerza en Assen y los pilotos de MotoGP han disfrutado de unas condiciones perfectas durante el segundo d\u00eda de entrenamientos para el GP de Holanda. Tito Rabat ha seguido trabajando duro junto a su equipo para mejorar sus sensaciones [&hellip;]\" \/>\n<meta property=\"og:url\" content=\"http:\/\/esponsorama.ad\/es\/los-pilotos-del-reale-avintia-racing-listos-gp-holanda-2\/\" \/>\n<meta property=\"og:site_name\" content=\"Esponsorama\" \/>\n<meta property=\"article:published_time\" content=\"2018-06-30T15:39:36+00:00\" \/>\n<meta property=\"article:modified_time\" content=\"2018-07-10T16:07:07+00:00\" \/>\n<meta property=\"og:image\" content=\"http:\/\/esponsorama.ad\/wp-content\/uploads\/2018\/06\/08ASSEN2018Mgp-3109-1024x683.jpg\" \/>\n\t<meta property=\"og:image:width\" content=\"1024\" \/>\n\t<meta property=\"og:image:height\" content=\"683\" \/>\n\t<meta property=\"og:image:type\" content=\"image\/jpeg\" \/>\n<meta name=\"author\" content=\"Xavi Andornet\" \/>\n<meta name=\"twitter:card\" content=\"summary_large_image\" \/>\n<meta name=\"twitter:label1\" content=\"Escrito por\" \/>\n\t<meta name=\"twitter:data1\" content=\"Xavi Andornet\" \/>\n\t<meta name=\"twitter:label2\" content=\"Tiempo de lectura\" \/>\n\t<meta name=\"twitter:data2\" content=\"2 minutos\" \/>\n<script type=\"application\/ld+json\" class=\"yoast-schema-graph\">{\"@context\":\"https:\/\/schema.org\",\"@graph\":[{\"@type\":\"Article\",\"@id\":\"http:\/\/esponsorama.ad\/es\/los-pilotos-del-reale-avintia-racing-listos-gp-holanda-2\/#article\",\"isPartOf\":{\"@id\":\"http:\/\/esponsorama.ad\/es\/los-pilotos-del-reale-avintia-racing-listos-gp-holanda-2\/\"},\"author\":{\"name\":\"Xavi Andornet\",\"@id\":\"http:\/\/esponsorama.ad\/es\/#\/schema\/person\/a5cde74945183d737066e46b61c6f9c4\"},\"headline\":\"Los pilotos del Reale Avintia Racing listos para el GP de Holanda\",\"datePublished\":\"2018-06-30T15:39:36+00:00\",\"dateModified\":\"2018-07-10T16:07:07+00:00\",\"mainEntityOfPage\":{\"@id\":\"http:\/\/esponsorama.ad\/es\/los-pilotos-del-reale-avintia-racing-listos-gp-holanda-2\/\"},\"wordCount\":338,\"image\":{\"@id\":\"http:\/\/esponsorama.ad\/es\/los-pilotos-del-reale-avintia-racing-listos-gp-holanda-2\/#primaryimage\"},\"thumbnailUrl\":\"http:\/\/esponsorama.ad\/wp-content\/uploads\/2018\/06\/08ASSEN2018Mgp-3109.jpg\",\"articleSection\":[\"MotoGP\"],\"inLanguage\":\"es\"},{\"@type\":\"WebPage\",\"@id\":\"http:\/\/esponsorama.ad\/es\/los-pilotos-del-reale-avintia-racing-listos-gp-holanda-2\/\",\"url\":\"http:\/\/esponsorama.ad\/es\/los-pilotos-del-reale-avintia-racing-listos-gp-holanda-2\/\",\"name\":\"Los pilotos del Reale Avintia Racing listos para el GP de Holanda - Esponsorama\",\"isPartOf\":{\"@id\":\"http:\/\/esponsorama.ad\/es\/#website\"},\"primaryImageOfPage\":{\"@id\":\"http:\/\/esponsorama.ad\/es\/los-pilotos-del-reale-avintia-racing-listos-gp-holanda-2\/#primaryimage\"},\"image\":{\"@id\":\"http:\/\/esponsorama.ad\/es\/los-pilotos-del-reale-avintia-racing-listos-gp-holanda-2\/#primaryimage\"},\"thumbnailUrl\":\"http:\/\/esponsorama.ad\/wp-content\/uploads\/2018\/06\/08ASSEN2018Mgp-3109.jpg\",\"datePublished\":\"2018-06-30T15:39:36+00:00\",\"dateModified\":\"2018-07-10T16:07:07+00:00\",\"author\":{\"@id\":\"http:\/\/esponsorama.ad\/es\/#\/schema\/person\/a5cde74945183d737066e46b61c6f9c4\"},\"breadcrumb\":{\"@id\":\"http:\/\/esponsorama.ad\/es\/los-pilotos-del-reale-avintia-racing-listos-gp-holanda-2\/#breadcrumb\"},\"inLanguage\":\"es\",\"potentialAction\":[{\"@type\":\"ReadAction\",\"target\":[\"http:\/\/esponsorama.ad\/es\/los-pilotos-del-reale-avintia-racing-listos-gp-holanda-2\/\"]}]},{\"@type\":\"ImageObject\",\"inLanguage\":\"es\",\"@id\":\"http:\/\/esponsorama.ad\/es\/los-pilotos-del-reale-avintia-racing-listos-gp-holanda-2\/#primaryimage\",\"url\":\"http:\/\/esponsorama.ad\/wp-content\/uploads\/2018\/06\/08ASSEN2018Mgp-3109.jpg\",\"contentUrl\":\"http:\/\/esponsorama.ad\/wp-content\/uploads\/2018\/06\/08ASSEN2018Mgp-3109.jpg\",\"width\":4826,\"height\":3217},{\"@type\":\"BreadcrumbList\",\"@id\":\"http:\/\/esponsorama.ad\/es\/los-pilotos-del-reale-avintia-racing-listos-gp-holanda-2\/#breadcrumb\",\"itemListElement\":[{\"@type\":\"ListItem\",\"position\":1,\"name\":\"Home\",\"item\":\"http:\/\/esponsorama.ad\/ca\/\"},{\"@type\":\"ListItem\",\"position\":2,\"name\":\"Los pilotos del Reale Avintia Racing listos para el GP de Holanda\"}]},{\"@type\":\"WebSite\",\"@id\":\"http:\/\/esponsorama.ad\/es\/#website\",\"url\":\"http:\/\/esponsorama.ad\/es\/\",\"name\":\"Esponsorama\",\"description\":\"Specialist in motorsport sponsorship and event promotions\",\"potentialAction\":[{\"@type\":\"SearchAction\",\"target\":{\"@type\":\"EntryPoint\",\"urlTemplate\":\"http:\/\/esponsorama.ad\/es\/?s={search_term_string}\"},\"query-input\":{\"@type\":\"PropertyValueSpecification\",\"valueRequired\":true,\"valueName\":\"search_term_string\"}}],\"inLanguage\":\"es\"},{\"@type\":\"Person\",\"@id\":\"http:\/\/esponsorama.ad\/es\/#\/schema\/person\/a5cde74945183d737066e46b61c6f9c4\",\"name\":\"Xavi Andornet\",\"image\":{\"@type\":\"ImageObject\",\"inLanguage\":\"es\",\"@id\":\"http:\/\/esponsorama.ad\/es\/#\/schema\/person\/image\/\",\"url\":\"https:\/\/secure.gravatar.com\/avatar\/f10eaf9ad601244a2357c9fd7cd9805ed166cfaaf76d5d9ab08a9d873e70147a?s=96&d=mm&r=g\",\"contentUrl\":\"https:\/\/secure.gravatar.com\/avatar\/f10eaf9ad601244a2357c9fd7cd9805ed166cfaaf76d5d9ab08a9d873e70147a?s=96&d=mm&r=g\",\"caption\":\"Xavi Andornet\"},\"sameAs\":[\"http:\/\/www.andornet.ad\"],\"url\":\"http:\/\/esponsorama.ad\/es\/author\/andornet\/\"}]}<\/script>\n<!-- \/ Yoast SEO plugin. -->","yoast_head_json":{"title":"Los pilotos del Reale Avintia Racing listos para el GP de Holanda - Esponsorama","robots":{"index":"index","follow":"follow","max-snippet":"max-snippet:-1","max-image-preview":"max-image-preview:large","max-video-preview":"max-video-preview:-1"},"canonical":"http:\/\/esponsorama.ad\/es\/los-pilotos-del-reale-avintia-racing-listos-gp-holanda-2\/","og_locale":"es_ES","og_type":"article","og_title":"Los pilotos del Reale Avintia Racing listos para el GP de Holanda - Esponsorama","og_description":"MotoGP GP de Holanda \u2013 Circuit Assen TT Otro d\u00eda m\u00e1s el sol ha brillado con fuerza en Assen y los pilotos de MotoGP han disfrutado de unas condiciones perfectas durante el segundo d\u00eda de entrenamientos para el GP de Holanda. Tito Rabat ha seguido trabajando duro junto a su equipo para mejorar sus sensaciones [&hellip;]","og_url":"http:\/\/esponsorama.ad\/es\/los-pilotos-del-reale-avintia-racing-listos-gp-holanda-2\/","og_site_name":"Esponsorama","article_published_time":"2018-06-30T15:39:36+00:00","article_modified_time":"2018-07-10T16:07:07+00:00","og_image":[{"width":1024,"height":683,"url":"http:\/\/esponsorama.ad\/wp-content\/uploads\/2018\/06\/08ASSEN2018Mgp-3109-1024x683.jpg","type":"image\/jpeg"}],"author":"Xavi Andornet","twitter_card":"summary_large_image","twitter_misc":{"Escrito por":"Xavi Andornet","Tiempo de lectura":"2 minutos"},"schema":{"@context":"https:\/\/schema.org","@graph":[{"@type":"Article","@id":"http:\/\/esponsorama.ad\/es\/los-pilotos-del-reale-avintia-racing-listos-gp-holanda-2\/#article","isPartOf":{"@id":"http:\/\/esponsorama.ad\/es\/los-pilotos-del-reale-avintia-racing-listos-gp-holanda-2\/"},"author":{"name":"Xavi Andornet","@id":"http:\/\/esponsorama.ad\/es\/#\/schema\/person\/a5cde74945183d737066e46b61c6f9c4"},"headline":"Los pilotos del Reale Avintia Racing listos para el GP de Holanda","datePublished":"2018-06-30T15:39:36+00:00","dateModified":"2018-07-10T16:07:07+00:00","mainEntityOfPage":{"@id":"http:\/\/esponsorama.ad\/es\/los-pilotos-del-reale-avintia-racing-listos-gp-holanda-2\/"},"wordCount":338,"image":{"@id":"http:\/\/esponsorama.ad\/es\/los-pilotos-del-reale-avintia-racing-listos-gp-holanda-2\/#primaryimage"},"thumbnailUrl":"http:\/\/esponsorama.ad\/wp-content\/uploads\/2018\/06\/08ASSEN2018Mgp-3109.jpg","articleSection":["MotoGP"],"inLanguage":"es"},{"@type":"WebPage","@id":"http:\/\/esponsorama.ad\/es\/los-pilotos-del-reale-avintia-racing-listos-gp-holanda-2\/","url":"http:\/\/esponsorama.ad\/es\/los-pilotos-del-reale-avintia-racing-listos-gp-holanda-2\/","name":"Los pilotos del Reale Avintia Racing listos para el GP de Holanda - Esponsorama","isPartOf":{"@id":"http:\/\/esponsorama.ad\/es\/#website"},"primaryImageOfPage":{"@id":"http:\/\/esponsorama.ad\/es\/los-pilotos-del-reale-avintia-racing-listos-gp-holanda-2\/#primaryimage"},"image":{"@id":"http:\/\/esponsorama.ad\/es\/los-pilotos-del-reale-avintia-racing-listos-gp-holanda-2\/#primaryimage"},"thumbnailUrl":"http:\/\/esponsorama.ad\/wp-content\/uploads\/2018\/06\/08ASSEN2018Mgp-3109.jpg","datePublished":"2018-06-30T15:39:36+00:00","dateModified":"2018-07-10T16:07:07+00:00","author":{"@id":"http:\/\/esponsorama.ad\/es\/#\/schema\/person\/a5cde74945183d737066e46b61c6f9c4"},"breadcrumb":{"@id":"http:\/\/esponsorama.ad\/es\/los-pilotos-del-reale-avintia-racing-listos-gp-holanda-2\/#breadcrumb"},"inLanguage":"es","potentialAction":[{"@type":"ReadAction","target":["http:\/\/esponsorama.ad\/es\/los-pilotos-del-reale-avintia-racing-listos-gp-holanda-2\/"]}]},{"@type":"ImageObject","inLanguage":"es","@id":"http:\/\/esponsorama.ad\/es\/los-pilotos-del-reale-avintia-racing-listos-gp-holanda-2\/#primaryimage","url":"http:\/\/esponsorama.ad\/wp-content\/uploads\/2018\/06\/08ASSEN2018Mgp-3109.jpg","contentUrl":"http:\/\/esponsorama.ad\/wp-content\/uploads\/2018\/06\/08ASSEN2018Mgp-3109.jpg","width":4826,"height":3217},{"@type":"BreadcrumbList","@id":"http:\/\/esponsorama.ad\/es\/los-pilotos-del-reale-avintia-racing-listos-gp-holanda-2\/#breadcrumb","itemListElement":[{"@type":"ListItem","position":1,"name":"Home","item":"http:\/\/esponsorama.ad\/ca\/"},{"@type":"ListItem","position":2,"name":"Los pilotos del Reale Avintia Racing listos para el GP de Holanda"}]},{"@type":"WebSite","@id":"http:\/\/esponsorama.ad\/es\/#website","url":"http:\/\/esponsorama.ad\/es\/","name":"Esponsorama","description":"Specialist in motorsport sponsorship and event promotions","potentialAction":[{"@type":"SearchAction","target":{"@type":"EntryPoint","urlTemplate":"http:\/\/esponsorama.ad\/es\/?s={search_term_string}"},"query-input":{"@type":"PropertyValueSpecification","valueRequired":true,"valueName":"search_term_string"}}],"inLanguage":"es"},{"@type":"Person","@id":"http:\/\/esponsorama.ad\/es\/#\/schema\/person\/a5cde74945183d737066e46b61c6f9c4","name":"Xavi Andornet","image":{"@type":"ImageObject","inLanguage":"es","@id":"http:\/\/esponsorama.ad\/es\/#\/schema\/person\/image\/","url":"https:\/\/secure.gravatar.com\/avatar\/f10eaf9ad601244a2357c9fd7cd9805ed166cfaaf76d5d9ab08a9d873e70147a?s=96&d=mm&r=g","contentUrl":"https:\/\/secure.gravatar.com\/avatar\/f10eaf9ad601244a2357c9fd7cd9805ed166cfaaf76d5d9ab08a9d873e70147a?s=96&d=mm&r=g","caption":"Xavi Andornet"},"sameAs":["http:\/\/www.andornet.ad"],"url":"http:\/\/esponsorama.ad\/es\/author\/andornet\/"}]}},"_links":{"self":[{"href":"http:\/\/esponsorama.ad\/es\/wp-json\/wp\/v2\/posts\/10573","targetHints":{"allow":["GET"]}}],"collection":[{"href":"http:\/\/esponsorama.ad\/es\/wp-json\/wp\/v2\/posts"}],"about":[{"href":"http:\/\/esponsorama.ad\/es\/wp-json\/wp\/v2\/types\/post"}],"author":[{"embeddable":true,"href":"http:\/\/esponsorama.ad\/es\/wp-json\/wp\/v2\/users\/6"}],"replies":[{"embeddable":true,"href":"http:\/\/esponsorama.ad\/es\/wp-json\/wp\/v2\/comments?post=10573"}],"version-history":[{"count":0,"href":"http:\/\/esponsorama.ad\/es\/wp-json\/wp\/v2\/posts\/10573\/revisions"}],"wp:featuredmedia":[{"embeddable":true,"href":"http:\/\/esponsorama.ad\/es\/wp-json\/wp\/v2\/media\/10590"}],"wp:attachment":[{"href":"http:\/\/esponsorama.ad\/es\/wp-json\/wp\/v2\/media?parent=10573"}],"wp:term":[{"taxonomy":"category","embeddable":true,"href":"http:\/\/esponsorama.ad\/es\/wp-json\/wp\/v2\/categories?post=10573"},{"taxonomy":"post_tag","embeddable":true,"href":"http:\/\/esponsorama.ad\/es\/wp-json\/wp\/v2\/tags?post=10573"}],"curies":[{"name":"wp","href":"https:\/\/api.w.org\/{rel}","templated":true}]}}