{"id":1086,"date":"2017-01-09T23:55:52","date_gmt":"2017-01-09T21:55:52","guid":{"rendered":"http:\/\/esponsorama.ad\/?p=1086"},"modified":"2017-01-12T14:50:43","modified_gmt":"2017-01-12T12:50:43","slug":"nani-roma-sigue-adelante-se-coloca-tercero-la-general-2","status":"publish","type":"post","link":"http:\/\/esponsorama.ad\/es\/nani-roma-sigue-adelante-se-coloca-tercero-la-general-2\/","title":{"rendered":"Nani Roma sigue adelante y se coloca tercero en la general"},"content":{"rendered":"<p><strong>Etapa 7<\/strong><\/p>\n<p><strong>La Paz &#8211; Uyuni<\/strong><\/p>\n<p><strong>Especial: 161km Sectores de Enlace: 640km<\/strong><\/p>\n<p><strong>UYUNI (BOLIVIA):<\/strong> Los pilotos de Toyota Overdrive Racing, Joan \u2018Nani\u2019 Roma y su copiloto \u00c1lex Haro han luchado con los Peugeot de Stephane Peterhansel, Sabestien Loeb y Cyril Despres en la s\u00e9ptima etapa del Dakar entre La Paz y Uyuni. El piloto espa\u00f1ol, que cuenta con el patrocinio de Power Electronics y Air Europa, ha terminado quinto en la etapa, pero ha superado en la clasificaci\u00f3n general a Despres para colocarse en el podio virtual de la carrera. La especial ha sido acortada de los 322 kil\u00f3metros originales a 161 kil\u00f3metros debido a las malas condiciones climatol\u00f3gicas y se ha disputado en arena, dunas con navegaci\u00f3n y muchos charcos al final del recorrido. Roma ha terminado cediendo cinco minutos en la etapa, pero conf\u00eda en poder recuperar cuando el Dakar baje de altitud y entre en Argentina.<\/p>\n<p>Su compa\u00f1ero de marca Giniel De Villiers ha logrado el tercer mejor tiempo en la etapa y ha recuperado un tiempo precioso en la general para afianzarse en la sexta posici\u00f3n en la general.<\/p>\n<p>Cristian Espa\u00f1a sigue manteniendo un ritmo firme y ha completado la s\u00e9ptima etapa en 24\u00aa posici\u00f3n. El piloto andorrano que cuenta con el apoyo de Air Europa, sigue 22\u00ba en la clasificaci\u00f3n provisional y encabeza su la categor\u00eda Marat\u00f3n 0-450cc con m\u00e1s de 47 minutos sobre el segundo.<\/p>\n<p>Air Europa tambi\u00e9n apoya a Albert Llovera, que compite en la categor\u00eda de camiones al volante de un Tatra Jamail del equipo Bomber Dakar Project.<\/p>\n<p>Esponsorama est\u00e1 presente en el Dakar en los Toyota Hilux de Gazoo Racing &#8211; Overdrive, con Power Electronics y Air Europa, adem\u00e1s de con el equipo South Racing Ford con el apoyo de Cirsa, King Regal, Encierro The Exhibition, Galfer, JJuan, Faura, y Transantolin.<\/p>\n<p><strong>#305 JOAN \u2018NANI\u2019 ROMA (Toyota Overdrive Racing) <\/strong><\/p>\n<p>\u201cEn el kil\u00f3metro 60, St\u00e9phane me ha adelantado y he intentado seguirle, pero no ten\u00eda ninguna posibilidad. En dos ocasiones casi sale el coche dando vueltas de campana intentado alcanzarle, as\u00ed que decid\u00ed dejar de asumir riegos. Tienen un coche excepcional y pilotos de gran talento. Sin embargo, estoy contento con lo que hemos hecho hoy porque la navegaci\u00f3n no era f\u00e1cil y mi copiloto ha hecho un buen trabajo. Todav\u00eda estamos cerca y vamos a volver a bajar de altitud en las pr\u00f3ximas etapas, en las que el Toyota conseguir\u00e1 mejores resultados. Todav\u00eda pueden pasar muchas cosas. La carrera a\u00fan no ha terminado\u201d.<\/p>\n<p><strong>#87 CRISTIAN ESPA\u00d1A (KTM Pedrega Team)<\/strong><\/p>\n<p>\u201cEstoy muy contento de c\u00f3mo est\u00e1 yendo todo y nunca me hubiera imaginado hacer una carrera tan buena. Pero todav\u00eda queda mucho para llegar a Buenos Aires y tenemos que seguir conservando la moto y el f\u00edsico. La etapa de descanso nos ha servido para coger fuerzas para la \u00faltima semana y reparar los da\u00f1os sufridos por la moto en las primeras etapas. En los \u00faltimos d\u00edas hemos pasado mucho fr\u00edo, no ha parado de llover, las temperaturas han sido muy bajas y en la moto se sufre mucho.\u201d<\/p>\n","protected":false},"excerpt":{"rendered":"<p>Etapa 7 La Paz &#8211; Uyuni Especial: 161km Sectores de Enlace: 640km UYUNI (BOLIVIA): Los pilotos de Toyota Overdrive Racing, Joan \u2018Nani\u2019 Roma y su copiloto \u00c1lex Haro han luchado con los Peugeot de Stephane Peterhansel, Sabestien Loeb y Cyril Despres en la s\u00e9ptima etapa del Dakar entre La Paz y Uyuni. El piloto espa\u00f1ol, [&hellip;]<\/p>\n","protected":false},"author":6,"featured_media":1080,"comment_status":"closed","ping_status":"closed","sticky":false,"template":"","format":"standard","meta":{"footnotes":""},"categories":[4],"tags":[],"class_list":["post-1086","post","type-post","status-publish","format-standard","has-post-thumbnail","hentry","category-dakar"],"yoast_head":"<!-- This site is optimized with the Yoast SEO plugin v27.1.1 - https:\/\/yoast.com\/product\/yoast-seo-wordpress\/ -->\n<title>Nani Roma sigue adelante y se coloca tercero en la general - Esponsorama<\/title>\n<meta name=\"robots\" content=\"index, follow, max-snippet:-1, max-image-preview:large, max-video-preview:-1\" \/>\n<link rel=\"canonical\" href=\"http:\/\/esponsorama.ad\/es\/nani-roma-sigue-adelante-se-coloca-tercero-la-general-2\/\" \/>\n<meta property=\"og:locale\" content=\"es_ES\" \/>\n<meta property=\"og:type\" content=\"article\" \/>\n<meta property=\"og:title\" content=\"Nani Roma sigue adelante y se coloca tercero en la general - Esponsorama\" \/>\n<meta property=\"og:description\" content=\"Etapa 7 La Paz &#8211; Uyuni Especial: 161km Sectores de Enlace: 640km UYUNI (BOLIVIA): Los pilotos de Toyota Overdrive Racing, Joan \u2018Nani\u2019 Roma y su copiloto \u00c1lex Haro han luchado con los Peugeot de Stephane Peterhansel, Sabestien Loeb y Cyril Despres en la s\u00e9ptima etapa del Dakar entre La Paz y Uyuni. El piloto espa\u00f1ol, [&hellip;]\" \/>\n<meta property=\"og:url\" content=\"http:\/\/esponsorama.ad\/es\/nani-roma-sigue-adelante-se-coloca-tercero-la-general-2\/\" \/>\n<meta property=\"og:site_name\" content=\"Esponsorama\" \/>\n<meta property=\"article:published_time\" content=\"2017-01-09T21:55:52+00:00\" \/>\n<meta property=\"article:modified_time\" content=\"2017-01-12T12:50:43+00:00\" \/>\n<meta property=\"og:image\" content=\"http:\/\/esponsorama.ad\/wp-content\/uploads\/2017\/01\/roma_EDO9922_rid.jpg\" \/>\n\t<meta property=\"og:image:width\" content=\"3000\" \/>\n\t<meta property=\"og:image:height\" content=\"2000\" \/>\n\t<meta property=\"og:image:type\" content=\"image\/jpeg\" \/>\n<meta name=\"author\" content=\"Xavi Andornet\" \/>\n<meta name=\"twitter:card\" content=\"summary_large_image\" \/>\n<meta name=\"twitter:label1\" content=\"Escrito por\" \/>\n\t<meta name=\"twitter:data1\" content=\"Xavi Andornet\" \/>\n\t<meta name=\"twitter:label2\" content=\"Tiempo de lectura\" \/>\n\t<meta name=\"twitter:data2\" content=\"3 minutos\" \/>\n<script type=\"application\/ld+json\" class=\"yoast-schema-graph\">{\"@context\":\"https:\/\/schema.org\",\"@graph\":[{\"@type\":\"Article\",\"@id\":\"http:\/\/esponsorama.ad\/es\/nani-roma-sigue-adelante-se-coloca-tercero-la-general-2\/#article\",\"isPartOf\":{\"@id\":\"http:\/\/esponsorama.ad\/es\/nani-roma-sigue-adelante-se-coloca-tercero-la-general-2\/\"},\"author\":{\"name\":\"Xavi Andornet\",\"@id\":\"http:\/\/esponsorama.ad\/es\/#\/schema\/person\/a5cde74945183d737066e46b61c6f9c4\"},\"headline\":\"Nani Roma sigue adelante y se coloca tercero en la general\",\"datePublished\":\"2017-01-09T21:55:52+00:00\",\"dateModified\":\"2017-01-12T12:50:43+00:00\",\"mainEntityOfPage\":{\"@id\":\"http:\/\/esponsorama.ad\/es\/nani-roma-sigue-adelante-se-coloca-tercero-la-general-2\/\"},\"wordCount\":545,\"image\":{\"@id\":\"http:\/\/esponsorama.ad\/es\/nani-roma-sigue-adelante-se-coloca-tercero-la-general-2\/#primaryimage\"},\"thumbnailUrl\":\"http:\/\/esponsorama.ad\/wp-content\/uploads\/2017\/01\/roma_EDO9922_rid.jpg\",\"articleSection\":[\"Dakar\"],\"inLanguage\":\"es\"},{\"@type\":\"WebPage\",\"@id\":\"http:\/\/esponsorama.ad\/es\/nani-roma-sigue-adelante-se-coloca-tercero-la-general-2\/\",\"url\":\"http:\/\/esponsorama.ad\/es\/nani-roma-sigue-adelante-se-coloca-tercero-la-general-2\/\",\"name\":\"Nani Roma sigue adelante y se coloca tercero en la general - Esponsorama\",\"isPartOf\":{\"@id\":\"http:\/\/esponsorama.ad\/es\/#website\"},\"primaryImageOfPage\":{\"@id\":\"http:\/\/esponsorama.ad\/es\/nani-roma-sigue-adelante-se-coloca-tercero-la-general-2\/#primaryimage\"},\"image\":{\"@id\":\"http:\/\/esponsorama.ad\/es\/nani-roma-sigue-adelante-se-coloca-tercero-la-general-2\/#primaryimage\"},\"thumbnailUrl\":\"http:\/\/esponsorama.ad\/wp-content\/uploads\/2017\/01\/roma_EDO9922_rid.jpg\",\"datePublished\":\"2017-01-09T21:55:52+00:00\",\"dateModified\":\"2017-01-12T12:50:43+00:00\",\"author\":{\"@id\":\"http:\/\/esponsorama.ad\/es\/#\/schema\/person\/a5cde74945183d737066e46b61c6f9c4\"},\"breadcrumb\":{\"@id\":\"http:\/\/esponsorama.ad\/es\/nani-roma-sigue-adelante-se-coloca-tercero-la-general-2\/#breadcrumb\"},\"inLanguage\":\"es\",\"potentialAction\":[{\"@type\":\"ReadAction\",\"target\":[\"http:\/\/esponsorama.ad\/es\/nani-roma-sigue-adelante-se-coloca-tercero-la-general-2\/\"]}]},{\"@type\":\"ImageObject\",\"inLanguage\":\"es\",\"@id\":\"http:\/\/esponsorama.ad\/es\/nani-roma-sigue-adelante-se-coloca-tercero-la-general-2\/#primaryimage\",\"url\":\"http:\/\/esponsorama.ad\/wp-content\/uploads\/2017\/01\/roma_EDO9922_rid.jpg\",\"contentUrl\":\"http:\/\/esponsorama.ad\/wp-content\/uploads\/2017\/01\/roma_EDO9922_rid.jpg\",\"width\":3000,\"height\":2000},{\"@type\":\"BreadcrumbList\",\"@id\":\"http:\/\/esponsorama.ad\/es\/nani-roma-sigue-adelante-se-coloca-tercero-la-general-2\/#breadcrumb\",\"itemListElement\":[{\"@type\":\"ListItem\",\"position\":1,\"name\":\"Home\",\"item\":\"http:\/\/esponsorama.ad\/es\/\"},{\"@type\":\"ListItem\",\"position\":2,\"name\":\"Nani Roma sigue adelante y se coloca tercero en la general\"}]},{\"@type\":\"WebSite\",\"@id\":\"http:\/\/esponsorama.ad\/es\/#website\",\"url\":\"http:\/\/esponsorama.ad\/es\/\",\"name\":\"Esponsorama\",\"description\":\"Specialist in motorsport sponsorship and event promotions\",\"potentialAction\":[{\"@type\":\"SearchAction\",\"target\":{\"@type\":\"EntryPoint\",\"urlTemplate\":\"http:\/\/esponsorama.ad\/es\/?s={search_term_string}\"},\"query-input\":{\"@type\":\"PropertyValueSpecification\",\"valueRequired\":true,\"valueName\":\"search_term_string\"}}],\"inLanguage\":\"es\"},{\"@type\":\"Person\",\"@id\":\"http:\/\/esponsorama.ad\/es\/#\/schema\/person\/a5cde74945183d737066e46b61c6f9c4\",\"name\":\"Xavi Andornet\",\"image\":{\"@type\":\"ImageObject\",\"inLanguage\":\"es\",\"@id\":\"http:\/\/esponsorama.ad\/es\/#\/schema\/person\/image\/\",\"url\":\"https:\/\/secure.gravatar.com\/avatar\/f10eaf9ad601244a2357c9fd7cd9805ed166cfaaf76d5d9ab08a9d873e70147a?s=96&d=mm&r=g\",\"contentUrl\":\"https:\/\/secure.gravatar.com\/avatar\/f10eaf9ad601244a2357c9fd7cd9805ed166cfaaf76d5d9ab08a9d873e70147a?s=96&d=mm&r=g\",\"caption\":\"Xavi Andornet\"},\"sameAs\":[\"http:\/\/www.andornet.ad\"],\"url\":\"http:\/\/esponsorama.ad\/es\/author\/andornet\/\"}]}<\/script>\n<!-- \/ Yoast SEO plugin. -->","yoast_head_json":{"title":"Nani Roma sigue adelante y se coloca tercero en la general - Esponsorama","robots":{"index":"index","follow":"follow","max-snippet":"max-snippet:-1","max-image-preview":"max-image-preview:large","max-video-preview":"max-video-preview:-1"},"canonical":"http:\/\/esponsorama.ad\/es\/nani-roma-sigue-adelante-se-coloca-tercero-la-general-2\/","og_locale":"es_ES","og_type":"article","og_title":"Nani Roma sigue adelante y se coloca tercero en la general - Esponsorama","og_description":"Etapa 7 La Paz &#8211; Uyuni Especial: 161km Sectores de Enlace: 640km UYUNI (BOLIVIA): Los pilotos de Toyota Overdrive Racing, Joan \u2018Nani\u2019 Roma y su copiloto \u00c1lex Haro han luchado con los Peugeot de Stephane Peterhansel, Sabestien Loeb y Cyril Despres en la s\u00e9ptima etapa del Dakar entre La Paz y Uyuni. El piloto espa\u00f1ol, [&hellip;]","og_url":"http:\/\/esponsorama.ad\/es\/nani-roma-sigue-adelante-se-coloca-tercero-la-general-2\/","og_site_name":"Esponsorama","article_published_time":"2017-01-09T21:55:52+00:00","article_modified_time":"2017-01-12T12:50:43+00:00","og_image":[{"width":3000,"height":2000,"url":"http:\/\/esponsorama.ad\/wp-content\/uploads\/2017\/01\/roma_EDO9922_rid.jpg","type":"image\/jpeg"}],"author":"Xavi Andornet","twitter_card":"summary_large_image","twitter_misc":{"Escrito por":"Xavi Andornet","Tiempo de lectura":"3 minutos"},"schema":{"@context":"https:\/\/schema.org","@graph":[{"@type":"Article","@id":"http:\/\/esponsorama.ad\/es\/nani-roma-sigue-adelante-se-coloca-tercero-la-general-2\/#article","isPartOf":{"@id":"http:\/\/esponsorama.ad\/es\/nani-roma-sigue-adelante-se-coloca-tercero-la-general-2\/"},"author":{"name":"Xavi Andornet","@id":"http:\/\/esponsorama.ad\/es\/#\/schema\/person\/a5cde74945183d737066e46b61c6f9c4"},"headline":"Nani Roma sigue adelante y se coloca tercero en la general","datePublished":"2017-01-09T21:55:52+00:00","dateModified":"2017-01-12T12:50:43+00:00","mainEntityOfPage":{"@id":"http:\/\/esponsorama.ad\/es\/nani-roma-sigue-adelante-se-coloca-tercero-la-general-2\/"},"wordCount":545,"image":{"@id":"http:\/\/esponsorama.ad\/es\/nani-roma-sigue-adelante-se-coloca-tercero-la-general-2\/#primaryimage"},"thumbnailUrl":"http:\/\/esponsorama.ad\/wp-content\/uploads\/2017\/01\/roma_EDO9922_rid.jpg","articleSection":["Dakar"],"inLanguage":"es"},{"@type":"WebPage","@id":"http:\/\/esponsorama.ad\/es\/nani-roma-sigue-adelante-se-coloca-tercero-la-general-2\/","url":"http:\/\/esponsorama.ad\/es\/nani-roma-sigue-adelante-se-coloca-tercero-la-general-2\/","name":"Nani Roma sigue adelante y se coloca tercero en la general - Esponsorama","isPartOf":{"@id":"http:\/\/esponsorama.ad\/es\/#website"},"primaryImageOfPage":{"@id":"http:\/\/esponsorama.ad\/es\/nani-roma-sigue-adelante-se-coloca-tercero-la-general-2\/#primaryimage"},"image":{"@id":"http:\/\/esponsorama.ad\/es\/nani-roma-sigue-adelante-se-coloca-tercero-la-general-2\/#primaryimage"},"thumbnailUrl":"http:\/\/esponsorama.ad\/wp-content\/uploads\/2017\/01\/roma_EDO9922_rid.jpg","datePublished":"2017-01-09T21:55:52+00:00","dateModified":"2017-01-12T12:50:43+00:00","author":{"@id":"http:\/\/esponsorama.ad\/es\/#\/schema\/person\/a5cde74945183d737066e46b61c6f9c4"},"breadcrumb":{"@id":"http:\/\/esponsorama.ad\/es\/nani-roma-sigue-adelante-se-coloca-tercero-la-general-2\/#breadcrumb"},"inLanguage":"es","potentialAction":[{"@type":"ReadAction","target":["http:\/\/esponsorama.ad\/es\/nani-roma-sigue-adelante-se-coloca-tercero-la-general-2\/"]}]},{"@type":"ImageObject","inLanguage":"es","@id":"http:\/\/esponsorama.ad\/es\/nani-roma-sigue-adelante-se-coloca-tercero-la-general-2\/#primaryimage","url":"http:\/\/esponsorama.ad\/wp-content\/uploads\/2017\/01\/roma_EDO9922_rid.jpg","contentUrl":"http:\/\/esponsorama.ad\/wp-content\/uploads\/2017\/01\/roma_EDO9922_rid.jpg","width":3000,"height":2000},{"@type":"BreadcrumbList","@id":"http:\/\/esponsorama.ad\/es\/nani-roma-sigue-adelante-se-coloca-tercero-la-general-2\/#breadcrumb","itemListElement":[{"@type":"ListItem","position":1,"name":"Home","item":"http:\/\/esponsorama.ad\/es\/"},{"@type":"ListItem","position":2,"name":"Nani Roma sigue adelante y se coloca tercero en la general"}]},{"@type":"WebSite","@id":"http:\/\/esponsorama.ad\/es\/#website","url":"http:\/\/esponsorama.ad\/es\/","name":"Esponsorama","description":"Specialist in motorsport sponsorship and event promotions","potentialAction":[{"@type":"SearchAction","target":{"@type":"EntryPoint","urlTemplate":"http:\/\/esponsorama.ad\/es\/?s={search_term_string}"},"query-input":{"@type":"PropertyValueSpecification","valueRequired":true,"valueName":"search_term_string"}}],"inLanguage":"es"},{"@type":"Person","@id":"http:\/\/esponsorama.ad\/es\/#\/schema\/person\/a5cde74945183d737066e46b61c6f9c4","name":"Xavi Andornet","image":{"@type":"ImageObject","inLanguage":"es","@id":"http:\/\/esponsorama.ad\/es\/#\/schema\/person\/image\/","url":"https:\/\/secure.gravatar.com\/avatar\/f10eaf9ad601244a2357c9fd7cd9805ed166cfaaf76d5d9ab08a9d873e70147a?s=96&d=mm&r=g","contentUrl":"https:\/\/secure.gravatar.com\/avatar\/f10eaf9ad601244a2357c9fd7cd9805ed166cfaaf76d5d9ab08a9d873e70147a?s=96&d=mm&r=g","caption":"Xavi Andornet"},"sameAs":["http:\/\/www.andornet.ad"],"url":"http:\/\/esponsorama.ad\/es\/author\/andornet\/"}]}},"_links":{"self":[{"href":"http:\/\/esponsorama.ad\/es\/wp-json\/wp\/v2\/posts\/1086","targetHints":{"allow":["GET"]}}],"collection":[{"href":"http:\/\/esponsorama.ad\/es\/wp-json\/wp\/v2\/posts"}],"about":[{"href":"http:\/\/esponsorama.ad\/es\/wp-json\/wp\/v2\/types\/post"}],"author":[{"embeddable":true,"href":"http:\/\/esponsorama.ad\/es\/wp-json\/wp\/v2\/users\/6"}],"replies":[{"embeddable":true,"href":"http:\/\/esponsorama.ad\/es\/wp-json\/wp\/v2\/comments?post=1086"}],"version-history":[{"count":0,"href":"http:\/\/esponsorama.ad\/es\/wp-json\/wp\/v2\/posts\/1086\/revisions"}],"wp:featuredmedia":[{"embeddable":true,"href":"http:\/\/esponsorama.ad\/es\/wp-json\/wp\/v2\/media\/1080"}],"wp:attachment":[{"href":"http:\/\/esponsorama.ad\/es\/wp-json\/wp\/v2\/media?parent=1086"}],"wp:term":[{"taxonomy":"category","embeddable":true,"href":"http:\/\/esponsorama.ad\/es\/wp-json\/wp\/v2\/categories?post=1086"},{"taxonomy":"post_tag","embeddable":true,"href":"http:\/\/esponsorama.ad\/es\/wp-json\/wp\/v2\/tags?post=1086"}],"curies":[{"name":"wp","href":"https:\/\/api.w.org\/{rel}","templated":true}]}}