{"id":11012,"date":"2018-07-29T18:43:59","date_gmt":"2018-07-29T16:43:59","guid":{"rendered":"http:\/\/esponsorama.ad\/?p=11012"},"modified":"2018-07-29T18:46:56","modified_gmt":"2018-07-29T16:46:56","slug":"reale-avintia-academy77-pilotos-se-van-sin-recompensa-motorland-2","status":"publish","type":"post","link":"http:\/\/esponsorama.ad\/es\/reale-avintia-academy77-pilotos-se-van-sin-recompensa-motorland-2\/","title":{"rendered":"Reale Avintia Academy77 y sus pilotos se van sin recompensa de Motorland"},"content":{"rendered":"<p><strong>Reale Avintia Academy \u2013 Arag\u00f3n\u2013 Circuito de Motorland<\/strong><\/p>\n<p>Hoy domingo las expectativas estaban muy positivas para Reale Avintia Academy 77 en la categor\u00eda de Moto3 del FIM CEV de Arag\u00f3n, ya que Barry Baltus ayer consegu\u00eda la pole, con un 1.59\u2019013. Pero las cosas no han sido como se esperaba y el piloto belga no ha estado en el podio y tampoco ha podido finalizar la carrera.<\/p>\n<p>Carlos Tatay, que a pesar de su 17\u00aa plaza en la parrilla de salida de la cita de Arag\u00f3n, cuenta con un buen ritmo para poder haber hecho una buena remontada durante la carrera, finalmente ha terminado cruzando la l\u00ednea de meta en la 20\u00aa posici\u00f3n.<\/p>\n<p>Adri\u00e1n Huertas , que part\u00eda desde la plaza 23\u00aa, despu\u00e9s un crono de 2.01\u2019015, ha evolucionado en la carrera y mejorado cinco posiciones. El piloto madrile\u00f1o ha terminado la carrera en la 18\u00aa posici\u00f3n y sabiendo que est\u00e1 por el buen camino.<\/p>\n<p>En la European Talent Cup, Iker Garc\u00eda que ten\u00eda las dos carreras correspondientes a la categor\u00eda, saliendo de la octava l\u00ednea en parrilla ha conseguido la 18\u00aa y 16\u00aa plaza , sucesivamente.<\/p>\n<p>La pr\u00f3xima cita del FIMCEV ser\u00e1 despu\u00e9s del verano, en el trazado andaluz de Jerez, del 28 al 30 de septiembre. Tanto el equipo como sus pilotos seguir\u00e1n trabajando para poder conseguir buenos resultados en lo que resta de campeonato.<\/p>\n<p> <strong>TEAM MANAGER<\/strong><\/p>\n<p>\u201c Una pena con Barry Baltus porque ten\u00eda todod los ingredientes para hacer un gran resultado, pero as\u00ed son las carreras. Carlos y Adri\u00e1n est\u00e1n en su evoluci\u00f3n y pronto los veremos dando el 100% de su potencial. Iker ha mejorado en ambas carreras y esperamos que el resto del campeonato sea bueno.\u201d<\/p>\n","protected":false},"excerpt":{"rendered":"<p>Reale Avintia Academy \u2013 Arag\u00f3n\u2013 Circuito de Motorland Hoy domingo las expectativas estaban muy positivas para Reale Avintia Academy 77 en la categor\u00eda de Moto3 del FIM CEV de Arag\u00f3n, ya que Barry Baltus ayer consegu\u00eda la pole, con un 1.59\u2019013. Pero las cosas no han sido como se esperaba y el piloto belga no [&hellip;]<\/p>\n","protected":false},"author":6,"featured_media":11031,"comment_status":"closed","ping_status":"closed","sticky":false,"template":"","format":"standard","meta":{"footnotes":""},"categories":[10],"tags":[],"class_list":["post-11012","post","type-post","status-publish","format-standard","has-post-thumbnail","hentry","category-fim-cev"],"yoast_head":"<!-- This site is optimized with the Yoast SEO plugin v27.1.1 - https:\/\/yoast.com\/product\/yoast-seo-wordpress\/ -->\n<title>Reale Avintia Academy77 y sus pilotos se van sin recompensa de Motorland - Esponsorama<\/title>\n<meta name=\"robots\" content=\"index, follow, max-snippet:-1, max-image-preview:large, max-video-preview:-1\" \/>\n<link rel=\"canonical\" href=\"http:\/\/esponsorama.ad\/es\/reale-avintia-academy77-pilotos-se-van-sin-recompensa-motorland-2\/\" \/>\n<meta property=\"og:locale\" content=\"es_ES\" \/>\n<meta property=\"og:type\" content=\"article\" \/>\n<meta property=\"og:title\" content=\"Reale Avintia Academy77 y sus pilotos se van sin recompensa de Motorland - Esponsorama\" \/>\n<meta property=\"og:description\" content=\"Reale Avintia Academy \u2013 Arag\u00f3n\u2013 Circuito de Motorland Hoy domingo las expectativas estaban muy positivas para Reale Avintia Academy 77 en la categor\u00eda de Moto3 del FIM CEV de Arag\u00f3n, ya que Barry Baltus ayer consegu\u00eda la pole, con un 1.59\u2019013. Pero las cosas no han sido como se esperaba y el piloto belga no [&hellip;]\" \/>\n<meta property=\"og:url\" content=\"http:\/\/esponsorama.ad\/es\/reale-avintia-academy77-pilotos-se-van-sin-recompensa-motorland-2\/\" \/>\n<meta property=\"og:site_name\" content=\"Esponsorama\" \/>\n<meta property=\"article:published_time\" content=\"2018-07-29T16:43:59+00:00\" \/>\n<meta property=\"article:modified_time\" content=\"2018-07-29T16:46:56+00:00\" \/>\n<meta property=\"og:image\" content=\"http:\/\/esponsorama.ad\/wp-content\/uploads\/2018\/07\/MG_1883.jpg\" \/>\n\t<meta property=\"og:image:width\" content=\"3574\" \/>\n\t<meta property=\"og:image:height\" content=\"2385\" \/>\n\t<meta property=\"og:image:type\" content=\"image\/jpeg\" \/>\n<meta name=\"author\" content=\"Xavi Andornet\" \/>\n<meta name=\"twitter:card\" content=\"summary_large_image\" \/>\n<meta name=\"twitter:label1\" content=\"Escrito por\" \/>\n\t<meta name=\"twitter:data1\" content=\"Xavi Andornet\" \/>\n\t<meta name=\"twitter:label2\" content=\"Tiempo de lectura\" \/>\n\t<meta name=\"twitter:data2\" content=\"1 minuto\" \/>\n<script type=\"application\/ld+json\" class=\"yoast-schema-graph\">{\"@context\":\"https:\/\/schema.org\",\"@graph\":[{\"@type\":\"Article\",\"@id\":\"http:\/\/esponsorama.ad\/es\/reale-avintia-academy77-pilotos-se-van-sin-recompensa-motorland-2\/#article\",\"isPartOf\":{\"@id\":\"http:\/\/esponsorama.ad\/es\/reale-avintia-academy77-pilotos-se-van-sin-recompensa-motorland-2\/\"},\"author\":{\"name\":\"Xavi Andornet\",\"@id\":\"http:\/\/esponsorama.ad\/es\/#\/schema\/person\/a5cde74945183d737066e46b61c6f9c4\"},\"headline\":\"Reale Avintia Academy77 y sus pilotos se van sin recompensa de Motorland\",\"datePublished\":\"2018-07-29T16:43:59+00:00\",\"dateModified\":\"2018-07-29T16:46:56+00:00\",\"mainEntityOfPage\":{\"@id\":\"http:\/\/esponsorama.ad\/es\/reale-avintia-academy77-pilotos-se-van-sin-recompensa-motorland-2\/\"},\"wordCount\":303,\"image\":{\"@id\":\"http:\/\/esponsorama.ad\/es\/reale-avintia-academy77-pilotos-se-van-sin-recompensa-motorland-2\/#primaryimage\"},\"thumbnailUrl\":\"http:\/\/esponsorama.ad\/wp-content\/uploads\/2018\/07\/MG_1883.jpg\",\"articleSection\":[\"FIM CEV\"],\"inLanguage\":\"es\"},{\"@type\":\"WebPage\",\"@id\":\"http:\/\/esponsorama.ad\/es\/reale-avintia-academy77-pilotos-se-van-sin-recompensa-motorland-2\/\",\"url\":\"http:\/\/esponsorama.ad\/es\/reale-avintia-academy77-pilotos-se-van-sin-recompensa-motorland-2\/\",\"name\":\"Reale Avintia Academy77 y sus pilotos se van sin recompensa de Motorland - Esponsorama\",\"isPartOf\":{\"@id\":\"http:\/\/esponsorama.ad\/es\/#website\"},\"primaryImageOfPage\":{\"@id\":\"http:\/\/esponsorama.ad\/es\/reale-avintia-academy77-pilotos-se-van-sin-recompensa-motorland-2\/#primaryimage\"},\"image\":{\"@id\":\"http:\/\/esponsorama.ad\/es\/reale-avintia-academy77-pilotos-se-van-sin-recompensa-motorland-2\/#primaryimage\"},\"thumbnailUrl\":\"http:\/\/esponsorama.ad\/wp-content\/uploads\/2018\/07\/MG_1883.jpg\",\"datePublished\":\"2018-07-29T16:43:59+00:00\",\"dateModified\":\"2018-07-29T16:46:56+00:00\",\"author\":{\"@id\":\"http:\/\/esponsorama.ad\/es\/#\/schema\/person\/a5cde74945183d737066e46b61c6f9c4\"},\"breadcrumb\":{\"@id\":\"http:\/\/esponsorama.ad\/es\/reale-avintia-academy77-pilotos-se-van-sin-recompensa-motorland-2\/#breadcrumb\"},\"inLanguage\":\"es\",\"potentialAction\":[{\"@type\":\"ReadAction\",\"target\":[\"http:\/\/esponsorama.ad\/es\/reale-avintia-academy77-pilotos-se-van-sin-recompensa-motorland-2\/\"]}]},{\"@type\":\"ImageObject\",\"inLanguage\":\"es\",\"@id\":\"http:\/\/esponsorama.ad\/es\/reale-avintia-academy77-pilotos-se-van-sin-recompensa-motorland-2\/#primaryimage\",\"url\":\"http:\/\/esponsorama.ad\/wp-content\/uploads\/2018\/07\/MG_1883.jpg\",\"contentUrl\":\"http:\/\/esponsorama.ad\/wp-content\/uploads\/2018\/07\/MG_1883.jpg\",\"width\":3574,\"height\":2385},{\"@type\":\"BreadcrumbList\",\"@id\":\"http:\/\/esponsorama.ad\/es\/reale-avintia-academy77-pilotos-se-van-sin-recompensa-motorland-2\/#breadcrumb\",\"itemListElement\":[{\"@type\":\"ListItem\",\"position\":1,\"name\":\"Home\",\"item\":\"http:\/\/esponsorama.ad\/es\/\"},{\"@type\":\"ListItem\",\"position\":2,\"name\":\"Reale Avintia Academy77 y sus pilotos se van sin recompensa de Motorland\"}]},{\"@type\":\"WebSite\",\"@id\":\"http:\/\/esponsorama.ad\/es\/#website\",\"url\":\"http:\/\/esponsorama.ad\/es\/\",\"name\":\"Esponsorama\",\"description\":\"Specialist in motorsport sponsorship and event promotions\",\"potentialAction\":[{\"@type\":\"SearchAction\",\"target\":{\"@type\":\"EntryPoint\",\"urlTemplate\":\"http:\/\/esponsorama.ad\/es\/?s={search_term_string}\"},\"query-input\":{\"@type\":\"PropertyValueSpecification\",\"valueRequired\":true,\"valueName\":\"search_term_string\"}}],\"inLanguage\":\"es\"},{\"@type\":\"Person\",\"@id\":\"http:\/\/esponsorama.ad\/es\/#\/schema\/person\/a5cde74945183d737066e46b61c6f9c4\",\"name\":\"Xavi Andornet\",\"image\":{\"@type\":\"ImageObject\",\"inLanguage\":\"es\",\"@id\":\"http:\/\/esponsorama.ad\/es\/#\/schema\/person\/image\/\",\"url\":\"https:\/\/secure.gravatar.com\/avatar\/f10eaf9ad601244a2357c9fd7cd9805ed166cfaaf76d5d9ab08a9d873e70147a?s=96&d=mm&r=g\",\"contentUrl\":\"https:\/\/secure.gravatar.com\/avatar\/f10eaf9ad601244a2357c9fd7cd9805ed166cfaaf76d5d9ab08a9d873e70147a?s=96&d=mm&r=g\",\"caption\":\"Xavi Andornet\"},\"sameAs\":[\"http:\/\/www.andornet.ad\"],\"url\":\"http:\/\/esponsorama.ad\/es\/author\/andornet\/\"}]}<\/script>\n<!-- \/ Yoast SEO plugin. -->","yoast_head_json":{"title":"Reale Avintia Academy77 y sus pilotos se van sin recompensa de Motorland - Esponsorama","robots":{"index":"index","follow":"follow","max-snippet":"max-snippet:-1","max-image-preview":"max-image-preview:large","max-video-preview":"max-video-preview:-1"},"canonical":"http:\/\/esponsorama.ad\/es\/reale-avintia-academy77-pilotos-se-van-sin-recompensa-motorland-2\/","og_locale":"es_ES","og_type":"article","og_title":"Reale Avintia Academy77 y sus pilotos se van sin recompensa de Motorland - Esponsorama","og_description":"Reale Avintia Academy \u2013 Arag\u00f3n\u2013 Circuito de Motorland Hoy domingo las expectativas estaban muy positivas para Reale Avintia Academy 77 en la categor\u00eda de Moto3 del FIM CEV de Arag\u00f3n, ya que Barry Baltus ayer consegu\u00eda la pole, con un 1.59\u2019013. Pero las cosas no han sido como se esperaba y el piloto belga no [&hellip;]","og_url":"http:\/\/esponsorama.ad\/es\/reale-avintia-academy77-pilotos-se-van-sin-recompensa-motorland-2\/","og_site_name":"Esponsorama","article_published_time":"2018-07-29T16:43:59+00:00","article_modified_time":"2018-07-29T16:46:56+00:00","og_image":[{"width":3574,"height":2385,"url":"http:\/\/esponsorama.ad\/wp-content\/uploads\/2018\/07\/MG_1883.jpg","type":"image\/jpeg"}],"author":"Xavi Andornet","twitter_card":"summary_large_image","twitter_misc":{"Escrito por":"Xavi Andornet","Tiempo de lectura":"1 minuto"},"schema":{"@context":"https:\/\/schema.org","@graph":[{"@type":"Article","@id":"http:\/\/esponsorama.ad\/es\/reale-avintia-academy77-pilotos-se-van-sin-recompensa-motorland-2\/#article","isPartOf":{"@id":"http:\/\/esponsorama.ad\/es\/reale-avintia-academy77-pilotos-se-van-sin-recompensa-motorland-2\/"},"author":{"name":"Xavi Andornet","@id":"http:\/\/esponsorama.ad\/es\/#\/schema\/person\/a5cde74945183d737066e46b61c6f9c4"},"headline":"Reale Avintia Academy77 y sus pilotos se van sin recompensa de Motorland","datePublished":"2018-07-29T16:43:59+00:00","dateModified":"2018-07-29T16:46:56+00:00","mainEntityOfPage":{"@id":"http:\/\/esponsorama.ad\/es\/reale-avintia-academy77-pilotos-se-van-sin-recompensa-motorland-2\/"},"wordCount":303,"image":{"@id":"http:\/\/esponsorama.ad\/es\/reale-avintia-academy77-pilotos-se-van-sin-recompensa-motorland-2\/#primaryimage"},"thumbnailUrl":"http:\/\/esponsorama.ad\/wp-content\/uploads\/2018\/07\/MG_1883.jpg","articleSection":["FIM CEV"],"inLanguage":"es"},{"@type":"WebPage","@id":"http:\/\/esponsorama.ad\/es\/reale-avintia-academy77-pilotos-se-van-sin-recompensa-motorland-2\/","url":"http:\/\/esponsorama.ad\/es\/reale-avintia-academy77-pilotos-se-van-sin-recompensa-motorland-2\/","name":"Reale Avintia Academy77 y sus pilotos se van sin recompensa de Motorland - Esponsorama","isPartOf":{"@id":"http:\/\/esponsorama.ad\/es\/#website"},"primaryImageOfPage":{"@id":"http:\/\/esponsorama.ad\/es\/reale-avintia-academy77-pilotos-se-van-sin-recompensa-motorland-2\/#primaryimage"},"image":{"@id":"http:\/\/esponsorama.ad\/es\/reale-avintia-academy77-pilotos-se-van-sin-recompensa-motorland-2\/#primaryimage"},"thumbnailUrl":"http:\/\/esponsorama.ad\/wp-content\/uploads\/2018\/07\/MG_1883.jpg","datePublished":"2018-07-29T16:43:59+00:00","dateModified":"2018-07-29T16:46:56+00:00","author":{"@id":"http:\/\/esponsorama.ad\/es\/#\/schema\/person\/a5cde74945183d737066e46b61c6f9c4"},"breadcrumb":{"@id":"http:\/\/esponsorama.ad\/es\/reale-avintia-academy77-pilotos-se-van-sin-recompensa-motorland-2\/#breadcrumb"},"inLanguage":"es","potentialAction":[{"@type":"ReadAction","target":["http:\/\/esponsorama.ad\/es\/reale-avintia-academy77-pilotos-se-van-sin-recompensa-motorland-2\/"]}]},{"@type":"ImageObject","inLanguage":"es","@id":"http:\/\/esponsorama.ad\/es\/reale-avintia-academy77-pilotos-se-van-sin-recompensa-motorland-2\/#primaryimage","url":"http:\/\/esponsorama.ad\/wp-content\/uploads\/2018\/07\/MG_1883.jpg","contentUrl":"http:\/\/esponsorama.ad\/wp-content\/uploads\/2018\/07\/MG_1883.jpg","width":3574,"height":2385},{"@type":"BreadcrumbList","@id":"http:\/\/esponsorama.ad\/es\/reale-avintia-academy77-pilotos-se-van-sin-recompensa-motorland-2\/#breadcrumb","itemListElement":[{"@type":"ListItem","position":1,"name":"Home","item":"http:\/\/esponsorama.ad\/es\/"},{"@type":"ListItem","position":2,"name":"Reale Avintia Academy77 y sus pilotos se van sin recompensa de Motorland"}]},{"@type":"WebSite","@id":"http:\/\/esponsorama.ad\/es\/#website","url":"http:\/\/esponsorama.ad\/es\/","name":"Esponsorama","description":"Specialist in motorsport sponsorship and event promotions","potentialAction":[{"@type":"SearchAction","target":{"@type":"EntryPoint","urlTemplate":"http:\/\/esponsorama.ad\/es\/?s={search_term_string}"},"query-input":{"@type":"PropertyValueSpecification","valueRequired":true,"valueName":"search_term_string"}}],"inLanguage":"es"},{"@type":"Person","@id":"http:\/\/esponsorama.ad\/es\/#\/schema\/person\/a5cde74945183d737066e46b61c6f9c4","name":"Xavi Andornet","image":{"@type":"ImageObject","inLanguage":"es","@id":"http:\/\/esponsorama.ad\/es\/#\/schema\/person\/image\/","url":"https:\/\/secure.gravatar.com\/avatar\/f10eaf9ad601244a2357c9fd7cd9805ed166cfaaf76d5d9ab08a9d873e70147a?s=96&d=mm&r=g","contentUrl":"https:\/\/secure.gravatar.com\/avatar\/f10eaf9ad601244a2357c9fd7cd9805ed166cfaaf76d5d9ab08a9d873e70147a?s=96&d=mm&r=g","caption":"Xavi Andornet"},"sameAs":["http:\/\/www.andornet.ad"],"url":"http:\/\/esponsorama.ad\/es\/author\/andornet\/"}]}},"_links":{"self":[{"href":"http:\/\/esponsorama.ad\/es\/wp-json\/wp\/v2\/posts\/11012","targetHints":{"allow":["GET"]}}],"collection":[{"href":"http:\/\/esponsorama.ad\/es\/wp-json\/wp\/v2\/posts"}],"about":[{"href":"http:\/\/esponsorama.ad\/es\/wp-json\/wp\/v2\/types\/post"}],"author":[{"embeddable":true,"href":"http:\/\/esponsorama.ad\/es\/wp-json\/wp\/v2\/users\/6"}],"replies":[{"embeddable":true,"href":"http:\/\/esponsorama.ad\/es\/wp-json\/wp\/v2\/comments?post=11012"}],"version-history":[{"count":0,"href":"http:\/\/esponsorama.ad\/es\/wp-json\/wp\/v2\/posts\/11012\/revisions"}],"wp:featuredmedia":[{"embeddable":true,"href":"http:\/\/esponsorama.ad\/es\/wp-json\/wp\/v2\/media\/11031"}],"wp:attachment":[{"href":"http:\/\/esponsorama.ad\/es\/wp-json\/wp\/v2\/media?parent=11012"}],"wp:term":[{"taxonomy":"category","embeddable":true,"href":"http:\/\/esponsorama.ad\/es\/wp-json\/wp\/v2\/categories?post=11012"},{"taxonomy":"post_tag","embeddable":true,"href":"http:\/\/esponsorama.ad\/es\/wp-json\/wp\/v2\/tags?post=11012"}],"curies":[{"name":"wp","href":"https:\/\/api.w.org\/{rel}","templated":true}]}}