{"id":11065,"date":"2018-07-31T13:27:36","date_gmt":"2018-07-31T11:27:36","guid":{"rendered":"http:\/\/esponsorama.ad\/?p=11065"},"modified":"2018-08-05T09:13:23","modified_gmt":"2018-08-05T07:13:23","slug":"vicente-perez-llega-brno-ganas-aprender-3","status":"publish","type":"post","link":"http:\/\/esponsorama.ad\/es\/vicente-perez-llega-brno-ganas-aprender-3\/","title":{"rendered":"Vicente P\u00e9rez llega a Brno con ganas de aprender"},"content":{"rendered":"<p><strong>Reale Avintia Academy 77 \u2013 GP de la Rep. Checa \u2013 Brno<\/strong><\/p>\n<p>El equipo Reale Avintia Academy 77 y Vicente P\u00e9rez ya est\u00e1n camino de la Rep\u00fablica Checa para comenzar en Brno la segunda mitad de la temporada, aunque para el valenciano, realmente ser\u00e1 su segunda carrera en el Mundial, ya que entr\u00f3 en el equipo como sustituto de Livio Loi en la \u00faltima prueba disputada en Alemania.<\/p>\n<p>Para Vicente el circuito checo de 5,3 kil\u00f3metros ser\u00e1 un nuevo desaf\u00edo con sus continuas subidas desniveles, chicanes y un ancho de pista que, en Moto3 permite muchas trazadas.<\/p>\n<p>El piloto de Cullera contar\u00e1 en con algunas piezas de evoluci\u00f3n en su KTM que probar\u00e1 por primera vez el primer entrenamiento libre del viernes, el FP1. Como en Sachsenring el objetivo ser\u00e1 aprender mucho y mejorar para luchar por los puntos el domingo.<\/p>\n\n<p>\u201cLlego a Brno muy motivado y con much\u00edsimas ganas de aprender. Para esta carrera tendremos un nuevo chasis de KTM que, creo que me puede ayudar bastante. Estoy deseando que llegue el viernes para empezar a trabajar con el equipo. Mi meta ser\u00e1 aprender todo lo que pueda y el domingo intentar luchar por entrar en los puntos, as\u00ed llegaremos a Austria con m\u00e1s confianza.\u201d<\/p>\n","protected":false},"excerpt":{"rendered":"<p>Reale Avintia Academy 77 \u2013 GP de la Rep. Checa \u2013 Brno El equipo Reale Avintia Academy 77 y Vicente P\u00e9rez ya est\u00e1n camino de la Rep\u00fablica Checa para comenzar en Brno la segunda mitad de la temporada, aunque para el valenciano, realmente ser\u00e1 su segunda carrera en el Mundial, ya que entr\u00f3 en el [&hellip;]<\/p>\n","protected":false},"author":6,"featured_media":10797,"comment_status":"closed","ping_status":"closed","sticky":false,"template":"","format":"standard","meta":{"footnotes":""},"categories":[12],"tags":[],"class_list":["post-11065","post","type-post","status-publish","format-standard","has-post-thumbnail","hentry","category-moto3"],"yoast_head":"<!-- This site is optimized with the Yoast SEO plugin v27.1.1 - https:\/\/yoast.com\/product\/yoast-seo-wordpress\/ -->\n<title>Vicente P\u00e9rez llega a Brno con ganas de aprender - Esponsorama<\/title>\n<meta name=\"robots\" content=\"index, follow, max-snippet:-1, max-image-preview:large, max-video-preview:-1\" \/>\n<link rel=\"canonical\" href=\"http:\/\/esponsorama.ad\/es\/vicente-perez-llega-brno-ganas-aprender-3\/\" \/>\n<meta property=\"og:locale\" content=\"es_ES\" \/>\n<meta property=\"og:type\" content=\"article\" \/>\n<meta property=\"og:title\" content=\"Vicente P\u00e9rez llega a Brno con ganas de aprender - Esponsorama\" \/>\n<meta property=\"og:description\" content=\"Reale Avintia Academy 77 \u2013 GP de la Rep. Checa \u2013 Brno El equipo Reale Avintia Academy 77 y Vicente P\u00e9rez ya est\u00e1n camino de la Rep\u00fablica Checa para comenzar en Brno la segunda mitad de la temporada, aunque para el valenciano, realmente ser\u00e1 su segunda carrera en el Mundial, ya que entr\u00f3 en el [&hellip;]\" \/>\n<meta property=\"og:url\" content=\"http:\/\/esponsorama.ad\/es\/vicente-perez-llega-brno-ganas-aprender-3\/\" \/>\n<meta property=\"og:site_name\" content=\"Esponsorama\" \/>\n<meta property=\"article:published_time\" content=\"2018-07-31T11:27:36+00:00\" \/>\n<meta property=\"article:modified_time\" content=\"2018-08-05T07:13:23+00:00\" \/>\n<meta property=\"og:image\" content=\"http:\/\/esponsorama.ad\/wp-content\/uploads\/2018\/07\/09_SACHSEN_2018_AVINTIA-1221-1024x683.jpg\" \/>\n\t<meta property=\"og:image:width\" content=\"1024\" \/>\n\t<meta property=\"og:image:height\" content=\"683\" \/>\n\t<meta property=\"og:image:type\" content=\"image\/jpeg\" \/>\n<meta name=\"author\" content=\"Xavi Andornet\" \/>\n<meta name=\"twitter:card\" content=\"summary_large_image\" \/>\n<meta name=\"twitter:label1\" content=\"Escrito por\" \/>\n\t<meta name=\"twitter:data1\" content=\"Xavi Andornet\" \/>\n\t<meta name=\"twitter:label2\" content=\"Tiempo de lectura\" \/>\n\t<meta name=\"twitter:data2\" content=\"1 minuto\" \/>\n<script type=\"application\/ld+json\" class=\"yoast-schema-graph\">{\"@context\":\"https:\/\/schema.org\",\"@graph\":[{\"@type\":\"Article\",\"@id\":\"http:\/\/esponsorama.ad\/es\/vicente-perez-llega-brno-ganas-aprender-3\/#article\",\"isPartOf\":{\"@id\":\"http:\/\/esponsorama.ad\/es\/vicente-perez-llega-brno-ganas-aprender-3\/\"},\"author\":{\"name\":\"Xavi Andornet\",\"@id\":\"http:\/\/esponsorama.ad\/es\/#\/schema\/person\/a5cde74945183d737066e46b61c6f9c4\"},\"headline\":\"Vicente P\u00e9rez llega a Brno con ganas de aprender\",\"datePublished\":\"2018-07-31T11:27:36+00:00\",\"dateModified\":\"2018-08-05T07:13:23+00:00\",\"mainEntityOfPage\":{\"@id\":\"http:\/\/esponsorama.ad\/es\/vicente-perez-llega-brno-ganas-aprender-3\/\"},\"wordCount\":221,\"image\":{\"@id\":\"http:\/\/esponsorama.ad\/es\/vicente-perez-llega-brno-ganas-aprender-3\/#primaryimage\"},\"thumbnailUrl\":\"http:\/\/esponsorama.ad\/wp-content\/uploads\/2018\/07\/09_SACHSEN_2018_AVINTIA-1221.jpg\",\"articleSection\":[\"Moto3\"],\"inLanguage\":\"es\"},{\"@type\":\"WebPage\",\"@id\":\"http:\/\/esponsorama.ad\/es\/vicente-perez-llega-brno-ganas-aprender-3\/\",\"url\":\"http:\/\/esponsorama.ad\/es\/vicente-perez-llega-brno-ganas-aprender-3\/\",\"name\":\"Vicente P\u00e9rez llega a Brno con ganas de aprender - Esponsorama\",\"isPartOf\":{\"@id\":\"http:\/\/esponsorama.ad\/es\/#website\"},\"primaryImageOfPage\":{\"@id\":\"http:\/\/esponsorama.ad\/es\/vicente-perez-llega-brno-ganas-aprender-3\/#primaryimage\"},\"image\":{\"@id\":\"http:\/\/esponsorama.ad\/es\/vicente-perez-llega-brno-ganas-aprender-3\/#primaryimage\"},\"thumbnailUrl\":\"http:\/\/esponsorama.ad\/wp-content\/uploads\/2018\/07\/09_SACHSEN_2018_AVINTIA-1221.jpg\",\"datePublished\":\"2018-07-31T11:27:36+00:00\",\"dateModified\":\"2018-08-05T07:13:23+00:00\",\"author\":{\"@id\":\"http:\/\/esponsorama.ad\/es\/#\/schema\/person\/a5cde74945183d737066e46b61c6f9c4\"},\"breadcrumb\":{\"@id\":\"http:\/\/esponsorama.ad\/es\/vicente-perez-llega-brno-ganas-aprender-3\/#breadcrumb\"},\"inLanguage\":\"es\",\"potentialAction\":[{\"@type\":\"ReadAction\",\"target\":[\"http:\/\/esponsorama.ad\/es\/vicente-perez-llega-brno-ganas-aprender-3\/\"]}]},{\"@type\":\"ImageObject\",\"inLanguage\":\"es\",\"@id\":\"http:\/\/esponsorama.ad\/es\/vicente-perez-llega-brno-ganas-aprender-3\/#primaryimage\",\"url\":\"http:\/\/esponsorama.ad\/wp-content\/uploads\/2018\/07\/09_SACHSEN_2018_AVINTIA-1221.jpg\",\"contentUrl\":\"http:\/\/esponsorama.ad\/wp-content\/uploads\/2018\/07\/09_SACHSEN_2018_AVINTIA-1221.jpg\",\"width\":5184,\"height\":3456,\"caption\":\"09 GP Alemania 12, 13, 14 y 15 de julio de 2018, circuito de Sachsenring, Alemania. Moto3; moto3; m3; MOTO3\"},{\"@type\":\"BreadcrumbList\",\"@id\":\"http:\/\/esponsorama.ad\/es\/vicente-perez-llega-brno-ganas-aprender-3\/#breadcrumb\",\"itemListElement\":[{\"@type\":\"ListItem\",\"position\":1,\"name\":\"Home\",\"item\":\"http:\/\/esponsorama.ad\/en\/\"},{\"@type\":\"ListItem\",\"position\":2,\"name\":\"Vicente P\u00e9rez llega a Brno con ganas de aprender\"}]},{\"@type\":\"WebSite\",\"@id\":\"http:\/\/esponsorama.ad\/es\/#website\",\"url\":\"http:\/\/esponsorama.ad\/es\/\",\"name\":\"Esponsorama\",\"description\":\"Specialist in motorsport sponsorship and event promotions\",\"potentialAction\":[{\"@type\":\"SearchAction\",\"target\":{\"@type\":\"EntryPoint\",\"urlTemplate\":\"http:\/\/esponsorama.ad\/es\/?s={search_term_string}\"},\"query-input\":{\"@type\":\"PropertyValueSpecification\",\"valueRequired\":true,\"valueName\":\"search_term_string\"}}],\"inLanguage\":\"es\"},{\"@type\":\"Person\",\"@id\":\"http:\/\/esponsorama.ad\/es\/#\/schema\/person\/a5cde74945183d737066e46b61c6f9c4\",\"name\":\"Xavi Andornet\",\"image\":{\"@type\":\"ImageObject\",\"inLanguage\":\"es\",\"@id\":\"http:\/\/esponsorama.ad\/es\/#\/schema\/person\/image\/\",\"url\":\"https:\/\/secure.gravatar.com\/avatar\/f10eaf9ad601244a2357c9fd7cd9805ed166cfaaf76d5d9ab08a9d873e70147a?s=96&d=mm&r=g\",\"contentUrl\":\"https:\/\/secure.gravatar.com\/avatar\/f10eaf9ad601244a2357c9fd7cd9805ed166cfaaf76d5d9ab08a9d873e70147a?s=96&d=mm&r=g\",\"caption\":\"Xavi Andornet\"},\"sameAs\":[\"http:\/\/www.andornet.ad\"],\"url\":\"http:\/\/esponsorama.ad\/es\/author\/andornet\/\"}]}<\/script>\n<!-- \/ Yoast SEO plugin. -->","yoast_head_json":{"title":"Vicente P\u00e9rez llega a Brno con ganas de aprender - Esponsorama","robots":{"index":"index","follow":"follow","max-snippet":"max-snippet:-1","max-image-preview":"max-image-preview:large","max-video-preview":"max-video-preview:-1"},"canonical":"http:\/\/esponsorama.ad\/es\/vicente-perez-llega-brno-ganas-aprender-3\/","og_locale":"es_ES","og_type":"article","og_title":"Vicente P\u00e9rez llega a Brno con ganas de aprender - Esponsorama","og_description":"Reale Avintia Academy 77 \u2013 GP de la Rep. Checa \u2013 Brno El equipo Reale Avintia Academy 77 y Vicente P\u00e9rez ya est\u00e1n camino de la Rep\u00fablica Checa para comenzar en Brno la segunda mitad de la temporada, aunque para el valenciano, realmente ser\u00e1 su segunda carrera en el Mundial, ya que entr\u00f3 en el [&hellip;]","og_url":"http:\/\/esponsorama.ad\/es\/vicente-perez-llega-brno-ganas-aprender-3\/","og_site_name":"Esponsorama","article_published_time":"2018-07-31T11:27:36+00:00","article_modified_time":"2018-08-05T07:13:23+00:00","og_image":[{"width":1024,"height":683,"url":"http:\/\/esponsorama.ad\/wp-content\/uploads\/2018\/07\/09_SACHSEN_2018_AVINTIA-1221-1024x683.jpg","type":"image\/jpeg"}],"author":"Xavi Andornet","twitter_card":"summary_large_image","twitter_misc":{"Escrito por":"Xavi Andornet","Tiempo de lectura":"1 minuto"},"schema":{"@context":"https:\/\/schema.org","@graph":[{"@type":"Article","@id":"http:\/\/esponsorama.ad\/es\/vicente-perez-llega-brno-ganas-aprender-3\/#article","isPartOf":{"@id":"http:\/\/esponsorama.ad\/es\/vicente-perez-llega-brno-ganas-aprender-3\/"},"author":{"name":"Xavi Andornet","@id":"http:\/\/esponsorama.ad\/es\/#\/schema\/person\/a5cde74945183d737066e46b61c6f9c4"},"headline":"Vicente P\u00e9rez llega a Brno con ganas de aprender","datePublished":"2018-07-31T11:27:36+00:00","dateModified":"2018-08-05T07:13:23+00:00","mainEntityOfPage":{"@id":"http:\/\/esponsorama.ad\/es\/vicente-perez-llega-brno-ganas-aprender-3\/"},"wordCount":221,"image":{"@id":"http:\/\/esponsorama.ad\/es\/vicente-perez-llega-brno-ganas-aprender-3\/#primaryimage"},"thumbnailUrl":"http:\/\/esponsorama.ad\/wp-content\/uploads\/2018\/07\/09_SACHSEN_2018_AVINTIA-1221.jpg","articleSection":["Moto3"],"inLanguage":"es"},{"@type":"WebPage","@id":"http:\/\/esponsorama.ad\/es\/vicente-perez-llega-brno-ganas-aprender-3\/","url":"http:\/\/esponsorama.ad\/es\/vicente-perez-llega-brno-ganas-aprender-3\/","name":"Vicente P\u00e9rez llega a Brno con ganas de aprender - Esponsorama","isPartOf":{"@id":"http:\/\/esponsorama.ad\/es\/#website"},"primaryImageOfPage":{"@id":"http:\/\/esponsorama.ad\/es\/vicente-perez-llega-brno-ganas-aprender-3\/#primaryimage"},"image":{"@id":"http:\/\/esponsorama.ad\/es\/vicente-perez-llega-brno-ganas-aprender-3\/#primaryimage"},"thumbnailUrl":"http:\/\/esponsorama.ad\/wp-content\/uploads\/2018\/07\/09_SACHSEN_2018_AVINTIA-1221.jpg","datePublished":"2018-07-31T11:27:36+00:00","dateModified":"2018-08-05T07:13:23+00:00","author":{"@id":"http:\/\/esponsorama.ad\/es\/#\/schema\/person\/a5cde74945183d737066e46b61c6f9c4"},"breadcrumb":{"@id":"http:\/\/esponsorama.ad\/es\/vicente-perez-llega-brno-ganas-aprender-3\/#breadcrumb"},"inLanguage":"es","potentialAction":[{"@type":"ReadAction","target":["http:\/\/esponsorama.ad\/es\/vicente-perez-llega-brno-ganas-aprender-3\/"]}]},{"@type":"ImageObject","inLanguage":"es","@id":"http:\/\/esponsorama.ad\/es\/vicente-perez-llega-brno-ganas-aprender-3\/#primaryimage","url":"http:\/\/esponsorama.ad\/wp-content\/uploads\/2018\/07\/09_SACHSEN_2018_AVINTIA-1221.jpg","contentUrl":"http:\/\/esponsorama.ad\/wp-content\/uploads\/2018\/07\/09_SACHSEN_2018_AVINTIA-1221.jpg","width":5184,"height":3456,"caption":"09 GP Alemania 12, 13, 14 y 15 de julio de 2018, circuito de Sachsenring, Alemania. Moto3; moto3; m3; MOTO3"},{"@type":"BreadcrumbList","@id":"http:\/\/esponsorama.ad\/es\/vicente-perez-llega-brno-ganas-aprender-3\/#breadcrumb","itemListElement":[{"@type":"ListItem","position":1,"name":"Home","item":"http:\/\/esponsorama.ad\/en\/"},{"@type":"ListItem","position":2,"name":"Vicente P\u00e9rez llega a Brno con ganas de aprender"}]},{"@type":"WebSite","@id":"http:\/\/esponsorama.ad\/es\/#website","url":"http:\/\/esponsorama.ad\/es\/","name":"Esponsorama","description":"Specialist in motorsport sponsorship and event promotions","potentialAction":[{"@type":"SearchAction","target":{"@type":"EntryPoint","urlTemplate":"http:\/\/esponsorama.ad\/es\/?s={search_term_string}"},"query-input":{"@type":"PropertyValueSpecification","valueRequired":true,"valueName":"search_term_string"}}],"inLanguage":"es"},{"@type":"Person","@id":"http:\/\/esponsorama.ad\/es\/#\/schema\/person\/a5cde74945183d737066e46b61c6f9c4","name":"Xavi Andornet","image":{"@type":"ImageObject","inLanguage":"es","@id":"http:\/\/esponsorama.ad\/es\/#\/schema\/person\/image\/","url":"https:\/\/secure.gravatar.com\/avatar\/f10eaf9ad601244a2357c9fd7cd9805ed166cfaaf76d5d9ab08a9d873e70147a?s=96&d=mm&r=g","contentUrl":"https:\/\/secure.gravatar.com\/avatar\/f10eaf9ad601244a2357c9fd7cd9805ed166cfaaf76d5d9ab08a9d873e70147a?s=96&d=mm&r=g","caption":"Xavi Andornet"},"sameAs":["http:\/\/www.andornet.ad"],"url":"http:\/\/esponsorama.ad\/es\/author\/andornet\/"}]}},"_links":{"self":[{"href":"http:\/\/esponsorama.ad\/es\/wp-json\/wp\/v2\/posts\/11065","targetHints":{"allow":["GET"]}}],"collection":[{"href":"http:\/\/esponsorama.ad\/es\/wp-json\/wp\/v2\/posts"}],"about":[{"href":"http:\/\/esponsorama.ad\/es\/wp-json\/wp\/v2\/types\/post"}],"author":[{"embeddable":true,"href":"http:\/\/esponsorama.ad\/es\/wp-json\/wp\/v2\/users\/6"}],"replies":[{"embeddable":true,"href":"http:\/\/esponsorama.ad\/es\/wp-json\/wp\/v2\/comments?post=11065"}],"version-history":[{"count":0,"href":"http:\/\/esponsorama.ad\/es\/wp-json\/wp\/v2\/posts\/11065\/revisions"}],"wp:featuredmedia":[{"embeddable":true,"href":"http:\/\/esponsorama.ad\/es\/wp-json\/wp\/v2\/media\/10797"}],"wp:attachment":[{"href":"http:\/\/esponsorama.ad\/es\/wp-json\/wp\/v2\/media?parent=11065"}],"wp:term":[{"taxonomy":"category","embeddable":true,"href":"http:\/\/esponsorama.ad\/es\/wp-json\/wp\/v2\/categories?post=11065"},{"taxonomy":"post_tag","embeddable":true,"href":"http:\/\/esponsorama.ad\/es\/wp-json\/wp\/v2\/tags?post=11065"}],"curies":[{"name":"wp","href":"https:\/\/api.w.org\/{rel}","templated":true}]}}