{"id":11132,"date":"2018-08-03T17:39:44","date_gmt":"2018-08-03T15:39:44","guid":{"rendered":"http:\/\/esponsorama.ad\/?p=11132"},"modified":"2018-08-03T17:53:42","modified_gmt":"2018-08-03T15:53:42","slug":"tito-rabat-octavo-primer-dia-entrenamientos-brno","status":"publish","type":"post","link":"http:\/\/esponsorama.ad\/es\/tito-rabat-octavo-primer-dia-entrenamientos-brno\/","title":{"rendered":"Tito Rabat octavo el primer d\u00eda en Brno"},"content":{"rendered":"<p><strong>MotoGP GP de la Rep. Checa \u2013 Brno<\/strong><\/p>\n<p>El piloto del equipo Reale Avintia Racing, Tito Rabat, ha vuelto con muchas ganas de las vacaciones y lo ha demostrado con un gran ritmo en el primer d\u00eda de entrenamientos para el Gran Premio de la Rep\u00fablica Checa. Por la ma\u00f1ana ya se ha metido en el \u2018top 10\u2019 terminando a solo 6 d\u00e9cimas del m\u00e1s r\u00e1pido, y por la tarde, con el asfalto a 50 grados, tambi\u00e9n ha sido constante y muy r\u00e1pido durante los 45 minutos de la sesi\u00f3n. Rabat ha trabajado con el neum\u00e1tico duro y en los \u00faltimos minutos ha salido con el Michelin trasero blando y con un tiempo de 1\u201956.521 ha conseguido el octavo mejor tiempo del d\u00eda. Ma\u00f1ana espera poder entrar directo a la Q2 para conseguir el mejor puesto posible en la parrilla de salida.<\/p>\n<p>Para su compa\u00f1ero Xavier Simeon tambi\u00e9n ha sido un d\u00eda productivo. Su posici\u00f3n en la clasificaci\u00f3n es obvio que no lo refleja, pero s\u00ed su ritmo constante y, sobre todo, sus sensaciones encima de la moto. El piloto belga del Reale Avintia espera dar otro paso ma\u00f1ana en los entrenamientos libres y cronometrados.<\/p>\n\n<p>\u00abLa verdad es que ya ten\u00eda ganas de subirme a la MotoGP, porque aunque en estas dos semanas he montado en moto, no hay nada parecido. Hemos hecho un d\u00eda muy s\u00f3lido, hemos hecho un buen trabajo con la moto y hemos sido competitivos en las dos sesiones. Pero hay que estar tranquilos, solo es viernes y tenemos que seguir mejorando. Michelin ha hecho un gran trabajo para esta carrera, porque los neum\u00e1ticos han funcionado bastante bien. Ahora toca descansar bien esta noche para dar el m\u00e1ximo en el FP3 e intentar pasar a la Q2. Y luego en los clasificatorios a darlo todo\u201d.<\/p>\n\n<p>\u201cHa sido un primer d\u00eda muy positivo, mucho m\u00e1s que en las \u00faltimas dos carreras. De la ma\u00f1ana a la tarde hemos dado un buen paso adelante, me he encontrado much\u00edsimo mejor con la moto y a nivel de sensaciones ha sido muy positivo. Esto me da mucho confianza para seguir mejorando ma\u00f1ana. No he podido poner todo junto para hacer una vuelta r\u00e1pida y esto significa que para ma\u00f1ana tenemos un margen bastante importante. He mantenido un ritmo constante y ma\u00f1ana en los clasificatorios espero poder dar un salto todav\u00eda m\u00e1s grande\u201d.<\/p>\n","protected":false},"excerpt":{"rendered":"<p>MotoGP GP de la Rep. Checa \u2013 Brno El piloto del equipo Reale Avintia Racing, Tito Rabat, ha vuelto con muchas ganas de las vacaciones y lo ha demostrado con un gran ritmo en el primer d\u00eda de entrenamientos para el Gran Premio de la Rep\u00fablica Checa. Por la ma\u00f1ana ya se ha metido en [&hellip;]<\/p>\n","protected":false},"author":6,"featured_media":11104,"comment_status":"closed","ping_status":"closed","sticky":false,"template":"","format":"standard","meta":{"footnotes":""},"categories":[3],"tags":[],"class_list":["post-11132","post","type-post","status-publish","format-standard","has-post-thumbnail","hentry","category-motogp"],"yoast_head":"<!-- This site is optimized with the Yoast SEO plugin v27.1.1 - https:\/\/yoast.com\/product\/yoast-seo-wordpress\/ -->\n<title>Tito Rabat octavo el primer d\u00eda en Brno - Esponsorama<\/title>\n<meta name=\"robots\" content=\"index, follow, max-snippet:-1, max-image-preview:large, max-video-preview:-1\" \/>\n<link rel=\"canonical\" href=\"http:\/\/esponsorama.ad\/es\/tito-rabat-octavo-primer-dia-entrenamientos-brno\/\" \/>\n<meta property=\"og:locale\" content=\"es_ES\" \/>\n<meta property=\"og:type\" content=\"article\" \/>\n<meta property=\"og:title\" content=\"Tito Rabat octavo el primer d\u00eda en Brno - Esponsorama\" \/>\n<meta property=\"og:description\" content=\"MotoGP GP de la Rep. Checa \u2013 Brno El piloto del equipo Reale Avintia Racing, Tito Rabat, ha vuelto con muchas ganas de las vacaciones y lo ha demostrado con un gran ritmo en el primer d\u00eda de entrenamientos para el Gran Premio de la Rep\u00fablica Checa. Por la ma\u00f1ana ya se ha metido en [&hellip;]\" \/>\n<meta property=\"og:url\" content=\"http:\/\/esponsorama.ad\/es\/tito-rabat-octavo-primer-dia-entrenamientos-brno\/\" \/>\n<meta property=\"og:site_name\" content=\"Esponsorama\" \/>\n<meta property=\"article:published_time\" content=\"2018-08-03T15:39:44+00:00\" \/>\n<meta property=\"article:modified_time\" content=\"2018-08-03T15:53:42+00:00\" \/>\n<meta property=\"og:image\" content=\"http:\/\/esponsorama.ad\/wp-content\/uploads\/2018\/08\/10RCheca18MgpREALE_AVINTIA-1762-1024x683.jpg\" \/>\n\t<meta property=\"og:image:width\" content=\"1024\" \/>\n\t<meta property=\"og:image:height\" content=\"683\" \/>\n\t<meta property=\"og:image:type\" content=\"image\/jpeg\" \/>\n<meta name=\"author\" content=\"Xavi Andornet\" \/>\n<meta name=\"twitter:card\" content=\"summary_large_image\" \/>\n<meta name=\"twitter:label1\" content=\"Escrito por\" \/>\n\t<meta name=\"twitter:data1\" content=\"Xavi Andornet\" \/>\n\t<meta name=\"twitter:label2\" content=\"Tiempo de lectura\" \/>\n\t<meta name=\"twitter:data2\" content=\"2 minutos\" \/>\n<script type=\"application\/ld+json\" class=\"yoast-schema-graph\">{\"@context\":\"https:\/\/schema.org\",\"@graph\":[{\"@type\":\"Article\",\"@id\":\"http:\/\/esponsorama.ad\/es\/tito-rabat-octavo-primer-dia-entrenamientos-brno\/#article\",\"isPartOf\":{\"@id\":\"http:\/\/esponsorama.ad\/es\/tito-rabat-octavo-primer-dia-entrenamientos-brno\/\"},\"author\":{\"name\":\"Xavi Andornet\",\"@id\":\"http:\/\/esponsorama.ad\/es\/#\/schema\/person\/a5cde74945183d737066e46b61c6f9c4\"},\"headline\":\"Tito Rabat octavo el primer d\u00eda en Brno\",\"datePublished\":\"2018-08-03T15:39:44+00:00\",\"dateModified\":\"2018-08-03T15:53:42+00:00\",\"mainEntityOfPage\":{\"@id\":\"http:\/\/esponsorama.ad\/es\/tito-rabat-octavo-primer-dia-entrenamientos-brno\/\"},\"wordCount\":438,\"image\":{\"@id\":\"http:\/\/esponsorama.ad\/es\/tito-rabat-octavo-primer-dia-entrenamientos-brno\/#primaryimage\"},\"thumbnailUrl\":\"http:\/\/esponsorama.ad\/wp-content\/uploads\/2018\/08\/10RCheca18MgpREALE_AVINTIA-1762.jpg\",\"articleSection\":[\"MotoGP\"],\"inLanguage\":\"es\"},{\"@type\":\"WebPage\",\"@id\":\"http:\/\/esponsorama.ad\/es\/tito-rabat-octavo-primer-dia-entrenamientos-brno\/\",\"url\":\"http:\/\/esponsorama.ad\/es\/tito-rabat-octavo-primer-dia-entrenamientos-brno\/\",\"name\":\"Tito Rabat octavo el primer d\u00eda en Brno - Esponsorama\",\"isPartOf\":{\"@id\":\"http:\/\/esponsorama.ad\/es\/#website\"},\"primaryImageOfPage\":{\"@id\":\"http:\/\/esponsorama.ad\/es\/tito-rabat-octavo-primer-dia-entrenamientos-brno\/#primaryimage\"},\"image\":{\"@id\":\"http:\/\/esponsorama.ad\/es\/tito-rabat-octavo-primer-dia-entrenamientos-brno\/#primaryimage\"},\"thumbnailUrl\":\"http:\/\/esponsorama.ad\/wp-content\/uploads\/2018\/08\/10RCheca18MgpREALE_AVINTIA-1762.jpg\",\"datePublished\":\"2018-08-03T15:39:44+00:00\",\"dateModified\":\"2018-08-03T15:53:42+00:00\",\"author\":{\"@id\":\"http:\/\/esponsorama.ad\/es\/#\/schema\/person\/a5cde74945183d737066e46b61c6f9c4\"},\"breadcrumb\":{\"@id\":\"http:\/\/esponsorama.ad\/es\/tito-rabat-octavo-primer-dia-entrenamientos-brno\/#breadcrumb\"},\"inLanguage\":\"es\",\"potentialAction\":[{\"@type\":\"ReadAction\",\"target\":[\"http:\/\/esponsorama.ad\/es\/tito-rabat-octavo-primer-dia-entrenamientos-brno\/\"]}]},{\"@type\":\"ImageObject\",\"inLanguage\":\"es\",\"@id\":\"http:\/\/esponsorama.ad\/es\/tito-rabat-octavo-primer-dia-entrenamientos-brno\/#primaryimage\",\"url\":\"http:\/\/esponsorama.ad\/wp-content\/uploads\/2018\/08\/10RCheca18MgpREALE_AVINTIA-1762.jpg\",\"contentUrl\":\"http:\/\/esponsorama.ad\/wp-content\/uploads\/2018\/08\/10RCheca18MgpREALE_AVINTIA-1762.jpg\",\"width\":5102,\"height\":3401},{\"@type\":\"BreadcrumbList\",\"@id\":\"http:\/\/esponsorama.ad\/es\/tito-rabat-octavo-primer-dia-entrenamientos-brno\/#breadcrumb\",\"itemListElement\":[{\"@type\":\"ListItem\",\"position\":1,\"name\":\"Home\",\"item\":\"http:\/\/esponsorama.ad\/es\/\"},{\"@type\":\"ListItem\",\"position\":2,\"name\":\"Tito Rabat octavo el primer d\u00eda en Brno\"}]},{\"@type\":\"WebSite\",\"@id\":\"http:\/\/esponsorama.ad\/es\/#website\",\"url\":\"http:\/\/esponsorama.ad\/es\/\",\"name\":\"Esponsorama\",\"description\":\"Specialist in motorsport sponsorship and event promotions\",\"potentialAction\":[{\"@type\":\"SearchAction\",\"target\":{\"@type\":\"EntryPoint\",\"urlTemplate\":\"http:\/\/esponsorama.ad\/es\/?s={search_term_string}\"},\"query-input\":{\"@type\":\"PropertyValueSpecification\",\"valueRequired\":true,\"valueName\":\"search_term_string\"}}],\"inLanguage\":\"es\"},{\"@type\":\"Person\",\"@id\":\"http:\/\/esponsorama.ad\/es\/#\/schema\/person\/a5cde74945183d737066e46b61c6f9c4\",\"name\":\"Xavi Andornet\",\"image\":{\"@type\":\"ImageObject\",\"inLanguage\":\"es\",\"@id\":\"http:\/\/esponsorama.ad\/es\/#\/schema\/person\/image\/\",\"url\":\"https:\/\/secure.gravatar.com\/avatar\/f10eaf9ad601244a2357c9fd7cd9805ed166cfaaf76d5d9ab08a9d873e70147a?s=96&d=mm&r=g\",\"contentUrl\":\"https:\/\/secure.gravatar.com\/avatar\/f10eaf9ad601244a2357c9fd7cd9805ed166cfaaf76d5d9ab08a9d873e70147a?s=96&d=mm&r=g\",\"caption\":\"Xavi Andornet\"},\"sameAs\":[\"http:\/\/www.andornet.ad\"],\"url\":\"http:\/\/esponsorama.ad\/es\/author\/andornet\/\"}]}<\/script>\n<!-- \/ Yoast SEO plugin. -->","yoast_head_json":{"title":"Tito Rabat octavo el primer d\u00eda en Brno - Esponsorama","robots":{"index":"index","follow":"follow","max-snippet":"max-snippet:-1","max-image-preview":"max-image-preview:large","max-video-preview":"max-video-preview:-1"},"canonical":"http:\/\/esponsorama.ad\/es\/tito-rabat-octavo-primer-dia-entrenamientos-brno\/","og_locale":"es_ES","og_type":"article","og_title":"Tito Rabat octavo el primer d\u00eda en Brno - Esponsorama","og_description":"MotoGP GP de la Rep. Checa \u2013 Brno El piloto del equipo Reale Avintia Racing, Tito Rabat, ha vuelto con muchas ganas de las vacaciones y lo ha demostrado con un gran ritmo en el primer d\u00eda de entrenamientos para el Gran Premio de la Rep\u00fablica Checa. Por la ma\u00f1ana ya se ha metido en [&hellip;]","og_url":"http:\/\/esponsorama.ad\/es\/tito-rabat-octavo-primer-dia-entrenamientos-brno\/","og_site_name":"Esponsorama","article_published_time":"2018-08-03T15:39:44+00:00","article_modified_time":"2018-08-03T15:53:42+00:00","og_image":[{"width":1024,"height":683,"url":"http:\/\/esponsorama.ad\/wp-content\/uploads\/2018\/08\/10RCheca18MgpREALE_AVINTIA-1762-1024x683.jpg","type":"image\/jpeg"}],"author":"Xavi Andornet","twitter_card":"summary_large_image","twitter_misc":{"Escrito por":"Xavi Andornet","Tiempo de lectura":"2 minutos"},"schema":{"@context":"https:\/\/schema.org","@graph":[{"@type":"Article","@id":"http:\/\/esponsorama.ad\/es\/tito-rabat-octavo-primer-dia-entrenamientos-brno\/#article","isPartOf":{"@id":"http:\/\/esponsorama.ad\/es\/tito-rabat-octavo-primer-dia-entrenamientos-brno\/"},"author":{"name":"Xavi Andornet","@id":"http:\/\/esponsorama.ad\/es\/#\/schema\/person\/a5cde74945183d737066e46b61c6f9c4"},"headline":"Tito Rabat octavo el primer d\u00eda en Brno","datePublished":"2018-08-03T15:39:44+00:00","dateModified":"2018-08-03T15:53:42+00:00","mainEntityOfPage":{"@id":"http:\/\/esponsorama.ad\/es\/tito-rabat-octavo-primer-dia-entrenamientos-brno\/"},"wordCount":438,"image":{"@id":"http:\/\/esponsorama.ad\/es\/tito-rabat-octavo-primer-dia-entrenamientos-brno\/#primaryimage"},"thumbnailUrl":"http:\/\/esponsorama.ad\/wp-content\/uploads\/2018\/08\/10RCheca18MgpREALE_AVINTIA-1762.jpg","articleSection":["MotoGP"],"inLanguage":"es"},{"@type":"WebPage","@id":"http:\/\/esponsorama.ad\/es\/tito-rabat-octavo-primer-dia-entrenamientos-brno\/","url":"http:\/\/esponsorama.ad\/es\/tito-rabat-octavo-primer-dia-entrenamientos-brno\/","name":"Tito Rabat octavo el primer d\u00eda en Brno - Esponsorama","isPartOf":{"@id":"http:\/\/esponsorama.ad\/es\/#website"},"primaryImageOfPage":{"@id":"http:\/\/esponsorama.ad\/es\/tito-rabat-octavo-primer-dia-entrenamientos-brno\/#primaryimage"},"image":{"@id":"http:\/\/esponsorama.ad\/es\/tito-rabat-octavo-primer-dia-entrenamientos-brno\/#primaryimage"},"thumbnailUrl":"http:\/\/esponsorama.ad\/wp-content\/uploads\/2018\/08\/10RCheca18MgpREALE_AVINTIA-1762.jpg","datePublished":"2018-08-03T15:39:44+00:00","dateModified":"2018-08-03T15:53:42+00:00","author":{"@id":"http:\/\/esponsorama.ad\/es\/#\/schema\/person\/a5cde74945183d737066e46b61c6f9c4"},"breadcrumb":{"@id":"http:\/\/esponsorama.ad\/es\/tito-rabat-octavo-primer-dia-entrenamientos-brno\/#breadcrumb"},"inLanguage":"es","potentialAction":[{"@type":"ReadAction","target":["http:\/\/esponsorama.ad\/es\/tito-rabat-octavo-primer-dia-entrenamientos-brno\/"]}]},{"@type":"ImageObject","inLanguage":"es","@id":"http:\/\/esponsorama.ad\/es\/tito-rabat-octavo-primer-dia-entrenamientos-brno\/#primaryimage","url":"http:\/\/esponsorama.ad\/wp-content\/uploads\/2018\/08\/10RCheca18MgpREALE_AVINTIA-1762.jpg","contentUrl":"http:\/\/esponsorama.ad\/wp-content\/uploads\/2018\/08\/10RCheca18MgpREALE_AVINTIA-1762.jpg","width":5102,"height":3401},{"@type":"BreadcrumbList","@id":"http:\/\/esponsorama.ad\/es\/tito-rabat-octavo-primer-dia-entrenamientos-brno\/#breadcrumb","itemListElement":[{"@type":"ListItem","position":1,"name":"Home","item":"http:\/\/esponsorama.ad\/es\/"},{"@type":"ListItem","position":2,"name":"Tito Rabat octavo el primer d\u00eda en Brno"}]},{"@type":"WebSite","@id":"http:\/\/esponsorama.ad\/es\/#website","url":"http:\/\/esponsorama.ad\/es\/","name":"Esponsorama","description":"Specialist in motorsport sponsorship and event promotions","potentialAction":[{"@type":"SearchAction","target":{"@type":"EntryPoint","urlTemplate":"http:\/\/esponsorama.ad\/es\/?s={search_term_string}"},"query-input":{"@type":"PropertyValueSpecification","valueRequired":true,"valueName":"search_term_string"}}],"inLanguage":"es"},{"@type":"Person","@id":"http:\/\/esponsorama.ad\/es\/#\/schema\/person\/a5cde74945183d737066e46b61c6f9c4","name":"Xavi Andornet","image":{"@type":"ImageObject","inLanguage":"es","@id":"http:\/\/esponsorama.ad\/es\/#\/schema\/person\/image\/","url":"https:\/\/secure.gravatar.com\/avatar\/f10eaf9ad601244a2357c9fd7cd9805ed166cfaaf76d5d9ab08a9d873e70147a?s=96&d=mm&r=g","contentUrl":"https:\/\/secure.gravatar.com\/avatar\/f10eaf9ad601244a2357c9fd7cd9805ed166cfaaf76d5d9ab08a9d873e70147a?s=96&d=mm&r=g","caption":"Xavi Andornet"},"sameAs":["http:\/\/www.andornet.ad"],"url":"http:\/\/esponsorama.ad\/es\/author\/andornet\/"}]}},"_links":{"self":[{"href":"http:\/\/esponsorama.ad\/es\/wp-json\/wp\/v2\/posts\/11132","targetHints":{"allow":["GET"]}}],"collection":[{"href":"http:\/\/esponsorama.ad\/es\/wp-json\/wp\/v2\/posts"}],"about":[{"href":"http:\/\/esponsorama.ad\/es\/wp-json\/wp\/v2\/types\/post"}],"author":[{"embeddable":true,"href":"http:\/\/esponsorama.ad\/es\/wp-json\/wp\/v2\/users\/6"}],"replies":[{"embeddable":true,"href":"http:\/\/esponsorama.ad\/es\/wp-json\/wp\/v2\/comments?post=11132"}],"version-history":[{"count":0,"href":"http:\/\/esponsorama.ad\/es\/wp-json\/wp\/v2\/posts\/11132\/revisions"}],"wp:featuredmedia":[{"embeddable":true,"href":"http:\/\/esponsorama.ad\/es\/wp-json\/wp\/v2\/media\/11104"}],"wp:attachment":[{"href":"http:\/\/esponsorama.ad\/es\/wp-json\/wp\/v2\/media?parent=11132"}],"wp:term":[{"taxonomy":"category","embeddable":true,"href":"http:\/\/esponsorama.ad\/es\/wp-json\/wp\/v2\/categories?post=11132"},{"taxonomy":"post_tag","embeddable":true,"href":"http:\/\/esponsorama.ad\/es\/wp-json\/wp\/v2\/tags?post=11132"}],"curies":[{"name":"wp","href":"https:\/\/api.w.org\/{rel}","templated":true}]}}