{"id":11254,"date":"2018-08-04T17:37:13","date_gmt":"2018-08-04T15:37:13","guid":{"rendered":"http:\/\/esponsorama.ad\/?p=11254"},"modified":"2018-08-04T17:56:54","modified_gmt":"2018-08-04T15:56:54","slug":"tito-rabat-pasa-la-q2-manana-saldra-desde-la-cuarta-linea-parrilla-3","status":"publish","type":"post","link":"http:\/\/esponsorama.ad\/es\/tito-rabat-pasa-la-q2-manana-saldra-desde-la-cuarta-linea-parrilla-3\/","title":{"rendered":"Tito Rabat pasa a la Q2 y ma\u00f1ana saldr\u00e1 desde la cuarta l\u00ednea de parrilla"},"content":{"rendered":"<p><strong>MotoGP GP de la Rep. Checa \u2013 Brno<\/strong><\/p>\n<p>El segundo d\u00eda de entrenamientos libres y cronometrados para el Gran Premio de la Rep\u00fablica Checa ha sido muy positivo para Tito Rabat y el equipo Reale Avintia Racing. Esta ma\u00f1ana en el FP3 el espa\u00f1ol ha terminado noveno, confirmando sus buenas sensaciones del viernes y pasando directo a la Q2.<\/p>\n<p>En el FP4 ha trabajado en configuraci\u00f3n de carrera y las conclusiones han sido muy buenas. En la Q2 lo ha dado todo y ha mejorado bastante su vuelta r\u00e1pida, pero se ha rodado rapid\u00edsimo y ma\u00f1ana saldr\u00e1 und\u00e9cimo desde la cuarta l\u00ednea de la parrilla.<\/p>\n<p>Xavier Simeon ha mejorado con respeto a ayer, pero no lo suficiente para mejorar su posici\u00f3n. S\u00ed han mejorado sus sensaciones con la moto y el neum\u00e1tico trasero blando de Michelin pero, aunque lo ha intentado todo, ma\u00f1ana saldr\u00e1 desde el final de la parrilla. Aun as\u00ed, el piloto belga del Reale Avintia, espera poder estar con el grupo de detr\u00e1s, desde la primera a la \u00faltima vuelta.<\/p>\n\n<p>\u00abEstoy muy contento porque hemos conseguido pasar a la Q2 y esto ya es un gran logro. En la sesi\u00f3n clasificatoria he hecho una gran vuelta, pero los de delante han apretado mucho. A ver ma\u00f1ana porque va a ser una carrera muy dura y habr\u00e1 que estar muy concentrados porque todo se va a decidir por peque\u00f1os detalles. La clave ser\u00e1 gestionar bien los neum\u00e1ticos con el acelerador, porque de f\u00edsico todos estamos muy fuertes y no ser\u00e1 un problema a pesar del calor. Hay que ser suave con el gas y tambi\u00e9n evitar derrapar frenando, para as\u00ed llegar con los neum\u00e1ticos bien hasta el final y conseguir un buen resultado\u201d.<\/p>\n\n<p>\u201cLa verdad es que esta ma\u00f1ana ha ido muy bien y ten\u00eda mejores sensaciones con la moto. Hemos dado un paso bastante grande y confiaba en hacer una buena calificaci\u00f3n. Con el primer neum\u00e1tico en la \u2018qualy\u2019 no ten\u00eda tanto agarre como por la ma\u00f1ana, pero cuando puse el segundo he vuelto a tener muy buenas sensaciones. Ven\u00eda haciendo mi vuelta r\u00e1pida, pero me ha pasado Pol Espargar\u00f3, se ha colado, despu\u00e9s nos hemos molestado y los dos hemos perdido la vuelta. Es una pena porque podr\u00eda haberme acercado un poco m\u00e1s, pero es lo que hay. Ma\u00f1ana apretaremos los dientes para la carrera, 21 vueltas que ser\u00e1n muy duras, pero espero poder hacerlo bien\u201d.<\/p>\n","protected":false},"excerpt":{"rendered":"<p>MotoGP GP de la Rep. Checa \u2013 Brno El segundo d\u00eda de entrenamientos libres y cronometrados para el Gran Premio de la Rep\u00fablica Checa ha sido muy positivo para Tito Rabat y el equipo Reale Avintia Racing. Esta ma\u00f1ana en el FP3 el espa\u00f1ol ha terminado noveno, confirmando sus buenas sensaciones del viernes y pasando [&hellip;]<\/p>\n","protected":false},"author":6,"featured_media":11206,"comment_status":"closed","ping_status":"closed","sticky":false,"template":"","format":"standard","meta":{"footnotes":""},"categories":[3],"tags":[],"class_list":["post-11254","post","type-post","status-publish","format-standard","has-post-thumbnail","hentry","category-motogp"],"yoast_head":"<!-- This site is optimized with the Yoast SEO plugin v27.1.1 - https:\/\/yoast.com\/product\/yoast-seo-wordpress\/ -->\n<title>Tito Rabat pasa a la Q2 y ma\u00f1ana saldr\u00e1 desde la cuarta l\u00ednea de parrilla - Esponsorama<\/title>\n<meta name=\"robots\" content=\"index, follow, max-snippet:-1, max-image-preview:large, max-video-preview:-1\" \/>\n<link rel=\"canonical\" href=\"http:\/\/esponsorama.ad\/es\/tito-rabat-pasa-la-q2-manana-saldra-desde-la-cuarta-linea-parrilla-3\/\" \/>\n<meta property=\"og:locale\" content=\"es_ES\" \/>\n<meta property=\"og:type\" content=\"article\" \/>\n<meta property=\"og:title\" content=\"Tito Rabat pasa a la Q2 y ma\u00f1ana saldr\u00e1 desde la cuarta l\u00ednea de parrilla - Esponsorama\" \/>\n<meta property=\"og:description\" content=\"MotoGP GP de la Rep. Checa \u2013 Brno El segundo d\u00eda de entrenamientos libres y cronometrados para el Gran Premio de la Rep\u00fablica Checa ha sido muy positivo para Tito Rabat y el equipo Reale Avintia Racing. Esta ma\u00f1ana en el FP3 el espa\u00f1ol ha terminado noveno, confirmando sus buenas sensaciones del viernes y pasando [&hellip;]\" \/>\n<meta property=\"og:url\" content=\"http:\/\/esponsorama.ad\/es\/tito-rabat-pasa-la-q2-manana-saldra-desde-la-cuarta-linea-parrilla-3\/\" \/>\n<meta property=\"og:site_name\" content=\"Esponsorama\" \/>\n<meta property=\"article:published_time\" content=\"2018-08-04T15:37:13+00:00\" \/>\n<meta property=\"article:modified_time\" content=\"2018-08-04T15:56:54+00:00\" \/>\n<meta property=\"og:image\" content=\"http:\/\/esponsorama.ad\/wp-content\/uploads\/2018\/08\/10_Brno_2018_MotoGP_Rabat_Saturday-0162-1024x683.jpg\" \/>\n\t<meta property=\"og:image:width\" content=\"1024\" \/>\n\t<meta property=\"og:image:height\" content=\"683\" \/>\n\t<meta property=\"og:image:type\" content=\"image\/jpeg\" \/>\n<meta name=\"author\" content=\"Xavi Andornet\" \/>\n<meta name=\"twitter:card\" content=\"summary_large_image\" \/>\n<meta name=\"twitter:label1\" content=\"Escrito por\" \/>\n\t<meta name=\"twitter:data1\" content=\"Xavi Andornet\" \/>\n\t<meta name=\"twitter:label2\" content=\"Tiempo de lectura\" \/>\n\t<meta name=\"twitter:data2\" content=\"2 minutos\" \/>\n<script type=\"application\/ld+json\" class=\"yoast-schema-graph\">{\"@context\":\"https:\/\/schema.org\",\"@graph\":[{\"@type\":\"Article\",\"@id\":\"http:\/\/esponsorama.ad\/es\/tito-rabat-pasa-la-q2-manana-saldra-desde-la-cuarta-linea-parrilla-3\/#article\",\"isPartOf\":{\"@id\":\"http:\/\/esponsorama.ad\/es\/tito-rabat-pasa-la-q2-manana-saldra-desde-la-cuarta-linea-parrilla-3\/\"},\"author\":{\"name\":\"Xavi Andornet\",\"@id\":\"http:\/\/esponsorama.ad\/es\/#\/schema\/person\/a5cde74945183d737066e46b61c6f9c4\"},\"headline\":\"Tito Rabat pasa a la Q2 y ma\u00f1ana saldr\u00e1 desde la cuarta l\u00ednea de parrilla\",\"datePublished\":\"2018-08-04T15:37:13+00:00\",\"dateModified\":\"2018-08-04T15:56:54+00:00\",\"mainEntityOfPage\":{\"@id\":\"http:\/\/esponsorama.ad\/es\/tito-rabat-pasa-la-q2-manana-saldra-desde-la-cuarta-linea-parrilla-3\/\"},\"wordCount\":459,\"image\":{\"@id\":\"http:\/\/esponsorama.ad\/es\/tito-rabat-pasa-la-q2-manana-saldra-desde-la-cuarta-linea-parrilla-3\/#primaryimage\"},\"thumbnailUrl\":\"http:\/\/esponsorama.ad\/wp-content\/uploads\/2018\/08\/10_Brno_2018_MotoGP_Rabat_Saturday-0162.jpg\",\"articleSection\":[\"MotoGP\"],\"inLanguage\":\"es\"},{\"@type\":\"WebPage\",\"@id\":\"http:\/\/esponsorama.ad\/es\/tito-rabat-pasa-la-q2-manana-saldra-desde-la-cuarta-linea-parrilla-3\/\",\"url\":\"http:\/\/esponsorama.ad\/es\/tito-rabat-pasa-la-q2-manana-saldra-desde-la-cuarta-linea-parrilla-3\/\",\"name\":\"Tito Rabat pasa a la Q2 y ma\u00f1ana saldr\u00e1 desde la cuarta l\u00ednea de parrilla - Esponsorama\",\"isPartOf\":{\"@id\":\"http:\/\/esponsorama.ad\/es\/#website\"},\"primaryImageOfPage\":{\"@id\":\"http:\/\/esponsorama.ad\/es\/tito-rabat-pasa-la-q2-manana-saldra-desde-la-cuarta-linea-parrilla-3\/#primaryimage\"},\"image\":{\"@id\":\"http:\/\/esponsorama.ad\/es\/tito-rabat-pasa-la-q2-manana-saldra-desde-la-cuarta-linea-parrilla-3\/#primaryimage\"},\"thumbnailUrl\":\"http:\/\/esponsorama.ad\/wp-content\/uploads\/2018\/08\/10_Brno_2018_MotoGP_Rabat_Saturday-0162.jpg\",\"datePublished\":\"2018-08-04T15:37:13+00:00\",\"dateModified\":\"2018-08-04T15:56:54+00:00\",\"author\":{\"@id\":\"http:\/\/esponsorama.ad\/es\/#\/schema\/person\/a5cde74945183d737066e46b61c6f9c4\"},\"breadcrumb\":{\"@id\":\"http:\/\/esponsorama.ad\/es\/tito-rabat-pasa-la-q2-manana-saldra-desde-la-cuarta-linea-parrilla-3\/#breadcrumb\"},\"inLanguage\":\"es\",\"potentialAction\":[{\"@type\":\"ReadAction\",\"target\":[\"http:\/\/esponsorama.ad\/es\/tito-rabat-pasa-la-q2-manana-saldra-desde-la-cuarta-linea-parrilla-3\/\"]}]},{\"@type\":\"ImageObject\",\"inLanguage\":\"es\",\"@id\":\"http:\/\/esponsorama.ad\/es\/tito-rabat-pasa-la-q2-manana-saldra-desde-la-cuarta-linea-parrilla-3\/#primaryimage\",\"url\":\"http:\/\/esponsorama.ad\/wp-content\/uploads\/2018\/08\/10_Brno_2018_MotoGP_Rabat_Saturday-0162.jpg\",\"contentUrl\":\"http:\/\/esponsorama.ad\/wp-content\/uploads\/2018\/08\/10_Brno_2018_MotoGP_Rabat_Saturday-0162.jpg\",\"width\":2800,\"height\":1867},{\"@type\":\"BreadcrumbList\",\"@id\":\"http:\/\/esponsorama.ad\/es\/tito-rabat-pasa-la-q2-manana-saldra-desde-la-cuarta-linea-parrilla-3\/#breadcrumb\",\"itemListElement\":[{\"@type\":\"ListItem\",\"position\":1,\"name\":\"Home\",\"item\":\"http:\/\/esponsorama.ad\/es\/\"},{\"@type\":\"ListItem\",\"position\":2,\"name\":\"Tito Rabat pasa a la Q2 y ma\u00f1ana saldr\u00e1 desde la cuarta l\u00ednea de parrilla\"}]},{\"@type\":\"WebSite\",\"@id\":\"http:\/\/esponsorama.ad\/es\/#website\",\"url\":\"http:\/\/esponsorama.ad\/es\/\",\"name\":\"Esponsorama\",\"description\":\"Specialist in motorsport sponsorship and event promotions\",\"potentialAction\":[{\"@type\":\"SearchAction\",\"target\":{\"@type\":\"EntryPoint\",\"urlTemplate\":\"http:\/\/esponsorama.ad\/es\/?s={search_term_string}\"},\"query-input\":{\"@type\":\"PropertyValueSpecification\",\"valueRequired\":true,\"valueName\":\"search_term_string\"}}],\"inLanguage\":\"es\"},{\"@type\":\"Person\",\"@id\":\"http:\/\/esponsorama.ad\/es\/#\/schema\/person\/a5cde74945183d737066e46b61c6f9c4\",\"name\":\"Xavi Andornet\",\"image\":{\"@type\":\"ImageObject\",\"inLanguage\":\"es\",\"@id\":\"http:\/\/esponsorama.ad\/es\/#\/schema\/person\/image\/\",\"url\":\"https:\/\/secure.gravatar.com\/avatar\/f10eaf9ad601244a2357c9fd7cd9805ed166cfaaf76d5d9ab08a9d873e70147a?s=96&d=mm&r=g\",\"contentUrl\":\"https:\/\/secure.gravatar.com\/avatar\/f10eaf9ad601244a2357c9fd7cd9805ed166cfaaf76d5d9ab08a9d873e70147a?s=96&d=mm&r=g\",\"caption\":\"Xavi Andornet\"},\"sameAs\":[\"http:\/\/www.andornet.ad\"],\"url\":\"http:\/\/esponsorama.ad\/es\/author\/andornet\/\"}]}<\/script>\n<!-- \/ Yoast SEO plugin. -->","yoast_head_json":{"title":"Tito Rabat pasa a la Q2 y ma\u00f1ana saldr\u00e1 desde la cuarta l\u00ednea de parrilla - Esponsorama","robots":{"index":"index","follow":"follow","max-snippet":"max-snippet:-1","max-image-preview":"max-image-preview:large","max-video-preview":"max-video-preview:-1"},"canonical":"http:\/\/esponsorama.ad\/es\/tito-rabat-pasa-la-q2-manana-saldra-desde-la-cuarta-linea-parrilla-3\/","og_locale":"es_ES","og_type":"article","og_title":"Tito Rabat pasa a la Q2 y ma\u00f1ana saldr\u00e1 desde la cuarta l\u00ednea de parrilla - Esponsorama","og_description":"MotoGP GP de la Rep. Checa \u2013 Brno El segundo d\u00eda de entrenamientos libres y cronometrados para el Gran Premio de la Rep\u00fablica Checa ha sido muy positivo para Tito Rabat y el equipo Reale Avintia Racing. Esta ma\u00f1ana en el FP3 el espa\u00f1ol ha terminado noveno, confirmando sus buenas sensaciones del viernes y pasando [&hellip;]","og_url":"http:\/\/esponsorama.ad\/es\/tito-rabat-pasa-la-q2-manana-saldra-desde-la-cuarta-linea-parrilla-3\/","og_site_name":"Esponsorama","article_published_time":"2018-08-04T15:37:13+00:00","article_modified_time":"2018-08-04T15:56:54+00:00","og_image":[{"width":1024,"height":683,"url":"http:\/\/esponsorama.ad\/wp-content\/uploads\/2018\/08\/10_Brno_2018_MotoGP_Rabat_Saturday-0162-1024x683.jpg","type":"image\/jpeg"}],"author":"Xavi Andornet","twitter_card":"summary_large_image","twitter_misc":{"Escrito por":"Xavi Andornet","Tiempo de lectura":"2 minutos"},"schema":{"@context":"https:\/\/schema.org","@graph":[{"@type":"Article","@id":"http:\/\/esponsorama.ad\/es\/tito-rabat-pasa-la-q2-manana-saldra-desde-la-cuarta-linea-parrilla-3\/#article","isPartOf":{"@id":"http:\/\/esponsorama.ad\/es\/tito-rabat-pasa-la-q2-manana-saldra-desde-la-cuarta-linea-parrilla-3\/"},"author":{"name":"Xavi Andornet","@id":"http:\/\/esponsorama.ad\/es\/#\/schema\/person\/a5cde74945183d737066e46b61c6f9c4"},"headline":"Tito Rabat pasa a la Q2 y ma\u00f1ana saldr\u00e1 desde la cuarta l\u00ednea de parrilla","datePublished":"2018-08-04T15:37:13+00:00","dateModified":"2018-08-04T15:56:54+00:00","mainEntityOfPage":{"@id":"http:\/\/esponsorama.ad\/es\/tito-rabat-pasa-la-q2-manana-saldra-desde-la-cuarta-linea-parrilla-3\/"},"wordCount":459,"image":{"@id":"http:\/\/esponsorama.ad\/es\/tito-rabat-pasa-la-q2-manana-saldra-desde-la-cuarta-linea-parrilla-3\/#primaryimage"},"thumbnailUrl":"http:\/\/esponsorama.ad\/wp-content\/uploads\/2018\/08\/10_Brno_2018_MotoGP_Rabat_Saturday-0162.jpg","articleSection":["MotoGP"],"inLanguage":"es"},{"@type":"WebPage","@id":"http:\/\/esponsorama.ad\/es\/tito-rabat-pasa-la-q2-manana-saldra-desde-la-cuarta-linea-parrilla-3\/","url":"http:\/\/esponsorama.ad\/es\/tito-rabat-pasa-la-q2-manana-saldra-desde-la-cuarta-linea-parrilla-3\/","name":"Tito Rabat pasa a la Q2 y ma\u00f1ana saldr\u00e1 desde la cuarta l\u00ednea de parrilla - Esponsorama","isPartOf":{"@id":"http:\/\/esponsorama.ad\/es\/#website"},"primaryImageOfPage":{"@id":"http:\/\/esponsorama.ad\/es\/tito-rabat-pasa-la-q2-manana-saldra-desde-la-cuarta-linea-parrilla-3\/#primaryimage"},"image":{"@id":"http:\/\/esponsorama.ad\/es\/tito-rabat-pasa-la-q2-manana-saldra-desde-la-cuarta-linea-parrilla-3\/#primaryimage"},"thumbnailUrl":"http:\/\/esponsorama.ad\/wp-content\/uploads\/2018\/08\/10_Brno_2018_MotoGP_Rabat_Saturday-0162.jpg","datePublished":"2018-08-04T15:37:13+00:00","dateModified":"2018-08-04T15:56:54+00:00","author":{"@id":"http:\/\/esponsorama.ad\/es\/#\/schema\/person\/a5cde74945183d737066e46b61c6f9c4"},"breadcrumb":{"@id":"http:\/\/esponsorama.ad\/es\/tito-rabat-pasa-la-q2-manana-saldra-desde-la-cuarta-linea-parrilla-3\/#breadcrumb"},"inLanguage":"es","potentialAction":[{"@type":"ReadAction","target":["http:\/\/esponsorama.ad\/es\/tito-rabat-pasa-la-q2-manana-saldra-desde-la-cuarta-linea-parrilla-3\/"]}]},{"@type":"ImageObject","inLanguage":"es","@id":"http:\/\/esponsorama.ad\/es\/tito-rabat-pasa-la-q2-manana-saldra-desde-la-cuarta-linea-parrilla-3\/#primaryimage","url":"http:\/\/esponsorama.ad\/wp-content\/uploads\/2018\/08\/10_Brno_2018_MotoGP_Rabat_Saturday-0162.jpg","contentUrl":"http:\/\/esponsorama.ad\/wp-content\/uploads\/2018\/08\/10_Brno_2018_MotoGP_Rabat_Saturday-0162.jpg","width":2800,"height":1867},{"@type":"BreadcrumbList","@id":"http:\/\/esponsorama.ad\/es\/tito-rabat-pasa-la-q2-manana-saldra-desde-la-cuarta-linea-parrilla-3\/#breadcrumb","itemListElement":[{"@type":"ListItem","position":1,"name":"Home","item":"http:\/\/esponsorama.ad\/es\/"},{"@type":"ListItem","position":2,"name":"Tito Rabat pasa a la Q2 y ma\u00f1ana saldr\u00e1 desde la cuarta l\u00ednea de parrilla"}]},{"@type":"WebSite","@id":"http:\/\/esponsorama.ad\/es\/#website","url":"http:\/\/esponsorama.ad\/es\/","name":"Esponsorama","description":"Specialist in motorsport sponsorship and event promotions","potentialAction":[{"@type":"SearchAction","target":{"@type":"EntryPoint","urlTemplate":"http:\/\/esponsorama.ad\/es\/?s={search_term_string}"},"query-input":{"@type":"PropertyValueSpecification","valueRequired":true,"valueName":"search_term_string"}}],"inLanguage":"es"},{"@type":"Person","@id":"http:\/\/esponsorama.ad\/es\/#\/schema\/person\/a5cde74945183d737066e46b61c6f9c4","name":"Xavi Andornet","image":{"@type":"ImageObject","inLanguage":"es","@id":"http:\/\/esponsorama.ad\/es\/#\/schema\/person\/image\/","url":"https:\/\/secure.gravatar.com\/avatar\/f10eaf9ad601244a2357c9fd7cd9805ed166cfaaf76d5d9ab08a9d873e70147a?s=96&d=mm&r=g","contentUrl":"https:\/\/secure.gravatar.com\/avatar\/f10eaf9ad601244a2357c9fd7cd9805ed166cfaaf76d5d9ab08a9d873e70147a?s=96&d=mm&r=g","caption":"Xavi Andornet"},"sameAs":["http:\/\/www.andornet.ad"],"url":"http:\/\/esponsorama.ad\/es\/author\/andornet\/"}]}},"_links":{"self":[{"href":"http:\/\/esponsorama.ad\/es\/wp-json\/wp\/v2\/posts\/11254","targetHints":{"allow":["GET"]}}],"collection":[{"href":"http:\/\/esponsorama.ad\/es\/wp-json\/wp\/v2\/posts"}],"about":[{"href":"http:\/\/esponsorama.ad\/es\/wp-json\/wp\/v2\/types\/post"}],"author":[{"embeddable":true,"href":"http:\/\/esponsorama.ad\/es\/wp-json\/wp\/v2\/users\/6"}],"replies":[{"embeddable":true,"href":"http:\/\/esponsorama.ad\/es\/wp-json\/wp\/v2\/comments?post=11254"}],"version-history":[{"count":0,"href":"http:\/\/esponsorama.ad\/es\/wp-json\/wp\/v2\/posts\/11254\/revisions"}],"wp:featuredmedia":[{"embeddable":true,"href":"http:\/\/esponsorama.ad\/es\/wp-json\/wp\/v2\/media\/11206"}],"wp:attachment":[{"href":"http:\/\/esponsorama.ad\/es\/wp-json\/wp\/v2\/media?parent=11254"}],"wp:term":[{"taxonomy":"category","embeddable":true,"href":"http:\/\/esponsorama.ad\/es\/wp-json\/wp\/v2\/categories?post=11254"},{"taxonomy":"post_tag","embeddable":true,"href":"http:\/\/esponsorama.ad\/es\/wp-json\/wp\/v2\/tags?post=11254"}],"curies":[{"name":"wp","href":"https:\/\/api.w.org\/{rel}","templated":true}]}}