{"id":11731,"date":"2018-08-25T19:59:18","date_gmt":"2018-08-25T17:59:18","guid":{"rendered":"http:\/\/esponsorama.ad\/?p=11731"},"modified":"2018-08-25T20:11:24","modified_gmt":"2018-08-25T18:11:24","slug":"grave-lesion-tito-rabat-silverstone-2","status":"publish","type":"post","link":"http:\/\/esponsorama.ad\/es\/grave-lesion-tito-rabat-silverstone-2\/","title":{"rendered":"Grave lesi\u00f3n de Tito Rabat en Silverstone"},"content":{"rendered":"<p><strong>MotoGP GP de Gran Breta\u00f1a \u2013 Silverstone<\/strong><\/p>\n<p>El piloto del equipo Reale Avintia Racing, Tito Rabat, ha sufrido una grave lesi\u00f3n durante el FP4 hoy en Silverstone. La lluvia ha comenzado a caer con m\u00e1s fuerza y el nuevo asfalto no ha podido drenar el agua, form\u00e1ndose grandes charcos en varios puntos del circuito. En particular en la curva 7, m\u00e1s conocida como Stowe, la acumulaci\u00f3n de agua era enorme y varios pilotos, entre ellos Tito Rabat se han ca\u00eddo. Pero cuando Tito se ha incorporado para llegar a las protecciones, la moto de Franco Morbidelli, quien tambi\u00e9n ha ca\u00eddo en el mismo punto, le ha impactado con mucha violencia. El primer parte m\u00e9dico apunta a que Rabat ha sufrido fractura de f\u00e9mur, tibia y peron\u00e9 de su pierna derecha. El piloto espa\u00f1ol ha sido evacuado en helic\u00f3ptero al Hospital Universitario de Coventry donde ser\u00e1 operado de urgencia esta misma tarde.<\/p>\n<p>Seguiremos informando del estado de Tito Rabat seg\u00fan nos lleguen nuevas noticias desde el hospital.<\/p>\n<p>Para Xavier Simeon el d\u00eda no ha sido muy positivo y ha terminado 22\u00ba, con lo que ma\u00f1ana espera encontrar algo en el warm-up para poder ser m\u00e1s competitivo en la carrera.<\/p>\n<p>Debido a la previsi\u00f3n de m\u00e1s lluvia para ma\u00f1ana y por motivos de seguridad, el warm-up comenzar\u00e1 a las 9:00 y la carrera de MotoGP programada a 20 vueltas, dar\u00e1 comienzo a las 11:30.\u00a0\u00a0 .<\/p>\n\n<p>\u201cSinceramente ha sido un desastre desde que empezamos ayer. No sabemos por qu\u00e9 pero no conseguimos ni acercarnos al grupo con el cu\u00e1l peleo habitualmente. Estamos muy lejos hasta en agua y tambi\u00e9n en condiciones mixtas, donde normalmente voy r\u00e1pido. No estamos al nivel y no encontramos soluciones. Pero aparte de esto, mis pensamientos hoy est\u00e1n con Tito porque ha sufrido una lesi\u00f3n sin tener ninguna culpa. Parece que la lesi\u00f3n es seria y no se lo merece, porque es un piloto muy trabajador y vive como nadie su profesi\u00f3n. Le deseo una r\u00e1pida recuperaci\u00f3n. Si ma\u00f1ana llueve es imposible correr en este circuito porque no drena y ya hemos visto lo que ha sucedido con Tito\u201d.<\/p>\n","protected":false},"excerpt":{"rendered":"<p>MotoGP GP de Gran Breta\u00f1a \u2013 Silverstone El piloto del equipo Reale Avintia Racing, Tito Rabat, ha sufrido una grave lesi\u00f3n durante el FP4 hoy en Silverstone. La lluvia ha comenzado a caer con m\u00e1s fuerza y el nuevo asfalto no ha podido drenar el agua, form\u00e1ndose grandes charcos en varios puntos del circuito. En [&hellip;]<\/p>\n","protected":false},"author":6,"featured_media":11742,"comment_status":"closed","ping_status":"closed","sticky":false,"template":"","format":"standard","meta":{"footnotes":""},"categories":[3],"tags":[],"class_list":["post-11731","post","type-post","status-publish","format-standard","has-post-thumbnail","hentry","category-motogp"],"yoast_head":"<!-- This site is optimized with the Yoast SEO plugin v27.1.1 - https:\/\/yoast.com\/product\/yoast-seo-wordpress\/ -->\n<title>Grave lesi\u00f3n de Tito Rabat en Silverstone - Esponsorama<\/title>\n<meta name=\"robots\" content=\"index, follow, max-snippet:-1, max-image-preview:large, max-video-preview:-1\" \/>\n<link rel=\"canonical\" href=\"http:\/\/esponsorama.ad\/es\/grave-lesion-tito-rabat-silverstone-2\/\" \/>\n<meta property=\"og:locale\" content=\"es_ES\" \/>\n<meta property=\"og:type\" content=\"article\" \/>\n<meta property=\"og:title\" content=\"Grave lesi\u00f3n de Tito Rabat en Silverstone - Esponsorama\" \/>\n<meta property=\"og:description\" content=\"MotoGP GP de Gran Breta\u00f1a \u2013 Silverstone El piloto del equipo Reale Avintia Racing, Tito Rabat, ha sufrido una grave lesi\u00f3n durante el FP4 hoy en Silverstone. La lluvia ha comenzado a caer con m\u00e1s fuerza y el nuevo asfalto no ha podido drenar el agua, form\u00e1ndose grandes charcos en varios puntos del circuito. En [&hellip;]\" \/>\n<meta property=\"og:url\" content=\"http:\/\/esponsorama.ad\/es\/grave-lesion-tito-rabat-silverstone-2\/\" \/>\n<meta property=\"og:site_name\" content=\"Esponsorama\" \/>\n<meta property=\"article:published_time\" content=\"2018-08-25T17:59:18+00:00\" \/>\n<meta property=\"article:modified_time\" content=\"2018-08-25T18:11:24+00:00\" \/>\n<meta property=\"og:image\" content=\"http:\/\/esponsorama.ad\/wp-content\/uploads\/2018\/08\/12_Silverstone_2018_MotoGP_Rabat_Saturday-8135-1024x681.jpg\" \/>\n\t<meta property=\"og:image:width\" content=\"1024\" \/>\n\t<meta property=\"og:image:height\" content=\"681\" \/>\n\t<meta property=\"og:image:type\" content=\"image\/jpeg\" \/>\n<meta name=\"author\" content=\"Xavi Andornet\" \/>\n<meta name=\"twitter:card\" content=\"summary_large_image\" \/>\n<meta name=\"twitter:label1\" content=\"Escrito por\" \/>\n\t<meta name=\"twitter:data1\" content=\"Xavi Andornet\" \/>\n\t<meta name=\"twitter:label2\" content=\"Tiempo de lectura\" \/>\n\t<meta name=\"twitter:data2\" content=\"2 minutos\" \/>\n<script type=\"application\/ld+json\" class=\"yoast-schema-graph\">{\"@context\":\"https:\/\/schema.org\",\"@graph\":[{\"@type\":\"Article\",\"@id\":\"http:\/\/esponsorama.ad\/es\/grave-lesion-tito-rabat-silverstone-2\/#article\",\"isPartOf\":{\"@id\":\"http:\/\/esponsorama.ad\/es\/grave-lesion-tito-rabat-silverstone-2\/\"},\"author\":{\"name\":\"Xavi Andornet\",\"@id\":\"http:\/\/esponsorama.ad\/es\/#\/schema\/person\/a5cde74945183d737066e46b61c6f9c4\"},\"headline\":\"Grave lesi\u00f3n de Tito Rabat en Silverstone\",\"datePublished\":\"2018-08-25T17:59:18+00:00\",\"dateModified\":\"2018-08-25T18:11:24+00:00\",\"mainEntityOfPage\":{\"@id\":\"http:\/\/esponsorama.ad\/es\/grave-lesion-tito-rabat-silverstone-2\/\"},\"wordCount\":386,\"image\":{\"@id\":\"http:\/\/esponsorama.ad\/es\/grave-lesion-tito-rabat-silverstone-2\/#primaryimage\"},\"thumbnailUrl\":\"http:\/\/esponsorama.ad\/wp-content\/uploads\/2018\/08\/12_Silverstone_2018_MotoGP_Rabat_Saturday-8135.jpg\",\"articleSection\":[\"MotoGP\"],\"inLanguage\":\"es\"},{\"@type\":\"WebPage\",\"@id\":\"http:\/\/esponsorama.ad\/es\/grave-lesion-tito-rabat-silverstone-2\/\",\"url\":\"http:\/\/esponsorama.ad\/es\/grave-lesion-tito-rabat-silverstone-2\/\",\"name\":\"Grave lesi\u00f3n de Tito Rabat en Silverstone - Esponsorama\",\"isPartOf\":{\"@id\":\"http:\/\/esponsorama.ad\/es\/#website\"},\"primaryImageOfPage\":{\"@id\":\"http:\/\/esponsorama.ad\/es\/grave-lesion-tito-rabat-silverstone-2\/#primaryimage\"},\"image\":{\"@id\":\"http:\/\/esponsorama.ad\/es\/grave-lesion-tito-rabat-silverstone-2\/#primaryimage\"},\"thumbnailUrl\":\"http:\/\/esponsorama.ad\/wp-content\/uploads\/2018\/08\/12_Silverstone_2018_MotoGP_Rabat_Saturday-8135.jpg\",\"datePublished\":\"2018-08-25T17:59:18+00:00\",\"dateModified\":\"2018-08-25T18:11:24+00:00\",\"author\":{\"@id\":\"http:\/\/esponsorama.ad\/es\/#\/schema\/person\/a5cde74945183d737066e46b61c6f9c4\"},\"breadcrumb\":{\"@id\":\"http:\/\/esponsorama.ad\/es\/grave-lesion-tito-rabat-silverstone-2\/#breadcrumb\"},\"inLanguage\":\"es\",\"potentialAction\":[{\"@type\":\"ReadAction\",\"target\":[\"http:\/\/esponsorama.ad\/es\/grave-lesion-tito-rabat-silverstone-2\/\"]}]},{\"@type\":\"ImageObject\",\"inLanguage\":\"es\",\"@id\":\"http:\/\/esponsorama.ad\/es\/grave-lesion-tito-rabat-silverstone-2\/#primaryimage\",\"url\":\"http:\/\/esponsorama.ad\/wp-content\/uploads\/2018\/08\/12_Silverstone_2018_MotoGP_Rabat_Saturday-8135.jpg\",\"contentUrl\":\"http:\/\/esponsorama.ad\/wp-content\/uploads\/2018\/08\/12_Silverstone_2018_MotoGP_Rabat_Saturday-8135.jpg\",\"width\":3400,\"height\":2262},{\"@type\":\"BreadcrumbList\",\"@id\":\"http:\/\/esponsorama.ad\/es\/grave-lesion-tito-rabat-silverstone-2\/#breadcrumb\",\"itemListElement\":[{\"@type\":\"ListItem\",\"position\":1,\"name\":\"Home\",\"item\":\"http:\/\/esponsorama.ad\/ca\/\"},{\"@type\":\"ListItem\",\"position\":2,\"name\":\"Grave lesi\u00f3n de Tito Rabat en Silverstone\"}]},{\"@type\":\"WebSite\",\"@id\":\"http:\/\/esponsorama.ad\/es\/#website\",\"url\":\"http:\/\/esponsorama.ad\/es\/\",\"name\":\"Esponsorama\",\"description\":\"Specialist in motorsport sponsorship and event promotions\",\"potentialAction\":[{\"@type\":\"SearchAction\",\"target\":{\"@type\":\"EntryPoint\",\"urlTemplate\":\"http:\/\/esponsorama.ad\/es\/?s={search_term_string}\"},\"query-input\":{\"@type\":\"PropertyValueSpecification\",\"valueRequired\":true,\"valueName\":\"search_term_string\"}}],\"inLanguage\":\"es\"},{\"@type\":\"Person\",\"@id\":\"http:\/\/esponsorama.ad\/es\/#\/schema\/person\/a5cde74945183d737066e46b61c6f9c4\",\"name\":\"Xavi Andornet\",\"image\":{\"@type\":\"ImageObject\",\"inLanguage\":\"es\",\"@id\":\"http:\/\/esponsorama.ad\/es\/#\/schema\/person\/image\/\",\"url\":\"https:\/\/secure.gravatar.com\/avatar\/f10eaf9ad601244a2357c9fd7cd9805ed166cfaaf76d5d9ab08a9d873e70147a?s=96&d=mm&r=g\",\"contentUrl\":\"https:\/\/secure.gravatar.com\/avatar\/f10eaf9ad601244a2357c9fd7cd9805ed166cfaaf76d5d9ab08a9d873e70147a?s=96&d=mm&r=g\",\"caption\":\"Xavi Andornet\"},\"sameAs\":[\"http:\/\/www.andornet.ad\"],\"url\":\"http:\/\/esponsorama.ad\/es\/author\/andornet\/\"}]}<\/script>\n<!-- \/ Yoast SEO plugin. -->","yoast_head_json":{"title":"Grave lesi\u00f3n de Tito Rabat en Silverstone - Esponsorama","robots":{"index":"index","follow":"follow","max-snippet":"max-snippet:-1","max-image-preview":"max-image-preview:large","max-video-preview":"max-video-preview:-1"},"canonical":"http:\/\/esponsorama.ad\/es\/grave-lesion-tito-rabat-silverstone-2\/","og_locale":"es_ES","og_type":"article","og_title":"Grave lesi\u00f3n de Tito Rabat en Silverstone - Esponsorama","og_description":"MotoGP GP de Gran Breta\u00f1a \u2013 Silverstone El piloto del equipo Reale Avintia Racing, Tito Rabat, ha sufrido una grave lesi\u00f3n durante el FP4 hoy en Silverstone. La lluvia ha comenzado a caer con m\u00e1s fuerza y el nuevo asfalto no ha podido drenar el agua, form\u00e1ndose grandes charcos en varios puntos del circuito. En [&hellip;]","og_url":"http:\/\/esponsorama.ad\/es\/grave-lesion-tito-rabat-silverstone-2\/","og_site_name":"Esponsorama","article_published_time":"2018-08-25T17:59:18+00:00","article_modified_time":"2018-08-25T18:11:24+00:00","og_image":[{"width":1024,"height":681,"url":"http:\/\/esponsorama.ad\/wp-content\/uploads\/2018\/08\/12_Silverstone_2018_MotoGP_Rabat_Saturday-8135-1024x681.jpg","type":"image\/jpeg"}],"author":"Xavi Andornet","twitter_card":"summary_large_image","twitter_misc":{"Escrito por":"Xavi Andornet","Tiempo de lectura":"2 minutos"},"schema":{"@context":"https:\/\/schema.org","@graph":[{"@type":"Article","@id":"http:\/\/esponsorama.ad\/es\/grave-lesion-tito-rabat-silverstone-2\/#article","isPartOf":{"@id":"http:\/\/esponsorama.ad\/es\/grave-lesion-tito-rabat-silverstone-2\/"},"author":{"name":"Xavi Andornet","@id":"http:\/\/esponsorama.ad\/es\/#\/schema\/person\/a5cde74945183d737066e46b61c6f9c4"},"headline":"Grave lesi\u00f3n de Tito Rabat en Silverstone","datePublished":"2018-08-25T17:59:18+00:00","dateModified":"2018-08-25T18:11:24+00:00","mainEntityOfPage":{"@id":"http:\/\/esponsorama.ad\/es\/grave-lesion-tito-rabat-silverstone-2\/"},"wordCount":386,"image":{"@id":"http:\/\/esponsorama.ad\/es\/grave-lesion-tito-rabat-silverstone-2\/#primaryimage"},"thumbnailUrl":"http:\/\/esponsorama.ad\/wp-content\/uploads\/2018\/08\/12_Silverstone_2018_MotoGP_Rabat_Saturday-8135.jpg","articleSection":["MotoGP"],"inLanguage":"es"},{"@type":"WebPage","@id":"http:\/\/esponsorama.ad\/es\/grave-lesion-tito-rabat-silverstone-2\/","url":"http:\/\/esponsorama.ad\/es\/grave-lesion-tito-rabat-silverstone-2\/","name":"Grave lesi\u00f3n de Tito Rabat en Silverstone - Esponsorama","isPartOf":{"@id":"http:\/\/esponsorama.ad\/es\/#website"},"primaryImageOfPage":{"@id":"http:\/\/esponsorama.ad\/es\/grave-lesion-tito-rabat-silverstone-2\/#primaryimage"},"image":{"@id":"http:\/\/esponsorama.ad\/es\/grave-lesion-tito-rabat-silverstone-2\/#primaryimage"},"thumbnailUrl":"http:\/\/esponsorama.ad\/wp-content\/uploads\/2018\/08\/12_Silverstone_2018_MotoGP_Rabat_Saturday-8135.jpg","datePublished":"2018-08-25T17:59:18+00:00","dateModified":"2018-08-25T18:11:24+00:00","author":{"@id":"http:\/\/esponsorama.ad\/es\/#\/schema\/person\/a5cde74945183d737066e46b61c6f9c4"},"breadcrumb":{"@id":"http:\/\/esponsorama.ad\/es\/grave-lesion-tito-rabat-silverstone-2\/#breadcrumb"},"inLanguage":"es","potentialAction":[{"@type":"ReadAction","target":["http:\/\/esponsorama.ad\/es\/grave-lesion-tito-rabat-silverstone-2\/"]}]},{"@type":"ImageObject","inLanguage":"es","@id":"http:\/\/esponsorama.ad\/es\/grave-lesion-tito-rabat-silverstone-2\/#primaryimage","url":"http:\/\/esponsorama.ad\/wp-content\/uploads\/2018\/08\/12_Silverstone_2018_MotoGP_Rabat_Saturday-8135.jpg","contentUrl":"http:\/\/esponsorama.ad\/wp-content\/uploads\/2018\/08\/12_Silverstone_2018_MotoGP_Rabat_Saturday-8135.jpg","width":3400,"height":2262},{"@type":"BreadcrumbList","@id":"http:\/\/esponsorama.ad\/es\/grave-lesion-tito-rabat-silverstone-2\/#breadcrumb","itemListElement":[{"@type":"ListItem","position":1,"name":"Home","item":"http:\/\/esponsorama.ad\/ca\/"},{"@type":"ListItem","position":2,"name":"Grave lesi\u00f3n de Tito Rabat en Silverstone"}]},{"@type":"WebSite","@id":"http:\/\/esponsorama.ad\/es\/#website","url":"http:\/\/esponsorama.ad\/es\/","name":"Esponsorama","description":"Specialist in motorsport sponsorship and event promotions","potentialAction":[{"@type":"SearchAction","target":{"@type":"EntryPoint","urlTemplate":"http:\/\/esponsorama.ad\/es\/?s={search_term_string}"},"query-input":{"@type":"PropertyValueSpecification","valueRequired":true,"valueName":"search_term_string"}}],"inLanguage":"es"},{"@type":"Person","@id":"http:\/\/esponsorama.ad\/es\/#\/schema\/person\/a5cde74945183d737066e46b61c6f9c4","name":"Xavi Andornet","image":{"@type":"ImageObject","inLanguage":"es","@id":"http:\/\/esponsorama.ad\/es\/#\/schema\/person\/image\/","url":"https:\/\/secure.gravatar.com\/avatar\/f10eaf9ad601244a2357c9fd7cd9805ed166cfaaf76d5d9ab08a9d873e70147a?s=96&d=mm&r=g","contentUrl":"https:\/\/secure.gravatar.com\/avatar\/f10eaf9ad601244a2357c9fd7cd9805ed166cfaaf76d5d9ab08a9d873e70147a?s=96&d=mm&r=g","caption":"Xavi Andornet"},"sameAs":["http:\/\/www.andornet.ad"],"url":"http:\/\/esponsorama.ad\/es\/author\/andornet\/"}]}},"_links":{"self":[{"href":"http:\/\/esponsorama.ad\/es\/wp-json\/wp\/v2\/posts\/11731","targetHints":{"allow":["GET"]}}],"collection":[{"href":"http:\/\/esponsorama.ad\/es\/wp-json\/wp\/v2\/posts"}],"about":[{"href":"http:\/\/esponsorama.ad\/es\/wp-json\/wp\/v2\/types\/post"}],"author":[{"embeddable":true,"href":"http:\/\/esponsorama.ad\/es\/wp-json\/wp\/v2\/users\/6"}],"replies":[{"embeddable":true,"href":"http:\/\/esponsorama.ad\/es\/wp-json\/wp\/v2\/comments?post=11731"}],"version-history":[{"count":0,"href":"http:\/\/esponsorama.ad\/es\/wp-json\/wp\/v2\/posts\/11731\/revisions"}],"wp:featuredmedia":[{"embeddable":true,"href":"http:\/\/esponsorama.ad\/es\/wp-json\/wp\/v2\/media\/11742"}],"wp:attachment":[{"href":"http:\/\/esponsorama.ad\/es\/wp-json\/wp\/v2\/media?parent=11731"}],"wp:term":[{"taxonomy":"category","embeddable":true,"href":"http:\/\/esponsorama.ad\/es\/wp-json\/wp\/v2\/categories?post=11731"},{"taxonomy":"post_tag","embeddable":true,"href":"http:\/\/esponsorama.ad\/es\/wp-json\/wp\/v2\/tags?post=11731"}],"curies":[{"name":"wp","href":"https:\/\/api.w.org\/{rel}","templated":true}]}}