{"id":11987,"date":"2018-09-07T18:13:02","date_gmt":"2018-09-07T16:13:02","guid":{"rendered":"http:\/\/esponsorama.ad\/?p=11987"},"modified":"2018-09-07T18:55:08","modified_gmt":"2018-09-07T16:55:08","slug":"simeon-contento-la-ducati-gp17-ponsson-se-clasifica-3","status":"publish","type":"post","link":"http:\/\/esponsorama.ad\/es\/simeon-contento-la-ducati-gp17-ponsson-se-clasifica-3\/","title":{"rendered":"Simeon contento con la Ducati GP17, Ponsson se clasifica"},"content":{"rendered":"<p><strong>MotoGP GP de San Marino \u2013 Misano World Circuit Marco Simoncelli<\/strong><\/p>\n<p>El primer d\u00eda de entrenamientos libres para el Gran Premio de San Marino ha comenzado hoy de manera positiva para los pilotos del equipo Reale Avintia Racing.<\/p>\n<p>Para Xavi Simeon ha sido un buen primer d\u00eda con la moto y el equipo de Tito Rabat y el belga ha terminado muy satisfecho con sus sensaciones, a pesar de que su posici\u00f3n en la clasificaci\u00f3n no lo refleje. Simeon ha acabado a 1.6 segundos del m\u00e1s r\u00e1pido y ma\u00f1ana cree podr\u00e1 dar un paso m\u00e1s y luchar por estar en las cinco primeras l\u00edneas de la parrilla.<\/p>\n<p>En el otro lado del box, Chistophe Ponsson ha debutado en MotoGP. Todo era nuevo para Chris hoy y no ha sido un d\u00eda sencillo para \u00e9l. A su lado ha estado todo el d\u00eda Rub\u00e9n Xaus, quien junto al equipo t\u00e9cnico, le han ido aconsejando en cada momento para mejorar. A pesar de las cr\u00edticas, el franc\u00e9s de 22 ha cumplido su primer objetivo y terminado dentro del 107% reglamentario para clasificarse.<\/p>\n<p>Ma\u00f1ana ambos pilotos esperan dar otro paso adelante para preparar bien la carrera del domingo.<\/p>\n\n<p>\u201cEstoy muy contento, me he encontrado muy bien. No hemos tocado nada de la puesta punto base de Tito y me he rodado c\u00f3modo desde la primera vuelta. He tratado de dar vueltas para acostumbrarme a la moto y en cada salida hemos mejorado los tiempos. He terminado a 1.6s del primero y la verdad es que hacia mucho que no suced\u00eda esto. El equipo me est\u00e1 ayudando mucho para hacer las cosas bien y ma\u00f1ana creo que podremos luchar por estar entre los quince primeros en los cronometrados\u201d.<\/p>\n\n<p>\u00abHoy he tenido que aprender muchas cosas en muy poco tiempo, pero creo que al final hemos hecho un buen trabajo. Lo que m\u00e1s me est\u00e1 costando acostumbrarme, m\u00e1s que los frenos de carbono o la potencia, es a la rigidez de la moto. Yo siempre he pilotado motos derivadas de la serie, m\u00e1s blandas y me cuesta mucho, porque al ser tan r\u00edgida te transmite todo. Tampoco hab\u00eda competido nunca con Michelin y en general est\u00e1 siendo complicado en tan poco tiempo. Necesito kil\u00f3metros y conocer mejor la moto, los dem\u00e1s pilotos est\u00e1n en la recta final de la temporada y a un nivel incre\u00edble. Lo m\u00e1s positivo es que cada vez que he salido a la pista he mejorado\u201d.<\/p>\n","protected":false},"excerpt":{"rendered":"<p>MotoGP GP de San Marino \u2013 Misano World Circuit Marco Simoncelli El primer d\u00eda de entrenamientos libres para el Gran Premio de San Marino ha comenzado hoy de manera positiva para los pilotos del equipo Reale Avintia Racing. Para Xavi Simeon ha sido un buen primer d\u00eda con la moto y el equipo de Tito [&hellip;]<\/p>\n","protected":false},"author":6,"featured_media":11977,"comment_status":"closed","ping_status":"closed","sticky":false,"template":"","format":"standard","meta":{"footnotes":""},"categories":[3],"tags":[],"class_list":["post-11987","post","type-post","status-publish","format-standard","has-post-thumbnail","hentry","category-motogp"],"yoast_head":"<!-- This site is optimized with the Yoast SEO plugin v27.1.1 - https:\/\/yoast.com\/product\/yoast-seo-wordpress\/ -->\n<title>Simeon contento con la Ducati GP17, Ponsson se clasifica - Esponsorama<\/title>\n<meta name=\"robots\" content=\"index, follow, max-snippet:-1, max-image-preview:large, max-video-preview:-1\" \/>\n<link rel=\"canonical\" href=\"http:\/\/esponsorama.ad\/es\/simeon-contento-la-ducati-gp17-ponsson-se-clasifica-3\/\" \/>\n<meta property=\"og:locale\" content=\"es_ES\" \/>\n<meta property=\"og:type\" content=\"article\" \/>\n<meta property=\"og:title\" content=\"Simeon contento con la Ducati GP17, Ponsson se clasifica - Esponsorama\" \/>\n<meta property=\"og:description\" content=\"MotoGP GP de San Marino \u2013 Misano World Circuit Marco Simoncelli El primer d\u00eda de entrenamientos libres para el Gran Premio de San Marino ha comenzado hoy de manera positiva para los pilotos del equipo Reale Avintia Racing. Para Xavi Simeon ha sido un buen primer d\u00eda con la moto y el equipo de Tito [&hellip;]\" \/>\n<meta property=\"og:url\" content=\"http:\/\/esponsorama.ad\/es\/simeon-contento-la-ducati-gp17-ponsson-se-clasifica-3\/\" \/>\n<meta property=\"og:site_name\" content=\"Esponsorama\" \/>\n<meta property=\"article:published_time\" content=\"2018-09-07T16:13:02+00:00\" \/>\n<meta property=\"article:modified_time\" content=\"2018-09-07T16:55:08+00:00\" \/>\n<meta property=\"og:image\" content=\"http:\/\/esponsorama.ad\/wp-content\/uploads\/2018\/09\/13MISANO18MGP-6287-1024x683.jpg\" \/>\n\t<meta property=\"og:image:width\" content=\"1024\" \/>\n\t<meta property=\"og:image:height\" content=\"683\" \/>\n\t<meta property=\"og:image:type\" content=\"image\/jpeg\" \/>\n<meta name=\"author\" content=\"Xavi Andornet\" \/>\n<meta name=\"twitter:card\" content=\"summary_large_image\" \/>\n<meta name=\"twitter:label1\" content=\"Escrito por\" \/>\n\t<meta name=\"twitter:data1\" content=\"Xavi Andornet\" \/>\n\t<meta name=\"twitter:label2\" content=\"Tiempo de lectura\" \/>\n\t<meta name=\"twitter:data2\" content=\"2 minutos\" \/>\n<script type=\"application\/ld+json\" class=\"yoast-schema-graph\">{\"@context\":\"https:\/\/schema.org\",\"@graph\":[{\"@type\":\"Article\",\"@id\":\"http:\/\/esponsorama.ad\/es\/simeon-contento-la-ducati-gp17-ponsson-se-clasifica-3\/#article\",\"isPartOf\":{\"@id\":\"http:\/\/esponsorama.ad\/es\/simeon-contento-la-ducati-gp17-ponsson-se-clasifica-3\/\"},\"author\":{\"name\":\"Xavi Andornet\",\"@id\":\"http:\/\/esponsorama.ad\/es\/#\/schema\/person\/a5cde74945183d737066e46b61c6f9c4\"},\"headline\":\"Simeon contento con la Ducati GP17, Ponsson se clasifica\",\"datePublished\":\"2018-09-07T16:13:02+00:00\",\"dateModified\":\"2018-09-07T16:55:08+00:00\",\"mainEntityOfPage\":{\"@id\":\"http:\/\/esponsorama.ad\/es\/simeon-contento-la-ducati-gp17-ponsson-se-clasifica-3\/\"},\"wordCount\":449,\"image\":{\"@id\":\"http:\/\/esponsorama.ad\/es\/simeon-contento-la-ducati-gp17-ponsson-se-clasifica-3\/#primaryimage\"},\"thumbnailUrl\":\"http:\/\/esponsorama.ad\/wp-content\/uploads\/2018\/09\/13MISANO18MGP-6287.jpg\",\"articleSection\":[\"MotoGP\"],\"inLanguage\":\"es\"},{\"@type\":\"WebPage\",\"@id\":\"http:\/\/esponsorama.ad\/es\/simeon-contento-la-ducati-gp17-ponsson-se-clasifica-3\/\",\"url\":\"http:\/\/esponsorama.ad\/es\/simeon-contento-la-ducati-gp17-ponsson-se-clasifica-3\/\",\"name\":\"Simeon contento con la Ducati GP17, Ponsson se clasifica - Esponsorama\",\"isPartOf\":{\"@id\":\"http:\/\/esponsorama.ad\/es\/#website\"},\"primaryImageOfPage\":{\"@id\":\"http:\/\/esponsorama.ad\/es\/simeon-contento-la-ducati-gp17-ponsson-se-clasifica-3\/#primaryimage\"},\"image\":{\"@id\":\"http:\/\/esponsorama.ad\/es\/simeon-contento-la-ducati-gp17-ponsson-se-clasifica-3\/#primaryimage\"},\"thumbnailUrl\":\"http:\/\/esponsorama.ad\/wp-content\/uploads\/2018\/09\/13MISANO18MGP-6287.jpg\",\"datePublished\":\"2018-09-07T16:13:02+00:00\",\"dateModified\":\"2018-09-07T16:55:08+00:00\",\"author\":{\"@id\":\"http:\/\/esponsorama.ad\/es\/#\/schema\/person\/a5cde74945183d737066e46b61c6f9c4\"},\"breadcrumb\":{\"@id\":\"http:\/\/esponsorama.ad\/es\/simeon-contento-la-ducati-gp17-ponsson-se-clasifica-3\/#breadcrumb\"},\"inLanguage\":\"es\",\"potentialAction\":[{\"@type\":\"ReadAction\",\"target\":[\"http:\/\/esponsorama.ad\/es\/simeon-contento-la-ducati-gp17-ponsson-se-clasifica-3\/\"]}]},{\"@type\":\"ImageObject\",\"inLanguage\":\"es\",\"@id\":\"http:\/\/esponsorama.ad\/es\/simeon-contento-la-ducati-gp17-ponsson-se-clasifica-3\/#primaryimage\",\"url\":\"http:\/\/esponsorama.ad\/wp-content\/uploads\/2018\/09\/13MISANO18MGP-6287.jpg\",\"contentUrl\":\"http:\/\/esponsorama.ad\/wp-content\/uploads\/2018\/09\/13MISANO18MGP-6287.jpg\",\"width\":4029,\"height\":2686},{\"@type\":\"BreadcrumbList\",\"@id\":\"http:\/\/esponsorama.ad\/es\/simeon-contento-la-ducati-gp17-ponsson-se-clasifica-3\/#breadcrumb\",\"itemListElement\":[{\"@type\":\"ListItem\",\"position\":1,\"name\":\"Home\",\"item\":\"http:\/\/esponsorama.ad\/es\/\"},{\"@type\":\"ListItem\",\"position\":2,\"name\":\"Simeon contento con la Ducati GP17, Ponsson se clasifica\"}]},{\"@type\":\"WebSite\",\"@id\":\"http:\/\/esponsorama.ad\/es\/#website\",\"url\":\"http:\/\/esponsorama.ad\/es\/\",\"name\":\"Esponsorama\",\"description\":\"Specialist in motorsport sponsorship and event promotions\",\"potentialAction\":[{\"@type\":\"SearchAction\",\"target\":{\"@type\":\"EntryPoint\",\"urlTemplate\":\"http:\/\/esponsorama.ad\/es\/?s={search_term_string}\"},\"query-input\":{\"@type\":\"PropertyValueSpecification\",\"valueRequired\":true,\"valueName\":\"search_term_string\"}}],\"inLanguage\":\"es\"},{\"@type\":\"Person\",\"@id\":\"http:\/\/esponsorama.ad\/es\/#\/schema\/person\/a5cde74945183d737066e46b61c6f9c4\",\"name\":\"Xavi Andornet\",\"image\":{\"@type\":\"ImageObject\",\"inLanguage\":\"es\",\"@id\":\"http:\/\/esponsorama.ad\/es\/#\/schema\/person\/image\/\",\"url\":\"https:\/\/secure.gravatar.com\/avatar\/f10eaf9ad601244a2357c9fd7cd9805ed166cfaaf76d5d9ab08a9d873e70147a?s=96&d=mm&r=g\",\"contentUrl\":\"https:\/\/secure.gravatar.com\/avatar\/f10eaf9ad601244a2357c9fd7cd9805ed166cfaaf76d5d9ab08a9d873e70147a?s=96&d=mm&r=g\",\"caption\":\"Xavi Andornet\"},\"sameAs\":[\"http:\/\/www.andornet.ad\"],\"url\":\"http:\/\/esponsorama.ad\/es\/author\/andornet\/\"}]}<\/script>\n<!-- \/ Yoast SEO plugin. -->","yoast_head_json":{"title":"Simeon contento con la Ducati GP17, Ponsson se clasifica - Esponsorama","robots":{"index":"index","follow":"follow","max-snippet":"max-snippet:-1","max-image-preview":"max-image-preview:large","max-video-preview":"max-video-preview:-1"},"canonical":"http:\/\/esponsorama.ad\/es\/simeon-contento-la-ducati-gp17-ponsson-se-clasifica-3\/","og_locale":"es_ES","og_type":"article","og_title":"Simeon contento con la Ducati GP17, Ponsson se clasifica - Esponsorama","og_description":"MotoGP GP de San Marino \u2013 Misano World Circuit Marco Simoncelli El primer d\u00eda de entrenamientos libres para el Gran Premio de San Marino ha comenzado hoy de manera positiva para los pilotos del equipo Reale Avintia Racing. Para Xavi Simeon ha sido un buen primer d\u00eda con la moto y el equipo de Tito [&hellip;]","og_url":"http:\/\/esponsorama.ad\/es\/simeon-contento-la-ducati-gp17-ponsson-se-clasifica-3\/","og_site_name":"Esponsorama","article_published_time":"2018-09-07T16:13:02+00:00","article_modified_time":"2018-09-07T16:55:08+00:00","og_image":[{"width":1024,"height":683,"url":"http:\/\/esponsorama.ad\/wp-content\/uploads\/2018\/09\/13MISANO18MGP-6287-1024x683.jpg","type":"image\/jpeg"}],"author":"Xavi Andornet","twitter_card":"summary_large_image","twitter_misc":{"Escrito por":"Xavi Andornet","Tiempo de lectura":"2 minutos"},"schema":{"@context":"https:\/\/schema.org","@graph":[{"@type":"Article","@id":"http:\/\/esponsorama.ad\/es\/simeon-contento-la-ducati-gp17-ponsson-se-clasifica-3\/#article","isPartOf":{"@id":"http:\/\/esponsorama.ad\/es\/simeon-contento-la-ducati-gp17-ponsson-se-clasifica-3\/"},"author":{"name":"Xavi Andornet","@id":"http:\/\/esponsorama.ad\/es\/#\/schema\/person\/a5cde74945183d737066e46b61c6f9c4"},"headline":"Simeon contento con la Ducati GP17, Ponsson se clasifica","datePublished":"2018-09-07T16:13:02+00:00","dateModified":"2018-09-07T16:55:08+00:00","mainEntityOfPage":{"@id":"http:\/\/esponsorama.ad\/es\/simeon-contento-la-ducati-gp17-ponsson-se-clasifica-3\/"},"wordCount":449,"image":{"@id":"http:\/\/esponsorama.ad\/es\/simeon-contento-la-ducati-gp17-ponsson-se-clasifica-3\/#primaryimage"},"thumbnailUrl":"http:\/\/esponsorama.ad\/wp-content\/uploads\/2018\/09\/13MISANO18MGP-6287.jpg","articleSection":["MotoGP"],"inLanguage":"es"},{"@type":"WebPage","@id":"http:\/\/esponsorama.ad\/es\/simeon-contento-la-ducati-gp17-ponsson-se-clasifica-3\/","url":"http:\/\/esponsorama.ad\/es\/simeon-contento-la-ducati-gp17-ponsson-se-clasifica-3\/","name":"Simeon contento con la Ducati GP17, Ponsson se clasifica - Esponsorama","isPartOf":{"@id":"http:\/\/esponsorama.ad\/es\/#website"},"primaryImageOfPage":{"@id":"http:\/\/esponsorama.ad\/es\/simeon-contento-la-ducati-gp17-ponsson-se-clasifica-3\/#primaryimage"},"image":{"@id":"http:\/\/esponsorama.ad\/es\/simeon-contento-la-ducati-gp17-ponsson-se-clasifica-3\/#primaryimage"},"thumbnailUrl":"http:\/\/esponsorama.ad\/wp-content\/uploads\/2018\/09\/13MISANO18MGP-6287.jpg","datePublished":"2018-09-07T16:13:02+00:00","dateModified":"2018-09-07T16:55:08+00:00","author":{"@id":"http:\/\/esponsorama.ad\/es\/#\/schema\/person\/a5cde74945183d737066e46b61c6f9c4"},"breadcrumb":{"@id":"http:\/\/esponsorama.ad\/es\/simeon-contento-la-ducati-gp17-ponsson-se-clasifica-3\/#breadcrumb"},"inLanguage":"es","potentialAction":[{"@type":"ReadAction","target":["http:\/\/esponsorama.ad\/es\/simeon-contento-la-ducati-gp17-ponsson-se-clasifica-3\/"]}]},{"@type":"ImageObject","inLanguage":"es","@id":"http:\/\/esponsorama.ad\/es\/simeon-contento-la-ducati-gp17-ponsson-se-clasifica-3\/#primaryimage","url":"http:\/\/esponsorama.ad\/wp-content\/uploads\/2018\/09\/13MISANO18MGP-6287.jpg","contentUrl":"http:\/\/esponsorama.ad\/wp-content\/uploads\/2018\/09\/13MISANO18MGP-6287.jpg","width":4029,"height":2686},{"@type":"BreadcrumbList","@id":"http:\/\/esponsorama.ad\/es\/simeon-contento-la-ducati-gp17-ponsson-se-clasifica-3\/#breadcrumb","itemListElement":[{"@type":"ListItem","position":1,"name":"Home","item":"http:\/\/esponsorama.ad\/es\/"},{"@type":"ListItem","position":2,"name":"Simeon contento con la Ducati GP17, Ponsson se clasifica"}]},{"@type":"WebSite","@id":"http:\/\/esponsorama.ad\/es\/#website","url":"http:\/\/esponsorama.ad\/es\/","name":"Esponsorama","description":"Specialist in motorsport sponsorship and event promotions","potentialAction":[{"@type":"SearchAction","target":{"@type":"EntryPoint","urlTemplate":"http:\/\/esponsorama.ad\/es\/?s={search_term_string}"},"query-input":{"@type":"PropertyValueSpecification","valueRequired":true,"valueName":"search_term_string"}}],"inLanguage":"es"},{"@type":"Person","@id":"http:\/\/esponsorama.ad\/es\/#\/schema\/person\/a5cde74945183d737066e46b61c6f9c4","name":"Xavi Andornet","image":{"@type":"ImageObject","inLanguage":"es","@id":"http:\/\/esponsorama.ad\/es\/#\/schema\/person\/image\/","url":"https:\/\/secure.gravatar.com\/avatar\/f10eaf9ad601244a2357c9fd7cd9805ed166cfaaf76d5d9ab08a9d873e70147a?s=96&d=mm&r=g","contentUrl":"https:\/\/secure.gravatar.com\/avatar\/f10eaf9ad601244a2357c9fd7cd9805ed166cfaaf76d5d9ab08a9d873e70147a?s=96&d=mm&r=g","caption":"Xavi Andornet"},"sameAs":["http:\/\/www.andornet.ad"],"url":"http:\/\/esponsorama.ad\/es\/author\/andornet\/"}]}},"_links":{"self":[{"href":"http:\/\/esponsorama.ad\/es\/wp-json\/wp\/v2\/posts\/11987","targetHints":{"allow":["GET"]}}],"collection":[{"href":"http:\/\/esponsorama.ad\/es\/wp-json\/wp\/v2\/posts"}],"about":[{"href":"http:\/\/esponsorama.ad\/es\/wp-json\/wp\/v2\/types\/post"}],"author":[{"embeddable":true,"href":"http:\/\/esponsorama.ad\/es\/wp-json\/wp\/v2\/users\/6"}],"replies":[{"embeddable":true,"href":"http:\/\/esponsorama.ad\/es\/wp-json\/wp\/v2\/comments?post=11987"}],"version-history":[{"count":0,"href":"http:\/\/esponsorama.ad\/es\/wp-json\/wp\/v2\/posts\/11987\/revisions"}],"wp:featuredmedia":[{"embeddable":true,"href":"http:\/\/esponsorama.ad\/es\/wp-json\/wp\/v2\/media\/11977"}],"wp:attachment":[{"href":"http:\/\/esponsorama.ad\/es\/wp-json\/wp\/v2\/media?parent=11987"}],"wp:term":[{"taxonomy":"category","embeddable":true,"href":"http:\/\/esponsorama.ad\/es\/wp-json\/wp\/v2\/categories?post=11987"},{"taxonomy":"post_tag","embeddable":true,"href":"http:\/\/esponsorama.ad\/es\/wp-json\/wp\/v2\/tags?post=11987"}],"curies":[{"name":"wp","href":"https:\/\/api.w.org\/{rel}","templated":true}]}}