{"id":12293,"date":"2018-09-21T17:12:44","date_gmt":"2018-09-21T15:12:44","guid":{"rendered":"http:\/\/esponsorama.ad\/?p=12293"},"modified":"2018-11-07T10:22:36","modified_gmt":"2018-11-07T08:22:36","slug":"simeon-mejora-sensaciones-torres-cumple-debut-aragon-2","status":"publish","type":"post","link":"http:\/\/esponsorama.ad\/es\/simeon-mejora-sensaciones-torres-cumple-debut-aragon-2\/","title":{"rendered":"Simeon mejora sus sensaciones; Torres cumple en su debut en Arag\u00f3n"},"content":{"rendered":"<p><strong>MotoGP GP de Arag\u00f3n \u2013 MotorLand Arag\u00f3n<\/strong><\/p>\n<p>El primer d\u00eda del Gran Premio de Arag\u00f3n ha sido bueno para los pilotos del equipo Reale Avintia Racing, con Xavier Simeon evolucionando al manillar de la Ducati GP17 del lesionado Tito Rabat y con la novedad de Jordi Torres, que en su primer d\u00eda sobre la GP16 de Simeon, ha finalizado a poco m\u00e1s de un segundo del pen\u00faltimo.<\/p>\n<p>Pero el fin de semana no ha hecho m\u00e1s que comenzar y tanto Simeon como Torres esperan seguir avanzando. El belga tiene que trabajar m\u00e1s en la puesta a punto de la moto para ser m\u00e1s constante, mientras que el piloto de Rub\u00ed, debe cambiar su estilo agresivo para sacar el m\u00e1ximo partido de su Ducati.<\/p>\n<p>Ma\u00f1ana a las 9:55h tendr\u00e1 lugar la FP3, mientras que los entrenamientos cronometrados para decidir los puestos de parrilla, dar\u00e1n comienzo a las 14:10h.<\/p>\n<p><strong><\/strong><\/p>\n<p>\u201cHa sido un d\u00eda muy positivo, aunque hemos tenido un problema t\u00e9cnico con una moto. Pero aparte de esto, estoy contento con el primer d\u00eda porque no ha ido nada mal. El tiempo ha sido decente, aunque nos falta mucho para mejorar el ritmo y ser m\u00e1s constantes. La moto consume mucho el neum\u00e1tico trasero y tenemos que trabajar para mejorar en este aspecto. Ma\u00f1ana espero dar un paso hacia delante y darlo todo en el Q1, para salir lo m\u00e1s arriba posible en la parrilla\u201d.<\/p>\n<p><strong><\/strong><\/p>\n<p>\u201cLa verdad que me lo imaginaba mucho m\u00e1s dif\u00edcil, mucho m\u00e1s complicado de lo que realmente ha sido. Tambi\u00e9n debo decir que el equipo me lo ha puesto todo muy f\u00e1cil y me han ayudado much\u00edsimo para acostumbrarme a la moto gradualmente. Me han ido poniendo m\u00e1s potencia, quitando control de tracci\u00f3n y, poco a poco, se ha ido convirtiendo en una moto m\u00e1s complicada, pero a la vez m\u00e1s me gustaba. Despu\u00e9s de un d\u00eda como hoy, que ha sido positivo porque hab\u00eda bastante expectativa, no estoy contento del todo. Yo soy el primero que se presiona y tengo claro que podr\u00edamos haber terminado rodando en 1\u201950.6 o 1\u201950.7, pero si no lo hemos conseguido, ha sido por mi culpa. Todav\u00eda no soy capaz de hacer todo bien en una vuelta, ser preciso y constante. No he querido tomar riesgos porque tampoco era el d\u00eda. Llegar aqu\u00ed es relativamente f\u00e1cil, ahora es cuando cuesta m\u00e1s mejorar. Y no es cuesti\u00f3n de echarle m\u00e1s valor ni nada por el estilo, lo que hay que entender es c\u00f3mo hacer las rectas en el menor tiempo posible. Cada vez que quiero frenar m\u00e1s tarde o acelerar antes, me equivoco. Pero esta noche har\u00e9 los deberes y ma\u00f1ana espero estar un poco m\u00e1s cerca\u201d.<\/p>\n","protected":false},"excerpt":{"rendered":"<p>MotoGP GP de Arag\u00f3n \u2013 MotorLand Arag\u00f3n El primer d\u00eda del Gran Premio de Arag\u00f3n ha sido bueno para los pilotos del equipo Reale Avintia Racing, con Xavier Simeon evolucionando al manillar de la Ducati GP17 del lesionado Tito Rabat y con la novedad de Jordi Torres, que en su primer d\u00eda sobre la GP16 [&hellip;]<\/p>\n","protected":false},"author":6,"featured_media":12257,"comment_status":"closed","ping_status":"closed","sticky":false,"template":"","format":"standard","meta":{"footnotes":""},"categories":[3],"tags":[],"class_list":["post-12293","post","type-post","status-publish","format-standard","has-post-thumbnail","hentry","category-motogp"],"yoast_head":"<!-- This site is optimized with the Yoast SEO plugin v27.1.1 - https:\/\/yoast.com\/product\/yoast-seo-wordpress\/ -->\n<title>Simeon mejora sus sensaciones; Torres cumple en su debut en Arag\u00f3n - Esponsorama<\/title>\n<meta name=\"robots\" content=\"index, follow, max-snippet:-1, max-image-preview:large, max-video-preview:-1\" \/>\n<link rel=\"canonical\" href=\"http:\/\/esponsorama.ad\/es\/simeon-mejora-sensaciones-torres-cumple-debut-aragon-2\/\" \/>\n<meta property=\"og:locale\" content=\"es_ES\" \/>\n<meta property=\"og:type\" content=\"article\" \/>\n<meta property=\"og:title\" content=\"Simeon mejora sus sensaciones; Torres cumple en su debut en Arag\u00f3n - Esponsorama\" \/>\n<meta property=\"og:description\" content=\"MotoGP GP de Arag\u00f3n \u2013 MotorLand Arag\u00f3n El primer d\u00eda del Gran Premio de Arag\u00f3n ha sido bueno para los pilotos del equipo Reale Avintia Racing, con Xavier Simeon evolucionando al manillar de la Ducati GP17 del lesionado Tito Rabat y con la novedad de Jordi Torres, que en su primer d\u00eda sobre la GP16 [&hellip;]\" \/>\n<meta property=\"og:url\" content=\"http:\/\/esponsorama.ad\/es\/simeon-mejora-sensaciones-torres-cumple-debut-aragon-2\/\" \/>\n<meta property=\"og:site_name\" content=\"Esponsorama\" \/>\n<meta property=\"article:published_time\" content=\"2018-09-21T15:12:44+00:00\" \/>\n<meta property=\"article:modified_time\" content=\"2018-11-07T08:22:36+00:00\" \/>\n<meta property=\"og:image\" content=\"http:\/\/esponsorama.ad\/wp-content\/uploads\/2018\/09\/14_Aragon_2018_MotoGP_Simeon_Friday-2785-1024x683.jpg\" \/>\n\t<meta property=\"og:image:width\" content=\"1024\" \/>\n\t<meta property=\"og:image:height\" content=\"683\" \/>\n\t<meta property=\"og:image:type\" content=\"image\/jpeg\" \/>\n<meta name=\"author\" content=\"Xavi Andornet\" \/>\n<meta name=\"twitter:card\" content=\"summary_large_image\" \/>\n<meta name=\"twitter:label1\" content=\"Escrito por\" \/>\n\t<meta name=\"twitter:data1\" content=\"Xavi Andornet\" \/>\n\t<meta name=\"twitter:label2\" content=\"Tiempo de lectura\" \/>\n\t<meta name=\"twitter:data2\" content=\"2 minutos\" \/>\n<script type=\"application\/ld+json\" class=\"yoast-schema-graph\">{\"@context\":\"https:\/\/schema.org\",\"@graph\":[{\"@type\":\"Article\",\"@id\":\"http:\/\/esponsorama.ad\/es\/simeon-mejora-sensaciones-torres-cumple-debut-aragon-2\/#article\",\"isPartOf\":{\"@id\":\"http:\/\/esponsorama.ad\/es\/simeon-mejora-sensaciones-torres-cumple-debut-aragon-2\/\"},\"author\":{\"name\":\"Xavi Andornet\",\"@id\":\"http:\/\/esponsorama.ad\/es\/#\/schema\/person\/a5cde74945183d737066e46b61c6f9c4\"},\"headline\":\"Simeon mejora sus sensaciones; Torres cumple en su debut en Arag\u00f3n\",\"datePublished\":\"2018-09-21T15:12:44+00:00\",\"dateModified\":\"2018-11-07T08:22:36+00:00\",\"mainEntityOfPage\":{\"@id\":\"http:\/\/esponsorama.ad\/es\/simeon-mejora-sensaciones-torres-cumple-debut-aragon-2\/\"},\"wordCount\":505,\"image\":{\"@id\":\"http:\/\/esponsorama.ad\/es\/simeon-mejora-sensaciones-torres-cumple-debut-aragon-2\/#primaryimage\"},\"thumbnailUrl\":\"http:\/\/esponsorama.ad\/wp-content\/uploads\/2018\/09\/14_Aragon_2018_MotoGP_Simeon_Friday-2785.jpg\",\"articleSection\":[\"MotoGP\"],\"inLanguage\":\"es\"},{\"@type\":\"WebPage\",\"@id\":\"http:\/\/esponsorama.ad\/es\/simeon-mejora-sensaciones-torres-cumple-debut-aragon-2\/\",\"url\":\"http:\/\/esponsorama.ad\/es\/simeon-mejora-sensaciones-torres-cumple-debut-aragon-2\/\",\"name\":\"Simeon mejora sus sensaciones; Torres cumple en su debut en Arag\u00f3n - Esponsorama\",\"isPartOf\":{\"@id\":\"http:\/\/esponsorama.ad\/es\/#website\"},\"primaryImageOfPage\":{\"@id\":\"http:\/\/esponsorama.ad\/es\/simeon-mejora-sensaciones-torres-cumple-debut-aragon-2\/#primaryimage\"},\"image\":{\"@id\":\"http:\/\/esponsorama.ad\/es\/simeon-mejora-sensaciones-torres-cumple-debut-aragon-2\/#primaryimage\"},\"thumbnailUrl\":\"http:\/\/esponsorama.ad\/wp-content\/uploads\/2018\/09\/14_Aragon_2018_MotoGP_Simeon_Friday-2785.jpg\",\"datePublished\":\"2018-09-21T15:12:44+00:00\",\"dateModified\":\"2018-11-07T08:22:36+00:00\",\"author\":{\"@id\":\"http:\/\/esponsorama.ad\/es\/#\/schema\/person\/a5cde74945183d737066e46b61c6f9c4\"},\"breadcrumb\":{\"@id\":\"http:\/\/esponsorama.ad\/es\/simeon-mejora-sensaciones-torres-cumple-debut-aragon-2\/#breadcrumb\"},\"inLanguage\":\"es\",\"potentialAction\":[{\"@type\":\"ReadAction\",\"target\":[\"http:\/\/esponsorama.ad\/es\/simeon-mejora-sensaciones-torres-cumple-debut-aragon-2\/\"]}]},{\"@type\":\"ImageObject\",\"inLanguage\":\"es\",\"@id\":\"http:\/\/esponsorama.ad\/es\/simeon-mejora-sensaciones-torres-cumple-debut-aragon-2\/#primaryimage\",\"url\":\"http:\/\/esponsorama.ad\/wp-content\/uploads\/2018\/09\/14_Aragon_2018_MotoGP_Simeon_Friday-2785.jpg\",\"contentUrl\":\"http:\/\/esponsorama.ad\/wp-content\/uploads\/2018\/09\/14_Aragon_2018_MotoGP_Simeon_Friday-2785.jpg\",\"width\":3400,\"height\":2267},{\"@type\":\"BreadcrumbList\",\"@id\":\"http:\/\/esponsorama.ad\/es\/simeon-mejora-sensaciones-torres-cumple-debut-aragon-2\/#breadcrumb\",\"itemListElement\":[{\"@type\":\"ListItem\",\"position\":1,\"name\":\"Home\",\"item\":\"http:\/\/esponsorama.ad\/es\/\"},{\"@type\":\"ListItem\",\"position\":2,\"name\":\"Simeon mejora sus sensaciones; Torres cumple en su debut en Arag\u00f3n\"}]},{\"@type\":\"WebSite\",\"@id\":\"http:\/\/esponsorama.ad\/es\/#website\",\"url\":\"http:\/\/esponsorama.ad\/es\/\",\"name\":\"Esponsorama\",\"description\":\"Specialist in motorsport sponsorship and event promotions\",\"potentialAction\":[{\"@type\":\"SearchAction\",\"target\":{\"@type\":\"EntryPoint\",\"urlTemplate\":\"http:\/\/esponsorama.ad\/es\/?s={search_term_string}\"},\"query-input\":{\"@type\":\"PropertyValueSpecification\",\"valueRequired\":true,\"valueName\":\"search_term_string\"}}],\"inLanguage\":\"es\"},{\"@type\":\"Person\",\"@id\":\"http:\/\/esponsorama.ad\/es\/#\/schema\/person\/a5cde74945183d737066e46b61c6f9c4\",\"name\":\"Xavi Andornet\",\"image\":{\"@type\":\"ImageObject\",\"inLanguage\":\"es\",\"@id\":\"http:\/\/esponsorama.ad\/es\/#\/schema\/person\/image\/\",\"url\":\"https:\/\/secure.gravatar.com\/avatar\/f10eaf9ad601244a2357c9fd7cd9805ed166cfaaf76d5d9ab08a9d873e70147a?s=96&d=mm&r=g\",\"contentUrl\":\"https:\/\/secure.gravatar.com\/avatar\/f10eaf9ad601244a2357c9fd7cd9805ed166cfaaf76d5d9ab08a9d873e70147a?s=96&d=mm&r=g\",\"caption\":\"Xavi Andornet\"},\"sameAs\":[\"http:\/\/www.andornet.ad\"],\"url\":\"http:\/\/esponsorama.ad\/es\/author\/andornet\/\"}]}<\/script>\n<!-- \/ Yoast SEO plugin. -->","yoast_head_json":{"title":"Simeon mejora sus sensaciones; Torres cumple en su debut en Arag\u00f3n - Esponsorama","robots":{"index":"index","follow":"follow","max-snippet":"max-snippet:-1","max-image-preview":"max-image-preview:large","max-video-preview":"max-video-preview:-1"},"canonical":"http:\/\/esponsorama.ad\/es\/simeon-mejora-sensaciones-torres-cumple-debut-aragon-2\/","og_locale":"es_ES","og_type":"article","og_title":"Simeon mejora sus sensaciones; Torres cumple en su debut en Arag\u00f3n - Esponsorama","og_description":"MotoGP GP de Arag\u00f3n \u2013 MotorLand Arag\u00f3n El primer d\u00eda del Gran Premio de Arag\u00f3n ha sido bueno para los pilotos del equipo Reale Avintia Racing, con Xavier Simeon evolucionando al manillar de la Ducati GP17 del lesionado Tito Rabat y con la novedad de Jordi Torres, que en su primer d\u00eda sobre la GP16 [&hellip;]","og_url":"http:\/\/esponsorama.ad\/es\/simeon-mejora-sensaciones-torres-cumple-debut-aragon-2\/","og_site_name":"Esponsorama","article_published_time":"2018-09-21T15:12:44+00:00","article_modified_time":"2018-11-07T08:22:36+00:00","og_image":[{"width":1024,"height":683,"url":"http:\/\/esponsorama.ad\/wp-content\/uploads\/2018\/09\/14_Aragon_2018_MotoGP_Simeon_Friday-2785-1024x683.jpg","type":"image\/jpeg"}],"author":"Xavi Andornet","twitter_card":"summary_large_image","twitter_misc":{"Escrito por":"Xavi Andornet","Tiempo de lectura":"2 minutos"},"schema":{"@context":"https:\/\/schema.org","@graph":[{"@type":"Article","@id":"http:\/\/esponsorama.ad\/es\/simeon-mejora-sensaciones-torres-cumple-debut-aragon-2\/#article","isPartOf":{"@id":"http:\/\/esponsorama.ad\/es\/simeon-mejora-sensaciones-torres-cumple-debut-aragon-2\/"},"author":{"name":"Xavi Andornet","@id":"http:\/\/esponsorama.ad\/es\/#\/schema\/person\/a5cde74945183d737066e46b61c6f9c4"},"headline":"Simeon mejora sus sensaciones; Torres cumple en su debut en Arag\u00f3n","datePublished":"2018-09-21T15:12:44+00:00","dateModified":"2018-11-07T08:22:36+00:00","mainEntityOfPage":{"@id":"http:\/\/esponsorama.ad\/es\/simeon-mejora-sensaciones-torres-cumple-debut-aragon-2\/"},"wordCount":505,"image":{"@id":"http:\/\/esponsorama.ad\/es\/simeon-mejora-sensaciones-torres-cumple-debut-aragon-2\/#primaryimage"},"thumbnailUrl":"http:\/\/esponsorama.ad\/wp-content\/uploads\/2018\/09\/14_Aragon_2018_MotoGP_Simeon_Friday-2785.jpg","articleSection":["MotoGP"],"inLanguage":"es"},{"@type":"WebPage","@id":"http:\/\/esponsorama.ad\/es\/simeon-mejora-sensaciones-torres-cumple-debut-aragon-2\/","url":"http:\/\/esponsorama.ad\/es\/simeon-mejora-sensaciones-torres-cumple-debut-aragon-2\/","name":"Simeon mejora sus sensaciones; Torres cumple en su debut en Arag\u00f3n - Esponsorama","isPartOf":{"@id":"http:\/\/esponsorama.ad\/es\/#website"},"primaryImageOfPage":{"@id":"http:\/\/esponsorama.ad\/es\/simeon-mejora-sensaciones-torres-cumple-debut-aragon-2\/#primaryimage"},"image":{"@id":"http:\/\/esponsorama.ad\/es\/simeon-mejora-sensaciones-torres-cumple-debut-aragon-2\/#primaryimage"},"thumbnailUrl":"http:\/\/esponsorama.ad\/wp-content\/uploads\/2018\/09\/14_Aragon_2018_MotoGP_Simeon_Friday-2785.jpg","datePublished":"2018-09-21T15:12:44+00:00","dateModified":"2018-11-07T08:22:36+00:00","author":{"@id":"http:\/\/esponsorama.ad\/es\/#\/schema\/person\/a5cde74945183d737066e46b61c6f9c4"},"breadcrumb":{"@id":"http:\/\/esponsorama.ad\/es\/simeon-mejora-sensaciones-torres-cumple-debut-aragon-2\/#breadcrumb"},"inLanguage":"es","potentialAction":[{"@type":"ReadAction","target":["http:\/\/esponsorama.ad\/es\/simeon-mejora-sensaciones-torres-cumple-debut-aragon-2\/"]}]},{"@type":"ImageObject","inLanguage":"es","@id":"http:\/\/esponsorama.ad\/es\/simeon-mejora-sensaciones-torres-cumple-debut-aragon-2\/#primaryimage","url":"http:\/\/esponsorama.ad\/wp-content\/uploads\/2018\/09\/14_Aragon_2018_MotoGP_Simeon_Friday-2785.jpg","contentUrl":"http:\/\/esponsorama.ad\/wp-content\/uploads\/2018\/09\/14_Aragon_2018_MotoGP_Simeon_Friday-2785.jpg","width":3400,"height":2267},{"@type":"BreadcrumbList","@id":"http:\/\/esponsorama.ad\/es\/simeon-mejora-sensaciones-torres-cumple-debut-aragon-2\/#breadcrumb","itemListElement":[{"@type":"ListItem","position":1,"name":"Home","item":"http:\/\/esponsorama.ad\/es\/"},{"@type":"ListItem","position":2,"name":"Simeon mejora sus sensaciones; Torres cumple en su debut en Arag\u00f3n"}]},{"@type":"WebSite","@id":"http:\/\/esponsorama.ad\/es\/#website","url":"http:\/\/esponsorama.ad\/es\/","name":"Esponsorama","description":"Specialist in motorsport sponsorship and event promotions","potentialAction":[{"@type":"SearchAction","target":{"@type":"EntryPoint","urlTemplate":"http:\/\/esponsorama.ad\/es\/?s={search_term_string}"},"query-input":{"@type":"PropertyValueSpecification","valueRequired":true,"valueName":"search_term_string"}}],"inLanguage":"es"},{"@type":"Person","@id":"http:\/\/esponsorama.ad\/es\/#\/schema\/person\/a5cde74945183d737066e46b61c6f9c4","name":"Xavi Andornet","image":{"@type":"ImageObject","inLanguage":"es","@id":"http:\/\/esponsorama.ad\/es\/#\/schema\/person\/image\/","url":"https:\/\/secure.gravatar.com\/avatar\/f10eaf9ad601244a2357c9fd7cd9805ed166cfaaf76d5d9ab08a9d873e70147a?s=96&d=mm&r=g","contentUrl":"https:\/\/secure.gravatar.com\/avatar\/f10eaf9ad601244a2357c9fd7cd9805ed166cfaaf76d5d9ab08a9d873e70147a?s=96&d=mm&r=g","caption":"Xavi Andornet"},"sameAs":["http:\/\/www.andornet.ad"],"url":"http:\/\/esponsorama.ad\/es\/author\/andornet\/"}]}},"_links":{"self":[{"href":"http:\/\/esponsorama.ad\/es\/wp-json\/wp\/v2\/posts\/12293","targetHints":{"allow":["GET"]}}],"collection":[{"href":"http:\/\/esponsorama.ad\/es\/wp-json\/wp\/v2\/posts"}],"about":[{"href":"http:\/\/esponsorama.ad\/es\/wp-json\/wp\/v2\/types\/post"}],"author":[{"embeddable":true,"href":"http:\/\/esponsorama.ad\/es\/wp-json\/wp\/v2\/users\/6"}],"replies":[{"embeddable":true,"href":"http:\/\/esponsorama.ad\/es\/wp-json\/wp\/v2\/comments?post=12293"}],"version-history":[{"count":0,"href":"http:\/\/esponsorama.ad\/es\/wp-json\/wp\/v2\/posts\/12293\/revisions"}],"wp:featuredmedia":[{"embeddable":true,"href":"http:\/\/esponsorama.ad\/es\/wp-json\/wp\/v2\/media\/12257"}],"wp:attachment":[{"href":"http:\/\/esponsorama.ad\/es\/wp-json\/wp\/v2\/media?parent=12293"}],"wp:term":[{"taxonomy":"category","embeddable":true,"href":"http:\/\/esponsorama.ad\/es\/wp-json\/wp\/v2\/categories?post=12293"},{"taxonomy":"post_tag","embeddable":true,"href":"http:\/\/esponsorama.ad\/es\/wp-json\/wp\/v2\/tags?post=12293"}],"curies":[{"name":"wp","href":"https:\/\/api.w.org\/{rel}","templated":true}]}}