{"id":13588,"date":"2018-11-04T09:48:22","date_gmt":"2018-11-04T07:48:22","guid":{"rendered":"http:\/\/esponsorama.ad\/?p=13588"},"modified":"2018-11-04T10:04:09","modified_gmt":"2018-11-04T08:04:09","slug":"simeon-decimoseptimo-gran-premio-malasia-3","status":"publish","type":"post","link":"http:\/\/esponsorama.ad\/es\/simeon-decimoseptimo-gran-premio-malasia-3\/","title":{"rendered":"Simeon decimos\u00e9ptimo en el GP de Malasia"},"content":{"rendered":"<p><strong>MotoGP GP de Malasia \u2013 Sepang<\/strong><\/p>\n<p>El piloto del equipo Reale Avintia Racing, Xavier Simeon, ha terminado 17\u00ba en el Gran Premio de Malasia, una carrera en seco, pero con condiciones de calor y humedad extremas que han puesto a prueba al piloto y la moto.<\/p>\n<p>Simeon ha sido hoy el \u00fanico representante del equipo en Sepang, despu\u00e9s de que Jordi Torres se lesionara su mano izquierda durante el FP4 disputado ayer. El catal\u00e1n pasar\u00e1 por el quir\u00f3fano la pr\u00f3xima semana en el Hospital Universitari Dexeus de Barcelona.<\/p>\n<p>El piloto belga sal\u00eda desde la 15\u00aa plaza de la parrilla, su mejor clasificaci\u00f3n hasta el momento en MotoGP pero, una vez m\u00e1s su salida no ha sido buena y ha perdido unas cuantas posiciones que despu\u00e9s le ha costado mucho recuperar. El ritmo de carrera ha sido mejor de lo que esperaba, pero los segundos perdidos en la primera vuelta le han costado caros y finalmente se ha quedado fuera de los puntos.<\/p>\n<p>El Campeonato del Mundo de MotoGP llegar\u00e1 a su fin dentro de dos semanas con el Gran Premio de la Comunidad Valenciana en el Circuito Ricardo Tormo. Adem\u00e1s, si todo va seg\u00fan lo previsto, en Valencia esperamos volver de nuevo a Tito Rabat subido en su Ducati GP17.<\/p>\n<p><strong><\/strong><\/p>\n<p>\u201cSab\u00eda que en seco iba a ser muy dif\u00edcil, pero aunque he salido mejor que en Australia no conseguimos salir bien y he perdido toda la ventaja que ten\u00eda. Pero en general estoy satisfecho con esta carrera, porque no estaba c\u00f3modo en seco y, al final mi ritmo en la carrera ha sido bastante constante y similar al de los pilotos que han terminado cerca del top 10. Por ese motivo estoy frustrado, porque he hecho todo bien para estar en los puntos, pero no consigo poner todo junto para lograrlo. En MotoGP todo debe estar perfecto y son los peque\u00f1os detalles los que marcan la diferencia. Aparte de esto, el equipo ha vuelto a hacer un gran trabajo, he reducido mucho el tiempo con los primeros y no me esperaba estar \u2018tan cerca\u2019. Ahora a ver qu\u00e9 pasa en Valencia, espero que vuelva Tito y poder disfrutar de mi \u00faltima carrera en MotoGP con el equipo.\u201d<\/p>\n","protected":false},"excerpt":{"rendered":"<p>MotoGP GP de Malasia \u2013 Sepang El piloto del equipo Reale Avintia Racing, Xavier Simeon, ha terminado 17\u00ba en el Gran Premio de Malasia, una carrera en seco, pero con condiciones de calor y humedad extremas que han puesto a prueba al piloto y la moto. Simeon ha sido hoy el \u00fanico representante del equipo [&hellip;]<\/p>\n","protected":false},"author":6,"featured_media":13602,"comment_status":"closed","ping_status":"closed","sticky":false,"template":"","format":"standard","meta":{"footnotes":""},"categories":[3],"tags":[],"class_list":["post-13588","post","type-post","status-publish","format-standard","has-post-thumbnail","hentry","category-motogp"],"yoast_head":"<!-- This site is optimized with the Yoast SEO plugin v27.1.1 - https:\/\/yoast.com\/product\/yoast-seo-wordpress\/ -->\n<title>Simeon decimos\u00e9ptimo en el GP de Malasia - Esponsorama<\/title>\n<meta name=\"robots\" content=\"index, follow, max-snippet:-1, max-image-preview:large, max-video-preview:-1\" \/>\n<link rel=\"canonical\" href=\"http:\/\/esponsorama.ad\/es\/simeon-decimoseptimo-gran-premio-malasia-3\/\" \/>\n<meta property=\"og:locale\" content=\"es_ES\" \/>\n<meta property=\"og:type\" content=\"article\" \/>\n<meta property=\"og:title\" content=\"Simeon decimos\u00e9ptimo en el GP de Malasia - Esponsorama\" \/>\n<meta property=\"og:description\" content=\"MotoGP GP de Malasia \u2013 Sepang El piloto del equipo Reale Avintia Racing, Xavier Simeon, ha terminado 17\u00ba en el Gran Premio de Malasia, una carrera en seco, pero con condiciones de calor y humedad extremas que han puesto a prueba al piloto y la moto. Simeon ha sido hoy el \u00fanico representante del equipo [&hellip;]\" \/>\n<meta property=\"og:url\" content=\"http:\/\/esponsorama.ad\/es\/simeon-decimoseptimo-gran-premio-malasia-3\/\" \/>\n<meta property=\"og:site_name\" content=\"Esponsorama\" \/>\n<meta property=\"article:published_time\" content=\"2018-11-04T07:48:22+00:00\" \/>\n<meta property=\"article:modified_time\" content=\"2018-11-04T08:04:09+00:00\" \/>\n<meta property=\"og:image\" content=\"http:\/\/esponsorama.ad\/wp-content\/uploads\/2018\/11\/18_Sepang_2018_MotoGP_Sunday_Race-4324-1024x682.jpg\" \/>\n\t<meta property=\"og:image:width\" content=\"1024\" \/>\n\t<meta property=\"og:image:height\" content=\"682\" \/>\n\t<meta property=\"og:image:type\" content=\"image\/jpeg\" \/>\n<meta name=\"author\" content=\"Xavi Andornet\" \/>\n<meta name=\"twitter:card\" content=\"summary_large_image\" \/>\n<meta name=\"twitter:label1\" content=\"Escrito por\" \/>\n\t<meta name=\"twitter:data1\" content=\"Xavi Andornet\" \/>\n\t<meta name=\"twitter:label2\" content=\"Tiempo de lectura\" \/>\n\t<meta name=\"twitter:data2\" content=\"2 minutos\" \/>\n<script type=\"application\/ld+json\" class=\"yoast-schema-graph\">{\"@context\":\"https:\/\/schema.org\",\"@graph\":[{\"@type\":\"Article\",\"@id\":\"http:\/\/esponsorama.ad\/es\/simeon-decimoseptimo-gran-premio-malasia-3\/#article\",\"isPartOf\":{\"@id\":\"http:\/\/esponsorama.ad\/es\/simeon-decimoseptimo-gran-premio-malasia-3\/\"},\"author\":{\"name\":\"Xavi Andornet\",\"@id\":\"http:\/\/esponsorama.ad\/es\/#\/schema\/person\/a5cde74945183d737066e46b61c6f9c4\"},\"headline\":\"Simeon decimos\u00e9ptimo en el GP de Malasia\",\"datePublished\":\"2018-11-04T07:48:22+00:00\",\"dateModified\":\"2018-11-04T08:04:09+00:00\",\"mainEntityOfPage\":{\"@id\":\"http:\/\/esponsorama.ad\/es\/simeon-decimoseptimo-gran-premio-malasia-3\/\"},\"wordCount\":389,\"image\":{\"@id\":\"http:\/\/esponsorama.ad\/es\/simeon-decimoseptimo-gran-premio-malasia-3\/#primaryimage\"},\"thumbnailUrl\":\"http:\/\/esponsorama.ad\/wp-content\/uploads\/2018\/11\/18_Sepang_2018_MotoGP_Sunday_Race-4324.jpg\",\"articleSection\":[\"MotoGP\"],\"inLanguage\":\"es\"},{\"@type\":\"WebPage\",\"@id\":\"http:\/\/esponsorama.ad\/es\/simeon-decimoseptimo-gran-premio-malasia-3\/\",\"url\":\"http:\/\/esponsorama.ad\/es\/simeon-decimoseptimo-gran-premio-malasia-3\/\",\"name\":\"Simeon decimos\u00e9ptimo en el GP de Malasia - Esponsorama\",\"isPartOf\":{\"@id\":\"http:\/\/esponsorama.ad\/es\/#website\"},\"primaryImageOfPage\":{\"@id\":\"http:\/\/esponsorama.ad\/es\/simeon-decimoseptimo-gran-premio-malasia-3\/#primaryimage\"},\"image\":{\"@id\":\"http:\/\/esponsorama.ad\/es\/simeon-decimoseptimo-gran-premio-malasia-3\/#primaryimage\"},\"thumbnailUrl\":\"http:\/\/esponsorama.ad\/wp-content\/uploads\/2018\/11\/18_Sepang_2018_MotoGP_Sunday_Race-4324.jpg\",\"datePublished\":\"2018-11-04T07:48:22+00:00\",\"dateModified\":\"2018-11-04T08:04:09+00:00\",\"author\":{\"@id\":\"http:\/\/esponsorama.ad\/es\/#\/schema\/person\/a5cde74945183d737066e46b61c6f9c4\"},\"breadcrumb\":{\"@id\":\"http:\/\/esponsorama.ad\/es\/simeon-decimoseptimo-gran-premio-malasia-3\/#breadcrumb\"},\"inLanguage\":\"es\",\"potentialAction\":[{\"@type\":\"ReadAction\",\"target\":[\"http:\/\/esponsorama.ad\/es\/simeon-decimoseptimo-gran-premio-malasia-3\/\"]}]},{\"@type\":\"ImageObject\",\"inLanguage\":\"es\",\"@id\":\"http:\/\/esponsorama.ad\/es\/simeon-decimoseptimo-gran-premio-malasia-3\/#primaryimage\",\"url\":\"http:\/\/esponsorama.ad\/wp-content\/uploads\/2018\/11\/18_Sepang_2018_MotoGP_Sunday_Race-4324.jpg\",\"contentUrl\":\"http:\/\/esponsorama.ad\/wp-content\/uploads\/2018\/11\/18_Sepang_2018_MotoGP_Sunday_Race-4324.jpg\",\"width\":3400,\"height\":2263},{\"@type\":\"BreadcrumbList\",\"@id\":\"http:\/\/esponsorama.ad\/es\/simeon-decimoseptimo-gran-premio-malasia-3\/#breadcrumb\",\"itemListElement\":[{\"@type\":\"ListItem\",\"position\":1,\"name\":\"Home\",\"item\":\"http:\/\/esponsorama.ad\/es\/\"},{\"@type\":\"ListItem\",\"position\":2,\"name\":\"Simeon decimos\u00e9ptimo en el GP de Malasia\"}]},{\"@type\":\"WebSite\",\"@id\":\"http:\/\/esponsorama.ad\/es\/#website\",\"url\":\"http:\/\/esponsorama.ad\/es\/\",\"name\":\"Esponsorama\",\"description\":\"Specialist in motorsport sponsorship and event promotions\",\"potentialAction\":[{\"@type\":\"SearchAction\",\"target\":{\"@type\":\"EntryPoint\",\"urlTemplate\":\"http:\/\/esponsorama.ad\/es\/?s={search_term_string}\"},\"query-input\":{\"@type\":\"PropertyValueSpecification\",\"valueRequired\":true,\"valueName\":\"search_term_string\"}}],\"inLanguage\":\"es\"},{\"@type\":\"Person\",\"@id\":\"http:\/\/esponsorama.ad\/es\/#\/schema\/person\/a5cde74945183d737066e46b61c6f9c4\",\"name\":\"Xavi Andornet\",\"image\":{\"@type\":\"ImageObject\",\"inLanguage\":\"es\",\"@id\":\"http:\/\/esponsorama.ad\/es\/#\/schema\/person\/image\/\",\"url\":\"https:\/\/secure.gravatar.com\/avatar\/f10eaf9ad601244a2357c9fd7cd9805ed166cfaaf76d5d9ab08a9d873e70147a?s=96&d=mm&r=g\",\"contentUrl\":\"https:\/\/secure.gravatar.com\/avatar\/f10eaf9ad601244a2357c9fd7cd9805ed166cfaaf76d5d9ab08a9d873e70147a?s=96&d=mm&r=g\",\"caption\":\"Xavi Andornet\"},\"sameAs\":[\"http:\/\/www.andornet.ad\"],\"url\":\"http:\/\/esponsorama.ad\/es\/author\/andornet\/\"}]}<\/script>\n<!-- \/ Yoast SEO plugin. -->","yoast_head_json":{"title":"Simeon decimos\u00e9ptimo en el GP de Malasia - Esponsorama","robots":{"index":"index","follow":"follow","max-snippet":"max-snippet:-1","max-image-preview":"max-image-preview:large","max-video-preview":"max-video-preview:-1"},"canonical":"http:\/\/esponsorama.ad\/es\/simeon-decimoseptimo-gran-premio-malasia-3\/","og_locale":"es_ES","og_type":"article","og_title":"Simeon decimos\u00e9ptimo en el GP de Malasia - Esponsorama","og_description":"MotoGP GP de Malasia \u2013 Sepang El piloto del equipo Reale Avintia Racing, Xavier Simeon, ha terminado 17\u00ba en el Gran Premio de Malasia, una carrera en seco, pero con condiciones de calor y humedad extremas que han puesto a prueba al piloto y la moto. Simeon ha sido hoy el \u00fanico representante del equipo [&hellip;]","og_url":"http:\/\/esponsorama.ad\/es\/simeon-decimoseptimo-gran-premio-malasia-3\/","og_site_name":"Esponsorama","article_published_time":"2018-11-04T07:48:22+00:00","article_modified_time":"2018-11-04T08:04:09+00:00","og_image":[{"width":1024,"height":682,"url":"http:\/\/esponsorama.ad\/wp-content\/uploads\/2018\/11\/18_Sepang_2018_MotoGP_Sunday_Race-4324-1024x682.jpg","type":"image\/jpeg"}],"author":"Xavi Andornet","twitter_card":"summary_large_image","twitter_misc":{"Escrito por":"Xavi Andornet","Tiempo de lectura":"2 minutos"},"schema":{"@context":"https:\/\/schema.org","@graph":[{"@type":"Article","@id":"http:\/\/esponsorama.ad\/es\/simeon-decimoseptimo-gran-premio-malasia-3\/#article","isPartOf":{"@id":"http:\/\/esponsorama.ad\/es\/simeon-decimoseptimo-gran-premio-malasia-3\/"},"author":{"name":"Xavi Andornet","@id":"http:\/\/esponsorama.ad\/es\/#\/schema\/person\/a5cde74945183d737066e46b61c6f9c4"},"headline":"Simeon decimos\u00e9ptimo en el GP de Malasia","datePublished":"2018-11-04T07:48:22+00:00","dateModified":"2018-11-04T08:04:09+00:00","mainEntityOfPage":{"@id":"http:\/\/esponsorama.ad\/es\/simeon-decimoseptimo-gran-premio-malasia-3\/"},"wordCount":389,"image":{"@id":"http:\/\/esponsorama.ad\/es\/simeon-decimoseptimo-gran-premio-malasia-3\/#primaryimage"},"thumbnailUrl":"http:\/\/esponsorama.ad\/wp-content\/uploads\/2018\/11\/18_Sepang_2018_MotoGP_Sunday_Race-4324.jpg","articleSection":["MotoGP"],"inLanguage":"es"},{"@type":"WebPage","@id":"http:\/\/esponsorama.ad\/es\/simeon-decimoseptimo-gran-premio-malasia-3\/","url":"http:\/\/esponsorama.ad\/es\/simeon-decimoseptimo-gran-premio-malasia-3\/","name":"Simeon decimos\u00e9ptimo en el GP de Malasia - Esponsorama","isPartOf":{"@id":"http:\/\/esponsorama.ad\/es\/#website"},"primaryImageOfPage":{"@id":"http:\/\/esponsorama.ad\/es\/simeon-decimoseptimo-gran-premio-malasia-3\/#primaryimage"},"image":{"@id":"http:\/\/esponsorama.ad\/es\/simeon-decimoseptimo-gran-premio-malasia-3\/#primaryimage"},"thumbnailUrl":"http:\/\/esponsorama.ad\/wp-content\/uploads\/2018\/11\/18_Sepang_2018_MotoGP_Sunday_Race-4324.jpg","datePublished":"2018-11-04T07:48:22+00:00","dateModified":"2018-11-04T08:04:09+00:00","author":{"@id":"http:\/\/esponsorama.ad\/es\/#\/schema\/person\/a5cde74945183d737066e46b61c6f9c4"},"breadcrumb":{"@id":"http:\/\/esponsorama.ad\/es\/simeon-decimoseptimo-gran-premio-malasia-3\/#breadcrumb"},"inLanguage":"es","potentialAction":[{"@type":"ReadAction","target":["http:\/\/esponsorama.ad\/es\/simeon-decimoseptimo-gran-premio-malasia-3\/"]}]},{"@type":"ImageObject","inLanguage":"es","@id":"http:\/\/esponsorama.ad\/es\/simeon-decimoseptimo-gran-premio-malasia-3\/#primaryimage","url":"http:\/\/esponsorama.ad\/wp-content\/uploads\/2018\/11\/18_Sepang_2018_MotoGP_Sunday_Race-4324.jpg","contentUrl":"http:\/\/esponsorama.ad\/wp-content\/uploads\/2018\/11\/18_Sepang_2018_MotoGP_Sunday_Race-4324.jpg","width":3400,"height":2263},{"@type":"BreadcrumbList","@id":"http:\/\/esponsorama.ad\/es\/simeon-decimoseptimo-gran-premio-malasia-3\/#breadcrumb","itemListElement":[{"@type":"ListItem","position":1,"name":"Home","item":"http:\/\/esponsorama.ad\/es\/"},{"@type":"ListItem","position":2,"name":"Simeon decimos\u00e9ptimo en el GP de Malasia"}]},{"@type":"WebSite","@id":"http:\/\/esponsorama.ad\/es\/#website","url":"http:\/\/esponsorama.ad\/es\/","name":"Esponsorama","description":"Specialist in motorsport sponsorship and event promotions","potentialAction":[{"@type":"SearchAction","target":{"@type":"EntryPoint","urlTemplate":"http:\/\/esponsorama.ad\/es\/?s={search_term_string}"},"query-input":{"@type":"PropertyValueSpecification","valueRequired":true,"valueName":"search_term_string"}}],"inLanguage":"es"},{"@type":"Person","@id":"http:\/\/esponsorama.ad\/es\/#\/schema\/person\/a5cde74945183d737066e46b61c6f9c4","name":"Xavi Andornet","image":{"@type":"ImageObject","inLanguage":"es","@id":"http:\/\/esponsorama.ad\/es\/#\/schema\/person\/image\/","url":"https:\/\/secure.gravatar.com\/avatar\/f10eaf9ad601244a2357c9fd7cd9805ed166cfaaf76d5d9ab08a9d873e70147a?s=96&d=mm&r=g","contentUrl":"https:\/\/secure.gravatar.com\/avatar\/f10eaf9ad601244a2357c9fd7cd9805ed166cfaaf76d5d9ab08a9d873e70147a?s=96&d=mm&r=g","caption":"Xavi Andornet"},"sameAs":["http:\/\/www.andornet.ad"],"url":"http:\/\/esponsorama.ad\/es\/author\/andornet\/"}]}},"_links":{"self":[{"href":"http:\/\/esponsorama.ad\/es\/wp-json\/wp\/v2\/posts\/13588","targetHints":{"allow":["GET"]}}],"collection":[{"href":"http:\/\/esponsorama.ad\/es\/wp-json\/wp\/v2\/posts"}],"about":[{"href":"http:\/\/esponsorama.ad\/es\/wp-json\/wp\/v2\/types\/post"}],"author":[{"embeddable":true,"href":"http:\/\/esponsorama.ad\/es\/wp-json\/wp\/v2\/users\/6"}],"replies":[{"embeddable":true,"href":"http:\/\/esponsorama.ad\/es\/wp-json\/wp\/v2\/comments?post=13588"}],"version-history":[{"count":0,"href":"http:\/\/esponsorama.ad\/es\/wp-json\/wp\/v2\/posts\/13588\/revisions"}],"wp:featuredmedia":[{"embeddable":true,"href":"http:\/\/esponsorama.ad\/es\/wp-json\/wp\/v2\/media\/13602"}],"wp:attachment":[{"href":"http:\/\/esponsorama.ad\/es\/wp-json\/wp\/v2\/media?parent=13588"}],"wp:term":[{"taxonomy":"category","embeddable":true,"href":"http:\/\/esponsorama.ad\/es\/wp-json\/wp\/v2\/categories?post=13588"},{"taxonomy":"post_tag","embeddable":true,"href":"http:\/\/esponsorama.ad\/es\/wp-json\/wp\/v2\/tags?post=13588"}],"curies":[{"name":"wp","href":"https:\/\/api.w.org\/{rel}","templated":true}]}}