{"id":13944,"date":"2018-11-18T19:31:58","date_gmt":"2018-11-18T17:31:58","guid":{"rendered":"http:\/\/esponsorama.ad\/?p=13944"},"modified":"2018-11-18T19:38:38","modified_gmt":"2018-11-18T17:38:38","slug":"jordi-torres-logra-primer-punto-motogp-diluvio-valencia-3","status":"publish","type":"post","link":"http:\/\/esponsorama.ad\/es\/jordi-torres-logra-primer-punto-motogp-diluvio-valencia-3\/","title":{"rendered":"Jordi Torres logra su primer punto en MotoGP bajo el diluvio en Valencia"},"content":{"rendered":"<p><strong>MotoGP GP de Valencia \u2013 Ricardo Tormo<\/strong><\/p>\n<p>El piloto del equipo Reale Avintia Racing, Jordi Torres, ha conseguido su primer punto en el Campeonato del Mundo de MotoGP hoy en Valencia. Torres ha sido el \u00fanico representante del equipo en la \u00faltima carrera del a\u00f1o despu\u00e9s de que el s\u00e1bado, Xavier Simeon, fuera declarado no apto para correr debido a una conmoci\u00f3n cerebral.<\/p>\n<p>Con su pulgar izquierdo reci\u00e9n operado tras fractur\u00e1rselo en Sepang, Torres ha aprovechado que la carrera fuese en mojado, ya que la fuerza aplicada sobre el manillar de la moto en esas condiciones es mucho menor. El piloto de Rub\u00ed se hab\u00eda marcado como objetivo terminar, y lo ha conseguido. La carrera se ha disputado en dos partes debido a la fuerte lluvia y, en ambas, Torres ha terminado en la zona de puntos, delante de 97.201 aficionados que han aguantado la lluvia estoicamente hasta el final de la carrera.<\/p>\n<p>El martes comenzar\u00e1 una nueva temporada para el equipo Reale Avintia Racing, con los primeros test oficiales de MotoGP en el Circuit Ricardo Tormo, en los que regresar\u00e1 Tito Rabat despu\u00e9s de casi tres meses lesionado y, donde debutar\u00e1 el checo Karel Abraham con el equipo. Ambos pilotos contar\u00e1n con sendas Ducati GP18.<\/p>\n\n<p>\u00abHoy ha ido bien porque en mojado s\u00ed que ten\u00eda garant\u00edas de terminar la carrera y ayer en seco ya vimos que ser\u00eda complicado. Dimos seis o siete vueltas seguidas y mi mano estaba muerta. En carrera he salido, las primeras vueltas han sido muy complicadas porque solo se ve\u00eda agua, aunque luego ha mejorado. He intentado seguir al grupo que llevaba delante, pero era muy f\u00e1cil caerse en esas condiciones y la prueba son todas las ca\u00eddas que hemos visto hoy. Al final han decidido pararla. En la segunda parte he seguido pilotando muy fino, el objetivo era asegurar y hemos conseguido nuestro primer punto. Quiero dar las gracias al equipo por el gran trabajo realizado con el manillar y al Dr. Mir por operarme tan bien, porque en menos de una semana he vuelto a subirme a la moto.\u201d<\/p>\n","protected":false},"excerpt":{"rendered":"<p>MotoGP GP de Valencia \u2013 Ricardo Tormo El piloto del equipo Reale Avintia Racing, Jordi Torres, ha conseguido su primer punto en el Campeonato del Mundo de MotoGP hoy en Valencia. Torres ha sido el \u00fanico representante del equipo en la \u00faltima carrera del a\u00f1o despu\u00e9s de que el s\u00e1bado, Xavier Simeon, fuera declarado no [&hellip;]<\/p>\n","protected":false},"author":6,"featured_media":13971,"comment_status":"closed","ping_status":"closed","sticky":false,"template":"","format":"standard","meta":{"footnotes":""},"categories":[3],"tags":[],"class_list":["post-13944","post","type-post","status-publish","format-standard","has-post-thumbnail","hentry","category-motogp"],"yoast_head":"<!-- This site is optimized with the Yoast SEO plugin v27.1.1 - https:\/\/yoast.com\/product\/yoast-seo-wordpress\/ -->\n<title>Jordi Torres logra su primer punto en MotoGP bajo el diluvio en Valencia - Esponsorama<\/title>\n<meta name=\"robots\" content=\"index, follow, max-snippet:-1, max-image-preview:large, max-video-preview:-1\" \/>\n<link rel=\"canonical\" href=\"http:\/\/esponsorama.ad\/es\/jordi-torres-logra-primer-punto-motogp-diluvio-valencia-3\/\" \/>\n<meta property=\"og:locale\" content=\"es_ES\" \/>\n<meta property=\"og:type\" content=\"article\" \/>\n<meta property=\"og:title\" content=\"Jordi Torres logra su primer punto en MotoGP bajo el diluvio en Valencia - Esponsorama\" \/>\n<meta property=\"og:description\" content=\"MotoGP GP de Valencia \u2013 Ricardo Tormo El piloto del equipo Reale Avintia Racing, Jordi Torres, ha conseguido su primer punto en el Campeonato del Mundo de MotoGP hoy en Valencia. Torres ha sido el \u00fanico representante del equipo en la \u00faltima carrera del a\u00f1o despu\u00e9s de que el s\u00e1bado, Xavier Simeon, fuera declarado no [&hellip;]\" \/>\n<meta property=\"og:url\" content=\"http:\/\/esponsorama.ad\/es\/jordi-torres-logra-primer-punto-motogp-diluvio-valencia-3\/\" \/>\n<meta property=\"og:site_name\" content=\"Esponsorama\" \/>\n<meta property=\"article:published_time\" content=\"2018-11-18T17:31:58+00:00\" \/>\n<meta property=\"article:modified_time\" content=\"2018-11-18T17:38:38+00:00\" \/>\n<meta property=\"og:image\" content=\"http:\/\/esponsorama.ad\/wp-content\/uploads\/2018\/11\/19VALENCIA2018MGP-1538-1024x683.jpg\" \/>\n\t<meta property=\"og:image:width\" content=\"1024\" \/>\n\t<meta property=\"og:image:height\" content=\"683\" \/>\n\t<meta property=\"og:image:type\" content=\"image\/jpeg\" \/>\n<meta name=\"author\" content=\"Xavi Andornet\" \/>\n<meta name=\"twitter:card\" content=\"summary_large_image\" \/>\n<meta name=\"twitter:label1\" content=\"Escrito por\" \/>\n\t<meta name=\"twitter:data1\" content=\"Xavi Andornet\" \/>\n\t<meta name=\"twitter:label2\" content=\"Tiempo de lectura\" \/>\n\t<meta name=\"twitter:data2\" content=\"2 minutos\" \/>\n<script type=\"application\/ld+json\" class=\"yoast-schema-graph\">{\"@context\":\"https:\/\/schema.org\",\"@graph\":[{\"@type\":\"Article\",\"@id\":\"http:\/\/esponsorama.ad\/es\/jordi-torres-logra-primer-punto-motogp-diluvio-valencia-3\/#article\",\"isPartOf\":{\"@id\":\"http:\/\/esponsorama.ad\/es\/jordi-torres-logra-primer-punto-motogp-diluvio-valencia-3\/\"},\"author\":{\"name\":\"Xavi Andornet\",\"@id\":\"http:\/\/esponsorama.ad\/es\/#\/schema\/person\/a5cde74945183d737066e46b61c6f9c4\"},\"headline\":\"Jordi Torres logra su primer punto en MotoGP bajo el diluvio en Valencia\",\"datePublished\":\"2018-11-18T17:31:58+00:00\",\"dateModified\":\"2018-11-18T17:38:38+00:00\",\"mainEntityOfPage\":{\"@id\":\"http:\/\/esponsorama.ad\/es\/jordi-torres-logra-primer-punto-motogp-diluvio-valencia-3\/\"},\"wordCount\":376,\"image\":{\"@id\":\"http:\/\/esponsorama.ad\/es\/jordi-torres-logra-primer-punto-motogp-diluvio-valencia-3\/#primaryimage\"},\"thumbnailUrl\":\"http:\/\/esponsorama.ad\/wp-content\/uploads\/2018\/11\/19VALENCIA2018MGP-1538.jpg\",\"articleSection\":[\"MotoGP\"],\"inLanguage\":\"es\"},{\"@type\":\"WebPage\",\"@id\":\"http:\/\/esponsorama.ad\/es\/jordi-torres-logra-primer-punto-motogp-diluvio-valencia-3\/\",\"url\":\"http:\/\/esponsorama.ad\/es\/jordi-torres-logra-primer-punto-motogp-diluvio-valencia-3\/\",\"name\":\"Jordi Torres logra su primer punto en MotoGP bajo el diluvio en Valencia - Esponsorama\",\"isPartOf\":{\"@id\":\"http:\/\/esponsorama.ad\/es\/#website\"},\"primaryImageOfPage\":{\"@id\":\"http:\/\/esponsorama.ad\/es\/jordi-torres-logra-primer-punto-motogp-diluvio-valencia-3\/#primaryimage\"},\"image\":{\"@id\":\"http:\/\/esponsorama.ad\/es\/jordi-torres-logra-primer-punto-motogp-diluvio-valencia-3\/#primaryimage\"},\"thumbnailUrl\":\"http:\/\/esponsorama.ad\/wp-content\/uploads\/2018\/11\/19VALENCIA2018MGP-1538.jpg\",\"datePublished\":\"2018-11-18T17:31:58+00:00\",\"dateModified\":\"2018-11-18T17:38:38+00:00\",\"author\":{\"@id\":\"http:\/\/esponsorama.ad\/es\/#\/schema\/person\/a5cde74945183d737066e46b61c6f9c4\"},\"breadcrumb\":{\"@id\":\"http:\/\/esponsorama.ad\/es\/jordi-torres-logra-primer-punto-motogp-diluvio-valencia-3\/#breadcrumb\"},\"inLanguage\":\"es\",\"potentialAction\":[{\"@type\":\"ReadAction\",\"target\":[\"http:\/\/esponsorama.ad\/es\/jordi-torres-logra-primer-punto-motogp-diluvio-valencia-3\/\"]}]},{\"@type\":\"ImageObject\",\"inLanguage\":\"es\",\"@id\":\"http:\/\/esponsorama.ad\/es\/jordi-torres-logra-primer-punto-motogp-diluvio-valencia-3\/#primaryimage\",\"url\":\"http:\/\/esponsorama.ad\/wp-content\/uploads\/2018\/11\/19VALENCIA2018MGP-1538.jpg\",\"contentUrl\":\"http:\/\/esponsorama.ad\/wp-content\/uploads\/2018\/11\/19VALENCIA2018MGP-1538.jpg\",\"width\":4804,\"height\":3203},{\"@type\":\"BreadcrumbList\",\"@id\":\"http:\/\/esponsorama.ad\/es\/jordi-torres-logra-primer-punto-motogp-diluvio-valencia-3\/#breadcrumb\",\"itemListElement\":[{\"@type\":\"ListItem\",\"position\":1,\"name\":\"Home\",\"item\":\"http:\/\/esponsorama.ad\/ca\/\"},{\"@type\":\"ListItem\",\"position\":2,\"name\":\"Jordi Torres logra su primer punto en MotoGP bajo el diluvio en Valencia\"}]},{\"@type\":\"WebSite\",\"@id\":\"http:\/\/esponsorama.ad\/es\/#website\",\"url\":\"http:\/\/esponsorama.ad\/es\/\",\"name\":\"Esponsorama\",\"description\":\"Specialist in motorsport sponsorship and event promotions\",\"potentialAction\":[{\"@type\":\"SearchAction\",\"target\":{\"@type\":\"EntryPoint\",\"urlTemplate\":\"http:\/\/esponsorama.ad\/es\/?s={search_term_string}\"},\"query-input\":{\"@type\":\"PropertyValueSpecification\",\"valueRequired\":true,\"valueName\":\"search_term_string\"}}],\"inLanguage\":\"es\"},{\"@type\":\"Person\",\"@id\":\"http:\/\/esponsorama.ad\/es\/#\/schema\/person\/a5cde74945183d737066e46b61c6f9c4\",\"name\":\"Xavi Andornet\",\"image\":{\"@type\":\"ImageObject\",\"inLanguage\":\"es\",\"@id\":\"http:\/\/esponsorama.ad\/es\/#\/schema\/person\/image\/\",\"url\":\"https:\/\/secure.gravatar.com\/avatar\/f10eaf9ad601244a2357c9fd7cd9805ed166cfaaf76d5d9ab08a9d873e70147a?s=96&d=mm&r=g\",\"contentUrl\":\"https:\/\/secure.gravatar.com\/avatar\/f10eaf9ad601244a2357c9fd7cd9805ed166cfaaf76d5d9ab08a9d873e70147a?s=96&d=mm&r=g\",\"caption\":\"Xavi Andornet\"},\"sameAs\":[\"http:\/\/www.andornet.ad\"],\"url\":\"http:\/\/esponsorama.ad\/es\/author\/andornet\/\"}]}<\/script>\n<!-- \/ Yoast SEO plugin. -->","yoast_head_json":{"title":"Jordi Torres logra su primer punto en MotoGP bajo el diluvio en Valencia - Esponsorama","robots":{"index":"index","follow":"follow","max-snippet":"max-snippet:-1","max-image-preview":"max-image-preview:large","max-video-preview":"max-video-preview:-1"},"canonical":"http:\/\/esponsorama.ad\/es\/jordi-torres-logra-primer-punto-motogp-diluvio-valencia-3\/","og_locale":"es_ES","og_type":"article","og_title":"Jordi Torres logra su primer punto en MotoGP bajo el diluvio en Valencia - Esponsorama","og_description":"MotoGP GP de Valencia \u2013 Ricardo Tormo El piloto del equipo Reale Avintia Racing, Jordi Torres, ha conseguido su primer punto en el Campeonato del Mundo de MotoGP hoy en Valencia. Torres ha sido el \u00fanico representante del equipo en la \u00faltima carrera del a\u00f1o despu\u00e9s de que el s\u00e1bado, Xavier Simeon, fuera declarado no [&hellip;]","og_url":"http:\/\/esponsorama.ad\/es\/jordi-torres-logra-primer-punto-motogp-diluvio-valencia-3\/","og_site_name":"Esponsorama","article_published_time":"2018-11-18T17:31:58+00:00","article_modified_time":"2018-11-18T17:38:38+00:00","og_image":[{"width":1024,"height":683,"url":"http:\/\/esponsorama.ad\/wp-content\/uploads\/2018\/11\/19VALENCIA2018MGP-1538-1024x683.jpg","type":"image\/jpeg"}],"author":"Xavi Andornet","twitter_card":"summary_large_image","twitter_misc":{"Escrito por":"Xavi Andornet","Tiempo de lectura":"2 minutos"},"schema":{"@context":"https:\/\/schema.org","@graph":[{"@type":"Article","@id":"http:\/\/esponsorama.ad\/es\/jordi-torres-logra-primer-punto-motogp-diluvio-valencia-3\/#article","isPartOf":{"@id":"http:\/\/esponsorama.ad\/es\/jordi-torres-logra-primer-punto-motogp-diluvio-valencia-3\/"},"author":{"name":"Xavi Andornet","@id":"http:\/\/esponsorama.ad\/es\/#\/schema\/person\/a5cde74945183d737066e46b61c6f9c4"},"headline":"Jordi Torres logra su primer punto en MotoGP bajo el diluvio en Valencia","datePublished":"2018-11-18T17:31:58+00:00","dateModified":"2018-11-18T17:38:38+00:00","mainEntityOfPage":{"@id":"http:\/\/esponsorama.ad\/es\/jordi-torres-logra-primer-punto-motogp-diluvio-valencia-3\/"},"wordCount":376,"image":{"@id":"http:\/\/esponsorama.ad\/es\/jordi-torres-logra-primer-punto-motogp-diluvio-valencia-3\/#primaryimage"},"thumbnailUrl":"http:\/\/esponsorama.ad\/wp-content\/uploads\/2018\/11\/19VALENCIA2018MGP-1538.jpg","articleSection":["MotoGP"],"inLanguage":"es"},{"@type":"WebPage","@id":"http:\/\/esponsorama.ad\/es\/jordi-torres-logra-primer-punto-motogp-diluvio-valencia-3\/","url":"http:\/\/esponsorama.ad\/es\/jordi-torres-logra-primer-punto-motogp-diluvio-valencia-3\/","name":"Jordi Torres logra su primer punto en MotoGP bajo el diluvio en Valencia - Esponsorama","isPartOf":{"@id":"http:\/\/esponsorama.ad\/es\/#website"},"primaryImageOfPage":{"@id":"http:\/\/esponsorama.ad\/es\/jordi-torres-logra-primer-punto-motogp-diluvio-valencia-3\/#primaryimage"},"image":{"@id":"http:\/\/esponsorama.ad\/es\/jordi-torres-logra-primer-punto-motogp-diluvio-valencia-3\/#primaryimage"},"thumbnailUrl":"http:\/\/esponsorama.ad\/wp-content\/uploads\/2018\/11\/19VALENCIA2018MGP-1538.jpg","datePublished":"2018-11-18T17:31:58+00:00","dateModified":"2018-11-18T17:38:38+00:00","author":{"@id":"http:\/\/esponsorama.ad\/es\/#\/schema\/person\/a5cde74945183d737066e46b61c6f9c4"},"breadcrumb":{"@id":"http:\/\/esponsorama.ad\/es\/jordi-torres-logra-primer-punto-motogp-diluvio-valencia-3\/#breadcrumb"},"inLanguage":"es","potentialAction":[{"@type":"ReadAction","target":["http:\/\/esponsorama.ad\/es\/jordi-torres-logra-primer-punto-motogp-diluvio-valencia-3\/"]}]},{"@type":"ImageObject","inLanguage":"es","@id":"http:\/\/esponsorama.ad\/es\/jordi-torres-logra-primer-punto-motogp-diluvio-valencia-3\/#primaryimage","url":"http:\/\/esponsorama.ad\/wp-content\/uploads\/2018\/11\/19VALENCIA2018MGP-1538.jpg","contentUrl":"http:\/\/esponsorama.ad\/wp-content\/uploads\/2018\/11\/19VALENCIA2018MGP-1538.jpg","width":4804,"height":3203},{"@type":"BreadcrumbList","@id":"http:\/\/esponsorama.ad\/es\/jordi-torres-logra-primer-punto-motogp-diluvio-valencia-3\/#breadcrumb","itemListElement":[{"@type":"ListItem","position":1,"name":"Home","item":"http:\/\/esponsorama.ad\/ca\/"},{"@type":"ListItem","position":2,"name":"Jordi Torres logra su primer punto en MotoGP bajo el diluvio en Valencia"}]},{"@type":"WebSite","@id":"http:\/\/esponsorama.ad\/es\/#website","url":"http:\/\/esponsorama.ad\/es\/","name":"Esponsorama","description":"Specialist in motorsport sponsorship and event promotions","potentialAction":[{"@type":"SearchAction","target":{"@type":"EntryPoint","urlTemplate":"http:\/\/esponsorama.ad\/es\/?s={search_term_string}"},"query-input":{"@type":"PropertyValueSpecification","valueRequired":true,"valueName":"search_term_string"}}],"inLanguage":"es"},{"@type":"Person","@id":"http:\/\/esponsorama.ad\/es\/#\/schema\/person\/a5cde74945183d737066e46b61c6f9c4","name":"Xavi Andornet","image":{"@type":"ImageObject","inLanguage":"es","@id":"http:\/\/esponsorama.ad\/es\/#\/schema\/person\/image\/","url":"https:\/\/secure.gravatar.com\/avatar\/f10eaf9ad601244a2357c9fd7cd9805ed166cfaaf76d5d9ab08a9d873e70147a?s=96&d=mm&r=g","contentUrl":"https:\/\/secure.gravatar.com\/avatar\/f10eaf9ad601244a2357c9fd7cd9805ed166cfaaf76d5d9ab08a9d873e70147a?s=96&d=mm&r=g","caption":"Xavi Andornet"},"sameAs":["http:\/\/www.andornet.ad"],"url":"http:\/\/esponsorama.ad\/es\/author\/andornet\/"}]}},"_links":{"self":[{"href":"http:\/\/esponsorama.ad\/es\/wp-json\/wp\/v2\/posts\/13944","targetHints":{"allow":["GET"]}}],"collection":[{"href":"http:\/\/esponsorama.ad\/es\/wp-json\/wp\/v2\/posts"}],"about":[{"href":"http:\/\/esponsorama.ad\/es\/wp-json\/wp\/v2\/types\/post"}],"author":[{"embeddable":true,"href":"http:\/\/esponsorama.ad\/es\/wp-json\/wp\/v2\/users\/6"}],"replies":[{"embeddable":true,"href":"http:\/\/esponsorama.ad\/es\/wp-json\/wp\/v2\/comments?post=13944"}],"version-history":[{"count":0,"href":"http:\/\/esponsorama.ad\/es\/wp-json\/wp\/v2\/posts\/13944\/revisions"}],"wp:featuredmedia":[{"embeddable":true,"href":"http:\/\/esponsorama.ad\/es\/wp-json\/wp\/v2\/media\/13971"}],"wp:attachment":[{"href":"http:\/\/esponsorama.ad\/es\/wp-json\/wp\/v2\/media?parent=13944"}],"wp:term":[{"taxonomy":"category","embeddable":true,"href":"http:\/\/esponsorama.ad\/es\/wp-json\/wp\/v2\/categories?post=13944"},{"taxonomy":"post_tag","embeddable":true,"href":"http:\/\/esponsorama.ad\/es\/wp-json\/wp\/v2\/tags?post=13944"}],"curies":[{"name":"wp","href":"https:\/\/api.w.org\/{rel}","templated":true}]}}