{"id":14390,"date":"2019-04-04T20:13:46","date_gmt":"2019-04-04T18:13:46","guid":{"rendered":"http:\/\/esponsorama.ad\/?p=14390"},"modified":"2019-04-04T20:18:48","modified_gmt":"2019-04-04T18:18:48","slug":"tito-rabar-karel-abraham-suman-positivo-test-sepang","status":"publish","type":"post","link":"http:\/\/esponsorama.ad\/es\/tito-rabar-karel-abraham-suman-positivo-test-sepang\/","title":{"rendered":"Tito Rabat y Karel Abraham suman otro positivo test en Sepang"},"content":{"rendered":"<p>Los pilotos del <strong>Reale Avintia Racing Team<\/strong>, han podido disponer del nuevo material de Ducati que no tuvieron en los test de Jerez para afrontar tres d\u00edas en Sepang con lo que ser\u00e1 la nueva moto para la temporada; la \u00faltima evoluci\u00f3n de la <strong>Ducati 2018<\/strong>. La confianza que \u00a0la f\u00e1brica de Borgo Panigale \u00a0ha depositado en el equipo para brindarles esta moto oficial es el fruto del buen trabajo realizado hasta ahora, y que le da al equipo mayores garant\u00cdas de \u00e9xito para\u00a0 2019.\u00a0Han sido tres d\u00edas de intenso trabajo, en las duras condiciones de este trazado con hasta 60\u00ba C de pista; donde pilotos, equipo y motos han logrado entenderse a la perfecci\u00f3n formando un conjunto perfectamente engranado que ya desde el primer d\u00eda a dado buenos resultados, y encara la recta final de preparaci\u00f3n para la temporada con muy buenas sensaciones.<\/p>\n<p>Con un tiempo de<strong> 1:59.983 Tito Rabat<\/strong> finalizaba <strong>4\u00ba<\/strong> como mejor piloto de Ducati tras <strong>63 vueltas<\/strong>, el primero de los d\u00edas. Se continu\u00f3 con la misma intensidad de trabajo a la que nos tiene acostumbrado Tito y despu\u00e9s de <strong>75 vueltas<\/strong> terminaba el segundo d\u00eda <strong>7\u00ba<\/strong> con un mejor tiempo de <strong>1:59.664<\/strong> siendo el piloto que m\u00e1s vueltas realizaba y quedando exhausto tras esta gesta.<br \/>\nEl tercer y \u00faltimo de los d\u00edas, a pesar del cansancio acumulado de los dos d\u00edas anteriores tras ser el piloto que m\u00e1s kil\u00f3metros hab\u00eda realizado; y sin olvidarnos de la larga y dura recuperaci\u00f3n tras el grav\u00edsimo accidente que sufri\u00f3 en Silverstone la pasada temporada que le ha obligado a\u00a0 estar sin subirse a una moto m\u00e1s de cinco meses; lograba mejorar casi dos d\u00e9cimas su mejor tiempo; parando el crono en <strong>1:59.485<\/strong>.<\/p>\n<p>En\u00a0la otra parte del Box y con el mismo material; <strong>Karel Abraham<\/strong> sigui\u00f3 su trayectoria ascendente y adaptaci\u00f3n al nuevo equipo mejorando su registro del primer d\u00eda en 1.3 segundos al finalizar los test con un tiempo de <strong>2:00.378<\/strong>. Piloto y t\u00e9cnicos\u00a0 sacan muy buenas conclusiones y terminan contentos del trabajo realizado pudiendo constatar que Karel tiene todav\u00eda mucho potencial y margen de mejora que como se ha ido viendo durante estos d\u00edas llevar\u00e1n a Karel a\u00a0 lograr los objetivos establecidos para esta temporada.<\/p>\n<table width=\"100%\">\n<tbody>\n<tr>\n<td><strong>\u00a0<img loading=\"lazy\" decoding=\"async\" src=\"https:\/\/gallery.mailchimp.com\/e828fe21a09f1adfacb978ff3\/images\/cc193bf1-dd71-4770-bab4-f8a470a4e120.png\" width=\"50\" height=\"23\" data-file-id=\"50703\" \/>Tito Rabat<\/strong><br \/>\n\u201c<em>Han sido tres d\u00edas muy positivos en los que hemos aprendido muchas cosas nuevas de la moto. Me siento fuerte y\u00a0con el equipo hay muy\u00a0buena\u00a0sinton\u00eda,\u00a0ha demostrado ser muy profesional.\u00a0Nos ha faltado un poco para aprovechar m\u00e1s el neum\u00e1tico blando pero a parte de eso, la\u00a0moto va muy bien y\u00a0el trabajo realizado para el ritmo de carrera ha sido muy bueno<\/em>.\u201d<\/p>\n<div><strong><img loading=\"lazy\" decoding=\"async\" src=\"https:\/\/gallery.mailchimp.com\/e828fe21a09f1adfacb978ff3\/images\/d5c01eef-4822-493c-b33c-eda954b5d0ce.png\" width=\"43\" height=\"25\" data-file-id=\"50707\" \/>\u00a0Karel Abraham<\/strong><br \/>\n<span style=\"font-family: verdana, geneva, sans-serif;\">\u201c<\/span><em>Hemos dado\u00a0un gran paso, estuvimos probando muchos neum\u00e1ticos diferentes, tanto\u00a0delanteros como\u00a0traseros. El \u00faltimo d\u00eda tambi\u00e9n mejoramos el tiempo hasta\u00a010 d\u00e9cimas con un registro de <\/em><strong>2:00.3,<\/strong><em> que es un muy buen tiempo y adem\u00e1s mejoramos tambi\u00e9n nuestra\u00a0posici\u00f3n en la tabla. Sin\u00a0<\/em><span style=\"font-family: verdana, geneva, sans-serif;\"><em>embargo<\/em><\/span><em>,\u00a0hemos de seguir trabajando para encontrar los l\u00edmites de la moto, as\u00ed que trabajaremos duro para eso en los pr\u00f3ximos test que ser\u00e1n en\u00a0 Qatar para seguir mejorando e ir m\u00e1s r\u00e1pido de nuevo<\/em><span style=\"font-family: verdana, geneva, sans-serif;\">.\u201d\u00a0<\/span><\/div>\n<\/td>\n<\/tr>\n<\/tbody>\n<\/table>\n","protected":false},"excerpt":{"rendered":"<p>Los pilotos del Reale Avintia Racing Team, han podido disponer del nuevo material de Ducati que no tuvieron en los test de Jerez para afrontar tres d\u00edas en Sepang con lo que ser\u00e1 la nueva moto para la temporada; la \u00faltima evoluci\u00f3n de la Ducati 2018. La confianza que \u00a0la f\u00e1brica de Borgo Panigale \u00a0ha [&hellip;]<\/p>\n","protected":false},"author":6,"featured_media":14395,"comment_status":"closed","ping_status":"closed","sticky":false,"template":"","format":"standard","meta":{"footnotes":""},"categories":[9,3],"tags":[14,13,15],"class_list":["post-14390","post","type-post","status-publish","format-standard","has-post-thumbnail","hentry","category-esponsorama","category-motogp","tag-karel-abraham","tag-motogp","tag-tito-rabat"],"yoast_head":"<!-- This site is optimized with the Yoast SEO plugin v27.1.1 - https:\/\/yoast.com\/product\/yoast-seo-wordpress\/ -->\n<title>Tito Rabat y Karel Abraham suman otro positivo test en Sepang - Esponsorama<\/title>\n<meta name=\"robots\" content=\"index, follow, max-snippet:-1, max-image-preview:large, max-video-preview:-1\" \/>\n<link rel=\"canonical\" href=\"http:\/\/esponsorama.ad\/es\/tito-rabar-karel-abraham-suman-positivo-test-sepang\/\" \/>\n<meta property=\"og:locale\" content=\"es_ES\" \/>\n<meta property=\"og:type\" content=\"article\" \/>\n<meta property=\"og:title\" content=\"Tito Rabat y Karel Abraham suman otro positivo test en Sepang - Esponsorama\" \/>\n<meta property=\"og:description\" content=\"Los pilotos del Reale Avintia Racing Team, han podido disponer del nuevo material de Ducati que no tuvieron en los test de Jerez para afrontar tres d\u00edas en Sepang con lo que ser\u00e1 la nueva moto para la temporada; la \u00faltima evoluci\u00f3n de la Ducati 2018. La confianza que \u00a0la f\u00e1brica de Borgo Panigale \u00a0ha [&hellip;]\" \/>\n<meta property=\"og:url\" content=\"http:\/\/esponsorama.ad\/es\/tito-rabar-karel-abraham-suman-positivo-test-sepang\/\" \/>\n<meta property=\"og:site_name\" content=\"Esponsorama\" \/>\n<meta property=\"article:published_time\" content=\"2019-04-04T18:13:46+00:00\" \/>\n<meta property=\"article:modified_time\" content=\"2019-04-04T18:18:48+00:00\" \/>\n<meta property=\"og:image\" content=\"http:\/\/esponsorama.ad\/wp-content\/uploads\/2019\/04\/Captura-de-pantalla-2019-04-04-a-las-20.11.57-1.png\" \/>\n\t<meta property=\"og:image:width\" content=\"1118\" \/>\n\t<meta property=\"og:image:height\" content=\"740\" \/>\n\t<meta property=\"og:image:type\" content=\"image\/png\" \/>\n<meta name=\"author\" content=\"Xavi Andornet\" \/>\n<meta name=\"twitter:card\" content=\"summary_large_image\" \/>\n<meta name=\"twitter:label1\" content=\"Escrito por\" \/>\n\t<meta name=\"twitter:data1\" content=\"Xavi Andornet\" \/>\n\t<meta name=\"twitter:label2\" content=\"Tiempo de lectura\" \/>\n\t<meta name=\"twitter:data2\" content=\"3 minutos\" \/>\n<script type=\"application\/ld+json\" class=\"yoast-schema-graph\">{\"@context\":\"https:\/\/schema.org\",\"@graph\":[{\"@type\":\"Article\",\"@id\":\"http:\/\/esponsorama.ad\/es\/tito-rabar-karel-abraham-suman-positivo-test-sepang\/#article\",\"isPartOf\":{\"@id\":\"http:\/\/esponsorama.ad\/es\/tito-rabar-karel-abraham-suman-positivo-test-sepang\/\"},\"author\":{\"name\":\"Xavi Andornet\",\"@id\":\"http:\/\/esponsorama.ad\/es\/#\/schema\/person\/a5cde74945183d737066e46b61c6f9c4\"},\"headline\":\"Tito Rabat y Karel Abraham suman otro positivo test en Sepang\",\"datePublished\":\"2019-04-04T18:13:46+00:00\",\"dateModified\":\"2019-04-04T18:18:48+00:00\",\"mainEntityOfPage\":{\"@id\":\"http:\/\/esponsorama.ad\/es\/tito-rabar-karel-abraham-suman-positivo-test-sepang\/\"},\"wordCount\":561,\"image\":{\"@id\":\"http:\/\/esponsorama.ad\/es\/tito-rabar-karel-abraham-suman-positivo-test-sepang\/#primaryimage\"},\"thumbnailUrl\":\"http:\/\/esponsorama.ad\/wp-content\/uploads\/2019\/04\/Captura-de-pantalla-2019-04-04-a-las-20.11.57-1.png\",\"keywords\":[\"Karel Abraham\",\"MotoGP\",\"Tito Rabat\"],\"articleSection\":[\"Esponsorama\",\"MotoGP\"],\"inLanguage\":\"es\"},{\"@type\":\"WebPage\",\"@id\":\"http:\/\/esponsorama.ad\/es\/tito-rabar-karel-abraham-suman-positivo-test-sepang\/\",\"url\":\"http:\/\/esponsorama.ad\/es\/tito-rabar-karel-abraham-suman-positivo-test-sepang\/\",\"name\":\"Tito Rabat y Karel Abraham suman otro positivo test en Sepang - Esponsorama\",\"isPartOf\":{\"@id\":\"http:\/\/esponsorama.ad\/es\/#website\"},\"primaryImageOfPage\":{\"@id\":\"http:\/\/esponsorama.ad\/es\/tito-rabar-karel-abraham-suman-positivo-test-sepang\/#primaryimage\"},\"image\":{\"@id\":\"http:\/\/esponsorama.ad\/es\/tito-rabar-karel-abraham-suman-positivo-test-sepang\/#primaryimage\"},\"thumbnailUrl\":\"http:\/\/esponsorama.ad\/wp-content\/uploads\/2019\/04\/Captura-de-pantalla-2019-04-04-a-las-20.11.57-1.png\",\"datePublished\":\"2019-04-04T18:13:46+00:00\",\"dateModified\":\"2019-04-04T18:18:48+00:00\",\"author\":{\"@id\":\"http:\/\/esponsorama.ad\/es\/#\/schema\/person\/a5cde74945183d737066e46b61c6f9c4\"},\"breadcrumb\":{\"@id\":\"http:\/\/esponsorama.ad\/es\/tito-rabar-karel-abraham-suman-positivo-test-sepang\/#breadcrumb\"},\"inLanguage\":\"es\",\"potentialAction\":[{\"@type\":\"ReadAction\",\"target\":[\"http:\/\/esponsorama.ad\/es\/tito-rabar-karel-abraham-suman-positivo-test-sepang\/\"]}]},{\"@type\":\"ImageObject\",\"inLanguage\":\"es\",\"@id\":\"http:\/\/esponsorama.ad\/es\/tito-rabar-karel-abraham-suman-positivo-test-sepang\/#primaryimage\",\"url\":\"http:\/\/esponsorama.ad\/wp-content\/uploads\/2019\/04\/Captura-de-pantalla-2019-04-04-a-las-20.11.57-1.png\",\"contentUrl\":\"http:\/\/esponsorama.ad\/wp-content\/uploads\/2019\/04\/Captura-de-pantalla-2019-04-04-a-las-20.11.57-1.png\",\"width\":1118,\"height\":740},{\"@type\":\"BreadcrumbList\",\"@id\":\"http:\/\/esponsorama.ad\/es\/tito-rabar-karel-abraham-suman-positivo-test-sepang\/#breadcrumb\",\"itemListElement\":[{\"@type\":\"ListItem\",\"position\":1,\"name\":\"Home\",\"item\":\"http:\/\/esponsorama.ad\/ca\/\"},{\"@type\":\"ListItem\",\"position\":2,\"name\":\"Tito Rabat y Karel Abraham suman otro positivo test en Sepang\"}]},{\"@type\":\"WebSite\",\"@id\":\"http:\/\/esponsorama.ad\/es\/#website\",\"url\":\"http:\/\/esponsorama.ad\/es\/\",\"name\":\"Esponsorama\",\"description\":\"Specialist in motorsport sponsorship and event promotions\",\"potentialAction\":[{\"@type\":\"SearchAction\",\"target\":{\"@type\":\"EntryPoint\",\"urlTemplate\":\"http:\/\/esponsorama.ad\/es\/?s={search_term_string}\"},\"query-input\":{\"@type\":\"PropertyValueSpecification\",\"valueRequired\":true,\"valueName\":\"search_term_string\"}}],\"inLanguage\":\"es\"},{\"@type\":\"Person\",\"@id\":\"http:\/\/esponsorama.ad\/es\/#\/schema\/person\/a5cde74945183d737066e46b61c6f9c4\",\"name\":\"Xavi Andornet\",\"image\":{\"@type\":\"ImageObject\",\"inLanguage\":\"es\",\"@id\":\"http:\/\/esponsorama.ad\/es\/#\/schema\/person\/image\/\",\"url\":\"https:\/\/secure.gravatar.com\/avatar\/f10eaf9ad601244a2357c9fd7cd9805ed166cfaaf76d5d9ab08a9d873e70147a?s=96&d=mm&r=g\",\"contentUrl\":\"https:\/\/secure.gravatar.com\/avatar\/f10eaf9ad601244a2357c9fd7cd9805ed166cfaaf76d5d9ab08a9d873e70147a?s=96&d=mm&r=g\",\"caption\":\"Xavi Andornet\"},\"sameAs\":[\"http:\/\/www.andornet.ad\"],\"url\":\"http:\/\/esponsorama.ad\/es\/author\/andornet\/\"}]}<\/script>\n<!-- \/ Yoast SEO plugin. -->","yoast_head_json":{"title":"Tito Rabat y Karel Abraham suman otro positivo test en Sepang - Esponsorama","robots":{"index":"index","follow":"follow","max-snippet":"max-snippet:-1","max-image-preview":"max-image-preview:large","max-video-preview":"max-video-preview:-1"},"canonical":"http:\/\/esponsorama.ad\/es\/tito-rabar-karel-abraham-suman-positivo-test-sepang\/","og_locale":"es_ES","og_type":"article","og_title":"Tito Rabat y Karel Abraham suman otro positivo test en Sepang - Esponsorama","og_description":"Los pilotos del Reale Avintia Racing Team, han podido disponer del nuevo material de Ducati que no tuvieron en los test de Jerez para afrontar tres d\u00edas en Sepang con lo que ser\u00e1 la nueva moto para la temporada; la \u00faltima evoluci\u00f3n de la Ducati 2018. La confianza que \u00a0la f\u00e1brica de Borgo Panigale \u00a0ha [&hellip;]","og_url":"http:\/\/esponsorama.ad\/es\/tito-rabar-karel-abraham-suman-positivo-test-sepang\/","og_site_name":"Esponsorama","article_published_time":"2019-04-04T18:13:46+00:00","article_modified_time":"2019-04-04T18:18:48+00:00","og_image":[{"width":1118,"height":740,"url":"http:\/\/esponsorama.ad\/wp-content\/uploads\/2019\/04\/Captura-de-pantalla-2019-04-04-a-las-20.11.57-1.png","type":"image\/png"}],"author":"Xavi Andornet","twitter_card":"summary_large_image","twitter_misc":{"Escrito por":"Xavi Andornet","Tiempo de lectura":"3 minutos"},"schema":{"@context":"https:\/\/schema.org","@graph":[{"@type":"Article","@id":"http:\/\/esponsorama.ad\/es\/tito-rabar-karel-abraham-suman-positivo-test-sepang\/#article","isPartOf":{"@id":"http:\/\/esponsorama.ad\/es\/tito-rabar-karel-abraham-suman-positivo-test-sepang\/"},"author":{"name":"Xavi Andornet","@id":"http:\/\/esponsorama.ad\/es\/#\/schema\/person\/a5cde74945183d737066e46b61c6f9c4"},"headline":"Tito Rabat y Karel Abraham suman otro positivo test en Sepang","datePublished":"2019-04-04T18:13:46+00:00","dateModified":"2019-04-04T18:18:48+00:00","mainEntityOfPage":{"@id":"http:\/\/esponsorama.ad\/es\/tito-rabar-karel-abraham-suman-positivo-test-sepang\/"},"wordCount":561,"image":{"@id":"http:\/\/esponsorama.ad\/es\/tito-rabar-karel-abraham-suman-positivo-test-sepang\/#primaryimage"},"thumbnailUrl":"http:\/\/esponsorama.ad\/wp-content\/uploads\/2019\/04\/Captura-de-pantalla-2019-04-04-a-las-20.11.57-1.png","keywords":["Karel Abraham","MotoGP","Tito Rabat"],"articleSection":["Esponsorama","MotoGP"],"inLanguage":"es"},{"@type":"WebPage","@id":"http:\/\/esponsorama.ad\/es\/tito-rabar-karel-abraham-suman-positivo-test-sepang\/","url":"http:\/\/esponsorama.ad\/es\/tito-rabar-karel-abraham-suman-positivo-test-sepang\/","name":"Tito Rabat y Karel Abraham suman otro positivo test en Sepang - Esponsorama","isPartOf":{"@id":"http:\/\/esponsorama.ad\/es\/#website"},"primaryImageOfPage":{"@id":"http:\/\/esponsorama.ad\/es\/tito-rabar-karel-abraham-suman-positivo-test-sepang\/#primaryimage"},"image":{"@id":"http:\/\/esponsorama.ad\/es\/tito-rabar-karel-abraham-suman-positivo-test-sepang\/#primaryimage"},"thumbnailUrl":"http:\/\/esponsorama.ad\/wp-content\/uploads\/2019\/04\/Captura-de-pantalla-2019-04-04-a-las-20.11.57-1.png","datePublished":"2019-04-04T18:13:46+00:00","dateModified":"2019-04-04T18:18:48+00:00","author":{"@id":"http:\/\/esponsorama.ad\/es\/#\/schema\/person\/a5cde74945183d737066e46b61c6f9c4"},"breadcrumb":{"@id":"http:\/\/esponsorama.ad\/es\/tito-rabar-karel-abraham-suman-positivo-test-sepang\/#breadcrumb"},"inLanguage":"es","potentialAction":[{"@type":"ReadAction","target":["http:\/\/esponsorama.ad\/es\/tito-rabar-karel-abraham-suman-positivo-test-sepang\/"]}]},{"@type":"ImageObject","inLanguage":"es","@id":"http:\/\/esponsorama.ad\/es\/tito-rabar-karel-abraham-suman-positivo-test-sepang\/#primaryimage","url":"http:\/\/esponsorama.ad\/wp-content\/uploads\/2019\/04\/Captura-de-pantalla-2019-04-04-a-las-20.11.57-1.png","contentUrl":"http:\/\/esponsorama.ad\/wp-content\/uploads\/2019\/04\/Captura-de-pantalla-2019-04-04-a-las-20.11.57-1.png","width":1118,"height":740},{"@type":"BreadcrumbList","@id":"http:\/\/esponsorama.ad\/es\/tito-rabar-karel-abraham-suman-positivo-test-sepang\/#breadcrumb","itemListElement":[{"@type":"ListItem","position":1,"name":"Home","item":"http:\/\/esponsorama.ad\/ca\/"},{"@type":"ListItem","position":2,"name":"Tito Rabat y Karel Abraham suman otro positivo test en Sepang"}]},{"@type":"WebSite","@id":"http:\/\/esponsorama.ad\/es\/#website","url":"http:\/\/esponsorama.ad\/es\/","name":"Esponsorama","description":"Specialist in motorsport sponsorship and event promotions","potentialAction":[{"@type":"SearchAction","target":{"@type":"EntryPoint","urlTemplate":"http:\/\/esponsorama.ad\/es\/?s={search_term_string}"},"query-input":{"@type":"PropertyValueSpecification","valueRequired":true,"valueName":"search_term_string"}}],"inLanguage":"es"},{"@type":"Person","@id":"http:\/\/esponsorama.ad\/es\/#\/schema\/person\/a5cde74945183d737066e46b61c6f9c4","name":"Xavi Andornet","image":{"@type":"ImageObject","inLanguage":"es","@id":"http:\/\/esponsorama.ad\/es\/#\/schema\/person\/image\/","url":"https:\/\/secure.gravatar.com\/avatar\/f10eaf9ad601244a2357c9fd7cd9805ed166cfaaf76d5d9ab08a9d873e70147a?s=96&d=mm&r=g","contentUrl":"https:\/\/secure.gravatar.com\/avatar\/f10eaf9ad601244a2357c9fd7cd9805ed166cfaaf76d5d9ab08a9d873e70147a?s=96&d=mm&r=g","caption":"Xavi Andornet"},"sameAs":["http:\/\/www.andornet.ad"],"url":"http:\/\/esponsorama.ad\/es\/author\/andornet\/"}]}},"_links":{"self":[{"href":"http:\/\/esponsorama.ad\/es\/wp-json\/wp\/v2\/posts\/14390","targetHints":{"allow":["GET"]}}],"collection":[{"href":"http:\/\/esponsorama.ad\/es\/wp-json\/wp\/v2\/posts"}],"about":[{"href":"http:\/\/esponsorama.ad\/es\/wp-json\/wp\/v2\/types\/post"}],"author":[{"embeddable":true,"href":"http:\/\/esponsorama.ad\/es\/wp-json\/wp\/v2\/users\/6"}],"replies":[{"embeddable":true,"href":"http:\/\/esponsorama.ad\/es\/wp-json\/wp\/v2\/comments?post=14390"}],"version-history":[{"count":0,"href":"http:\/\/esponsorama.ad\/es\/wp-json\/wp\/v2\/posts\/14390\/revisions"}],"wp:featuredmedia":[{"embeddable":true,"href":"http:\/\/esponsorama.ad\/es\/wp-json\/wp\/v2\/media\/14395"}],"wp:attachment":[{"href":"http:\/\/esponsorama.ad\/es\/wp-json\/wp\/v2\/media?parent=14390"}],"wp:term":[{"taxonomy":"category","embeddable":true,"href":"http:\/\/esponsorama.ad\/es\/wp-json\/wp\/v2\/categories?post=14390"},{"taxonomy":"post_tag","embeddable":true,"href":"http:\/\/esponsorama.ad\/es\/wp-json\/wp\/v2\/tags?post=14390"}],"curies":[{"name":"wp","href":"https:\/\/api.w.org\/{rel}","templated":true}]}}