{"id":14397,"date":"2019-04-04T20:33:43","date_gmt":"2019-04-04T18:33:43","guid":{"rendered":"http:\/\/esponsorama.ad\/?p=14397"},"modified":"2019-04-12T07:44:18","modified_gmt":"2019-04-12T05:44:18","slug":"satisfactorio-final-pretemporada-2019-reale-avintia-racing-team","status":"publish","type":"post","link":"http:\/\/esponsorama.ad\/es\/satisfactorio-final-pretemporada-2019-reale-avintia-racing-team\/","title":{"rendered":"Satisfactorio final de pretemporada 2019 para el Reale Avintia Racing Team"},"content":{"rendered":"<p>Qatar pone fin a la pretemporada 2019 en el Circuito Internacional de Losail.\u00a0 Y sin apenas descanso\u00a0 comienzan los\u00a0 preparativos para la primera carrera en este mimo circuito.<\/p>\n<p>Los Pilotos de MotoGP del Reale Avintia Racing Team #<strong>53 Tito Rabat<\/strong> y <strong>#17 Karel Abraham<\/strong>\u00a0 fueron los primeros en terminar la pretemporada rodando en el circuito qatar\u00ed del 23 al 25 de febrero seguidos del joven piloto de Moto3 Vicente P\u00e9rez del\u00a0 Reale Avintia Academy 77 que lo hac\u00eda 1 al 3 de marzo. Para MotoGP el \u00faltimo d\u00eda el \u00a0viento era \u00a0protagonista de la jornada de entrenos, pero no impidi\u00f3 que tanto Tito Rabat como Karel Abraham mejorasen sus tiempos y trabajasen para la mejor puesta a punto de cara a la primera carrera del pr\u00f3ximo domingo. Fueron tres d\u00edas de intenso trabajo, donde el equipo recib\u00eda nuevo material de Ducati para probar\u00a0 \u00a0y disponer del material m\u00e1s competitivo posible para afrontar la primera carrera con las mayores garant\u00edas de \u00e9xito posibles. Tito sufr\u00eda dos ca\u00eddas sin consecuencias para \u00e9l, una el domingo y otra el lunes, que no le impidieron dar lo mejor de si mismo. El s\u00e1bado finalizaba la jornada en 6\u00aa posici\u00f3n a tan s\u00f3lo 6 d\u00e9cimas\u00a0 del mejor tiempo con <strong>1:55.694<\/strong>. El domingo se estuvo trabajando para carrera probando diferentes configuraciones y el lunes Tito finalizaba por delante de Andrea Dovicioso\u00a0 con <strong>1: 55.229<\/strong> situ\u00e1ndose a tan solo un segundo del mejor tiempo.<br \/>\nPor su parte Karel Abraham con <strong>1:55.951<\/strong> finalizaba contento con el trabajo realizado de cara a la carrera y sin haber sufrido ni una sola ca\u00edda durante las 10 jornadas de las que ha constado la pretemporada para este 2019.<\/p>\n<p>En<strong> Moto3, Vicente P\u00e9rez<\/strong> en la categor\u00eda de Moto 3 comenzaba tambi\u00e9n los \u00faltimos entrenos de pretemporada con tres d\u00edas, tras los cuales el viento fue una constante habitual todos los d\u00edas pero que no impidi\u00f3 a Vicente adaptarse r\u00e1pidamente a un circuito donde era la primera vez que rodaba. Una salida de pista y una ca\u00edda sin importancia fueron los \u00fanicos contratiempos que sufri\u00f3 Vicente durante los tres d\u00edas en los que pudo terminar rodando en unos tiempos constantes y muy competitivos de cara a la carrera de <strong>2:06.787<\/strong><\/p>\n<p><strong><img loading=\"lazy\" decoding=\"async\" src=\"https:\/\/gallery.mailchimp.com\/e828fe21a09f1adfacb978ff3\/images\/cc193bf1-dd71-4770-bab4-f8a470a4e120.png\" width=\"50\" height=\"23\" data-file-id=\"50703\" \/>\u00a0Tito Rabat<\/strong><br \/>\n<em>\u201cHemos hecho un gran tercer d\u00eda de entrenos, hemos hecho una gran mejora, nos hemos quedado a un segundo de la cabeza, pero realmente est\u00e1 todo muy apretado y yo creo que la decisi\u00f3n final aqu\u00ed en Qatar ser\u00e1 la carrera. Hacer una buena carrera consistir\u00e1 en poner todo el esfuerzo porque todos vamos igual, he tenido dos ca\u00eddas pero por suerte no me he hecho nada. Para m\u00ed, el resumen del test es muy positivo.<\/em><\/p>\n<p><strong><img loading=\"lazy\" decoding=\"async\" src=\"https:\/\/gallery.mailchimp.com\/e828fe21a09f1adfacb978ff3\/images\/d5c01eef-4822-493c-b33c-eda954b5d0ce.png\" width=\"43\" height=\"25\" data-file-id=\"50707\" \/>Karel Abraham<\/strong><br \/>\n<em>\u201cPienso que el entreno termin\u00f3 muy bien, gran mejora, gran paso para m\u00ed, para el equipo, para la moto, estoy muy contento pero el \u00faltimo d\u00eda, quer\u00edamaos hacer\u00a0 un simulacro de carrera que no pude acabar por un peque\u00f1o problema que me hizo parar antes de tiempo, lo importante que encontramos la soluci\u00f3n y eso es positivo porque para eso era un simulacro de carrera. El tiempo no lo pude mejorar el \u00faltimo d\u00eda por lo que estoy enfadado conmigo mismo por eso porque quer\u00eda hacer un 1:55.5 o 1:55.6 pero no lo consegu\u00ed pero el test termin\u00f3 bien.\u201d<\/em><\/p>\n<p><strong>#77 Vicente P\u00e9rez (Moto3)<\/strong><br \/>\n<em>\u00a0\u201cLos entrenos han ido muy bien, hemos trabajado mucho en el ritmo solos y aunque la posici\u00f3n final no refleje que estamos muy arriba; se que tenemos una buena base para empezar el campeonato muy fuertes y creo que poder estar luchando por el top 15 que es nuestro objetivo par empezar la temporada y poco a poco ir\u00a0 creciendo como piloto y como equipo.\u201d<\/em><\/p>\n","protected":false},"excerpt":{"rendered":"<p>Qatar pone fin a la pretemporada 2019 en el Circuito Internacional de Losail.\u00a0 Y sin apenas descanso\u00a0 comienzan los\u00a0 preparativos para la primera carrera en este mimo circuito. Los Pilotos de MotoGP del Reale Avintia Racing Team #53 Tito Rabat y #17 Karel Abraham\u00a0 fueron los primeros en terminar la pretemporada rodando en el circuito [&hellip;]<\/p>\n","protected":false},"author":6,"featured_media":14398,"comment_status":"closed","ping_status":"closed","sticky":false,"template":"","format":"standard","meta":{"footnotes":""},"categories":[9,3],"tags":[16,14,13,15],"class_list":["post-14397","post","type-post","status-publish","format-standard","has-post-thumbnail","hentry","category-esponsorama","category-motogp","tag-avintia-racing-team","tag-karel-abraham","tag-motogp","tag-tito-rabat"],"yoast_head":"<!-- This site is optimized with the Yoast SEO plugin v27.1.1 - https:\/\/yoast.com\/product\/yoast-seo-wordpress\/ -->\n<title>Satisfactorio final de pretemporada 2019 para el Reale Avintia Racing Team - Esponsorama<\/title>\n<meta name=\"robots\" content=\"index, follow, max-snippet:-1, max-image-preview:large, max-video-preview:-1\" \/>\n<link rel=\"canonical\" href=\"http:\/\/esponsorama.ad\/es\/satisfactorio-final-pretemporada-2019-reale-avintia-racing-team\/\" \/>\n<meta property=\"og:locale\" content=\"es_ES\" \/>\n<meta property=\"og:type\" content=\"article\" \/>\n<meta property=\"og:title\" content=\"Satisfactorio final de pretemporada 2019 para el Reale Avintia Racing Team - Esponsorama\" \/>\n<meta property=\"og:description\" content=\"Qatar pone fin a la pretemporada 2019 en el Circuito Internacional de Losail.\u00a0 Y sin apenas descanso\u00a0 comienzan los\u00a0 preparativos para la primera carrera en este mimo circuito. Los Pilotos de MotoGP del Reale Avintia Racing Team #53 Tito Rabat y #17 Karel Abraham\u00a0 fueron los primeros en terminar la pretemporada rodando en el circuito [&hellip;]\" \/>\n<meta property=\"og:url\" content=\"http:\/\/esponsorama.ad\/es\/satisfactorio-final-pretemporada-2019-reale-avintia-racing-team\/\" \/>\n<meta property=\"og:site_name\" content=\"Esponsorama\" \/>\n<meta property=\"article:published_time\" content=\"2019-04-04T18:33:43+00:00\" \/>\n<meta property=\"article:modified_time\" content=\"2019-04-12T05:44:18+00:00\" \/>\n<meta property=\"og:image\" content=\"http:\/\/esponsorama.ad\/wp-content\/uploads\/2019\/04\/Captura-de-pantalla-2019-04-04-a-las-20.31.24.png\" \/>\n\t<meta property=\"og:image:width\" content=\"1122\" \/>\n\t<meta property=\"og:image:height\" content=\"744\" \/>\n\t<meta property=\"og:image:type\" content=\"image\/png\" \/>\n<meta name=\"author\" content=\"Xavi Andornet\" \/>\n<meta name=\"twitter:card\" content=\"summary_large_image\" \/>\n<meta name=\"twitter:label1\" content=\"Escrito por\" \/>\n\t<meta name=\"twitter:data1\" content=\"Xavi Andornet\" \/>\n\t<meta name=\"twitter:label2\" content=\"Tiempo de lectura\" \/>\n\t<meta name=\"twitter:data2\" content=\"3 minutos\" \/>\n<script type=\"application\/ld+json\" class=\"yoast-schema-graph\">{\"@context\":\"https:\/\/schema.org\",\"@graph\":[{\"@type\":\"Article\",\"@id\":\"http:\/\/esponsorama.ad\/es\/satisfactorio-final-pretemporada-2019-reale-avintia-racing-team\/#article\",\"isPartOf\":{\"@id\":\"http:\/\/esponsorama.ad\/es\/satisfactorio-final-pretemporada-2019-reale-avintia-racing-team\/\"},\"author\":{\"name\":\"Xavi Andornet\",\"@id\":\"http:\/\/esponsorama.ad\/es\/#\/schema\/person\/a5cde74945183d737066e46b61c6f9c4\"},\"headline\":\"Satisfactorio final de pretemporada 2019 para el Reale Avintia Racing Team\",\"datePublished\":\"2019-04-04T18:33:43+00:00\",\"dateModified\":\"2019-04-12T05:44:18+00:00\",\"mainEntityOfPage\":{\"@id\":\"http:\/\/esponsorama.ad\/es\/satisfactorio-final-pretemporada-2019-reale-avintia-racing-team\/\"},\"wordCount\":638,\"image\":{\"@id\":\"http:\/\/esponsorama.ad\/es\/satisfactorio-final-pretemporada-2019-reale-avintia-racing-team\/#primaryimage\"},\"thumbnailUrl\":\"http:\/\/esponsorama.ad\/wp-content\/uploads\/2019\/04\/Captura-de-pantalla-2019-04-04-a-las-20.31.24.png\",\"keywords\":[\"Avintia Racing Team\",\"Karel Abraham\",\"MotoGP\",\"Tito Rabat\"],\"articleSection\":[\"Esponsorama\",\"MotoGP\"],\"inLanguage\":\"es\"},{\"@type\":\"WebPage\",\"@id\":\"http:\/\/esponsorama.ad\/es\/satisfactorio-final-pretemporada-2019-reale-avintia-racing-team\/\",\"url\":\"http:\/\/esponsorama.ad\/es\/satisfactorio-final-pretemporada-2019-reale-avintia-racing-team\/\",\"name\":\"Satisfactorio final de pretemporada 2019 para el Reale Avintia Racing Team - Esponsorama\",\"isPartOf\":{\"@id\":\"http:\/\/esponsorama.ad\/es\/#website\"},\"primaryImageOfPage\":{\"@id\":\"http:\/\/esponsorama.ad\/es\/satisfactorio-final-pretemporada-2019-reale-avintia-racing-team\/#primaryimage\"},\"image\":{\"@id\":\"http:\/\/esponsorama.ad\/es\/satisfactorio-final-pretemporada-2019-reale-avintia-racing-team\/#primaryimage\"},\"thumbnailUrl\":\"http:\/\/esponsorama.ad\/wp-content\/uploads\/2019\/04\/Captura-de-pantalla-2019-04-04-a-las-20.31.24.png\",\"datePublished\":\"2019-04-04T18:33:43+00:00\",\"dateModified\":\"2019-04-12T05:44:18+00:00\",\"author\":{\"@id\":\"http:\/\/esponsorama.ad\/es\/#\/schema\/person\/a5cde74945183d737066e46b61c6f9c4\"},\"breadcrumb\":{\"@id\":\"http:\/\/esponsorama.ad\/es\/satisfactorio-final-pretemporada-2019-reale-avintia-racing-team\/#breadcrumb\"},\"inLanguage\":\"es\",\"potentialAction\":[{\"@type\":\"ReadAction\",\"target\":[\"http:\/\/esponsorama.ad\/es\/satisfactorio-final-pretemporada-2019-reale-avintia-racing-team\/\"]}]},{\"@type\":\"ImageObject\",\"inLanguage\":\"es\",\"@id\":\"http:\/\/esponsorama.ad\/es\/satisfactorio-final-pretemporada-2019-reale-avintia-racing-team\/#primaryimage\",\"url\":\"http:\/\/esponsorama.ad\/wp-content\/uploads\/2019\/04\/Captura-de-pantalla-2019-04-04-a-las-20.31.24.png\",\"contentUrl\":\"http:\/\/esponsorama.ad\/wp-content\/uploads\/2019\/04\/Captura-de-pantalla-2019-04-04-a-las-20.31.24.png\",\"width\":1122,\"height\":744},{\"@type\":\"BreadcrumbList\",\"@id\":\"http:\/\/esponsorama.ad\/es\/satisfactorio-final-pretemporada-2019-reale-avintia-racing-team\/#breadcrumb\",\"itemListElement\":[{\"@type\":\"ListItem\",\"position\":1,\"name\":\"Home\",\"item\":\"http:\/\/esponsorama.ad\/es\/\"},{\"@type\":\"ListItem\",\"position\":2,\"name\":\"Satisfactorio final de pretemporada 2019 para el Reale Avintia Racing Team\"}]},{\"@type\":\"WebSite\",\"@id\":\"http:\/\/esponsorama.ad\/es\/#website\",\"url\":\"http:\/\/esponsorama.ad\/es\/\",\"name\":\"Esponsorama\",\"description\":\"Specialist in motorsport sponsorship and event promotions\",\"potentialAction\":[{\"@type\":\"SearchAction\",\"target\":{\"@type\":\"EntryPoint\",\"urlTemplate\":\"http:\/\/esponsorama.ad\/es\/?s={search_term_string}\"},\"query-input\":{\"@type\":\"PropertyValueSpecification\",\"valueRequired\":true,\"valueName\":\"search_term_string\"}}],\"inLanguage\":\"es\"},{\"@type\":\"Person\",\"@id\":\"http:\/\/esponsorama.ad\/es\/#\/schema\/person\/a5cde74945183d737066e46b61c6f9c4\",\"name\":\"Xavi Andornet\",\"image\":{\"@type\":\"ImageObject\",\"inLanguage\":\"es\",\"@id\":\"http:\/\/esponsorama.ad\/es\/#\/schema\/person\/image\/\",\"url\":\"https:\/\/secure.gravatar.com\/avatar\/f10eaf9ad601244a2357c9fd7cd9805ed166cfaaf76d5d9ab08a9d873e70147a?s=96&d=mm&r=g\",\"contentUrl\":\"https:\/\/secure.gravatar.com\/avatar\/f10eaf9ad601244a2357c9fd7cd9805ed166cfaaf76d5d9ab08a9d873e70147a?s=96&d=mm&r=g\",\"caption\":\"Xavi Andornet\"},\"sameAs\":[\"http:\/\/www.andornet.ad\"],\"url\":\"http:\/\/esponsorama.ad\/es\/author\/andornet\/\"}]}<\/script>\n<!-- \/ Yoast SEO plugin. -->","yoast_head_json":{"title":"Satisfactorio final de pretemporada 2019 para el Reale Avintia Racing Team - Esponsorama","robots":{"index":"index","follow":"follow","max-snippet":"max-snippet:-1","max-image-preview":"max-image-preview:large","max-video-preview":"max-video-preview:-1"},"canonical":"http:\/\/esponsorama.ad\/es\/satisfactorio-final-pretemporada-2019-reale-avintia-racing-team\/","og_locale":"es_ES","og_type":"article","og_title":"Satisfactorio final de pretemporada 2019 para el Reale Avintia Racing Team - Esponsorama","og_description":"Qatar pone fin a la pretemporada 2019 en el Circuito Internacional de Losail.\u00a0 Y sin apenas descanso\u00a0 comienzan los\u00a0 preparativos para la primera carrera en este mimo circuito. Los Pilotos de MotoGP del Reale Avintia Racing Team #53 Tito Rabat y #17 Karel Abraham\u00a0 fueron los primeros en terminar la pretemporada rodando en el circuito [&hellip;]","og_url":"http:\/\/esponsorama.ad\/es\/satisfactorio-final-pretemporada-2019-reale-avintia-racing-team\/","og_site_name":"Esponsorama","article_published_time":"2019-04-04T18:33:43+00:00","article_modified_time":"2019-04-12T05:44:18+00:00","og_image":[{"width":1122,"height":744,"url":"http:\/\/esponsorama.ad\/wp-content\/uploads\/2019\/04\/Captura-de-pantalla-2019-04-04-a-las-20.31.24.png","type":"image\/png"}],"author":"Xavi Andornet","twitter_card":"summary_large_image","twitter_misc":{"Escrito por":"Xavi Andornet","Tiempo de lectura":"3 minutos"},"schema":{"@context":"https:\/\/schema.org","@graph":[{"@type":"Article","@id":"http:\/\/esponsorama.ad\/es\/satisfactorio-final-pretemporada-2019-reale-avintia-racing-team\/#article","isPartOf":{"@id":"http:\/\/esponsorama.ad\/es\/satisfactorio-final-pretemporada-2019-reale-avintia-racing-team\/"},"author":{"name":"Xavi Andornet","@id":"http:\/\/esponsorama.ad\/es\/#\/schema\/person\/a5cde74945183d737066e46b61c6f9c4"},"headline":"Satisfactorio final de pretemporada 2019 para el Reale Avintia Racing Team","datePublished":"2019-04-04T18:33:43+00:00","dateModified":"2019-04-12T05:44:18+00:00","mainEntityOfPage":{"@id":"http:\/\/esponsorama.ad\/es\/satisfactorio-final-pretemporada-2019-reale-avintia-racing-team\/"},"wordCount":638,"image":{"@id":"http:\/\/esponsorama.ad\/es\/satisfactorio-final-pretemporada-2019-reale-avintia-racing-team\/#primaryimage"},"thumbnailUrl":"http:\/\/esponsorama.ad\/wp-content\/uploads\/2019\/04\/Captura-de-pantalla-2019-04-04-a-las-20.31.24.png","keywords":["Avintia Racing Team","Karel Abraham","MotoGP","Tito Rabat"],"articleSection":["Esponsorama","MotoGP"],"inLanguage":"es"},{"@type":"WebPage","@id":"http:\/\/esponsorama.ad\/es\/satisfactorio-final-pretemporada-2019-reale-avintia-racing-team\/","url":"http:\/\/esponsorama.ad\/es\/satisfactorio-final-pretemporada-2019-reale-avintia-racing-team\/","name":"Satisfactorio final de pretemporada 2019 para el Reale Avintia Racing Team - Esponsorama","isPartOf":{"@id":"http:\/\/esponsorama.ad\/es\/#website"},"primaryImageOfPage":{"@id":"http:\/\/esponsorama.ad\/es\/satisfactorio-final-pretemporada-2019-reale-avintia-racing-team\/#primaryimage"},"image":{"@id":"http:\/\/esponsorama.ad\/es\/satisfactorio-final-pretemporada-2019-reale-avintia-racing-team\/#primaryimage"},"thumbnailUrl":"http:\/\/esponsorama.ad\/wp-content\/uploads\/2019\/04\/Captura-de-pantalla-2019-04-04-a-las-20.31.24.png","datePublished":"2019-04-04T18:33:43+00:00","dateModified":"2019-04-12T05:44:18+00:00","author":{"@id":"http:\/\/esponsorama.ad\/es\/#\/schema\/person\/a5cde74945183d737066e46b61c6f9c4"},"breadcrumb":{"@id":"http:\/\/esponsorama.ad\/es\/satisfactorio-final-pretemporada-2019-reale-avintia-racing-team\/#breadcrumb"},"inLanguage":"es","potentialAction":[{"@type":"ReadAction","target":["http:\/\/esponsorama.ad\/es\/satisfactorio-final-pretemporada-2019-reale-avintia-racing-team\/"]}]},{"@type":"ImageObject","inLanguage":"es","@id":"http:\/\/esponsorama.ad\/es\/satisfactorio-final-pretemporada-2019-reale-avintia-racing-team\/#primaryimage","url":"http:\/\/esponsorama.ad\/wp-content\/uploads\/2019\/04\/Captura-de-pantalla-2019-04-04-a-las-20.31.24.png","contentUrl":"http:\/\/esponsorama.ad\/wp-content\/uploads\/2019\/04\/Captura-de-pantalla-2019-04-04-a-las-20.31.24.png","width":1122,"height":744},{"@type":"BreadcrumbList","@id":"http:\/\/esponsorama.ad\/es\/satisfactorio-final-pretemporada-2019-reale-avintia-racing-team\/#breadcrumb","itemListElement":[{"@type":"ListItem","position":1,"name":"Home","item":"http:\/\/esponsorama.ad\/es\/"},{"@type":"ListItem","position":2,"name":"Satisfactorio final de pretemporada 2019 para el Reale Avintia Racing Team"}]},{"@type":"WebSite","@id":"http:\/\/esponsorama.ad\/es\/#website","url":"http:\/\/esponsorama.ad\/es\/","name":"Esponsorama","description":"Specialist in motorsport sponsorship and event promotions","potentialAction":[{"@type":"SearchAction","target":{"@type":"EntryPoint","urlTemplate":"http:\/\/esponsorama.ad\/es\/?s={search_term_string}"},"query-input":{"@type":"PropertyValueSpecification","valueRequired":true,"valueName":"search_term_string"}}],"inLanguage":"es"},{"@type":"Person","@id":"http:\/\/esponsorama.ad\/es\/#\/schema\/person\/a5cde74945183d737066e46b61c6f9c4","name":"Xavi Andornet","image":{"@type":"ImageObject","inLanguage":"es","@id":"http:\/\/esponsorama.ad\/es\/#\/schema\/person\/image\/","url":"https:\/\/secure.gravatar.com\/avatar\/f10eaf9ad601244a2357c9fd7cd9805ed166cfaaf76d5d9ab08a9d873e70147a?s=96&d=mm&r=g","contentUrl":"https:\/\/secure.gravatar.com\/avatar\/f10eaf9ad601244a2357c9fd7cd9805ed166cfaaf76d5d9ab08a9d873e70147a?s=96&d=mm&r=g","caption":"Xavi Andornet"},"sameAs":["http:\/\/www.andornet.ad"],"url":"http:\/\/esponsorama.ad\/es\/author\/andornet\/"}]}},"_links":{"self":[{"href":"http:\/\/esponsorama.ad\/es\/wp-json\/wp\/v2\/posts\/14397","targetHints":{"allow":["GET"]}}],"collection":[{"href":"http:\/\/esponsorama.ad\/es\/wp-json\/wp\/v2\/posts"}],"about":[{"href":"http:\/\/esponsorama.ad\/es\/wp-json\/wp\/v2\/types\/post"}],"author":[{"embeddable":true,"href":"http:\/\/esponsorama.ad\/es\/wp-json\/wp\/v2\/users\/6"}],"replies":[{"embeddable":true,"href":"http:\/\/esponsorama.ad\/es\/wp-json\/wp\/v2\/comments?post=14397"}],"version-history":[{"count":0,"href":"http:\/\/esponsorama.ad\/es\/wp-json\/wp\/v2\/posts\/14397\/revisions"}],"wp:featuredmedia":[{"embeddable":true,"href":"http:\/\/esponsorama.ad\/es\/wp-json\/wp\/v2\/media\/14398"}],"wp:attachment":[{"href":"http:\/\/esponsorama.ad\/es\/wp-json\/wp\/v2\/media?parent=14397"}],"wp:term":[{"taxonomy":"category","embeddable":true,"href":"http:\/\/esponsorama.ad\/es\/wp-json\/wp\/v2\/categories?post=14397"},{"taxonomy":"post_tag","embeddable":true,"href":"http:\/\/esponsorama.ad\/es\/wp-json\/wp\/v2\/tags?post=14397"}],"curies":[{"name":"wp","href":"https:\/\/api.w.org\/{rel}","templated":true}]}}