{"id":14412,"date":"2019-04-11T22:36:14","date_gmt":"2019-04-11T20:36:14","guid":{"rendered":"http:\/\/esponsorama.ad\/?p=14412"},"modified":"2019-04-26T20:39:34","modified_gmt":"2019-04-26T18:39:34","slug":"la-curva-1-del-circuito-termas-rio-hondo-acaba-las-aspiraciones-los-pilotos-del-reale-avintia-racing-team","status":"publish","type":"post","link":"http:\/\/esponsorama.ad\/es\/la-curva-1-del-circuito-termas-rio-hondo-acaba-las-aspiraciones-los-pilotos-del-reale-avintia-racing-team\/","title":{"rendered":"La curva 1 del Circuito de Termas de R\u00edo Hondo, acaba con las aspiraciones de los pilotos del Reale Avintia Racing Team"},"content":{"rendered":"<p>Podr\u00eda ser casualidad, o no, pero la curva n\u00ba1 del<strong> Circuito de Termas de R\u00edo Hondo<\/strong> fue el mal sue\u00f1o para los pilotos del Reale Avintia Racing Team; <strong>Tito Rabat <\/strong>y <strong>Karel Abraham<\/strong>. Ambos se fueron al suelo en la misma curva; primero lo hac\u00eda Karel en la vuelta n\u00ba 15 de carrera y seguidamente Rabat a falta de 10 vueltas del final.<br \/>\nAfortunadamente, ninguno de los dos pilotos sufrieron consecuencias en ambas ca\u00eddas, pero despu\u00e9s de un dif\u00edcil fin de semana y saliendo en posiciones algo retrasadas, Tito sufr\u00eda la ca\u00edda justo detr\u00e1s de Jorge Lorenzo cuando ambos iban hacia adelante, con ritmo para remontar posiciones.<br \/>\nAhora toca trabajar pensando ya en la pr\u00f3xima cita que tendr\u00e1 lugar en el Circuito de Austin, <strong>C.O.T.A<\/strong> (Circuit of the Americas), dentro de 15 d\u00edas.<\/p>\n<div><strong>\u00a0<img loading=\"lazy\" decoding=\"async\" src=\"https:\/\/gallery.mailchimp.com\/e828fe21a09f1adfacb978ff3\/images\/cc193bf1-dd71-4770-bab4-f8a470a4e120.png\" width=\"50\" height=\"23\" data-file-id=\"50703\" \/>Tito Rabat<\/strong><br \/>\n\u201cHa sido un fin de semana muy complicado, la verdad. En carrera hemos hecho una buena salida, incluso en el &#8216;warm up&#8217; tambi\u00e9n ten\u00eda buenas sensaciones. Lo positivo es que hemos logrado esa buena sinton\u00eda, que no hab\u00edamos podido experimentar durante el resto del fin de semana. Ha sido un paso muy grande y ahora toca seguir trabajando para terminar de mejorar nuestros puntos d\u00e9biles y aprovechar los fuertes. Vamos a estar ah\u00ed, seguro.\u201d<\/div>\n<div><\/div>\n<div>\n<div><strong><img loading=\"lazy\" decoding=\"async\" src=\"https:\/\/gallery.mailchimp.com\/e828fe21a09f1adfacb978ff3\/images\/d5c01eef-4822-493c-b33c-eda954b5d0ce.png\" width=\"43\" height=\"25\" data-file-id=\"50707\" \/>\u00a0Karel Abraham<\/strong><br \/>\n\u201c<em>Algunos de los pilotos que luchaban por un punto o un par de ellos, se han ido al suelo. Ha sido una pena la ca\u00edda despu\u00e9s de haber hecho un buen cronometrado. La posici\u00f3n de salida no era la mejor pero hab\u00edamos logrado dar un paso adelante a nivel de sensaciones y de ritmo, sobre todo el s\u00e1bado en la Q1. En carrera he luchado con un gran grupo por los puntos pero finalmente no ha sido posible. Ahora toca pensar en Austin e ir mejorando y los resultados llegar\u00e1n.<\/em>\u201d<\/div>\n<div><\/div>\n<div>\n<p><img loading=\"lazy\" decoding=\"async\" class=\"wp-image-14414 size-full\" src=\"http:\/\/esponsorama.ad\/wp-content\/uploads\/2019\/04\/02Argentina19MgpESPONSORAMA_AX20972.jpg\" alt=\"02 Argentina 28, 29, 30 y 31 de marzo de 2019, circuito de Termas de Rio Hondo, Argentina. MotoGP, motogp, mgp, MGP, Mgp\" width=\"6000\" height=\"4000\" srcset=\"http:\/\/esponsorama.ad\/wp-content\/uploads\/2019\/04\/02Argentina19MgpESPONSORAMA_AX20972.jpg 6000w, http:\/\/esponsorama.ad\/wp-content\/uploads\/2019\/04\/02Argentina19MgpESPONSORAMA_AX20972-300x200.jpg 300w, http:\/\/esponsorama.ad\/wp-content\/uploads\/2019\/04\/02Argentina19MgpESPONSORAMA_AX20972-768x512.jpg 768w, http:\/\/esponsorama.ad\/wp-content\/uploads\/2019\/04\/02Argentina19MgpESPONSORAMA_AX20972-1024x683.jpg 1024w, http:\/\/esponsorama.ad\/wp-content\/uploads\/2019\/04\/02Argentina19MgpESPONSORAMA_AX20972-1400x933.jpg 1400w\" sizes=\"auto, (max-width: 6000px) 100vw, 6000px\" \/><\/p>\n<\/div>\n<\/div>\n","protected":false},"excerpt":{"rendered":"<p>Podr\u00eda ser casualidad, o no, pero la curva n\u00ba1 del Circuito de Termas de R\u00edo Hondo fue el mal sue\u00f1o para los pilotos del Reale Avintia Racing Team; Tito Rabat y Karel Abraham. Ambos se fueron al suelo en la misma curva; primero lo hac\u00eda Karel en la vuelta n\u00ba 15 de carrera y seguidamente [&hellip;]<\/p>\n","protected":false},"author":6,"featured_media":14413,"comment_status":"closed","ping_status":"closed","sticky":false,"template":"","format":"standard","meta":{"footnotes":""},"categories":[9,3],"tags":[19,18,14,13,15],"class_list":["post-14412","post","type-post","status-publish","format-standard","has-post-thumbnail","hentry","category-esponsorama","category-motogp","tag-2019-season","tag-argentina","tag-karel-abraham","tag-motogp","tag-tito-rabat"],"yoast_head":"<!-- This site is optimized with the Yoast SEO plugin v27.1.1 - https:\/\/yoast.com\/product\/yoast-seo-wordpress\/ -->\n<title>La curva 1 del Circuito de Termas de R\u00edo Hondo, acaba con las aspiraciones de los pilotos del Reale Avintia Racing Team - Esponsorama<\/title>\n<meta name=\"robots\" content=\"index, follow, max-snippet:-1, max-image-preview:large, max-video-preview:-1\" \/>\n<link rel=\"canonical\" href=\"http:\/\/esponsorama.ad\/es\/la-curva-1-del-circuito-termas-rio-hondo-acaba-las-aspiraciones-los-pilotos-del-reale-avintia-racing-team\/\" \/>\n<meta property=\"og:locale\" content=\"es_ES\" \/>\n<meta property=\"og:type\" content=\"article\" \/>\n<meta property=\"og:title\" content=\"La curva 1 del Circuito de Termas de R\u00edo Hondo, acaba con las aspiraciones de los pilotos del Reale Avintia Racing Team - Esponsorama\" \/>\n<meta property=\"og:description\" content=\"Podr\u00eda ser casualidad, o no, pero la curva n\u00ba1 del Circuito de Termas de R\u00edo Hondo fue el mal sue\u00f1o para los pilotos del Reale Avintia Racing Team; Tito Rabat y Karel Abraham. Ambos se fueron al suelo en la misma curva; primero lo hac\u00eda Karel en la vuelta n\u00ba 15 de carrera y seguidamente [&hellip;]\" \/>\n<meta property=\"og:url\" content=\"http:\/\/esponsorama.ad\/es\/la-curva-1-del-circuito-termas-rio-hondo-acaba-las-aspiraciones-los-pilotos-del-reale-avintia-racing-team\/\" \/>\n<meta property=\"og:site_name\" content=\"Esponsorama\" \/>\n<meta property=\"article:published_time\" content=\"2019-04-11T20:36:14+00:00\" \/>\n<meta property=\"article:modified_time\" content=\"2019-04-26T18:39:34+00:00\" \/>\n<meta property=\"og:image\" content=\"http:\/\/esponsorama.ad\/wp-content\/uploads\/2019\/04\/02Argentina19MgpESPONSORAMA_AX20978-1024x683.jpg\" \/>\n\t<meta property=\"og:image:width\" content=\"1024\" \/>\n\t<meta property=\"og:image:height\" content=\"683\" \/>\n\t<meta property=\"og:image:type\" content=\"image\/jpeg\" \/>\n<meta name=\"author\" content=\"Xavi Andornet\" \/>\n<meta name=\"twitter:card\" content=\"summary_large_image\" \/>\n<meta name=\"twitter:label1\" content=\"Escrito por\" \/>\n\t<meta name=\"twitter:data1\" content=\"Xavi Andornet\" \/>\n\t<meta name=\"twitter:label2\" content=\"Tiempo de lectura\" \/>\n\t<meta name=\"twitter:data2\" content=\"2 minutos\" \/>\n<script type=\"application\/ld+json\" class=\"yoast-schema-graph\">{\"@context\":\"https:\/\/schema.org\",\"@graph\":[{\"@type\":\"Article\",\"@id\":\"http:\/\/esponsorama.ad\/es\/la-curva-1-del-circuito-termas-rio-hondo-acaba-las-aspiraciones-los-pilotos-del-reale-avintia-racing-team\/#article\",\"isPartOf\":{\"@id\":\"http:\/\/esponsorama.ad\/es\/la-curva-1-del-circuito-termas-rio-hondo-acaba-las-aspiraciones-los-pilotos-del-reale-avintia-racing-team\/\"},\"author\":{\"name\":\"Xavi Andornet\",\"@id\":\"http:\/\/esponsorama.ad\/es\/#\/schema\/person\/a5cde74945183d737066e46b61c6f9c4\"},\"headline\":\"La curva 1 del Circuito de Termas de R\u00edo Hondo, acaba con las aspiraciones de los pilotos del Reale Avintia Racing Team\",\"datePublished\":\"2019-04-11T20:36:14+00:00\",\"dateModified\":\"2019-04-26T18:39:34+00:00\",\"mainEntityOfPage\":{\"@id\":\"http:\/\/esponsorama.ad\/es\/la-curva-1-del-circuito-termas-rio-hondo-acaba-las-aspiraciones-los-pilotos-del-reale-avintia-racing-team\/\"},\"wordCount\":346,\"image\":{\"@id\":\"http:\/\/esponsorama.ad\/es\/la-curva-1-del-circuito-termas-rio-hondo-acaba-las-aspiraciones-los-pilotos-del-reale-avintia-racing-team\/#primaryimage\"},\"thumbnailUrl\":\"http:\/\/esponsorama.ad\/wp-content\/uploads\/2019\/04\/02Argentina19MgpESPONSORAMA_AX20978.jpg\",\"keywords\":[\"2019 Season\",\"Argentina\",\"Karel Abraham\",\"MotoGP\",\"Tito Rabat\"],\"articleSection\":[\"Esponsorama\",\"MotoGP\"],\"inLanguage\":\"es\"},{\"@type\":\"WebPage\",\"@id\":\"http:\/\/esponsorama.ad\/es\/la-curva-1-del-circuito-termas-rio-hondo-acaba-las-aspiraciones-los-pilotos-del-reale-avintia-racing-team\/\",\"url\":\"http:\/\/esponsorama.ad\/es\/la-curva-1-del-circuito-termas-rio-hondo-acaba-las-aspiraciones-los-pilotos-del-reale-avintia-racing-team\/\",\"name\":\"La curva 1 del Circuito de Termas de R\u00edo Hondo, acaba con las aspiraciones de los pilotos del Reale Avintia Racing Team - Esponsorama\",\"isPartOf\":{\"@id\":\"http:\/\/esponsorama.ad\/es\/#website\"},\"primaryImageOfPage\":{\"@id\":\"http:\/\/esponsorama.ad\/es\/la-curva-1-del-circuito-termas-rio-hondo-acaba-las-aspiraciones-los-pilotos-del-reale-avintia-racing-team\/#primaryimage\"},\"image\":{\"@id\":\"http:\/\/esponsorama.ad\/es\/la-curva-1-del-circuito-termas-rio-hondo-acaba-las-aspiraciones-los-pilotos-del-reale-avintia-racing-team\/#primaryimage\"},\"thumbnailUrl\":\"http:\/\/esponsorama.ad\/wp-content\/uploads\/2019\/04\/02Argentina19MgpESPONSORAMA_AX20978.jpg\",\"datePublished\":\"2019-04-11T20:36:14+00:00\",\"dateModified\":\"2019-04-26T18:39:34+00:00\",\"author\":{\"@id\":\"http:\/\/esponsorama.ad\/es\/#\/schema\/person\/a5cde74945183d737066e46b61c6f9c4\"},\"breadcrumb\":{\"@id\":\"http:\/\/esponsorama.ad\/es\/la-curva-1-del-circuito-termas-rio-hondo-acaba-las-aspiraciones-los-pilotos-del-reale-avintia-racing-team\/#breadcrumb\"},\"inLanguage\":\"es\",\"potentialAction\":[{\"@type\":\"ReadAction\",\"target\":[\"http:\/\/esponsorama.ad\/es\/la-curva-1-del-circuito-termas-rio-hondo-acaba-las-aspiraciones-los-pilotos-del-reale-avintia-racing-team\/\"]}]},{\"@type\":\"ImageObject\",\"inLanguage\":\"es\",\"@id\":\"http:\/\/esponsorama.ad\/es\/la-curva-1-del-circuito-termas-rio-hondo-acaba-las-aspiraciones-los-pilotos-del-reale-avintia-racing-team\/#primaryimage\",\"url\":\"http:\/\/esponsorama.ad\/wp-content\/uploads\/2019\/04\/02Argentina19MgpESPONSORAMA_AX20978.jpg\",\"contentUrl\":\"http:\/\/esponsorama.ad\/wp-content\/uploads\/2019\/04\/02Argentina19MgpESPONSORAMA_AX20978.jpg\",\"width\":5472,\"height\":3648,\"caption\":\"02 Argentina 28, 29, 30 y 31 de marzo de 2019, circuito de Termas de Rio Hondo, Argentina. MotoGP, motogp, mgp, MGP, Mgp\"},{\"@type\":\"BreadcrumbList\",\"@id\":\"http:\/\/esponsorama.ad\/es\/la-curva-1-del-circuito-termas-rio-hondo-acaba-las-aspiraciones-los-pilotos-del-reale-avintia-racing-team\/#breadcrumb\",\"itemListElement\":[{\"@type\":\"ListItem\",\"position\":1,\"name\":\"Home\",\"item\":\"http:\/\/esponsorama.ad\/es\/\"},{\"@type\":\"ListItem\",\"position\":2,\"name\":\"La curva 1 del Circuito de Termas de R\u00edo Hondo, acaba con las aspiraciones de los pilotos del Reale Avintia Racing Team\"}]},{\"@type\":\"WebSite\",\"@id\":\"http:\/\/esponsorama.ad\/es\/#website\",\"url\":\"http:\/\/esponsorama.ad\/es\/\",\"name\":\"Esponsorama\",\"description\":\"Specialist in motorsport sponsorship and event promotions\",\"potentialAction\":[{\"@type\":\"SearchAction\",\"target\":{\"@type\":\"EntryPoint\",\"urlTemplate\":\"http:\/\/esponsorama.ad\/es\/?s={search_term_string}\"},\"query-input\":{\"@type\":\"PropertyValueSpecification\",\"valueRequired\":true,\"valueName\":\"search_term_string\"}}],\"inLanguage\":\"es\"},{\"@type\":\"Person\",\"@id\":\"http:\/\/esponsorama.ad\/es\/#\/schema\/person\/a5cde74945183d737066e46b61c6f9c4\",\"name\":\"Xavi Andornet\",\"image\":{\"@type\":\"ImageObject\",\"inLanguage\":\"es\",\"@id\":\"http:\/\/esponsorama.ad\/es\/#\/schema\/person\/image\/\",\"url\":\"https:\/\/secure.gravatar.com\/avatar\/f10eaf9ad601244a2357c9fd7cd9805ed166cfaaf76d5d9ab08a9d873e70147a?s=96&d=mm&r=g\",\"contentUrl\":\"https:\/\/secure.gravatar.com\/avatar\/f10eaf9ad601244a2357c9fd7cd9805ed166cfaaf76d5d9ab08a9d873e70147a?s=96&d=mm&r=g\",\"caption\":\"Xavi Andornet\"},\"sameAs\":[\"http:\/\/www.andornet.ad\"],\"url\":\"http:\/\/esponsorama.ad\/es\/author\/andornet\/\"}]}<\/script>\n<!-- \/ Yoast SEO plugin. -->","yoast_head_json":{"title":"La curva 1 del Circuito de Termas de R\u00edo Hondo, acaba con las aspiraciones de los pilotos del Reale Avintia Racing Team - Esponsorama","robots":{"index":"index","follow":"follow","max-snippet":"max-snippet:-1","max-image-preview":"max-image-preview:large","max-video-preview":"max-video-preview:-1"},"canonical":"http:\/\/esponsorama.ad\/es\/la-curva-1-del-circuito-termas-rio-hondo-acaba-las-aspiraciones-los-pilotos-del-reale-avintia-racing-team\/","og_locale":"es_ES","og_type":"article","og_title":"La curva 1 del Circuito de Termas de R\u00edo Hondo, acaba con las aspiraciones de los pilotos del Reale Avintia Racing Team - Esponsorama","og_description":"Podr\u00eda ser casualidad, o no, pero la curva n\u00ba1 del Circuito de Termas de R\u00edo Hondo fue el mal sue\u00f1o para los pilotos del Reale Avintia Racing Team; Tito Rabat y Karel Abraham. Ambos se fueron al suelo en la misma curva; primero lo hac\u00eda Karel en la vuelta n\u00ba 15 de carrera y seguidamente [&hellip;]","og_url":"http:\/\/esponsorama.ad\/es\/la-curva-1-del-circuito-termas-rio-hondo-acaba-las-aspiraciones-los-pilotos-del-reale-avintia-racing-team\/","og_site_name":"Esponsorama","article_published_time":"2019-04-11T20:36:14+00:00","article_modified_time":"2019-04-26T18:39:34+00:00","og_image":[{"width":1024,"height":683,"url":"http:\/\/esponsorama.ad\/wp-content\/uploads\/2019\/04\/02Argentina19MgpESPONSORAMA_AX20978-1024x683.jpg","type":"image\/jpeg"}],"author":"Xavi Andornet","twitter_card":"summary_large_image","twitter_misc":{"Escrito por":"Xavi Andornet","Tiempo de lectura":"2 minutos"},"schema":{"@context":"https:\/\/schema.org","@graph":[{"@type":"Article","@id":"http:\/\/esponsorama.ad\/es\/la-curva-1-del-circuito-termas-rio-hondo-acaba-las-aspiraciones-los-pilotos-del-reale-avintia-racing-team\/#article","isPartOf":{"@id":"http:\/\/esponsorama.ad\/es\/la-curva-1-del-circuito-termas-rio-hondo-acaba-las-aspiraciones-los-pilotos-del-reale-avintia-racing-team\/"},"author":{"name":"Xavi Andornet","@id":"http:\/\/esponsorama.ad\/es\/#\/schema\/person\/a5cde74945183d737066e46b61c6f9c4"},"headline":"La curva 1 del Circuito de Termas de R\u00edo Hondo, acaba con las aspiraciones de los pilotos del Reale Avintia Racing Team","datePublished":"2019-04-11T20:36:14+00:00","dateModified":"2019-04-26T18:39:34+00:00","mainEntityOfPage":{"@id":"http:\/\/esponsorama.ad\/es\/la-curva-1-del-circuito-termas-rio-hondo-acaba-las-aspiraciones-los-pilotos-del-reale-avintia-racing-team\/"},"wordCount":346,"image":{"@id":"http:\/\/esponsorama.ad\/es\/la-curva-1-del-circuito-termas-rio-hondo-acaba-las-aspiraciones-los-pilotos-del-reale-avintia-racing-team\/#primaryimage"},"thumbnailUrl":"http:\/\/esponsorama.ad\/wp-content\/uploads\/2019\/04\/02Argentina19MgpESPONSORAMA_AX20978.jpg","keywords":["2019 Season","Argentina","Karel Abraham","MotoGP","Tito Rabat"],"articleSection":["Esponsorama","MotoGP"],"inLanguage":"es"},{"@type":"WebPage","@id":"http:\/\/esponsorama.ad\/es\/la-curva-1-del-circuito-termas-rio-hondo-acaba-las-aspiraciones-los-pilotos-del-reale-avintia-racing-team\/","url":"http:\/\/esponsorama.ad\/es\/la-curva-1-del-circuito-termas-rio-hondo-acaba-las-aspiraciones-los-pilotos-del-reale-avintia-racing-team\/","name":"La curva 1 del Circuito de Termas de R\u00edo Hondo, acaba con las aspiraciones de los pilotos del Reale Avintia Racing Team - Esponsorama","isPartOf":{"@id":"http:\/\/esponsorama.ad\/es\/#website"},"primaryImageOfPage":{"@id":"http:\/\/esponsorama.ad\/es\/la-curva-1-del-circuito-termas-rio-hondo-acaba-las-aspiraciones-los-pilotos-del-reale-avintia-racing-team\/#primaryimage"},"image":{"@id":"http:\/\/esponsorama.ad\/es\/la-curva-1-del-circuito-termas-rio-hondo-acaba-las-aspiraciones-los-pilotos-del-reale-avintia-racing-team\/#primaryimage"},"thumbnailUrl":"http:\/\/esponsorama.ad\/wp-content\/uploads\/2019\/04\/02Argentina19MgpESPONSORAMA_AX20978.jpg","datePublished":"2019-04-11T20:36:14+00:00","dateModified":"2019-04-26T18:39:34+00:00","author":{"@id":"http:\/\/esponsorama.ad\/es\/#\/schema\/person\/a5cde74945183d737066e46b61c6f9c4"},"breadcrumb":{"@id":"http:\/\/esponsorama.ad\/es\/la-curva-1-del-circuito-termas-rio-hondo-acaba-las-aspiraciones-los-pilotos-del-reale-avintia-racing-team\/#breadcrumb"},"inLanguage":"es","potentialAction":[{"@type":"ReadAction","target":["http:\/\/esponsorama.ad\/es\/la-curva-1-del-circuito-termas-rio-hondo-acaba-las-aspiraciones-los-pilotos-del-reale-avintia-racing-team\/"]}]},{"@type":"ImageObject","inLanguage":"es","@id":"http:\/\/esponsorama.ad\/es\/la-curva-1-del-circuito-termas-rio-hondo-acaba-las-aspiraciones-los-pilotos-del-reale-avintia-racing-team\/#primaryimage","url":"http:\/\/esponsorama.ad\/wp-content\/uploads\/2019\/04\/02Argentina19MgpESPONSORAMA_AX20978.jpg","contentUrl":"http:\/\/esponsorama.ad\/wp-content\/uploads\/2019\/04\/02Argentina19MgpESPONSORAMA_AX20978.jpg","width":5472,"height":3648,"caption":"02 Argentina 28, 29, 30 y 31 de marzo de 2019, circuito de Termas de Rio Hondo, Argentina. MotoGP, motogp, mgp, MGP, Mgp"},{"@type":"BreadcrumbList","@id":"http:\/\/esponsorama.ad\/es\/la-curva-1-del-circuito-termas-rio-hondo-acaba-las-aspiraciones-los-pilotos-del-reale-avintia-racing-team\/#breadcrumb","itemListElement":[{"@type":"ListItem","position":1,"name":"Home","item":"http:\/\/esponsorama.ad\/es\/"},{"@type":"ListItem","position":2,"name":"La curva 1 del Circuito de Termas de R\u00edo Hondo, acaba con las aspiraciones de los pilotos del Reale Avintia Racing Team"}]},{"@type":"WebSite","@id":"http:\/\/esponsorama.ad\/es\/#website","url":"http:\/\/esponsorama.ad\/es\/","name":"Esponsorama","description":"Specialist in motorsport sponsorship and event promotions","potentialAction":[{"@type":"SearchAction","target":{"@type":"EntryPoint","urlTemplate":"http:\/\/esponsorama.ad\/es\/?s={search_term_string}"},"query-input":{"@type":"PropertyValueSpecification","valueRequired":true,"valueName":"search_term_string"}}],"inLanguage":"es"},{"@type":"Person","@id":"http:\/\/esponsorama.ad\/es\/#\/schema\/person\/a5cde74945183d737066e46b61c6f9c4","name":"Xavi Andornet","image":{"@type":"ImageObject","inLanguage":"es","@id":"http:\/\/esponsorama.ad\/es\/#\/schema\/person\/image\/","url":"https:\/\/secure.gravatar.com\/avatar\/f10eaf9ad601244a2357c9fd7cd9805ed166cfaaf76d5d9ab08a9d873e70147a?s=96&d=mm&r=g","contentUrl":"https:\/\/secure.gravatar.com\/avatar\/f10eaf9ad601244a2357c9fd7cd9805ed166cfaaf76d5d9ab08a9d873e70147a?s=96&d=mm&r=g","caption":"Xavi Andornet"},"sameAs":["http:\/\/www.andornet.ad"],"url":"http:\/\/esponsorama.ad\/es\/author\/andornet\/"}]}},"_links":{"self":[{"href":"http:\/\/esponsorama.ad\/es\/wp-json\/wp\/v2\/posts\/14412","targetHints":{"allow":["GET"]}}],"collection":[{"href":"http:\/\/esponsorama.ad\/es\/wp-json\/wp\/v2\/posts"}],"about":[{"href":"http:\/\/esponsorama.ad\/es\/wp-json\/wp\/v2\/types\/post"}],"author":[{"embeddable":true,"href":"http:\/\/esponsorama.ad\/es\/wp-json\/wp\/v2\/users\/6"}],"replies":[{"embeddable":true,"href":"http:\/\/esponsorama.ad\/es\/wp-json\/wp\/v2\/comments?post=14412"}],"version-history":[{"count":0,"href":"http:\/\/esponsorama.ad\/es\/wp-json\/wp\/v2\/posts\/14412\/revisions"}],"wp:featuredmedia":[{"embeddable":true,"href":"http:\/\/esponsorama.ad\/es\/wp-json\/wp\/v2\/media\/14413"}],"wp:attachment":[{"href":"http:\/\/esponsorama.ad\/es\/wp-json\/wp\/v2\/media?parent=14412"}],"wp:term":[{"taxonomy":"category","embeddable":true,"href":"http:\/\/esponsorama.ad\/es\/wp-json\/wp\/v2\/categories?post=14412"},{"taxonomy":"post_tag","embeddable":true,"href":"http:\/\/esponsorama.ad\/es\/wp-json\/wp\/v2\/tags?post=14412"}],"curies":[{"name":"wp","href":"https:\/\/api.w.org\/{rel}","templated":true}]}}