{"id":14523,"date":"2019-04-27T09:13:22","date_gmt":"2019-04-27T07:13:22","guid":{"rendered":"http:\/\/esponsorama.ad\/?p=14523"},"modified":"2019-04-28T16:19:55","modified_gmt":"2019-04-28T14:19:55","slug":"carrera-equipo-premio-tito","status":"publish","type":"post","link":"http:\/\/esponsorama.ad\/es\/carrera-equipo-premio-tito\/","title":{"rendered":"Carrera en equipo con premio para Tito"},"content":{"rendered":"<p>El fin de semana de carreras en <strong>Austin<\/strong> se vio afectado el s\u00e1bado debido a la fuerte lluvia que cay\u00f3 sobre el trazado tejano que hizo que se cancelasen los entrenos libres y se retrasasen los cronometrados. Con una sesi\u00f3n menos de entrenos para todos los pilotos, el domingo amanec\u00eda un esplendido d\u00eda de carreras en el<strong> circuito de C.O.T.A<\/strong>. que Tito aprovech\u00f3 ya desde el Warm up para poner su moto a punto de cara a carrera despu\u00e9s de un s\u00e1bado en el que el piloto del <strong>Reale Avintia<\/strong> no lograba encontrar una buena puesta a punto que le dejaba en la vig\u00e9simo segunda posici\u00f3n de parrilla. Pero como nos tiene acostumbrados Tito es un luchador incansable y lograba cruzar la meta en la decimoquinta posici\u00f3n logrando su primer punto de la temporada. Por su parte <strong>Karel Abraham<\/strong> quedaba justo por detr\u00e1s de su compa\u00f1ero de equipo, con ese mal sabor de boca que produce quedarse tan cerca de los puntos despu\u00e9s de haber estado en varias ocasiones durante la carrera en esa posici\u00f3n luchando con <strong>Tito Rabat<\/strong>. A pesar de eso los objetivos est\u00e1n cada vez m\u00e1s cerca y nuevamente progresando y mejorando la carrera anterior. Los dos compa\u00f1eros de equipo protagonizaron una bonita carrera luchando por conseguir ese ansiado punto que finalmente fue para Tito pero que ambos se merecieron.<\/p>\n<p> \u201cSon los primeros puntos del a\u00f1o, hemos podido ver muchas cosas, sobre todo al final de carrera, ahora toca esperar para Jerez, tenemos dos semanas para poner a punto la pierna y all\u00ed lo haremos a\u00fan mejor.\u201d<\/p>\n<p> \u201cEstoy un poco decepcionado. El fin de semana fue bastante bien, estuvimos bastante fuertes durante la carrera siendo muy consistentes todas las vueltas y al final fuimos a\u00fan m\u00e1s r\u00e1pidos, pr\u00e1cticamente toda la carrera la hice junto a Tito, pero por supuesto estoy decepcionado porque hice mi mejor vuelta de carrera en la \u00faltima vuelta pero no pude adelantar a Tito que se lleva el primer punto para el equipo. La pr\u00f3xima carrera intentar\u00e9 hacerlo a\u00fan mejor y conseguir puntuar. Estoy realmente molesto conmigo mismo porque me esforc\u00e9 mucho y no lo pude conseguir, pero estoy seguro que en la pr\u00f3xima carrera lo conseguiremos.\u201d<\/p>\n","protected":false},"excerpt":{"rendered":"<p>El fin de semana de carreras en Austin se vio afectado el s\u00e1bado debido a la fuerte lluvia que cay\u00f3 sobre el trazado tejano que hizo que se cancelasen los entrenos libres y se retrasasen los cronometrados. Con una sesi\u00f3n menos de entrenos para todos los pilotos, el domingo amanec\u00eda un esplendido d\u00eda de carreras [&hellip;]<\/p>\n","protected":false},"author":6,"featured_media":14536,"comment_status":"closed","ping_status":"closed","sticky":false,"template":"","format":"standard","meta":{"footnotes":""},"categories":[3,1],"tags":[25,24,23,14,13,26,22,15],"class_list":["post-14523","post","type-post","status-publish","format-standard","has-post-thumbnail","hentry","category-motogp","category-sin-categoria","tag-austin","tag-cota","tag-esponsorama","tag-karel-abraham","tag-motogp","tag-mundial","tag-reale-avintia","tag-tito-rabat"],"yoast_head":"<!-- This site is optimized with the Yoast SEO plugin v27.1.1 - https:\/\/yoast.com\/product\/yoast-seo-wordpress\/ -->\n<title>Carrera en equipo con premio para Tito - Esponsorama<\/title>\n<meta name=\"robots\" content=\"index, follow, max-snippet:-1, max-image-preview:large, max-video-preview:-1\" \/>\n<link rel=\"canonical\" href=\"http:\/\/esponsorama.ad\/es\/carrera-equipo-premio-tito\/\" \/>\n<meta property=\"og:locale\" content=\"es_ES\" \/>\n<meta property=\"og:type\" content=\"article\" \/>\n<meta property=\"og:title\" content=\"Carrera en equipo con premio para Tito - Esponsorama\" \/>\n<meta property=\"og:description\" content=\"El fin de semana de carreras en Austin se vio afectado el s\u00e1bado debido a la fuerte lluvia que cay\u00f3 sobre el trazado tejano que hizo que se cancelasen los entrenos libres y se retrasasen los cronometrados. Con una sesi\u00f3n menos de entrenos para todos los pilotos, el domingo amanec\u00eda un esplendido d\u00eda de carreras [&hellip;]\" \/>\n<meta property=\"og:url\" content=\"http:\/\/esponsorama.ad\/es\/carrera-equipo-premio-tito\/\" \/>\n<meta property=\"og:site_name\" content=\"Esponsorama\" \/>\n<meta property=\"article:published_time\" content=\"2019-04-27T07:13:22+00:00\" \/>\n<meta property=\"article:modified_time\" content=\"2019-04-28T14:19:55+00:00\" \/>\n<meta property=\"og:image\" content=\"http:\/\/esponsorama.ad\/wp-content\/uploads\/2019\/04\/unnamed-1024x683.jpg\" \/>\n\t<meta property=\"og:image:width\" content=\"1024\" \/>\n\t<meta property=\"og:image:height\" content=\"683\" \/>\n\t<meta property=\"og:image:type\" content=\"image\/jpeg\" \/>\n<meta name=\"author\" content=\"Xavi Andornet\" \/>\n<meta name=\"twitter:card\" content=\"summary_large_image\" \/>\n<meta name=\"twitter:label1\" content=\"Escrito por\" \/>\n\t<meta name=\"twitter:data1\" content=\"Xavi Andornet\" \/>\n\t<meta name=\"twitter:label2\" content=\"Tiempo de lectura\" \/>\n\t<meta name=\"twitter:data2\" content=\"2 minutos\" \/>\n<script type=\"application\/ld+json\" class=\"yoast-schema-graph\">{\"@context\":\"https:\/\/schema.org\",\"@graph\":[{\"@type\":\"Article\",\"@id\":\"http:\/\/esponsorama.ad\/es\/carrera-equipo-premio-tito\/#article\",\"isPartOf\":{\"@id\":\"http:\/\/esponsorama.ad\/es\/carrera-equipo-premio-tito\/\"},\"author\":{\"name\":\"Xavi Andornet\",\"@id\":\"http:\/\/esponsorama.ad\/es\/#\/schema\/person\/a5cde74945183d737066e46b61c6f9c4\"},\"headline\":\"Carrera en equipo con premio para Tito\",\"datePublished\":\"2019-04-27T07:13:22+00:00\",\"dateModified\":\"2019-04-28T14:19:55+00:00\",\"mainEntityOfPage\":{\"@id\":\"http:\/\/esponsorama.ad\/es\/carrera-equipo-premio-tito\/\"},\"wordCount\":405,\"image\":{\"@id\":\"http:\/\/esponsorama.ad\/es\/carrera-equipo-premio-tito\/#primaryimage\"},\"thumbnailUrl\":\"http:\/\/esponsorama.ad\/wp-content\/uploads\/2019\/04\/unnamed.jpg\",\"keywords\":[\"Austin\",\"COTA\",\"esponsorama\",\"Karel Abraham\",\"MotoGP\",\"mundial\",\"reale avintia\",\"Tito Rabat\"],\"articleSection\":[\"MotoGP\"],\"inLanguage\":\"es\"},{\"@type\":\"WebPage\",\"@id\":\"http:\/\/esponsorama.ad\/es\/carrera-equipo-premio-tito\/\",\"url\":\"http:\/\/esponsorama.ad\/es\/carrera-equipo-premio-tito\/\",\"name\":\"Carrera en equipo con premio para Tito - Esponsorama\",\"isPartOf\":{\"@id\":\"http:\/\/esponsorama.ad\/es\/#website\"},\"primaryImageOfPage\":{\"@id\":\"http:\/\/esponsorama.ad\/es\/carrera-equipo-premio-tito\/#primaryimage\"},\"image\":{\"@id\":\"http:\/\/esponsorama.ad\/es\/carrera-equipo-premio-tito\/#primaryimage\"},\"thumbnailUrl\":\"http:\/\/esponsorama.ad\/wp-content\/uploads\/2019\/04\/unnamed.jpg\",\"datePublished\":\"2019-04-27T07:13:22+00:00\",\"dateModified\":\"2019-04-28T14:19:55+00:00\",\"author\":{\"@id\":\"http:\/\/esponsorama.ad\/es\/#\/schema\/person\/a5cde74945183d737066e46b61c6f9c4\"},\"breadcrumb\":{\"@id\":\"http:\/\/esponsorama.ad\/es\/carrera-equipo-premio-tito\/#breadcrumb\"},\"inLanguage\":\"es\",\"potentialAction\":[{\"@type\":\"ReadAction\",\"target\":[\"http:\/\/esponsorama.ad\/es\/carrera-equipo-premio-tito\/\"]}]},{\"@type\":\"ImageObject\",\"inLanguage\":\"es\",\"@id\":\"http:\/\/esponsorama.ad\/es\/carrera-equipo-premio-tito\/#primaryimage\",\"url\":\"http:\/\/esponsorama.ad\/wp-content\/uploads\/2019\/04\/unnamed.jpg\",\"contentUrl\":\"http:\/\/esponsorama.ad\/wp-content\/uploads\/2019\/04\/unnamed.jpg\",\"width\":5472,\"height\":3648,\"caption\":\"03 GP de las Am\u00e9ricas, circuito de COTA, Austin, Texas, USA 11, 12, 13 y 14 de abril de 2019 Motogp, MGP, Mgp, MotoGP\"},{\"@type\":\"BreadcrumbList\",\"@id\":\"http:\/\/esponsorama.ad\/es\/carrera-equipo-premio-tito\/#breadcrumb\",\"itemListElement\":[{\"@type\":\"ListItem\",\"position\":1,\"name\":\"Home\",\"item\":\"http:\/\/esponsorama.ad\/en\/\"},{\"@type\":\"ListItem\",\"position\":2,\"name\":\"Carrera en equipo con premio para Tito\"}]},{\"@type\":\"WebSite\",\"@id\":\"http:\/\/esponsorama.ad\/es\/#website\",\"url\":\"http:\/\/esponsorama.ad\/es\/\",\"name\":\"Esponsorama\",\"description\":\"Specialist in motorsport sponsorship and event promotions\",\"potentialAction\":[{\"@type\":\"SearchAction\",\"target\":{\"@type\":\"EntryPoint\",\"urlTemplate\":\"http:\/\/esponsorama.ad\/es\/?s={search_term_string}\"},\"query-input\":{\"@type\":\"PropertyValueSpecification\",\"valueRequired\":true,\"valueName\":\"search_term_string\"}}],\"inLanguage\":\"es\"},{\"@type\":\"Person\",\"@id\":\"http:\/\/esponsorama.ad\/es\/#\/schema\/person\/a5cde74945183d737066e46b61c6f9c4\",\"name\":\"Xavi Andornet\",\"image\":{\"@type\":\"ImageObject\",\"inLanguage\":\"es\",\"@id\":\"http:\/\/esponsorama.ad\/es\/#\/schema\/person\/image\/\",\"url\":\"https:\/\/secure.gravatar.com\/avatar\/f10eaf9ad601244a2357c9fd7cd9805ed166cfaaf76d5d9ab08a9d873e70147a?s=96&d=mm&r=g\",\"contentUrl\":\"https:\/\/secure.gravatar.com\/avatar\/f10eaf9ad601244a2357c9fd7cd9805ed166cfaaf76d5d9ab08a9d873e70147a?s=96&d=mm&r=g\",\"caption\":\"Xavi Andornet\"},\"sameAs\":[\"http:\/\/www.andornet.ad\"],\"url\":\"http:\/\/esponsorama.ad\/es\/author\/andornet\/\"}]}<\/script>\n<!-- \/ Yoast SEO plugin. -->","yoast_head_json":{"title":"Carrera en equipo con premio para Tito - Esponsorama","robots":{"index":"index","follow":"follow","max-snippet":"max-snippet:-1","max-image-preview":"max-image-preview:large","max-video-preview":"max-video-preview:-1"},"canonical":"http:\/\/esponsorama.ad\/es\/carrera-equipo-premio-tito\/","og_locale":"es_ES","og_type":"article","og_title":"Carrera en equipo con premio para Tito - Esponsorama","og_description":"El fin de semana de carreras en Austin se vio afectado el s\u00e1bado debido a la fuerte lluvia que cay\u00f3 sobre el trazado tejano que hizo que se cancelasen los entrenos libres y se retrasasen los cronometrados. Con una sesi\u00f3n menos de entrenos para todos los pilotos, el domingo amanec\u00eda un esplendido d\u00eda de carreras [&hellip;]","og_url":"http:\/\/esponsorama.ad\/es\/carrera-equipo-premio-tito\/","og_site_name":"Esponsorama","article_published_time":"2019-04-27T07:13:22+00:00","article_modified_time":"2019-04-28T14:19:55+00:00","og_image":[{"width":1024,"height":683,"url":"http:\/\/esponsorama.ad\/wp-content\/uploads\/2019\/04\/unnamed-1024x683.jpg","type":"image\/jpeg"}],"author":"Xavi Andornet","twitter_card":"summary_large_image","twitter_misc":{"Escrito por":"Xavi Andornet","Tiempo de lectura":"2 minutos"},"schema":{"@context":"https:\/\/schema.org","@graph":[{"@type":"Article","@id":"http:\/\/esponsorama.ad\/es\/carrera-equipo-premio-tito\/#article","isPartOf":{"@id":"http:\/\/esponsorama.ad\/es\/carrera-equipo-premio-tito\/"},"author":{"name":"Xavi Andornet","@id":"http:\/\/esponsorama.ad\/es\/#\/schema\/person\/a5cde74945183d737066e46b61c6f9c4"},"headline":"Carrera en equipo con premio para Tito","datePublished":"2019-04-27T07:13:22+00:00","dateModified":"2019-04-28T14:19:55+00:00","mainEntityOfPage":{"@id":"http:\/\/esponsorama.ad\/es\/carrera-equipo-premio-tito\/"},"wordCount":405,"image":{"@id":"http:\/\/esponsorama.ad\/es\/carrera-equipo-premio-tito\/#primaryimage"},"thumbnailUrl":"http:\/\/esponsorama.ad\/wp-content\/uploads\/2019\/04\/unnamed.jpg","keywords":["Austin","COTA","esponsorama","Karel Abraham","MotoGP","mundial","reale avintia","Tito Rabat"],"articleSection":["MotoGP"],"inLanguage":"es"},{"@type":"WebPage","@id":"http:\/\/esponsorama.ad\/es\/carrera-equipo-premio-tito\/","url":"http:\/\/esponsorama.ad\/es\/carrera-equipo-premio-tito\/","name":"Carrera en equipo con premio para Tito - Esponsorama","isPartOf":{"@id":"http:\/\/esponsorama.ad\/es\/#website"},"primaryImageOfPage":{"@id":"http:\/\/esponsorama.ad\/es\/carrera-equipo-premio-tito\/#primaryimage"},"image":{"@id":"http:\/\/esponsorama.ad\/es\/carrera-equipo-premio-tito\/#primaryimage"},"thumbnailUrl":"http:\/\/esponsorama.ad\/wp-content\/uploads\/2019\/04\/unnamed.jpg","datePublished":"2019-04-27T07:13:22+00:00","dateModified":"2019-04-28T14:19:55+00:00","author":{"@id":"http:\/\/esponsorama.ad\/es\/#\/schema\/person\/a5cde74945183d737066e46b61c6f9c4"},"breadcrumb":{"@id":"http:\/\/esponsorama.ad\/es\/carrera-equipo-premio-tito\/#breadcrumb"},"inLanguage":"es","potentialAction":[{"@type":"ReadAction","target":["http:\/\/esponsorama.ad\/es\/carrera-equipo-premio-tito\/"]}]},{"@type":"ImageObject","inLanguage":"es","@id":"http:\/\/esponsorama.ad\/es\/carrera-equipo-premio-tito\/#primaryimage","url":"http:\/\/esponsorama.ad\/wp-content\/uploads\/2019\/04\/unnamed.jpg","contentUrl":"http:\/\/esponsorama.ad\/wp-content\/uploads\/2019\/04\/unnamed.jpg","width":5472,"height":3648,"caption":"03 GP de las Am\u00e9ricas, circuito de COTA, Austin, Texas, USA 11, 12, 13 y 14 de abril de 2019 Motogp, MGP, Mgp, MotoGP"},{"@type":"BreadcrumbList","@id":"http:\/\/esponsorama.ad\/es\/carrera-equipo-premio-tito\/#breadcrumb","itemListElement":[{"@type":"ListItem","position":1,"name":"Home","item":"http:\/\/esponsorama.ad\/en\/"},{"@type":"ListItem","position":2,"name":"Carrera en equipo con premio para Tito"}]},{"@type":"WebSite","@id":"http:\/\/esponsorama.ad\/es\/#website","url":"http:\/\/esponsorama.ad\/es\/","name":"Esponsorama","description":"Specialist in motorsport sponsorship and event promotions","potentialAction":[{"@type":"SearchAction","target":{"@type":"EntryPoint","urlTemplate":"http:\/\/esponsorama.ad\/es\/?s={search_term_string}"},"query-input":{"@type":"PropertyValueSpecification","valueRequired":true,"valueName":"search_term_string"}}],"inLanguage":"es"},{"@type":"Person","@id":"http:\/\/esponsorama.ad\/es\/#\/schema\/person\/a5cde74945183d737066e46b61c6f9c4","name":"Xavi Andornet","image":{"@type":"ImageObject","inLanguage":"es","@id":"http:\/\/esponsorama.ad\/es\/#\/schema\/person\/image\/","url":"https:\/\/secure.gravatar.com\/avatar\/f10eaf9ad601244a2357c9fd7cd9805ed166cfaaf76d5d9ab08a9d873e70147a?s=96&d=mm&r=g","contentUrl":"https:\/\/secure.gravatar.com\/avatar\/f10eaf9ad601244a2357c9fd7cd9805ed166cfaaf76d5d9ab08a9d873e70147a?s=96&d=mm&r=g","caption":"Xavi Andornet"},"sameAs":["http:\/\/www.andornet.ad"],"url":"http:\/\/esponsorama.ad\/es\/author\/andornet\/"}]}},"_links":{"self":[{"href":"http:\/\/esponsorama.ad\/es\/wp-json\/wp\/v2\/posts\/14523","targetHints":{"allow":["GET"]}}],"collection":[{"href":"http:\/\/esponsorama.ad\/es\/wp-json\/wp\/v2\/posts"}],"about":[{"href":"http:\/\/esponsorama.ad\/es\/wp-json\/wp\/v2\/types\/post"}],"author":[{"embeddable":true,"href":"http:\/\/esponsorama.ad\/es\/wp-json\/wp\/v2\/users\/6"}],"replies":[{"embeddable":true,"href":"http:\/\/esponsorama.ad\/es\/wp-json\/wp\/v2\/comments?post=14523"}],"version-history":[{"count":0,"href":"http:\/\/esponsorama.ad\/es\/wp-json\/wp\/v2\/posts\/14523\/revisions"}],"wp:featuredmedia":[{"embeddable":true,"href":"http:\/\/esponsorama.ad\/es\/wp-json\/wp\/v2\/media\/14536"}],"wp:attachment":[{"href":"http:\/\/esponsorama.ad\/es\/wp-json\/wp\/v2\/media?parent=14523"}],"wp:term":[{"taxonomy":"category","embeddable":true,"href":"http:\/\/esponsorama.ad\/es\/wp-json\/wp\/v2\/categories?post=14523"},{"taxonomy":"post_tag","embeddable":true,"href":"http:\/\/esponsorama.ad\/es\/wp-json\/wp\/v2\/tags?post=14523"}],"curies":[{"name":"wp","href":"https:\/\/api.w.org\/{rel}","templated":true}]}}