{"id":14552,"date":"2019-04-14T14:48:41","date_gmt":"2019-04-14T12:48:41","guid":{"rendered":"http:\/\/esponsorama.ad\/?p=14552"},"modified":"2019-04-28T19:27:12","modified_gmt":"2019-04-28T17:27:12","slug":"titanica-carrera-vicente-perez-saliendo-desde-atras","status":"publish","type":"post","link":"http:\/\/esponsorama.ad\/es\/titanica-carrera-vicente-perez-saliendo-desde-atras\/","title":{"rendered":"Tit\u00e1nica carrera de Vicente P\u00e9rez saliendo desde atr\u00e1s"},"content":{"rendered":"<p>Vicente P\u00e9rez ; relegado hoy a salir desde la \u00faltima posici\u00f3n de parrilla, debido a la ca\u00edda de ayer en los entrenamientos cronometrados, en la que sufri\u00f3 una subluxaci\u00f3n de su hombro derecho; ha realizado hoy una impresionante carrera mermado f\u00edsicamente por el enorme dolor que le causaba su lesi\u00f3n. El de Cullera lo dio todo y se qued\u00f3 a tan solo dos posiciones de lograr su primer punto de la temporada, cuando el objetivo de terminar la carrera era todo un reto al alcance de muy pocos. Vicente ahora cuenta con dos semanas sin carreras para recuperar el hombro y demostrar su potencial en un circuito que ya conoce como es el de Jerez-\u00c1ngel Nieto.<\/p>\n<p> \u201cHa sido una carrera dif\u00edcil ya que he salido con mucho dolor, pero he sabido anteponerme a este y he ido remontando lo m\u00e1ximo posible ya que mi estado f\u00edsico no me dejaba conducir lo r\u00e1pido que yo quer\u00eda y pod\u00eda pero al final se ha hecho una gran remontada, sal\u00edamos \u00faltimos y hemos quedado el diecisiete, s\u00f3lo pedir disculpas a mi equipo por la ca\u00edda de ayer y pensando ya en Jerez para lograr el resultado que nos merecemos \u201d<\/p>\n","protected":false},"excerpt":{"rendered":"<p>Vicente P\u00e9rez ; relegado hoy a salir desde la \u00faltima posici\u00f3n de parrilla, debido a la ca\u00edda de ayer en los entrenamientos cronometrados, en la que sufri\u00f3 una subluxaci\u00f3n de su hombro derecho; ha realizado hoy una impresionante carrera mermado f\u00edsicamente por el enorme dolor que le causaba su lesi\u00f3n. El de Cullera lo dio [&hellip;]<\/p>\n","protected":false},"author":6,"featured_media":14541,"comment_status":"closed","ping_status":"closed","sticky":false,"template":"","format":"standard","meta":{"footnotes":""},"categories":[12],"tags":[27,13,28],"class_list":["post-14552","post","type-post","status-publish","format-standard","has-post-thumbnail","hentry","category-moto3","tag-moto3","tag-motogp","tag-vicente-perez"],"yoast_head":"<!-- This site is optimized with the Yoast SEO plugin v27.1.1 - https:\/\/yoast.com\/product\/yoast-seo-wordpress\/ -->\n<title>Tit\u00e1nica carrera de Vicente P\u00e9rez saliendo desde atr\u00e1s - Esponsorama<\/title>\n<meta name=\"robots\" content=\"index, follow, max-snippet:-1, max-image-preview:large, max-video-preview:-1\" \/>\n<link rel=\"canonical\" href=\"http:\/\/esponsorama.ad\/es\/titanica-carrera-vicente-perez-saliendo-desde-atras\/\" \/>\n<meta property=\"og:locale\" content=\"es_ES\" \/>\n<meta property=\"og:type\" content=\"article\" \/>\n<meta property=\"og:title\" content=\"Tit\u00e1nica carrera de Vicente P\u00e9rez saliendo desde atr\u00e1s - Esponsorama\" \/>\n<meta property=\"og:description\" content=\"Vicente P\u00e9rez ; relegado hoy a salir desde la \u00faltima posici\u00f3n de parrilla, debido a la ca\u00edda de ayer en los entrenamientos cronometrados, en la que sufri\u00f3 una subluxaci\u00f3n de su hombro derecho; ha realizado hoy una impresionante carrera mermado f\u00edsicamente por el enorme dolor que le causaba su lesi\u00f3n. El de Cullera lo dio [&hellip;]\" \/>\n<meta property=\"og:url\" content=\"http:\/\/esponsorama.ad\/es\/titanica-carrera-vicente-perez-saliendo-desde-atras\/\" \/>\n<meta property=\"og:site_name\" content=\"Esponsorama\" \/>\n<meta property=\"article:published_time\" content=\"2019-04-14T12:48:41+00:00\" \/>\n<meta property=\"article:modified_time\" content=\"2019-04-28T17:27:12+00:00\" \/>\n<meta property=\"og:image\" content=\"http:\/\/esponsorama.ad\/wp-content\/uploads\/2017\/11\/03Austin19M3VicentePerez_TIN6295-1024x683.jpg\" \/>\n\t<meta property=\"og:image:width\" content=\"1024\" \/>\n\t<meta property=\"og:image:height\" content=\"683\" \/>\n\t<meta property=\"og:image:type\" content=\"image\/jpeg\" \/>\n<meta name=\"author\" content=\"Xavi Andornet\" \/>\n<meta name=\"twitter:card\" content=\"summary_large_image\" \/>\n<meta name=\"twitter:label1\" content=\"Escrito por\" \/>\n\t<meta name=\"twitter:data1\" content=\"Xavi Andornet\" \/>\n\t<meta name=\"twitter:label2\" content=\"Tiempo de lectura\" \/>\n\t<meta name=\"twitter:data2\" content=\"1 minuto\" \/>\n<script type=\"application\/ld+json\" class=\"yoast-schema-graph\">{\"@context\":\"https:\/\/schema.org\",\"@graph\":[{\"@type\":\"Article\",\"@id\":\"http:\/\/esponsorama.ad\/es\/titanica-carrera-vicente-perez-saliendo-desde-atras\/#article\",\"isPartOf\":{\"@id\":\"http:\/\/esponsorama.ad\/es\/titanica-carrera-vicente-perez-saliendo-desde-atras\/\"},\"author\":{\"name\":\"Xavi Andornet\",\"@id\":\"http:\/\/esponsorama.ad\/es\/#\/schema\/person\/a5cde74945183d737066e46b61c6f9c4\"},\"headline\":\"Tit\u00e1nica carrera de Vicente P\u00e9rez saliendo desde atr\u00e1s\",\"datePublished\":\"2019-04-14T12:48:41+00:00\",\"dateModified\":\"2019-04-28T17:27:12+00:00\",\"mainEntityOfPage\":{\"@id\":\"http:\/\/esponsorama.ad\/es\/titanica-carrera-vicente-perez-saliendo-desde-atras\/\"},\"wordCount\":225,\"image\":{\"@id\":\"http:\/\/esponsorama.ad\/es\/titanica-carrera-vicente-perez-saliendo-desde-atras\/#primaryimage\"},\"thumbnailUrl\":\"http:\/\/esponsorama.ad\/wp-content\/uploads\/2017\/11\/03Austin19M3VicentePerez_TIN6295.jpg\",\"keywords\":[\"moto3\",\"MotoGP\",\"vicente Perez\"],\"articleSection\":[\"Moto3\"],\"inLanguage\":\"es\"},{\"@type\":\"WebPage\",\"@id\":\"http:\/\/esponsorama.ad\/es\/titanica-carrera-vicente-perez-saliendo-desde-atras\/\",\"url\":\"http:\/\/esponsorama.ad\/es\/titanica-carrera-vicente-perez-saliendo-desde-atras\/\",\"name\":\"Tit\u00e1nica carrera de Vicente P\u00e9rez saliendo desde atr\u00e1s - Esponsorama\",\"isPartOf\":{\"@id\":\"http:\/\/esponsorama.ad\/es\/#website\"},\"primaryImageOfPage\":{\"@id\":\"http:\/\/esponsorama.ad\/es\/titanica-carrera-vicente-perez-saliendo-desde-atras\/#primaryimage\"},\"image\":{\"@id\":\"http:\/\/esponsorama.ad\/es\/titanica-carrera-vicente-perez-saliendo-desde-atras\/#primaryimage\"},\"thumbnailUrl\":\"http:\/\/esponsorama.ad\/wp-content\/uploads\/2017\/11\/03Austin19M3VicentePerez_TIN6295.jpg\",\"datePublished\":\"2019-04-14T12:48:41+00:00\",\"dateModified\":\"2019-04-28T17:27:12+00:00\",\"author\":{\"@id\":\"http:\/\/esponsorama.ad\/es\/#\/schema\/person\/a5cde74945183d737066e46b61c6f9c4\"},\"breadcrumb\":{\"@id\":\"http:\/\/esponsorama.ad\/es\/titanica-carrera-vicente-perez-saliendo-desde-atras\/#breadcrumb\"},\"inLanguage\":\"es\",\"potentialAction\":[{\"@type\":\"ReadAction\",\"target\":[\"http:\/\/esponsorama.ad\/es\/titanica-carrera-vicente-perez-saliendo-desde-atras\/\"]}]},{\"@type\":\"ImageObject\",\"inLanguage\":\"es\",\"@id\":\"http:\/\/esponsorama.ad\/es\/titanica-carrera-vicente-perez-saliendo-desde-atras\/#primaryimage\",\"url\":\"http:\/\/esponsorama.ad\/wp-content\/uploads\/2017\/11\/03Austin19M3VicentePerez_TIN6295.jpg\",\"contentUrl\":\"http:\/\/esponsorama.ad\/wp-content\/uploads\/2017\/11\/03Austin19M3VicentePerez_TIN6295.jpg\",\"width\":5184,\"height\":3456,\"caption\":\"03 GP de las Am\u00e9ricas, circuito de COTA, Austin, Texas, USA 11, 12, 13 y 14 de abril de 2019 Motogp, MGP, Mgp, MotoGP\"},{\"@type\":\"BreadcrumbList\",\"@id\":\"http:\/\/esponsorama.ad\/es\/titanica-carrera-vicente-perez-saliendo-desde-atras\/#breadcrumb\",\"itemListElement\":[{\"@type\":\"ListItem\",\"position\":1,\"name\":\"Home\",\"item\":\"http:\/\/esponsorama.ad\/en\/\"},{\"@type\":\"ListItem\",\"position\":2,\"name\":\"Tit\u00e1nica carrera de Vicente P\u00e9rez saliendo desde atr\u00e1s\"}]},{\"@type\":\"WebSite\",\"@id\":\"http:\/\/esponsorama.ad\/es\/#website\",\"url\":\"http:\/\/esponsorama.ad\/es\/\",\"name\":\"Esponsorama\",\"description\":\"Specialist in motorsport sponsorship and event promotions\",\"potentialAction\":[{\"@type\":\"SearchAction\",\"target\":{\"@type\":\"EntryPoint\",\"urlTemplate\":\"http:\/\/esponsorama.ad\/es\/?s={search_term_string}\"},\"query-input\":{\"@type\":\"PropertyValueSpecification\",\"valueRequired\":true,\"valueName\":\"search_term_string\"}}],\"inLanguage\":\"es\"},{\"@type\":\"Person\",\"@id\":\"http:\/\/esponsorama.ad\/es\/#\/schema\/person\/a5cde74945183d737066e46b61c6f9c4\",\"name\":\"Xavi Andornet\",\"image\":{\"@type\":\"ImageObject\",\"inLanguage\":\"es\",\"@id\":\"http:\/\/esponsorama.ad\/es\/#\/schema\/person\/image\/\",\"url\":\"https:\/\/secure.gravatar.com\/avatar\/f10eaf9ad601244a2357c9fd7cd9805ed166cfaaf76d5d9ab08a9d873e70147a?s=96&d=mm&r=g\",\"contentUrl\":\"https:\/\/secure.gravatar.com\/avatar\/f10eaf9ad601244a2357c9fd7cd9805ed166cfaaf76d5d9ab08a9d873e70147a?s=96&d=mm&r=g\",\"caption\":\"Xavi Andornet\"},\"sameAs\":[\"http:\/\/www.andornet.ad\"],\"url\":\"http:\/\/esponsorama.ad\/es\/author\/andornet\/\"}]}<\/script>\n<!-- \/ Yoast SEO plugin. -->","yoast_head_json":{"title":"Tit\u00e1nica carrera de Vicente P\u00e9rez saliendo desde atr\u00e1s - Esponsorama","robots":{"index":"index","follow":"follow","max-snippet":"max-snippet:-1","max-image-preview":"max-image-preview:large","max-video-preview":"max-video-preview:-1"},"canonical":"http:\/\/esponsorama.ad\/es\/titanica-carrera-vicente-perez-saliendo-desde-atras\/","og_locale":"es_ES","og_type":"article","og_title":"Tit\u00e1nica carrera de Vicente P\u00e9rez saliendo desde atr\u00e1s - Esponsorama","og_description":"Vicente P\u00e9rez ; relegado hoy a salir desde la \u00faltima posici\u00f3n de parrilla, debido a la ca\u00edda de ayer en los entrenamientos cronometrados, en la que sufri\u00f3 una subluxaci\u00f3n de su hombro derecho; ha realizado hoy una impresionante carrera mermado f\u00edsicamente por el enorme dolor que le causaba su lesi\u00f3n. El de Cullera lo dio [&hellip;]","og_url":"http:\/\/esponsorama.ad\/es\/titanica-carrera-vicente-perez-saliendo-desde-atras\/","og_site_name":"Esponsorama","article_published_time":"2019-04-14T12:48:41+00:00","article_modified_time":"2019-04-28T17:27:12+00:00","og_image":[{"width":1024,"height":683,"url":"http:\/\/esponsorama.ad\/wp-content\/uploads\/2017\/11\/03Austin19M3VicentePerez_TIN6295-1024x683.jpg","type":"image\/jpeg"}],"author":"Xavi Andornet","twitter_card":"summary_large_image","twitter_misc":{"Escrito por":"Xavi Andornet","Tiempo de lectura":"1 minuto"},"schema":{"@context":"https:\/\/schema.org","@graph":[{"@type":"Article","@id":"http:\/\/esponsorama.ad\/es\/titanica-carrera-vicente-perez-saliendo-desde-atras\/#article","isPartOf":{"@id":"http:\/\/esponsorama.ad\/es\/titanica-carrera-vicente-perez-saliendo-desde-atras\/"},"author":{"name":"Xavi Andornet","@id":"http:\/\/esponsorama.ad\/es\/#\/schema\/person\/a5cde74945183d737066e46b61c6f9c4"},"headline":"Tit\u00e1nica carrera de Vicente P\u00e9rez saliendo desde atr\u00e1s","datePublished":"2019-04-14T12:48:41+00:00","dateModified":"2019-04-28T17:27:12+00:00","mainEntityOfPage":{"@id":"http:\/\/esponsorama.ad\/es\/titanica-carrera-vicente-perez-saliendo-desde-atras\/"},"wordCount":225,"image":{"@id":"http:\/\/esponsorama.ad\/es\/titanica-carrera-vicente-perez-saliendo-desde-atras\/#primaryimage"},"thumbnailUrl":"http:\/\/esponsorama.ad\/wp-content\/uploads\/2017\/11\/03Austin19M3VicentePerez_TIN6295.jpg","keywords":["moto3","MotoGP","vicente Perez"],"articleSection":["Moto3"],"inLanguage":"es"},{"@type":"WebPage","@id":"http:\/\/esponsorama.ad\/es\/titanica-carrera-vicente-perez-saliendo-desde-atras\/","url":"http:\/\/esponsorama.ad\/es\/titanica-carrera-vicente-perez-saliendo-desde-atras\/","name":"Tit\u00e1nica carrera de Vicente P\u00e9rez saliendo desde atr\u00e1s - Esponsorama","isPartOf":{"@id":"http:\/\/esponsorama.ad\/es\/#website"},"primaryImageOfPage":{"@id":"http:\/\/esponsorama.ad\/es\/titanica-carrera-vicente-perez-saliendo-desde-atras\/#primaryimage"},"image":{"@id":"http:\/\/esponsorama.ad\/es\/titanica-carrera-vicente-perez-saliendo-desde-atras\/#primaryimage"},"thumbnailUrl":"http:\/\/esponsorama.ad\/wp-content\/uploads\/2017\/11\/03Austin19M3VicentePerez_TIN6295.jpg","datePublished":"2019-04-14T12:48:41+00:00","dateModified":"2019-04-28T17:27:12+00:00","author":{"@id":"http:\/\/esponsorama.ad\/es\/#\/schema\/person\/a5cde74945183d737066e46b61c6f9c4"},"breadcrumb":{"@id":"http:\/\/esponsorama.ad\/es\/titanica-carrera-vicente-perez-saliendo-desde-atras\/#breadcrumb"},"inLanguage":"es","potentialAction":[{"@type":"ReadAction","target":["http:\/\/esponsorama.ad\/es\/titanica-carrera-vicente-perez-saliendo-desde-atras\/"]}]},{"@type":"ImageObject","inLanguage":"es","@id":"http:\/\/esponsorama.ad\/es\/titanica-carrera-vicente-perez-saliendo-desde-atras\/#primaryimage","url":"http:\/\/esponsorama.ad\/wp-content\/uploads\/2017\/11\/03Austin19M3VicentePerez_TIN6295.jpg","contentUrl":"http:\/\/esponsorama.ad\/wp-content\/uploads\/2017\/11\/03Austin19M3VicentePerez_TIN6295.jpg","width":5184,"height":3456,"caption":"03 GP de las Am\u00e9ricas, circuito de COTA, Austin, Texas, USA 11, 12, 13 y 14 de abril de 2019 Motogp, MGP, Mgp, MotoGP"},{"@type":"BreadcrumbList","@id":"http:\/\/esponsorama.ad\/es\/titanica-carrera-vicente-perez-saliendo-desde-atras\/#breadcrumb","itemListElement":[{"@type":"ListItem","position":1,"name":"Home","item":"http:\/\/esponsorama.ad\/en\/"},{"@type":"ListItem","position":2,"name":"Tit\u00e1nica carrera de Vicente P\u00e9rez saliendo desde atr\u00e1s"}]},{"@type":"WebSite","@id":"http:\/\/esponsorama.ad\/es\/#website","url":"http:\/\/esponsorama.ad\/es\/","name":"Esponsorama","description":"Specialist in motorsport sponsorship and event promotions","potentialAction":[{"@type":"SearchAction","target":{"@type":"EntryPoint","urlTemplate":"http:\/\/esponsorama.ad\/es\/?s={search_term_string}"},"query-input":{"@type":"PropertyValueSpecification","valueRequired":true,"valueName":"search_term_string"}}],"inLanguage":"es"},{"@type":"Person","@id":"http:\/\/esponsorama.ad\/es\/#\/schema\/person\/a5cde74945183d737066e46b61c6f9c4","name":"Xavi Andornet","image":{"@type":"ImageObject","inLanguage":"es","@id":"http:\/\/esponsorama.ad\/es\/#\/schema\/person\/image\/","url":"https:\/\/secure.gravatar.com\/avatar\/f10eaf9ad601244a2357c9fd7cd9805ed166cfaaf76d5d9ab08a9d873e70147a?s=96&d=mm&r=g","contentUrl":"https:\/\/secure.gravatar.com\/avatar\/f10eaf9ad601244a2357c9fd7cd9805ed166cfaaf76d5d9ab08a9d873e70147a?s=96&d=mm&r=g","caption":"Xavi Andornet"},"sameAs":["http:\/\/www.andornet.ad"],"url":"http:\/\/esponsorama.ad\/es\/author\/andornet\/"}]}},"_links":{"self":[{"href":"http:\/\/esponsorama.ad\/es\/wp-json\/wp\/v2\/posts\/14552","targetHints":{"allow":["GET"]}}],"collection":[{"href":"http:\/\/esponsorama.ad\/es\/wp-json\/wp\/v2\/posts"}],"about":[{"href":"http:\/\/esponsorama.ad\/es\/wp-json\/wp\/v2\/types\/post"}],"author":[{"embeddable":true,"href":"http:\/\/esponsorama.ad\/es\/wp-json\/wp\/v2\/users\/6"}],"replies":[{"embeddable":true,"href":"http:\/\/esponsorama.ad\/es\/wp-json\/wp\/v2\/comments?post=14552"}],"version-history":[{"count":0,"href":"http:\/\/esponsorama.ad\/es\/wp-json\/wp\/v2\/posts\/14552\/revisions"}],"wp:featuredmedia":[{"embeddable":true,"href":"http:\/\/esponsorama.ad\/es\/wp-json\/wp\/v2\/media\/14541"}],"wp:attachment":[{"href":"http:\/\/esponsorama.ad\/es\/wp-json\/wp\/v2\/media?parent=14552"}],"wp:term":[{"taxonomy":"category","embeddable":true,"href":"http:\/\/esponsorama.ad\/es\/wp-json\/wp\/v2\/categories?post=14552"},{"taxonomy":"post_tag","embeddable":true,"href":"http:\/\/esponsorama.ad\/es\/wp-json\/wp\/v2\/tags?post=14552"}],"curies":[{"name":"wp","href":"https:\/\/api.w.org\/{rel}","templated":true}]}}