{"id":14556,"date":"2019-03-12T14:41:32","date_gmt":"2019-03-12T12:41:32","guid":{"rendered":"http:\/\/esponsorama.ad\/?p=14556"},"modified":"2019-04-28T19:46:30","modified_gmt":"2019-04-28T17:46:30","slug":"vicente-perez-sale-qatar-sin-premio-garantias","status":"publish","type":"post","link":"http:\/\/esponsorama.ad\/es\/vicente-perez-sale-qatar-sin-premio-garantias\/","title":{"rendered":"Vicente P\u00e9rez sale de Qatar sin premio pero con garant\u00edas"},"content":{"rendered":"<p>Una bajada de rendimiento del motor de su <strong>KTM<\/strong>, impid\u00f3 que el piloto valenciano del <strong>Reale Avitia Academy<\/strong> 77 terminara una carrera en la que pod\u00eda haber estado en el top 10, pues mostr\u00f3 un gran ritmo y constancia y en el inicio pudo destacar de forma notable. El #77 sali\u00f3 de Qatar con buenas sensaciones despu\u00e9s de unos entrenamientos en los que sorprendi\u00f3 a todo el mundo, situ\u00e1ndose en la 9a posici\u00f3n de parrilla en su primera visita en el <strong>Circuito de Losail.<\/strong><br \/>\n \u201cHa sido una carrera bastante dif\u00edcil ya que he empezado muy fuerte y he ido escalando posiciones pero de mitad de carrera en adelante he comenzado a sentir que el motor se ven\u00eda abajo. Me sabe muy mal por el equipo ya que han hecho un fant\u00e1stico trabajo, pero nos quedamos con eso y ahora ya estoy pensando en Argentina, ya que aqu\u00ed hemos demostrado que tenemos un potencial muy bueno. Me voy con buenas sensaciones aunque un poco triste por la carrera pero lo compensaremos en Argentina. Sobretodo quiero darle las gracias a todo el equipo.\u201d<\/p>\n","protected":false},"excerpt":{"rendered":"<p>Una bajada de rendimiento del motor de su KTM, impid\u00f3 que el piloto valenciano del Reale Avitia Academy 77 terminara una carrera en la que pod\u00eda haber estado en el top 10, pues mostr\u00f3 un gran ritmo y constancia y en el inicio pudo destacar de forma notable. El #77 sali\u00f3 de Qatar con buenas [&hellip;]<\/p>\n","protected":false},"author":6,"featured_media":14558,"comment_status":"closed","ping_status":"closed","sticky":false,"template":"","format":"standard","meta":{"footnotes":""},"categories":[12],"tags":[27,17,29,28],"class_list":["post-14556","post","type-post","status-publish","format-standard","has-post-thumbnail","hentry","category-moto3","tag-moto3","tag-qatar","tag-qatargp","tag-vicente-perez"],"yoast_head":"<!-- This site is optimized with the Yoast SEO plugin v27.1.1 - https:\/\/yoast.com\/product\/yoast-seo-wordpress\/ -->\n<title>Vicente P\u00e9rez sale de Qatar sin premio pero con garant\u00edas - Esponsorama<\/title>\n<meta name=\"robots\" content=\"index, follow, max-snippet:-1, max-image-preview:large, max-video-preview:-1\" \/>\n<link rel=\"canonical\" href=\"http:\/\/esponsorama.ad\/es\/vicente-perez-sale-qatar-sin-premio-garantias\/\" \/>\n<meta property=\"og:locale\" content=\"es_ES\" \/>\n<meta property=\"og:type\" content=\"article\" \/>\n<meta property=\"og:title\" content=\"Vicente P\u00e9rez sale de Qatar sin premio pero con garant\u00edas - Esponsorama\" \/>\n<meta property=\"og:description\" content=\"Una bajada de rendimiento del motor de su KTM, impid\u00f3 que el piloto valenciano del Reale Avitia Academy 77 terminara una carrera en la que pod\u00eda haber estado en el top 10, pues mostr\u00f3 un gran ritmo y constancia y en el inicio pudo destacar de forma notable. El #77 sali\u00f3 de Qatar con buenas [&hellip;]\" \/>\n<meta property=\"og:url\" content=\"http:\/\/esponsorama.ad\/es\/vicente-perez-sale-qatar-sin-premio-garantias\/\" \/>\n<meta property=\"og:site_name\" content=\"Esponsorama\" \/>\n<meta property=\"article:published_time\" content=\"2019-03-12T12:41:32+00:00\" \/>\n<meta property=\"article:modified_time\" content=\"2019-04-28T17:46:30+00:00\" \/>\n<meta property=\"og:image\" content=\"http:\/\/esponsorama.ad\/wp-content\/uploads\/2019\/04\/qatar-moto3_-1024x683.jpg\" \/>\n\t<meta property=\"og:image:width\" content=\"1024\" \/>\n\t<meta property=\"og:image:height\" content=\"683\" \/>\n\t<meta property=\"og:image:type\" content=\"image\/jpeg\" \/>\n<meta name=\"author\" content=\"Xavi Andornet\" \/>\n<meta name=\"twitter:card\" content=\"summary_large_image\" \/>\n<meta name=\"twitter:label1\" content=\"Escrito por\" \/>\n\t<meta name=\"twitter:data1\" content=\"Xavi Andornet\" \/>\n\t<meta name=\"twitter:label2\" content=\"Tiempo de lectura\" \/>\n\t<meta name=\"twitter:data2\" content=\"1 minuto\" \/>\n<script type=\"application\/ld+json\" class=\"yoast-schema-graph\">{\"@context\":\"https:\/\/schema.org\",\"@graph\":[{\"@type\":\"Article\",\"@id\":\"http:\/\/esponsorama.ad\/es\/vicente-perez-sale-qatar-sin-premio-garantias\/#article\",\"isPartOf\":{\"@id\":\"http:\/\/esponsorama.ad\/es\/vicente-perez-sale-qatar-sin-premio-garantias\/\"},\"author\":{\"name\":\"Xavi Andornet\",\"@id\":\"http:\/\/esponsorama.ad\/es\/#\/schema\/person\/a5cde74945183d737066e46b61c6f9c4\"},\"headline\":\"Vicente P\u00e9rez sale de Qatar sin premio pero con garant\u00edas\",\"datePublished\":\"2019-03-12T12:41:32+00:00\",\"dateModified\":\"2019-04-28T17:46:30+00:00\",\"mainEntityOfPage\":{\"@id\":\"http:\/\/esponsorama.ad\/es\/vicente-perez-sale-qatar-sin-premio-garantias\/\"},\"wordCount\":200,\"image\":{\"@id\":\"http:\/\/esponsorama.ad\/es\/vicente-perez-sale-qatar-sin-premio-garantias\/#primaryimage\"},\"thumbnailUrl\":\"http:\/\/esponsorama.ad\/wp-content\/uploads\/2019\/04\/qatar-moto3_.jpg\",\"keywords\":[\"moto3\",\"Qatar\",\"qatarGP\",\"vicente Perez\"],\"articleSection\":[\"Moto3\"],\"inLanguage\":\"es\"},{\"@type\":\"WebPage\",\"@id\":\"http:\/\/esponsorama.ad\/es\/vicente-perez-sale-qatar-sin-premio-garantias\/\",\"url\":\"http:\/\/esponsorama.ad\/es\/vicente-perez-sale-qatar-sin-premio-garantias\/\",\"name\":\"Vicente P\u00e9rez sale de Qatar sin premio pero con garant\u00edas - Esponsorama\",\"isPartOf\":{\"@id\":\"http:\/\/esponsorama.ad\/es\/#website\"},\"primaryImageOfPage\":{\"@id\":\"http:\/\/esponsorama.ad\/es\/vicente-perez-sale-qatar-sin-premio-garantias\/#primaryimage\"},\"image\":{\"@id\":\"http:\/\/esponsorama.ad\/es\/vicente-perez-sale-qatar-sin-premio-garantias\/#primaryimage\"},\"thumbnailUrl\":\"http:\/\/esponsorama.ad\/wp-content\/uploads\/2019\/04\/qatar-moto3_.jpg\",\"datePublished\":\"2019-03-12T12:41:32+00:00\",\"dateModified\":\"2019-04-28T17:46:30+00:00\",\"author\":{\"@id\":\"http:\/\/esponsorama.ad\/es\/#\/schema\/person\/a5cde74945183d737066e46b61c6f9c4\"},\"breadcrumb\":{\"@id\":\"http:\/\/esponsorama.ad\/es\/vicente-perez-sale-qatar-sin-premio-garantias\/#breadcrumb\"},\"inLanguage\":\"es\",\"potentialAction\":[{\"@type\":\"ReadAction\",\"target\":[\"http:\/\/esponsorama.ad\/es\/vicente-perez-sale-qatar-sin-premio-garantias\/\"]}]},{\"@type\":\"ImageObject\",\"inLanguage\":\"es\",\"@id\":\"http:\/\/esponsorama.ad\/es\/vicente-perez-sale-qatar-sin-premio-garantias\/#primaryimage\",\"url\":\"http:\/\/esponsorama.ad\/wp-content\/uploads\/2019\/04\/qatar-moto3_.jpg\",\"contentUrl\":\"http:\/\/esponsorama.ad\/wp-content\/uploads\/2019\/04\/qatar-moto3_.jpg\",\"width\":5184,\"height\":3456,\"caption\":\"01 GP Qatar 7, 8, 9 y 10 de marzo de 2019. Circuito de Lusail, QATAR. MotoGP, mgp, MGP, mgp, motogp\"},{\"@type\":\"BreadcrumbList\",\"@id\":\"http:\/\/esponsorama.ad\/es\/vicente-perez-sale-qatar-sin-premio-garantias\/#breadcrumb\",\"itemListElement\":[{\"@type\":\"ListItem\",\"position\":1,\"name\":\"Home\",\"item\":\"http:\/\/esponsorama.ad\/es\/\"},{\"@type\":\"ListItem\",\"position\":2,\"name\":\"Vicente P\u00e9rez sale de Qatar sin premio pero con garant\u00edas\"}]},{\"@type\":\"WebSite\",\"@id\":\"http:\/\/esponsorama.ad\/es\/#website\",\"url\":\"http:\/\/esponsorama.ad\/es\/\",\"name\":\"Esponsorama\",\"description\":\"Specialist in motorsport sponsorship and event promotions\",\"potentialAction\":[{\"@type\":\"SearchAction\",\"target\":{\"@type\":\"EntryPoint\",\"urlTemplate\":\"http:\/\/esponsorama.ad\/es\/?s={search_term_string}\"},\"query-input\":{\"@type\":\"PropertyValueSpecification\",\"valueRequired\":true,\"valueName\":\"search_term_string\"}}],\"inLanguage\":\"es\"},{\"@type\":\"Person\",\"@id\":\"http:\/\/esponsorama.ad\/es\/#\/schema\/person\/a5cde74945183d737066e46b61c6f9c4\",\"name\":\"Xavi Andornet\",\"image\":{\"@type\":\"ImageObject\",\"inLanguage\":\"es\",\"@id\":\"http:\/\/esponsorama.ad\/es\/#\/schema\/person\/image\/\",\"url\":\"https:\/\/secure.gravatar.com\/avatar\/f10eaf9ad601244a2357c9fd7cd9805ed166cfaaf76d5d9ab08a9d873e70147a?s=96&d=mm&r=g\",\"contentUrl\":\"https:\/\/secure.gravatar.com\/avatar\/f10eaf9ad601244a2357c9fd7cd9805ed166cfaaf76d5d9ab08a9d873e70147a?s=96&d=mm&r=g\",\"caption\":\"Xavi Andornet\"},\"sameAs\":[\"http:\/\/www.andornet.ad\"],\"url\":\"http:\/\/esponsorama.ad\/es\/author\/andornet\/\"}]}<\/script>\n<!-- \/ Yoast SEO plugin. -->","yoast_head_json":{"title":"Vicente P\u00e9rez sale de Qatar sin premio pero con garant\u00edas - Esponsorama","robots":{"index":"index","follow":"follow","max-snippet":"max-snippet:-1","max-image-preview":"max-image-preview:large","max-video-preview":"max-video-preview:-1"},"canonical":"http:\/\/esponsorama.ad\/es\/vicente-perez-sale-qatar-sin-premio-garantias\/","og_locale":"es_ES","og_type":"article","og_title":"Vicente P\u00e9rez sale de Qatar sin premio pero con garant\u00edas - Esponsorama","og_description":"Una bajada de rendimiento del motor de su KTM, impid\u00f3 que el piloto valenciano del Reale Avitia Academy 77 terminara una carrera en la que pod\u00eda haber estado en el top 10, pues mostr\u00f3 un gran ritmo y constancia y en el inicio pudo destacar de forma notable. El #77 sali\u00f3 de Qatar con buenas [&hellip;]","og_url":"http:\/\/esponsorama.ad\/es\/vicente-perez-sale-qatar-sin-premio-garantias\/","og_site_name":"Esponsorama","article_published_time":"2019-03-12T12:41:32+00:00","article_modified_time":"2019-04-28T17:46:30+00:00","og_image":[{"width":1024,"height":683,"url":"http:\/\/esponsorama.ad\/wp-content\/uploads\/2019\/04\/qatar-moto3_-1024x683.jpg","type":"image\/jpeg"}],"author":"Xavi Andornet","twitter_card":"summary_large_image","twitter_misc":{"Escrito por":"Xavi Andornet","Tiempo de lectura":"1 minuto"},"schema":{"@context":"https:\/\/schema.org","@graph":[{"@type":"Article","@id":"http:\/\/esponsorama.ad\/es\/vicente-perez-sale-qatar-sin-premio-garantias\/#article","isPartOf":{"@id":"http:\/\/esponsorama.ad\/es\/vicente-perez-sale-qatar-sin-premio-garantias\/"},"author":{"name":"Xavi Andornet","@id":"http:\/\/esponsorama.ad\/es\/#\/schema\/person\/a5cde74945183d737066e46b61c6f9c4"},"headline":"Vicente P\u00e9rez sale de Qatar sin premio pero con garant\u00edas","datePublished":"2019-03-12T12:41:32+00:00","dateModified":"2019-04-28T17:46:30+00:00","mainEntityOfPage":{"@id":"http:\/\/esponsorama.ad\/es\/vicente-perez-sale-qatar-sin-premio-garantias\/"},"wordCount":200,"image":{"@id":"http:\/\/esponsorama.ad\/es\/vicente-perez-sale-qatar-sin-premio-garantias\/#primaryimage"},"thumbnailUrl":"http:\/\/esponsorama.ad\/wp-content\/uploads\/2019\/04\/qatar-moto3_.jpg","keywords":["moto3","Qatar","qatarGP","vicente Perez"],"articleSection":["Moto3"],"inLanguage":"es"},{"@type":"WebPage","@id":"http:\/\/esponsorama.ad\/es\/vicente-perez-sale-qatar-sin-premio-garantias\/","url":"http:\/\/esponsorama.ad\/es\/vicente-perez-sale-qatar-sin-premio-garantias\/","name":"Vicente P\u00e9rez sale de Qatar sin premio pero con garant\u00edas - Esponsorama","isPartOf":{"@id":"http:\/\/esponsorama.ad\/es\/#website"},"primaryImageOfPage":{"@id":"http:\/\/esponsorama.ad\/es\/vicente-perez-sale-qatar-sin-premio-garantias\/#primaryimage"},"image":{"@id":"http:\/\/esponsorama.ad\/es\/vicente-perez-sale-qatar-sin-premio-garantias\/#primaryimage"},"thumbnailUrl":"http:\/\/esponsorama.ad\/wp-content\/uploads\/2019\/04\/qatar-moto3_.jpg","datePublished":"2019-03-12T12:41:32+00:00","dateModified":"2019-04-28T17:46:30+00:00","author":{"@id":"http:\/\/esponsorama.ad\/es\/#\/schema\/person\/a5cde74945183d737066e46b61c6f9c4"},"breadcrumb":{"@id":"http:\/\/esponsorama.ad\/es\/vicente-perez-sale-qatar-sin-premio-garantias\/#breadcrumb"},"inLanguage":"es","potentialAction":[{"@type":"ReadAction","target":["http:\/\/esponsorama.ad\/es\/vicente-perez-sale-qatar-sin-premio-garantias\/"]}]},{"@type":"ImageObject","inLanguage":"es","@id":"http:\/\/esponsorama.ad\/es\/vicente-perez-sale-qatar-sin-premio-garantias\/#primaryimage","url":"http:\/\/esponsorama.ad\/wp-content\/uploads\/2019\/04\/qatar-moto3_.jpg","contentUrl":"http:\/\/esponsorama.ad\/wp-content\/uploads\/2019\/04\/qatar-moto3_.jpg","width":5184,"height":3456,"caption":"01 GP Qatar 7, 8, 9 y 10 de marzo de 2019. Circuito de Lusail, QATAR. MotoGP, mgp, MGP, mgp, motogp"},{"@type":"BreadcrumbList","@id":"http:\/\/esponsorama.ad\/es\/vicente-perez-sale-qatar-sin-premio-garantias\/#breadcrumb","itemListElement":[{"@type":"ListItem","position":1,"name":"Home","item":"http:\/\/esponsorama.ad\/es\/"},{"@type":"ListItem","position":2,"name":"Vicente P\u00e9rez sale de Qatar sin premio pero con garant\u00edas"}]},{"@type":"WebSite","@id":"http:\/\/esponsorama.ad\/es\/#website","url":"http:\/\/esponsorama.ad\/es\/","name":"Esponsorama","description":"Specialist in motorsport sponsorship and event promotions","potentialAction":[{"@type":"SearchAction","target":{"@type":"EntryPoint","urlTemplate":"http:\/\/esponsorama.ad\/es\/?s={search_term_string}"},"query-input":{"@type":"PropertyValueSpecification","valueRequired":true,"valueName":"search_term_string"}}],"inLanguage":"es"},{"@type":"Person","@id":"http:\/\/esponsorama.ad\/es\/#\/schema\/person\/a5cde74945183d737066e46b61c6f9c4","name":"Xavi Andornet","image":{"@type":"ImageObject","inLanguage":"es","@id":"http:\/\/esponsorama.ad\/es\/#\/schema\/person\/image\/","url":"https:\/\/secure.gravatar.com\/avatar\/f10eaf9ad601244a2357c9fd7cd9805ed166cfaaf76d5d9ab08a9d873e70147a?s=96&d=mm&r=g","contentUrl":"https:\/\/secure.gravatar.com\/avatar\/f10eaf9ad601244a2357c9fd7cd9805ed166cfaaf76d5d9ab08a9d873e70147a?s=96&d=mm&r=g","caption":"Xavi Andornet"},"sameAs":["http:\/\/www.andornet.ad"],"url":"http:\/\/esponsorama.ad\/es\/author\/andornet\/"}]}},"_links":{"self":[{"href":"http:\/\/esponsorama.ad\/es\/wp-json\/wp\/v2\/posts\/14556","targetHints":{"allow":["GET"]}}],"collection":[{"href":"http:\/\/esponsorama.ad\/es\/wp-json\/wp\/v2\/posts"}],"about":[{"href":"http:\/\/esponsorama.ad\/es\/wp-json\/wp\/v2\/types\/post"}],"author":[{"embeddable":true,"href":"http:\/\/esponsorama.ad\/es\/wp-json\/wp\/v2\/users\/6"}],"replies":[{"embeddable":true,"href":"http:\/\/esponsorama.ad\/es\/wp-json\/wp\/v2\/comments?post=14556"}],"version-history":[{"count":0,"href":"http:\/\/esponsorama.ad\/es\/wp-json\/wp\/v2\/posts\/14556\/revisions"}],"wp:featuredmedia":[{"embeddable":true,"href":"http:\/\/esponsorama.ad\/es\/wp-json\/wp\/v2\/media\/14558"}],"wp:attachment":[{"href":"http:\/\/esponsorama.ad\/es\/wp-json\/wp\/v2\/media?parent=14556"}],"wp:term":[{"taxonomy":"category","embeddable":true,"href":"http:\/\/esponsorama.ad\/es\/wp-json\/wp\/v2\/categories?post=14556"},{"taxonomy":"post_tag","embeddable":true,"href":"http:\/\/esponsorama.ad\/es\/wp-json\/wp\/v2\/tags?post=14556"}],"curies":[{"name":"wp","href":"https:\/\/api.w.org\/{rel}","templated":true}]}}