{"id":14562,"date":"2019-03-31T14:03:14","date_gmt":"2019-03-31T12:03:14","guid":{"rendered":"http:\/\/esponsorama.ad\/?p=14562"},"modified":"2019-04-28T20:09:12","modified_gmt":"2019-04-28T18:09:12","slug":"vicente-perez-sufre-una-caida-falta-6-vueltas-finalizar-la-carrera-del-gp-argentina","status":"publish","type":"post","link":"http:\/\/esponsorama.ad\/es\/vicente-perez-sufre-una-caida-falta-6-vueltas-finalizar-la-carrera-del-gp-argentina\/","title":{"rendered":"Vicente P\u00e9rez sufre una ca\u00edda a falta de 6 vueltas para finalizar la carrera del GP de Argentina"},"content":{"rendered":"<p>Vicente P\u00e9rez no pudo finalizar la carrera del Gran Premio de Argentina tal y como \u00e9l esperaba.<br \/>\nA falta de 6 vueltas para la conclusi\u00f3n de la carrera y cuando se dispon\u00eda a adelantar al grupo que le preced\u00eda, Vicente sufri\u00f3 una ca\u00edda, por fortuna, sin consecuencias, en la \u00faltima curva del Circuito de Termas de R\u00edo Hondo. Hecho que le impidi\u00f3 proseguir con la carrera y optar al top 10 que sin duda habr\u00eda sido posible.<\/p>\n<p>\u201cNo puedo estar contento porque pod\u00eda hacer mucho m\u00e1s de lo que se ha visto. La primera vuelta ha sido complicada pero a medida que iban pasando las vueltas me ve\u00eda cada vez mejor, mis buenas sensaciones aumentaban y me ve\u00eda con posibilidades de entrar en el top10. Ha sido justamente en ese momento, cuando he empezado a atacar, cuando he sufrido una ca\u00edda. Quiero pedir disculpas al equipo y ahora toca trabajar duro para estar m\u00e1s fuerte en Austin.\u201d<\/p>\n","protected":false},"excerpt":{"rendered":"<p>Vicente P\u00e9rez no pudo finalizar la carrera del Gran Premio de Argentina tal y como \u00e9l esperaba. A falta de 6 vueltas para la conclusi\u00f3n de la carrera y cuando se dispon\u00eda a adelantar al grupo que le preced\u00eda, Vicente sufri\u00f3 una ca\u00edda, por fortuna, sin consecuencias, en la \u00faltima curva del Circuito de Termas [&hellip;]<\/p>\n","protected":false},"author":6,"featured_media":14565,"comment_status":"closed","ping_status":"closed","sticky":false,"template":"","format":"standard","meta":{"footnotes":""},"categories":[12,1],"tags":[18,30,27,28],"class_list":["post-14562","post","type-post","status-publish","format-standard","has-post-thumbnail","hentry","category-moto3","category-sin-categoria","tag-argentina","tag-argentinagp","tag-moto3","tag-vicente-perez"],"yoast_head":"<!-- This site is optimized with the Yoast SEO plugin v27.1.1 - https:\/\/yoast.com\/product\/yoast-seo-wordpress\/ -->\n<title>Vicente P\u00e9rez sufre una ca\u00edda a falta de 6 vueltas para finalizar la carrera del GP de Argentina - Esponsorama<\/title>\n<meta name=\"robots\" content=\"index, follow, max-snippet:-1, max-image-preview:large, max-video-preview:-1\" \/>\n<link rel=\"canonical\" href=\"http:\/\/esponsorama.ad\/es\/vicente-perez-sufre-una-caida-falta-6-vueltas-finalizar-la-carrera-del-gp-argentina\/\" \/>\n<meta property=\"og:locale\" content=\"es_ES\" \/>\n<meta property=\"og:type\" content=\"article\" \/>\n<meta property=\"og:title\" content=\"Vicente P\u00e9rez sufre una ca\u00edda a falta de 6 vueltas para finalizar la carrera del GP de Argentina - Esponsorama\" \/>\n<meta property=\"og:description\" content=\"Vicente P\u00e9rez no pudo finalizar la carrera del Gran Premio de Argentina tal y como \u00e9l esperaba. A falta de 6 vueltas para la conclusi\u00f3n de la carrera y cuando se dispon\u00eda a adelantar al grupo que le preced\u00eda, Vicente sufri\u00f3 una ca\u00edda, por fortuna, sin consecuencias, en la \u00faltima curva del Circuito de Termas [&hellip;]\" \/>\n<meta property=\"og:url\" content=\"http:\/\/esponsorama.ad\/es\/vicente-perez-sufre-una-caida-falta-6-vueltas-finalizar-la-carrera-del-gp-argentina\/\" \/>\n<meta property=\"og:site_name\" content=\"Esponsorama\" \/>\n<meta property=\"article:published_time\" content=\"2019-03-31T12:03:14+00:00\" \/>\n<meta property=\"article:modified_time\" content=\"2019-04-28T18:09:12+00:00\" \/>\n<meta property=\"og:image\" content=\"http:\/\/esponsorama.ad\/wp-content\/uploads\/2019\/04\/argentina-moto3.-1024x683.jpg\" \/>\n\t<meta property=\"og:image:width\" content=\"1024\" \/>\n\t<meta property=\"og:image:height\" content=\"683\" \/>\n\t<meta property=\"og:image:type\" content=\"image\/jpeg\" \/>\n<meta name=\"author\" content=\"Xavi Andornet\" \/>\n<meta name=\"twitter:card\" content=\"summary_large_image\" \/>\n<meta name=\"twitter:label1\" content=\"Escrito por\" \/>\n\t<meta name=\"twitter:data1\" content=\"Xavi Andornet\" \/>\n\t<meta name=\"twitter:label2\" content=\"Tiempo de lectura\" \/>\n\t<meta name=\"twitter:data2\" content=\"1 minuto\" \/>\n<script type=\"application\/ld+json\" class=\"yoast-schema-graph\">{\"@context\":\"https:\/\/schema.org\",\"@graph\":[{\"@type\":\"Article\",\"@id\":\"http:\/\/esponsorama.ad\/es\/vicente-perez-sufre-una-caida-falta-6-vueltas-finalizar-la-carrera-del-gp-argentina\/#article\",\"isPartOf\":{\"@id\":\"http:\/\/esponsorama.ad\/es\/vicente-perez-sufre-una-caida-falta-6-vueltas-finalizar-la-carrera-del-gp-argentina\/\"},\"author\":{\"name\":\"Xavi Andornet\",\"@id\":\"http:\/\/esponsorama.ad\/es\/#\/schema\/person\/a5cde74945183d737066e46b61c6f9c4\"},\"headline\":\"Vicente P\u00e9rez sufre una ca\u00edda a falta de 6 vueltas para finalizar la carrera del GP de Argentina\",\"datePublished\":\"2019-03-31T12:03:14+00:00\",\"dateModified\":\"2019-04-28T18:09:12+00:00\",\"mainEntityOfPage\":{\"@id\":\"http:\/\/esponsorama.ad\/es\/vicente-perez-sufre-una-caida-falta-6-vueltas-finalizar-la-carrera-del-gp-argentina\/\"},\"wordCount\":189,\"image\":{\"@id\":\"http:\/\/esponsorama.ad\/es\/vicente-perez-sufre-una-caida-falta-6-vueltas-finalizar-la-carrera-del-gp-argentina\/#primaryimage\"},\"thumbnailUrl\":\"http:\/\/esponsorama.ad\/wp-content\/uploads\/2019\/04\/argentina-moto3..jpg\",\"keywords\":[\"Argentina\",\"argentinaGP\",\"moto3\",\"vicente Perez\"],\"articleSection\":[\"Moto3\"],\"inLanguage\":\"es\"},{\"@type\":\"WebPage\",\"@id\":\"http:\/\/esponsorama.ad\/es\/vicente-perez-sufre-una-caida-falta-6-vueltas-finalizar-la-carrera-del-gp-argentina\/\",\"url\":\"http:\/\/esponsorama.ad\/es\/vicente-perez-sufre-una-caida-falta-6-vueltas-finalizar-la-carrera-del-gp-argentina\/\",\"name\":\"Vicente P\u00e9rez sufre una ca\u00edda a falta de 6 vueltas para finalizar la carrera del GP de Argentina - Esponsorama\",\"isPartOf\":{\"@id\":\"http:\/\/esponsorama.ad\/es\/#website\"},\"primaryImageOfPage\":{\"@id\":\"http:\/\/esponsorama.ad\/es\/vicente-perez-sufre-una-caida-falta-6-vueltas-finalizar-la-carrera-del-gp-argentina\/#primaryimage\"},\"image\":{\"@id\":\"http:\/\/esponsorama.ad\/es\/vicente-perez-sufre-una-caida-falta-6-vueltas-finalizar-la-carrera-del-gp-argentina\/#primaryimage\"},\"thumbnailUrl\":\"http:\/\/esponsorama.ad\/wp-content\/uploads\/2019\/04\/argentina-moto3..jpg\",\"datePublished\":\"2019-03-31T12:03:14+00:00\",\"dateModified\":\"2019-04-28T18:09:12+00:00\",\"author\":{\"@id\":\"http:\/\/esponsorama.ad\/es\/#\/schema\/person\/a5cde74945183d737066e46b61c6f9c4\"},\"breadcrumb\":{\"@id\":\"http:\/\/esponsorama.ad\/es\/vicente-perez-sufre-una-caida-falta-6-vueltas-finalizar-la-carrera-del-gp-argentina\/#breadcrumb\"},\"inLanguage\":\"es\",\"potentialAction\":[{\"@type\":\"ReadAction\",\"target\":[\"http:\/\/esponsorama.ad\/es\/vicente-perez-sufre-una-caida-falta-6-vueltas-finalizar-la-carrera-del-gp-argentina\/\"]}]},{\"@type\":\"ImageObject\",\"inLanguage\":\"es\",\"@id\":\"http:\/\/esponsorama.ad\/es\/vicente-perez-sufre-una-caida-falta-6-vueltas-finalizar-la-carrera-del-gp-argentina\/#primaryimage\",\"url\":\"http:\/\/esponsorama.ad\/wp-content\/uploads\/2019\/04\/argentina-moto3..jpg\",\"contentUrl\":\"http:\/\/esponsorama.ad\/wp-content\/uploads\/2019\/04\/argentina-moto3..jpg\",\"width\":5472,\"height\":3648,\"caption\":\"02 Argentina 28, 29, 30 y 31 de marzo de 2019, circuito de Termas de Rio Hondo, Argentina. MotoGP, motogp, mgp, MGP, Mgp\"},{\"@type\":\"BreadcrumbList\",\"@id\":\"http:\/\/esponsorama.ad\/es\/vicente-perez-sufre-una-caida-falta-6-vueltas-finalizar-la-carrera-del-gp-argentina\/#breadcrumb\",\"itemListElement\":[{\"@type\":\"ListItem\",\"position\":1,\"name\":\"Home\",\"item\":\"http:\/\/esponsorama.ad\/es\/\"},{\"@type\":\"ListItem\",\"position\":2,\"name\":\"Vicente P\u00e9rez sufre una ca\u00edda a falta de 6 vueltas para finalizar la carrera del GP de Argentina\"}]},{\"@type\":\"WebSite\",\"@id\":\"http:\/\/esponsorama.ad\/es\/#website\",\"url\":\"http:\/\/esponsorama.ad\/es\/\",\"name\":\"Esponsorama\",\"description\":\"Specialist in motorsport sponsorship and event promotions\",\"potentialAction\":[{\"@type\":\"SearchAction\",\"target\":{\"@type\":\"EntryPoint\",\"urlTemplate\":\"http:\/\/esponsorama.ad\/es\/?s={search_term_string}\"},\"query-input\":{\"@type\":\"PropertyValueSpecification\",\"valueRequired\":true,\"valueName\":\"search_term_string\"}}],\"inLanguage\":\"es\"},{\"@type\":\"Person\",\"@id\":\"http:\/\/esponsorama.ad\/es\/#\/schema\/person\/a5cde74945183d737066e46b61c6f9c4\",\"name\":\"Xavi Andornet\",\"image\":{\"@type\":\"ImageObject\",\"inLanguage\":\"es\",\"@id\":\"http:\/\/esponsorama.ad\/es\/#\/schema\/person\/image\/\",\"url\":\"https:\/\/secure.gravatar.com\/avatar\/f10eaf9ad601244a2357c9fd7cd9805ed166cfaaf76d5d9ab08a9d873e70147a?s=96&d=mm&r=g\",\"contentUrl\":\"https:\/\/secure.gravatar.com\/avatar\/f10eaf9ad601244a2357c9fd7cd9805ed166cfaaf76d5d9ab08a9d873e70147a?s=96&d=mm&r=g\",\"caption\":\"Xavi Andornet\"},\"sameAs\":[\"http:\/\/www.andornet.ad\"],\"url\":\"http:\/\/esponsorama.ad\/es\/author\/andornet\/\"}]}<\/script>\n<!-- \/ Yoast SEO plugin. -->","yoast_head_json":{"title":"Vicente P\u00e9rez sufre una ca\u00edda a falta de 6 vueltas para finalizar la carrera del GP de Argentina - Esponsorama","robots":{"index":"index","follow":"follow","max-snippet":"max-snippet:-1","max-image-preview":"max-image-preview:large","max-video-preview":"max-video-preview:-1"},"canonical":"http:\/\/esponsorama.ad\/es\/vicente-perez-sufre-una-caida-falta-6-vueltas-finalizar-la-carrera-del-gp-argentina\/","og_locale":"es_ES","og_type":"article","og_title":"Vicente P\u00e9rez sufre una ca\u00edda a falta de 6 vueltas para finalizar la carrera del GP de Argentina - Esponsorama","og_description":"Vicente P\u00e9rez no pudo finalizar la carrera del Gran Premio de Argentina tal y como \u00e9l esperaba. A falta de 6 vueltas para la conclusi\u00f3n de la carrera y cuando se dispon\u00eda a adelantar al grupo que le preced\u00eda, Vicente sufri\u00f3 una ca\u00edda, por fortuna, sin consecuencias, en la \u00faltima curva del Circuito de Termas [&hellip;]","og_url":"http:\/\/esponsorama.ad\/es\/vicente-perez-sufre-una-caida-falta-6-vueltas-finalizar-la-carrera-del-gp-argentina\/","og_site_name":"Esponsorama","article_published_time":"2019-03-31T12:03:14+00:00","article_modified_time":"2019-04-28T18:09:12+00:00","og_image":[{"width":1024,"height":683,"url":"http:\/\/esponsorama.ad\/wp-content\/uploads\/2019\/04\/argentina-moto3.-1024x683.jpg","type":"image\/jpeg"}],"author":"Xavi Andornet","twitter_card":"summary_large_image","twitter_misc":{"Escrito por":"Xavi Andornet","Tiempo de lectura":"1 minuto"},"schema":{"@context":"https:\/\/schema.org","@graph":[{"@type":"Article","@id":"http:\/\/esponsorama.ad\/es\/vicente-perez-sufre-una-caida-falta-6-vueltas-finalizar-la-carrera-del-gp-argentina\/#article","isPartOf":{"@id":"http:\/\/esponsorama.ad\/es\/vicente-perez-sufre-una-caida-falta-6-vueltas-finalizar-la-carrera-del-gp-argentina\/"},"author":{"name":"Xavi Andornet","@id":"http:\/\/esponsorama.ad\/es\/#\/schema\/person\/a5cde74945183d737066e46b61c6f9c4"},"headline":"Vicente P\u00e9rez sufre una ca\u00edda a falta de 6 vueltas para finalizar la carrera del GP de Argentina","datePublished":"2019-03-31T12:03:14+00:00","dateModified":"2019-04-28T18:09:12+00:00","mainEntityOfPage":{"@id":"http:\/\/esponsorama.ad\/es\/vicente-perez-sufre-una-caida-falta-6-vueltas-finalizar-la-carrera-del-gp-argentina\/"},"wordCount":189,"image":{"@id":"http:\/\/esponsorama.ad\/es\/vicente-perez-sufre-una-caida-falta-6-vueltas-finalizar-la-carrera-del-gp-argentina\/#primaryimage"},"thumbnailUrl":"http:\/\/esponsorama.ad\/wp-content\/uploads\/2019\/04\/argentina-moto3..jpg","keywords":["Argentina","argentinaGP","moto3","vicente Perez"],"articleSection":["Moto3"],"inLanguage":"es"},{"@type":"WebPage","@id":"http:\/\/esponsorama.ad\/es\/vicente-perez-sufre-una-caida-falta-6-vueltas-finalizar-la-carrera-del-gp-argentina\/","url":"http:\/\/esponsorama.ad\/es\/vicente-perez-sufre-una-caida-falta-6-vueltas-finalizar-la-carrera-del-gp-argentina\/","name":"Vicente P\u00e9rez sufre una ca\u00edda a falta de 6 vueltas para finalizar la carrera del GP de Argentina - Esponsorama","isPartOf":{"@id":"http:\/\/esponsorama.ad\/es\/#website"},"primaryImageOfPage":{"@id":"http:\/\/esponsorama.ad\/es\/vicente-perez-sufre-una-caida-falta-6-vueltas-finalizar-la-carrera-del-gp-argentina\/#primaryimage"},"image":{"@id":"http:\/\/esponsorama.ad\/es\/vicente-perez-sufre-una-caida-falta-6-vueltas-finalizar-la-carrera-del-gp-argentina\/#primaryimage"},"thumbnailUrl":"http:\/\/esponsorama.ad\/wp-content\/uploads\/2019\/04\/argentina-moto3..jpg","datePublished":"2019-03-31T12:03:14+00:00","dateModified":"2019-04-28T18:09:12+00:00","author":{"@id":"http:\/\/esponsorama.ad\/es\/#\/schema\/person\/a5cde74945183d737066e46b61c6f9c4"},"breadcrumb":{"@id":"http:\/\/esponsorama.ad\/es\/vicente-perez-sufre-una-caida-falta-6-vueltas-finalizar-la-carrera-del-gp-argentina\/#breadcrumb"},"inLanguage":"es","potentialAction":[{"@type":"ReadAction","target":["http:\/\/esponsorama.ad\/es\/vicente-perez-sufre-una-caida-falta-6-vueltas-finalizar-la-carrera-del-gp-argentina\/"]}]},{"@type":"ImageObject","inLanguage":"es","@id":"http:\/\/esponsorama.ad\/es\/vicente-perez-sufre-una-caida-falta-6-vueltas-finalizar-la-carrera-del-gp-argentina\/#primaryimage","url":"http:\/\/esponsorama.ad\/wp-content\/uploads\/2019\/04\/argentina-moto3..jpg","contentUrl":"http:\/\/esponsorama.ad\/wp-content\/uploads\/2019\/04\/argentina-moto3..jpg","width":5472,"height":3648,"caption":"02 Argentina 28, 29, 30 y 31 de marzo de 2019, circuito de Termas de Rio Hondo, Argentina. MotoGP, motogp, mgp, MGP, Mgp"},{"@type":"BreadcrumbList","@id":"http:\/\/esponsorama.ad\/es\/vicente-perez-sufre-una-caida-falta-6-vueltas-finalizar-la-carrera-del-gp-argentina\/#breadcrumb","itemListElement":[{"@type":"ListItem","position":1,"name":"Home","item":"http:\/\/esponsorama.ad\/es\/"},{"@type":"ListItem","position":2,"name":"Vicente P\u00e9rez sufre una ca\u00edda a falta de 6 vueltas para finalizar la carrera del GP de Argentina"}]},{"@type":"WebSite","@id":"http:\/\/esponsorama.ad\/es\/#website","url":"http:\/\/esponsorama.ad\/es\/","name":"Esponsorama","description":"Specialist in motorsport sponsorship and event promotions","potentialAction":[{"@type":"SearchAction","target":{"@type":"EntryPoint","urlTemplate":"http:\/\/esponsorama.ad\/es\/?s={search_term_string}"},"query-input":{"@type":"PropertyValueSpecification","valueRequired":true,"valueName":"search_term_string"}}],"inLanguage":"es"},{"@type":"Person","@id":"http:\/\/esponsorama.ad\/es\/#\/schema\/person\/a5cde74945183d737066e46b61c6f9c4","name":"Xavi Andornet","image":{"@type":"ImageObject","inLanguage":"es","@id":"http:\/\/esponsorama.ad\/es\/#\/schema\/person\/image\/","url":"https:\/\/secure.gravatar.com\/avatar\/f10eaf9ad601244a2357c9fd7cd9805ed166cfaaf76d5d9ab08a9d873e70147a?s=96&d=mm&r=g","contentUrl":"https:\/\/secure.gravatar.com\/avatar\/f10eaf9ad601244a2357c9fd7cd9805ed166cfaaf76d5d9ab08a9d873e70147a?s=96&d=mm&r=g","caption":"Xavi Andornet"},"sameAs":["http:\/\/www.andornet.ad"],"url":"http:\/\/esponsorama.ad\/es\/author\/andornet\/"}]}},"_links":{"self":[{"href":"http:\/\/esponsorama.ad\/es\/wp-json\/wp\/v2\/posts\/14562","targetHints":{"allow":["GET"]}}],"collection":[{"href":"http:\/\/esponsorama.ad\/es\/wp-json\/wp\/v2\/posts"}],"about":[{"href":"http:\/\/esponsorama.ad\/es\/wp-json\/wp\/v2\/types\/post"}],"author":[{"embeddable":true,"href":"http:\/\/esponsorama.ad\/es\/wp-json\/wp\/v2\/users\/6"}],"replies":[{"embeddable":true,"href":"http:\/\/esponsorama.ad\/es\/wp-json\/wp\/v2\/comments?post=14562"}],"version-history":[{"count":0,"href":"http:\/\/esponsorama.ad\/es\/wp-json\/wp\/v2\/posts\/14562\/revisions"}],"wp:featuredmedia":[{"embeddable":true,"href":"http:\/\/esponsorama.ad\/es\/wp-json\/wp\/v2\/media\/14565"}],"wp:attachment":[{"href":"http:\/\/esponsorama.ad\/es\/wp-json\/wp\/v2\/media?parent=14562"}],"wp:term":[{"taxonomy":"category","embeddable":true,"href":"http:\/\/esponsorama.ad\/es\/wp-json\/wp\/v2\/categories?post=14562"},{"taxonomy":"post_tag","embeddable":true,"href":"http:\/\/esponsorama.ad\/es\/wp-json\/wp\/v2\/tags?post=14562"}],"curies":[{"name":"wp","href":"https:\/\/api.w.org\/{rel}","templated":true}]}}