{"id":14568,"date":"2019-04-10T16:20:29","date_gmt":"2019-04-10T14:20:29","guid":{"rendered":"http:\/\/esponsorama.ad\/?p=14568"},"modified":"2019-04-28T20:27:43","modified_gmt":"2019-04-28T18:27:43","slug":"nuevo-desafio-vicente-perez-austin","status":"publish","type":"post","link":"http:\/\/esponsorama.ad\/es\/nuevo-desafio-vicente-perez-austin\/","title":{"rendered":"Nuevo desaf\u00edo para Vicente P\u00e9rez en Austin"},"content":{"rendered":"<h4>Vicente P\u00e9rez se estrenar\u00e1 este pr\u00f3ximo fin de semana en el C.O.T.A (Circuit of the Americas).<\/h4>\n<p>El de <strong>Cullera<\/strong> se enfrenta a un nuevo desaf\u00edo en el Circuito de las Am\u00e9ricas, siendo la primera vez que participa, igual que las dos pasadas citas de Qatar y Argentina.<br \/>\nEl piloto ha mostrado una r\u00e1pida adaptaci\u00f3n en las dos participaciones, algo que augura una buena actuaci\u00f3n en Austin.<br \/>\nEl handicap de llegar a un circuito nuevo no parece que vaya a ser una gran desventaja para Vicente, que nos tiene ya acostumbrados a una incre\u00edble progresi\u00f3n desde el viernes en los entrenamientos libres hasta el domingo de carrera.<br \/>\nAl joven piloto valenciano solo le falta mejorar en los entrenamientos cronometrados para poder clasificarse en una mejor posici\u00f3n de la parilla de la salida y, de esta forma, luchar en posiciones m\u00e1s delanteras en carrera.<\/p>\n<p> \u201cEstoy muy contento de venir a Austin por primera vez, es un circuito nuevo para m\u00ed y eso me motiva mucho y adem\u00e1s me hace mucha ilusi\u00f3n. Afronto el fin de semana con muchas ganas de hacer un buen resultado y demostar que podemos estar arriba\u201d<\/p>\n","protected":false},"excerpt":{"rendered":"<p>Vicente P\u00e9rez se estrenar\u00e1 este pr\u00f3ximo fin de semana en el C.O.T.A (Circuit of the Americas). El de Cullera se enfrenta a un nuevo desaf\u00edo en el Circuito de las Am\u00e9ricas, siendo la primera vez que participa, igual que las dos pasadas citas de Qatar y Argentina. El piloto ha mostrado una r\u00e1pida adaptaci\u00f3n en [&hellip;]<\/p>\n","protected":false},"author":6,"featured_media":14570,"comment_status":"closed","ping_status":"closed","sticky":false,"template":"","format":"standard","meta":{"footnotes":""},"categories":[12],"tags":[27,13,28],"class_list":["post-14568","post","type-post","status-publish","format-standard","has-post-thumbnail","hentry","category-moto3","tag-moto3","tag-motogp","tag-vicente-perez"],"yoast_head":"<!-- This site is optimized with the Yoast SEO plugin v27.1.1 - https:\/\/yoast.com\/product\/yoast-seo-wordpress\/ -->\n<title>Nuevo desaf\u00edo para Vicente P\u00e9rez en Austin - Esponsorama<\/title>\n<meta name=\"robots\" content=\"index, follow, max-snippet:-1, max-image-preview:large, max-video-preview:-1\" \/>\n<link rel=\"canonical\" href=\"http:\/\/esponsorama.ad\/es\/nuevo-desafio-vicente-perez-austin\/\" \/>\n<meta property=\"og:locale\" content=\"es_ES\" \/>\n<meta property=\"og:type\" content=\"article\" \/>\n<meta property=\"og:title\" content=\"Nuevo desaf\u00edo para Vicente P\u00e9rez en Austin - Esponsorama\" \/>\n<meta property=\"og:description\" content=\"Vicente P\u00e9rez se estrenar\u00e1 este pr\u00f3ximo fin de semana en el C.O.T.A (Circuit of the Americas). El de Cullera se enfrenta a un nuevo desaf\u00edo en el Circuito de las Am\u00e9ricas, siendo la primera vez que participa, igual que las dos pasadas citas de Qatar y Argentina. El piloto ha mostrado una r\u00e1pida adaptaci\u00f3n en [&hellip;]\" \/>\n<meta property=\"og:url\" content=\"http:\/\/esponsorama.ad\/es\/nuevo-desafio-vicente-perez-austin\/\" \/>\n<meta property=\"og:site_name\" content=\"Esponsorama\" \/>\n<meta property=\"article:published_time\" content=\"2019-04-10T14:20:29+00:00\" \/>\n<meta property=\"article:modified_time\" content=\"2019-04-28T18:27:43+00:00\" \/>\n<meta property=\"og:image\" content=\"http:\/\/esponsorama.ad\/wp-content\/uploads\/2019\/04\/americas-1024x683.jpg\" \/>\n\t<meta property=\"og:image:width\" content=\"1024\" \/>\n\t<meta property=\"og:image:height\" content=\"683\" \/>\n\t<meta property=\"og:image:type\" content=\"image\/jpeg\" \/>\n<meta name=\"author\" content=\"Xavi Andornet\" \/>\n<meta name=\"twitter:card\" content=\"summary_large_image\" \/>\n<meta name=\"twitter:label1\" content=\"Escrito por\" \/>\n\t<meta name=\"twitter:data1\" content=\"Xavi Andornet\" \/>\n\t<meta name=\"twitter:label2\" content=\"Tiempo de lectura\" \/>\n\t<meta name=\"twitter:data2\" content=\"1 minuto\" \/>\n<script type=\"application\/ld+json\" class=\"yoast-schema-graph\">{\"@context\":\"https:\/\/schema.org\",\"@graph\":[{\"@type\":\"Article\",\"@id\":\"http:\/\/esponsorama.ad\/es\/nuevo-desafio-vicente-perez-austin\/#article\",\"isPartOf\":{\"@id\":\"http:\/\/esponsorama.ad\/es\/nuevo-desafio-vicente-perez-austin\/\"},\"author\":{\"name\":\"Xavi Andornet\",\"@id\":\"http:\/\/esponsorama.ad\/es\/#\/schema\/person\/a5cde74945183d737066e46b61c6f9c4\"},\"headline\":\"Nuevo desaf\u00edo para Vicente P\u00e9rez en Austin\",\"datePublished\":\"2019-04-10T14:20:29+00:00\",\"dateModified\":\"2019-04-28T18:27:43+00:00\",\"mainEntityOfPage\":{\"@id\":\"http:\/\/esponsorama.ad\/es\/nuevo-desafio-vicente-perez-austin\/\"},\"wordCount\":215,\"image\":{\"@id\":\"http:\/\/esponsorama.ad\/es\/nuevo-desafio-vicente-perez-austin\/#primaryimage\"},\"thumbnailUrl\":\"http:\/\/esponsorama.ad\/wp-content\/uploads\/2019\/04\/americas.jpg\",\"keywords\":[\"moto3\",\"MotoGP\",\"vicente Perez\"],\"articleSection\":[\"Moto3\"],\"inLanguage\":\"es\"},{\"@type\":\"WebPage\",\"@id\":\"http:\/\/esponsorama.ad\/es\/nuevo-desafio-vicente-perez-austin\/\",\"url\":\"http:\/\/esponsorama.ad\/es\/nuevo-desafio-vicente-perez-austin\/\",\"name\":\"Nuevo desaf\u00edo para Vicente P\u00e9rez en Austin - Esponsorama\",\"isPartOf\":{\"@id\":\"http:\/\/esponsorama.ad\/es\/#website\"},\"primaryImageOfPage\":{\"@id\":\"http:\/\/esponsorama.ad\/es\/nuevo-desafio-vicente-perez-austin\/#primaryimage\"},\"image\":{\"@id\":\"http:\/\/esponsorama.ad\/es\/nuevo-desafio-vicente-perez-austin\/#primaryimage\"},\"thumbnailUrl\":\"http:\/\/esponsorama.ad\/wp-content\/uploads\/2019\/04\/americas.jpg\",\"datePublished\":\"2019-04-10T14:20:29+00:00\",\"dateModified\":\"2019-04-28T18:27:43+00:00\",\"author\":{\"@id\":\"http:\/\/esponsorama.ad\/es\/#\/schema\/person\/a5cde74945183d737066e46b61c6f9c4\"},\"breadcrumb\":{\"@id\":\"http:\/\/esponsorama.ad\/es\/nuevo-desafio-vicente-perez-austin\/#breadcrumb\"},\"inLanguage\":\"es\",\"potentialAction\":[{\"@type\":\"ReadAction\",\"target\":[\"http:\/\/esponsorama.ad\/es\/nuevo-desafio-vicente-perez-austin\/\"]}]},{\"@type\":\"ImageObject\",\"inLanguage\":\"es\",\"@id\":\"http:\/\/esponsorama.ad\/es\/nuevo-desafio-vicente-perez-austin\/#primaryimage\",\"url\":\"http:\/\/esponsorama.ad\/wp-content\/uploads\/2019\/04\/americas.jpg\",\"contentUrl\":\"http:\/\/esponsorama.ad\/wp-content\/uploads\/2019\/04\/americas.jpg\",\"width\":5472,\"height\":3648,\"caption\":\"02 Argentina 28, 29, 30 y 31 de marzo de 2019, circuito de Termas de Rio Hondo, Argentina. MotoGP, motogp, mgp, MGP, Mgp\"},{\"@type\":\"BreadcrumbList\",\"@id\":\"http:\/\/esponsorama.ad\/es\/nuevo-desafio-vicente-perez-austin\/#breadcrumb\",\"itemListElement\":[{\"@type\":\"ListItem\",\"position\":1,\"name\":\"Home\",\"item\":\"http:\/\/esponsorama.ad\/es\/\"},{\"@type\":\"ListItem\",\"position\":2,\"name\":\"Nuevo desaf\u00edo para Vicente P\u00e9rez en Austin\"}]},{\"@type\":\"WebSite\",\"@id\":\"http:\/\/esponsorama.ad\/es\/#website\",\"url\":\"http:\/\/esponsorama.ad\/es\/\",\"name\":\"Esponsorama\",\"description\":\"Specialist in motorsport sponsorship and event promotions\",\"potentialAction\":[{\"@type\":\"SearchAction\",\"target\":{\"@type\":\"EntryPoint\",\"urlTemplate\":\"http:\/\/esponsorama.ad\/es\/?s={search_term_string}\"},\"query-input\":{\"@type\":\"PropertyValueSpecification\",\"valueRequired\":true,\"valueName\":\"search_term_string\"}}],\"inLanguage\":\"es\"},{\"@type\":\"Person\",\"@id\":\"http:\/\/esponsorama.ad\/es\/#\/schema\/person\/a5cde74945183d737066e46b61c6f9c4\",\"name\":\"Xavi Andornet\",\"image\":{\"@type\":\"ImageObject\",\"inLanguage\":\"es\",\"@id\":\"http:\/\/esponsorama.ad\/es\/#\/schema\/person\/image\/\",\"url\":\"https:\/\/secure.gravatar.com\/avatar\/f10eaf9ad601244a2357c9fd7cd9805ed166cfaaf76d5d9ab08a9d873e70147a?s=96&d=mm&r=g\",\"contentUrl\":\"https:\/\/secure.gravatar.com\/avatar\/f10eaf9ad601244a2357c9fd7cd9805ed166cfaaf76d5d9ab08a9d873e70147a?s=96&d=mm&r=g\",\"caption\":\"Xavi Andornet\"},\"sameAs\":[\"http:\/\/www.andornet.ad\"],\"url\":\"http:\/\/esponsorama.ad\/es\/author\/andornet\/\"}]}<\/script>\n<!-- \/ Yoast SEO plugin. -->","yoast_head_json":{"title":"Nuevo desaf\u00edo para Vicente P\u00e9rez en Austin - Esponsorama","robots":{"index":"index","follow":"follow","max-snippet":"max-snippet:-1","max-image-preview":"max-image-preview:large","max-video-preview":"max-video-preview:-1"},"canonical":"http:\/\/esponsorama.ad\/es\/nuevo-desafio-vicente-perez-austin\/","og_locale":"es_ES","og_type":"article","og_title":"Nuevo desaf\u00edo para Vicente P\u00e9rez en Austin - Esponsorama","og_description":"Vicente P\u00e9rez se estrenar\u00e1 este pr\u00f3ximo fin de semana en el C.O.T.A (Circuit of the Americas). El de Cullera se enfrenta a un nuevo desaf\u00edo en el Circuito de las Am\u00e9ricas, siendo la primera vez que participa, igual que las dos pasadas citas de Qatar y Argentina. El piloto ha mostrado una r\u00e1pida adaptaci\u00f3n en [&hellip;]","og_url":"http:\/\/esponsorama.ad\/es\/nuevo-desafio-vicente-perez-austin\/","og_site_name":"Esponsorama","article_published_time":"2019-04-10T14:20:29+00:00","article_modified_time":"2019-04-28T18:27:43+00:00","og_image":[{"width":1024,"height":683,"url":"http:\/\/esponsorama.ad\/wp-content\/uploads\/2019\/04\/americas-1024x683.jpg","type":"image\/jpeg"}],"author":"Xavi Andornet","twitter_card":"summary_large_image","twitter_misc":{"Escrito por":"Xavi Andornet","Tiempo de lectura":"1 minuto"},"schema":{"@context":"https:\/\/schema.org","@graph":[{"@type":"Article","@id":"http:\/\/esponsorama.ad\/es\/nuevo-desafio-vicente-perez-austin\/#article","isPartOf":{"@id":"http:\/\/esponsorama.ad\/es\/nuevo-desafio-vicente-perez-austin\/"},"author":{"name":"Xavi Andornet","@id":"http:\/\/esponsorama.ad\/es\/#\/schema\/person\/a5cde74945183d737066e46b61c6f9c4"},"headline":"Nuevo desaf\u00edo para Vicente P\u00e9rez en Austin","datePublished":"2019-04-10T14:20:29+00:00","dateModified":"2019-04-28T18:27:43+00:00","mainEntityOfPage":{"@id":"http:\/\/esponsorama.ad\/es\/nuevo-desafio-vicente-perez-austin\/"},"wordCount":215,"image":{"@id":"http:\/\/esponsorama.ad\/es\/nuevo-desafio-vicente-perez-austin\/#primaryimage"},"thumbnailUrl":"http:\/\/esponsorama.ad\/wp-content\/uploads\/2019\/04\/americas.jpg","keywords":["moto3","MotoGP","vicente Perez"],"articleSection":["Moto3"],"inLanguage":"es"},{"@type":"WebPage","@id":"http:\/\/esponsorama.ad\/es\/nuevo-desafio-vicente-perez-austin\/","url":"http:\/\/esponsorama.ad\/es\/nuevo-desafio-vicente-perez-austin\/","name":"Nuevo desaf\u00edo para Vicente P\u00e9rez en Austin - Esponsorama","isPartOf":{"@id":"http:\/\/esponsorama.ad\/es\/#website"},"primaryImageOfPage":{"@id":"http:\/\/esponsorama.ad\/es\/nuevo-desafio-vicente-perez-austin\/#primaryimage"},"image":{"@id":"http:\/\/esponsorama.ad\/es\/nuevo-desafio-vicente-perez-austin\/#primaryimage"},"thumbnailUrl":"http:\/\/esponsorama.ad\/wp-content\/uploads\/2019\/04\/americas.jpg","datePublished":"2019-04-10T14:20:29+00:00","dateModified":"2019-04-28T18:27:43+00:00","author":{"@id":"http:\/\/esponsorama.ad\/es\/#\/schema\/person\/a5cde74945183d737066e46b61c6f9c4"},"breadcrumb":{"@id":"http:\/\/esponsorama.ad\/es\/nuevo-desafio-vicente-perez-austin\/#breadcrumb"},"inLanguage":"es","potentialAction":[{"@type":"ReadAction","target":["http:\/\/esponsorama.ad\/es\/nuevo-desafio-vicente-perez-austin\/"]}]},{"@type":"ImageObject","inLanguage":"es","@id":"http:\/\/esponsorama.ad\/es\/nuevo-desafio-vicente-perez-austin\/#primaryimage","url":"http:\/\/esponsorama.ad\/wp-content\/uploads\/2019\/04\/americas.jpg","contentUrl":"http:\/\/esponsorama.ad\/wp-content\/uploads\/2019\/04\/americas.jpg","width":5472,"height":3648,"caption":"02 Argentina 28, 29, 30 y 31 de marzo de 2019, circuito de Termas de Rio Hondo, Argentina. MotoGP, motogp, mgp, MGP, Mgp"},{"@type":"BreadcrumbList","@id":"http:\/\/esponsorama.ad\/es\/nuevo-desafio-vicente-perez-austin\/#breadcrumb","itemListElement":[{"@type":"ListItem","position":1,"name":"Home","item":"http:\/\/esponsorama.ad\/es\/"},{"@type":"ListItem","position":2,"name":"Nuevo desaf\u00edo para Vicente P\u00e9rez en Austin"}]},{"@type":"WebSite","@id":"http:\/\/esponsorama.ad\/es\/#website","url":"http:\/\/esponsorama.ad\/es\/","name":"Esponsorama","description":"Specialist in motorsport sponsorship and event promotions","potentialAction":[{"@type":"SearchAction","target":{"@type":"EntryPoint","urlTemplate":"http:\/\/esponsorama.ad\/es\/?s={search_term_string}"},"query-input":{"@type":"PropertyValueSpecification","valueRequired":true,"valueName":"search_term_string"}}],"inLanguage":"es"},{"@type":"Person","@id":"http:\/\/esponsorama.ad\/es\/#\/schema\/person\/a5cde74945183d737066e46b61c6f9c4","name":"Xavi Andornet","image":{"@type":"ImageObject","inLanguage":"es","@id":"http:\/\/esponsorama.ad\/es\/#\/schema\/person\/image\/","url":"https:\/\/secure.gravatar.com\/avatar\/f10eaf9ad601244a2357c9fd7cd9805ed166cfaaf76d5d9ab08a9d873e70147a?s=96&d=mm&r=g","contentUrl":"https:\/\/secure.gravatar.com\/avatar\/f10eaf9ad601244a2357c9fd7cd9805ed166cfaaf76d5d9ab08a9d873e70147a?s=96&d=mm&r=g","caption":"Xavi Andornet"},"sameAs":["http:\/\/www.andornet.ad"],"url":"http:\/\/esponsorama.ad\/es\/author\/andornet\/"}]}},"_links":{"self":[{"href":"http:\/\/esponsorama.ad\/es\/wp-json\/wp\/v2\/posts\/14568","targetHints":{"allow":["GET"]}}],"collection":[{"href":"http:\/\/esponsorama.ad\/es\/wp-json\/wp\/v2\/posts"}],"about":[{"href":"http:\/\/esponsorama.ad\/es\/wp-json\/wp\/v2\/types\/post"}],"author":[{"embeddable":true,"href":"http:\/\/esponsorama.ad\/es\/wp-json\/wp\/v2\/users\/6"}],"replies":[{"embeddable":true,"href":"http:\/\/esponsorama.ad\/es\/wp-json\/wp\/v2\/comments?post=14568"}],"version-history":[{"count":0,"href":"http:\/\/esponsorama.ad\/es\/wp-json\/wp\/v2\/posts\/14568\/revisions"}],"wp:featuredmedia":[{"embeddable":true,"href":"http:\/\/esponsorama.ad\/es\/wp-json\/wp\/v2\/media\/14570"}],"wp:attachment":[{"href":"http:\/\/esponsorama.ad\/es\/wp-json\/wp\/v2\/media?parent=14568"}],"wp:term":[{"taxonomy":"category","embeddable":true,"href":"http:\/\/esponsorama.ad\/es\/wp-json\/wp\/v2\/categories?post=14568"},{"taxonomy":"post_tag","embeddable":true,"href":"http:\/\/esponsorama.ad\/es\/wp-json\/wp\/v2\/tags?post=14568"}],"curies":[{"name":"wp","href":"https:\/\/api.w.org\/{rel}","templated":true}]}}