{"id":14572,"date":"2019-05-01T21:00:22","date_gmt":"2019-05-01T19:00:22","guid":{"rendered":"http:\/\/esponsorama.ad\/?p=14572"},"modified":"2019-05-01T21:12:34","modified_gmt":"2019-05-01T19:12:34","slug":"tito-rabat-karel-abraham-afrontan-motivados-la-primera-cita-europea-del-mundial-2","status":"publish","type":"post","link":"http:\/\/esponsorama.ad\/es\/tito-rabat-karel-abraham-afrontan-motivados-la-primera-cita-europea-del-mundial-2\/","title":{"rendered":"Tito Rabat y Karel Abraham afrontan motivados la primera cita europea del mundial"},"content":{"rendered":"<h4>Tras el Gran Premio de las Americas donde los dos pilotos del Reale Avintia Racing llegan a la primera cita europea del a\u00f1o, el Gran Premio RedBull de Espa\u00f1a con la vista puesta en conseguir mejores resultados.<\/h4>\n<p>Tito Rabat encara motivado el primer GP del a\u00f1o en suelo espa\u00f1ol. Un Gran Premio siempre especial para los nuestros, ya que el Circuito de Jerez es emblem\u00e1tico y todos los pilotos ans\u00edan correr en \u00e9l. Tras sufrir en las anteriores citas, Rabat llega mejorado a Jerez y dispuesto a darlo todo para hacer vivir a los aficionados un buen espect\u00e1culo. Su compa\u00f1ero de equipo, Karel Abraham afronta con curiosidad la cita jerezana y espera que el nuevo trazado del circuito andaluz les ayude en la b\u00fasqueda de los mejores tiempos a lomos de la Ducati.<\/p>\n<p> \u00bbDespu\u00e9s de este inicio de temporada que no ha sido el que esper\u00e1bamos, ya me encuentro un poco mejor de la pierna. Jerez es la carrera a la que llego mejor con diferencia de las disputadas hasta ahora. Corremos en casa, parece que\u00a0har\u00e1 buen tiempo y estoy s\u00faper motivado. Mi jefe de mec\u00e1nicos,\u00a0Jarno\u00a0Polastri tambi\u00e9n esta\u00a0s\u00faper\u00a0motivado y aqu\u00ed vamos a intentar dar ese paso que nos falta para estar donde nos\u00a0toca\u00bb<\/p>\n<p> \u00bbEs nuestro primer asalto europeo este a\u00f1o, as\u00ed que estoy deseando que llegue. Tengo mucha curiosidad por ver c\u00f3mo se ve la pista despu\u00e9s de que hicieran el nuevo asfalto, as\u00ed que estoy bastante emocionado y me gusta el trazado. Creo que va a ser un fin de semana interesante\u00bb<\/p>\n","protected":false},"excerpt":{"rendered":"<p>Tras el Gran Premio de las Americas donde los dos pilotos del Reale Avintia Racing llegan a la primera cita europea del a\u00f1o, el Gran Premio RedBull de Espa\u00f1a con la vista puesta en conseguir mejores resultados. Tito Rabat encara motivado el primer GP del a\u00f1o en suelo espa\u00f1ol. Un Gran Premio siempre especial para [&hellip;]<\/p>\n","protected":false},"author":6,"featured_media":14581,"comment_status":"closed","ping_status":"closed","sticky":false,"template":"","format":"standard","meta":{"footnotes":""},"categories":[3],"tags":[33,32,14,13,31,15],"class_list":["post-14572","post","type-post","status-publish","format-standard","has-post-thumbnail","hentry","category-motogp","tag-espana-gp","tag-jerez-gp","tag-karel-abraham","tag-motogp","tag-spanish-gp","tag-tito-rabat"],"yoast_head":"<!-- This site is optimized with the Yoast SEO plugin v27.1.1 - https:\/\/yoast.com\/product\/yoast-seo-wordpress\/ -->\n<title>Tito Rabat y Karel Abraham afrontan motivados la primera cita europea del mundial - Esponsorama<\/title>\n<meta name=\"robots\" content=\"index, follow, max-snippet:-1, max-image-preview:large, max-video-preview:-1\" \/>\n<link rel=\"canonical\" href=\"http:\/\/esponsorama.ad\/es\/tito-rabat-karel-abraham-afrontan-motivados-la-primera-cita-europea-del-mundial-2\/\" \/>\n<meta property=\"og:locale\" content=\"es_ES\" \/>\n<meta property=\"og:type\" content=\"article\" \/>\n<meta property=\"og:title\" content=\"Tito Rabat y Karel Abraham afrontan motivados la primera cita europea del mundial - Esponsorama\" \/>\n<meta property=\"og:description\" content=\"Tras el Gran Premio de las Americas donde los dos pilotos del Reale Avintia Racing llegan a la primera cita europea del a\u00f1o, el Gran Premio RedBull de Espa\u00f1a con la vista puesta en conseguir mejores resultados. Tito Rabat encara motivado el primer GP del a\u00f1o en suelo espa\u00f1ol. Un Gran Premio siempre especial para [&hellip;]\" \/>\n<meta property=\"og:url\" content=\"http:\/\/esponsorama.ad\/es\/tito-rabat-karel-abraham-afrontan-motivados-la-primera-cita-europea-del-mundial-2\/\" \/>\n<meta property=\"og:site_name\" content=\"Esponsorama\" \/>\n<meta property=\"article:published_time\" content=\"2019-05-01T19:00:22+00:00\" \/>\n<meta property=\"article:modified_time\" content=\"2019-05-01T19:12:34+00:00\" \/>\n<meta property=\"og:image\" content=\"http:\/\/esponsorama.ad\/wp-content\/uploads\/2019\/05\/03Austin19M3ESPONSORAMA_JOO0876-1024x683.jpg\" \/>\n\t<meta property=\"og:image:width\" content=\"1024\" \/>\n\t<meta property=\"og:image:height\" content=\"683\" \/>\n\t<meta property=\"og:image:type\" content=\"image\/jpeg\" \/>\n<meta name=\"author\" content=\"Xavi Andornet\" \/>\n<meta name=\"twitter:card\" content=\"summary_large_image\" \/>\n<meta name=\"twitter:label1\" content=\"Escrito por\" \/>\n\t<meta name=\"twitter:data1\" content=\"Xavi Andornet\" \/>\n\t<meta name=\"twitter:label2\" content=\"Tiempo de lectura\" \/>\n\t<meta name=\"twitter:data2\" content=\"1 minuto\" \/>\n<script type=\"application\/ld+json\" class=\"yoast-schema-graph\">{\"@context\":\"https:\/\/schema.org\",\"@graph\":[{\"@type\":\"Article\",\"@id\":\"http:\/\/esponsorama.ad\/es\/tito-rabat-karel-abraham-afrontan-motivados-la-primera-cita-europea-del-mundial-2\/#article\",\"isPartOf\":{\"@id\":\"http:\/\/esponsorama.ad\/es\/tito-rabat-karel-abraham-afrontan-motivados-la-primera-cita-europea-del-mundial-2\/\"},\"author\":{\"name\":\"Xavi Andornet\",\"@id\":\"http:\/\/esponsorama.ad\/es\/#\/schema\/person\/a5cde74945183d737066e46b61c6f9c4\"},\"headline\":\"Tito Rabat y Karel Abraham afrontan motivados la primera cita europea del mundial\",\"datePublished\":\"2019-05-01T19:00:22+00:00\",\"dateModified\":\"2019-05-01T19:12:34+00:00\",\"mainEntityOfPage\":{\"@id\":\"http:\/\/esponsorama.ad\/es\/tito-rabat-karel-abraham-afrontan-motivados-la-primera-cita-europea-del-mundial-2\/\"},\"wordCount\":294,\"image\":{\"@id\":\"http:\/\/esponsorama.ad\/es\/tito-rabat-karel-abraham-afrontan-motivados-la-primera-cita-europea-del-mundial-2\/#primaryimage\"},\"thumbnailUrl\":\"http:\/\/esponsorama.ad\/wp-content\/uploads\/2019\/05\/03Austin19M3ESPONSORAMA_JOO0876.jpg\",\"keywords\":[\"espa\u00f1a gp\",\"jerez gp\",\"Karel Abraham\",\"MotoGP\",\"spanish gp\",\"Tito Rabat\"],\"articleSection\":[\"MotoGP\"],\"inLanguage\":\"es\"},{\"@type\":\"WebPage\",\"@id\":\"http:\/\/esponsorama.ad\/es\/tito-rabat-karel-abraham-afrontan-motivados-la-primera-cita-europea-del-mundial-2\/\",\"url\":\"http:\/\/esponsorama.ad\/es\/tito-rabat-karel-abraham-afrontan-motivados-la-primera-cita-europea-del-mundial-2\/\",\"name\":\"Tito Rabat y Karel Abraham afrontan motivados la primera cita europea del mundial - Esponsorama\",\"isPartOf\":{\"@id\":\"http:\/\/esponsorama.ad\/es\/#website\"},\"primaryImageOfPage\":{\"@id\":\"http:\/\/esponsorama.ad\/es\/tito-rabat-karel-abraham-afrontan-motivados-la-primera-cita-europea-del-mundial-2\/#primaryimage\"},\"image\":{\"@id\":\"http:\/\/esponsorama.ad\/es\/tito-rabat-karel-abraham-afrontan-motivados-la-primera-cita-europea-del-mundial-2\/#primaryimage\"},\"thumbnailUrl\":\"http:\/\/esponsorama.ad\/wp-content\/uploads\/2019\/05\/03Austin19M3ESPONSORAMA_JOO0876.jpg\",\"datePublished\":\"2019-05-01T19:00:22+00:00\",\"dateModified\":\"2019-05-01T19:12:34+00:00\",\"author\":{\"@id\":\"http:\/\/esponsorama.ad\/es\/#\/schema\/person\/a5cde74945183d737066e46b61c6f9c4\"},\"breadcrumb\":{\"@id\":\"http:\/\/esponsorama.ad\/es\/tito-rabat-karel-abraham-afrontan-motivados-la-primera-cita-europea-del-mundial-2\/#breadcrumb\"},\"inLanguage\":\"es\",\"potentialAction\":[{\"@type\":\"ReadAction\",\"target\":[\"http:\/\/esponsorama.ad\/es\/tito-rabat-karel-abraham-afrontan-motivados-la-primera-cita-europea-del-mundial-2\/\"]}]},{\"@type\":\"ImageObject\",\"inLanguage\":\"es\",\"@id\":\"http:\/\/esponsorama.ad\/es\/tito-rabat-karel-abraham-afrontan-motivados-la-primera-cita-europea-del-mundial-2\/#primaryimage\",\"url\":\"http:\/\/esponsorama.ad\/wp-content\/uploads\/2019\/05\/03Austin19M3ESPONSORAMA_JOO0876.jpg\",\"contentUrl\":\"http:\/\/esponsorama.ad\/wp-content\/uploads\/2019\/05\/03Austin19M3ESPONSORAMA_JOO0876.jpg\",\"width\":5472,\"height\":3648,\"caption\":\"03 GP de las Am\u00e9ricas, circuito de COTA, Austin, Texas, USA 11, 12, 13 y 14 de abril de 2019 Motogp, MGP, Mgp, MotoGP\"},{\"@type\":\"BreadcrumbList\",\"@id\":\"http:\/\/esponsorama.ad\/es\/tito-rabat-karel-abraham-afrontan-motivados-la-primera-cita-europea-del-mundial-2\/#breadcrumb\",\"itemListElement\":[{\"@type\":\"ListItem\",\"position\":1,\"name\":\"Home\",\"item\":\"http:\/\/esponsorama.ad\/ca\/\"},{\"@type\":\"ListItem\",\"position\":2,\"name\":\"Tito Rabat y Karel Abraham afrontan motivados la primera cita europea del mundial\"}]},{\"@type\":\"WebSite\",\"@id\":\"http:\/\/esponsorama.ad\/es\/#website\",\"url\":\"http:\/\/esponsorama.ad\/es\/\",\"name\":\"Esponsorama\",\"description\":\"Specialist in motorsport sponsorship and event promotions\",\"potentialAction\":[{\"@type\":\"SearchAction\",\"target\":{\"@type\":\"EntryPoint\",\"urlTemplate\":\"http:\/\/esponsorama.ad\/es\/?s={search_term_string}\"},\"query-input\":{\"@type\":\"PropertyValueSpecification\",\"valueRequired\":true,\"valueName\":\"search_term_string\"}}],\"inLanguage\":\"es\"},{\"@type\":\"Person\",\"@id\":\"http:\/\/esponsorama.ad\/es\/#\/schema\/person\/a5cde74945183d737066e46b61c6f9c4\",\"name\":\"Xavi Andornet\",\"image\":{\"@type\":\"ImageObject\",\"inLanguage\":\"es\",\"@id\":\"http:\/\/esponsorama.ad\/es\/#\/schema\/person\/image\/\",\"url\":\"https:\/\/secure.gravatar.com\/avatar\/f10eaf9ad601244a2357c9fd7cd9805ed166cfaaf76d5d9ab08a9d873e70147a?s=96&d=mm&r=g\",\"contentUrl\":\"https:\/\/secure.gravatar.com\/avatar\/f10eaf9ad601244a2357c9fd7cd9805ed166cfaaf76d5d9ab08a9d873e70147a?s=96&d=mm&r=g\",\"caption\":\"Xavi Andornet\"},\"sameAs\":[\"http:\/\/www.andornet.ad\"],\"url\":\"http:\/\/esponsorama.ad\/es\/author\/andornet\/\"}]}<\/script>\n<!-- \/ Yoast SEO plugin. -->","yoast_head_json":{"title":"Tito Rabat y Karel Abraham afrontan motivados la primera cita europea del mundial - Esponsorama","robots":{"index":"index","follow":"follow","max-snippet":"max-snippet:-1","max-image-preview":"max-image-preview:large","max-video-preview":"max-video-preview:-1"},"canonical":"http:\/\/esponsorama.ad\/es\/tito-rabat-karel-abraham-afrontan-motivados-la-primera-cita-europea-del-mundial-2\/","og_locale":"es_ES","og_type":"article","og_title":"Tito Rabat y Karel Abraham afrontan motivados la primera cita europea del mundial - Esponsorama","og_description":"Tras el Gran Premio de las Americas donde los dos pilotos del Reale Avintia Racing llegan a la primera cita europea del a\u00f1o, el Gran Premio RedBull de Espa\u00f1a con la vista puesta en conseguir mejores resultados. Tito Rabat encara motivado el primer GP del a\u00f1o en suelo espa\u00f1ol. Un Gran Premio siempre especial para [&hellip;]","og_url":"http:\/\/esponsorama.ad\/es\/tito-rabat-karel-abraham-afrontan-motivados-la-primera-cita-europea-del-mundial-2\/","og_site_name":"Esponsorama","article_published_time":"2019-05-01T19:00:22+00:00","article_modified_time":"2019-05-01T19:12:34+00:00","og_image":[{"width":1024,"height":683,"url":"http:\/\/esponsorama.ad\/wp-content\/uploads\/2019\/05\/03Austin19M3ESPONSORAMA_JOO0876-1024x683.jpg","type":"image\/jpeg"}],"author":"Xavi Andornet","twitter_card":"summary_large_image","twitter_misc":{"Escrito por":"Xavi Andornet","Tiempo de lectura":"1 minuto"},"schema":{"@context":"https:\/\/schema.org","@graph":[{"@type":"Article","@id":"http:\/\/esponsorama.ad\/es\/tito-rabat-karel-abraham-afrontan-motivados-la-primera-cita-europea-del-mundial-2\/#article","isPartOf":{"@id":"http:\/\/esponsorama.ad\/es\/tito-rabat-karel-abraham-afrontan-motivados-la-primera-cita-europea-del-mundial-2\/"},"author":{"name":"Xavi Andornet","@id":"http:\/\/esponsorama.ad\/es\/#\/schema\/person\/a5cde74945183d737066e46b61c6f9c4"},"headline":"Tito Rabat y Karel Abraham afrontan motivados la primera cita europea del mundial","datePublished":"2019-05-01T19:00:22+00:00","dateModified":"2019-05-01T19:12:34+00:00","mainEntityOfPage":{"@id":"http:\/\/esponsorama.ad\/es\/tito-rabat-karel-abraham-afrontan-motivados-la-primera-cita-europea-del-mundial-2\/"},"wordCount":294,"image":{"@id":"http:\/\/esponsorama.ad\/es\/tito-rabat-karel-abraham-afrontan-motivados-la-primera-cita-europea-del-mundial-2\/#primaryimage"},"thumbnailUrl":"http:\/\/esponsorama.ad\/wp-content\/uploads\/2019\/05\/03Austin19M3ESPONSORAMA_JOO0876.jpg","keywords":["espa\u00f1a gp","jerez gp","Karel Abraham","MotoGP","spanish gp","Tito Rabat"],"articleSection":["MotoGP"],"inLanguage":"es"},{"@type":"WebPage","@id":"http:\/\/esponsorama.ad\/es\/tito-rabat-karel-abraham-afrontan-motivados-la-primera-cita-europea-del-mundial-2\/","url":"http:\/\/esponsorama.ad\/es\/tito-rabat-karel-abraham-afrontan-motivados-la-primera-cita-europea-del-mundial-2\/","name":"Tito Rabat y Karel Abraham afrontan motivados la primera cita europea del mundial - Esponsorama","isPartOf":{"@id":"http:\/\/esponsorama.ad\/es\/#website"},"primaryImageOfPage":{"@id":"http:\/\/esponsorama.ad\/es\/tito-rabat-karel-abraham-afrontan-motivados-la-primera-cita-europea-del-mundial-2\/#primaryimage"},"image":{"@id":"http:\/\/esponsorama.ad\/es\/tito-rabat-karel-abraham-afrontan-motivados-la-primera-cita-europea-del-mundial-2\/#primaryimage"},"thumbnailUrl":"http:\/\/esponsorama.ad\/wp-content\/uploads\/2019\/05\/03Austin19M3ESPONSORAMA_JOO0876.jpg","datePublished":"2019-05-01T19:00:22+00:00","dateModified":"2019-05-01T19:12:34+00:00","author":{"@id":"http:\/\/esponsorama.ad\/es\/#\/schema\/person\/a5cde74945183d737066e46b61c6f9c4"},"breadcrumb":{"@id":"http:\/\/esponsorama.ad\/es\/tito-rabat-karel-abraham-afrontan-motivados-la-primera-cita-europea-del-mundial-2\/#breadcrumb"},"inLanguage":"es","potentialAction":[{"@type":"ReadAction","target":["http:\/\/esponsorama.ad\/es\/tito-rabat-karel-abraham-afrontan-motivados-la-primera-cita-europea-del-mundial-2\/"]}]},{"@type":"ImageObject","inLanguage":"es","@id":"http:\/\/esponsorama.ad\/es\/tito-rabat-karel-abraham-afrontan-motivados-la-primera-cita-europea-del-mundial-2\/#primaryimage","url":"http:\/\/esponsorama.ad\/wp-content\/uploads\/2019\/05\/03Austin19M3ESPONSORAMA_JOO0876.jpg","contentUrl":"http:\/\/esponsorama.ad\/wp-content\/uploads\/2019\/05\/03Austin19M3ESPONSORAMA_JOO0876.jpg","width":5472,"height":3648,"caption":"03 GP de las Am\u00e9ricas, circuito de COTA, Austin, Texas, USA 11, 12, 13 y 14 de abril de 2019 Motogp, MGP, Mgp, MotoGP"},{"@type":"BreadcrumbList","@id":"http:\/\/esponsorama.ad\/es\/tito-rabat-karel-abraham-afrontan-motivados-la-primera-cita-europea-del-mundial-2\/#breadcrumb","itemListElement":[{"@type":"ListItem","position":1,"name":"Home","item":"http:\/\/esponsorama.ad\/ca\/"},{"@type":"ListItem","position":2,"name":"Tito Rabat y Karel Abraham afrontan motivados la primera cita europea del mundial"}]},{"@type":"WebSite","@id":"http:\/\/esponsorama.ad\/es\/#website","url":"http:\/\/esponsorama.ad\/es\/","name":"Esponsorama","description":"Specialist in motorsport sponsorship and event promotions","potentialAction":[{"@type":"SearchAction","target":{"@type":"EntryPoint","urlTemplate":"http:\/\/esponsorama.ad\/es\/?s={search_term_string}"},"query-input":{"@type":"PropertyValueSpecification","valueRequired":true,"valueName":"search_term_string"}}],"inLanguage":"es"},{"@type":"Person","@id":"http:\/\/esponsorama.ad\/es\/#\/schema\/person\/a5cde74945183d737066e46b61c6f9c4","name":"Xavi Andornet","image":{"@type":"ImageObject","inLanguage":"es","@id":"http:\/\/esponsorama.ad\/es\/#\/schema\/person\/image\/","url":"https:\/\/secure.gravatar.com\/avatar\/f10eaf9ad601244a2357c9fd7cd9805ed166cfaaf76d5d9ab08a9d873e70147a?s=96&d=mm&r=g","contentUrl":"https:\/\/secure.gravatar.com\/avatar\/f10eaf9ad601244a2357c9fd7cd9805ed166cfaaf76d5d9ab08a9d873e70147a?s=96&d=mm&r=g","caption":"Xavi Andornet"},"sameAs":["http:\/\/www.andornet.ad"],"url":"http:\/\/esponsorama.ad\/es\/author\/andornet\/"}]}},"_links":{"self":[{"href":"http:\/\/esponsorama.ad\/es\/wp-json\/wp\/v2\/posts\/14572","targetHints":{"allow":["GET"]}}],"collection":[{"href":"http:\/\/esponsorama.ad\/es\/wp-json\/wp\/v2\/posts"}],"about":[{"href":"http:\/\/esponsorama.ad\/es\/wp-json\/wp\/v2\/types\/post"}],"author":[{"embeddable":true,"href":"http:\/\/esponsorama.ad\/es\/wp-json\/wp\/v2\/users\/6"}],"replies":[{"embeddable":true,"href":"http:\/\/esponsorama.ad\/es\/wp-json\/wp\/v2\/comments?post=14572"}],"version-history":[{"count":0,"href":"http:\/\/esponsorama.ad\/es\/wp-json\/wp\/v2\/posts\/14572\/revisions"}],"wp:featuredmedia":[{"embeddable":true,"href":"http:\/\/esponsorama.ad\/es\/wp-json\/wp\/v2\/media\/14581"}],"wp:attachment":[{"href":"http:\/\/esponsorama.ad\/es\/wp-json\/wp\/v2\/media?parent=14572"}],"wp:term":[{"taxonomy":"category","embeddable":true,"href":"http:\/\/esponsorama.ad\/es\/wp-json\/wp\/v2\/categories?post=14572"},{"taxonomy":"post_tag","embeddable":true,"href":"http:\/\/esponsorama.ad\/es\/wp-json\/wp\/v2\/tags?post=14572"}],"curies":[{"name":"wp","href":"https:\/\/api.w.org\/{rel}","templated":true}]}}