{"id":14586,"date":"2019-05-01T21:34:06","date_gmt":"2019-05-01T19:34:06","guid":{"rendered":"http:\/\/esponsorama.ad\/?p=14586"},"modified":"2019-05-01T21:34:06","modified_gmt":"2019-05-01T19:34:06","slug":"cita-especial-vicente-perez-gp-espana","status":"publish","type":"post","link":"http:\/\/esponsorama.ad\/es\/cita-especial-vicente-perez-gp-espana\/","title":{"rendered":"Cita especial para Vicente P\u00e9rez en el GP de Espa\u00f1a"},"content":{"rendered":"<p>El piloto valenciano de Moto3,\u00a0<strong>Vicente P\u00e9rez<\/strong>\u00a0encara el\u00a0<strong>Gran Premio de Espa\u00f1a<\/strong>\u00a0ilusionado tras un inicio de temporada en\u00a0la que los resultados no acompa\u00f1an al buen rendimiento de P\u00e9rez en los entrenamientos. Con la mirada puesta en la carrera, Vicente espera hacer una buena actuaci\u00f3n en el primer circuito en el que gan\u00f3 y para ello pondr\u00e1 todo su esfuerzo y dedicaci\u00f3n ante una afici\u00f3n volcada con los pilotos espa\u00f1oles.<\/p>\n<p>[pilot id = \u00ab14544\u00bb] \u00bbEl\u00a0<strong>Circuito de Jerez<\/strong>\u00a0es un circuito muy especial para mi ya que es el primer circuito en el que gane en circuito grande. Me gustar\u00eda acabar en el top 10 ya que llevamos unas carreras en las que asomamos la cabeza pero no acabamos de rematar y creo que tenemos bastante potencial para hacerlo. Creo que este fin de semana es una buena oportunidad para poder hacerlo. Trabajar muy fuerte desde el principio, no tener contratiempos y sobretodo disfrutando\u00bb<\/p>\n","protected":false},"excerpt":{"rendered":"<p>El piloto valenciano de Moto3,\u00a0Vicente P\u00e9rez\u00a0encara el\u00a0Gran Premio de Espa\u00f1a\u00a0ilusionado tras un inicio de temporada en\u00a0la que los resultados no acompa\u00f1an al buen rendimiento de P\u00e9rez en los entrenamientos. Con la mirada puesta en la carrera, Vicente espera hacer una buena actuaci\u00f3n en el primer circuito en el que gan\u00f3 y para ello pondr\u00e1 todo [&hellip;]<\/p>\n","protected":false},"author":6,"featured_media":14582,"comment_status":"closed","ping_status":"closed","sticky":false,"template":"","format":"standard","meta":{"footnotes":""},"categories":[12],"tags":[],"class_list":["post-14586","post","type-post","status-publish","format-standard","has-post-thumbnail","hentry","category-moto3"],"yoast_head":"<!-- This site is optimized with the Yoast SEO plugin v27.1.1 - https:\/\/yoast.com\/product\/yoast-seo-wordpress\/ -->\n<title>Cita especial para Vicente P\u00e9rez en el GP de Espa\u00f1a - Esponsorama<\/title>\n<meta name=\"robots\" content=\"index, follow, max-snippet:-1, max-image-preview:large, max-video-preview:-1\" \/>\n<link rel=\"canonical\" href=\"http:\/\/esponsorama.ad\/es\/cita-especial-vicente-perez-gp-espana\/\" \/>\n<meta property=\"og:locale\" content=\"es_ES\" \/>\n<meta property=\"og:type\" content=\"article\" \/>\n<meta property=\"og:title\" content=\"Cita especial para Vicente P\u00e9rez en el GP de Espa\u00f1a - Esponsorama\" \/>\n<meta property=\"og:description\" content=\"El piloto valenciano de Moto3,\u00a0Vicente P\u00e9rez\u00a0encara el\u00a0Gran Premio de Espa\u00f1a\u00a0ilusionado tras un inicio de temporada en\u00a0la que los resultados no acompa\u00f1an al buen rendimiento de P\u00e9rez en los entrenamientos. Con la mirada puesta en la carrera, Vicente espera hacer una buena actuaci\u00f3n en el primer circuito en el que gan\u00f3 y para ello pondr\u00e1 todo [&hellip;]\" \/>\n<meta property=\"og:url\" content=\"http:\/\/esponsorama.ad\/es\/cita-especial-vicente-perez-gp-espana\/\" \/>\n<meta property=\"og:site_name\" content=\"Esponsorama\" \/>\n<meta property=\"article:published_time\" content=\"2019-05-01T19:34:06+00:00\" \/>\n<meta property=\"og:image\" content=\"http:\/\/esponsorama.ad\/wp-content\/uploads\/2019\/05\/03Austin19M3ESPONSORAMA_TIN2942-1024x683.jpg\" \/>\n\t<meta property=\"og:image:width\" content=\"1024\" \/>\n\t<meta property=\"og:image:height\" content=\"683\" \/>\n\t<meta property=\"og:image:type\" content=\"image\/jpeg\" \/>\n<meta name=\"author\" content=\"Xavi Andornet\" \/>\n<meta name=\"twitter:card\" content=\"summary_large_image\" \/>\n<meta name=\"twitter:label1\" content=\"Escrito por\" \/>\n\t<meta name=\"twitter:data1\" content=\"Xavi Andornet\" \/>\n\t<meta name=\"twitter:label2\" content=\"Tiempo de lectura\" \/>\n\t<meta name=\"twitter:data2\" content=\"1 minuto\" \/>\n<script type=\"application\/ld+json\" class=\"yoast-schema-graph\">{\"@context\":\"https:\/\/schema.org\",\"@graph\":[{\"@type\":\"Article\",\"@id\":\"http:\/\/esponsorama.ad\/es\/cita-especial-vicente-perez-gp-espana\/#article\",\"isPartOf\":{\"@id\":\"http:\/\/esponsorama.ad\/es\/cita-especial-vicente-perez-gp-espana\/\"},\"author\":{\"name\":\"Xavi Andornet\",\"@id\":\"http:\/\/esponsorama.ad\/es\/#\/schema\/person\/a5cde74945183d737066e46b61c6f9c4\"},\"headline\":\"Cita especial para Vicente P\u00e9rez en el GP de Espa\u00f1a\",\"datePublished\":\"2019-05-01T19:34:06+00:00\",\"mainEntityOfPage\":{\"@id\":\"http:\/\/esponsorama.ad\/es\/cita-especial-vicente-perez-gp-espana\/\"},\"wordCount\":174,\"image\":{\"@id\":\"http:\/\/esponsorama.ad\/es\/cita-especial-vicente-perez-gp-espana\/#primaryimage\"},\"thumbnailUrl\":\"http:\/\/esponsorama.ad\/wp-content\/uploads\/2019\/05\/03Austin19M3ESPONSORAMA_TIN2942.jpg\",\"articleSection\":[\"Moto3\"],\"inLanguage\":\"es\"},{\"@type\":\"WebPage\",\"@id\":\"http:\/\/esponsorama.ad\/es\/cita-especial-vicente-perez-gp-espana\/\",\"url\":\"http:\/\/esponsorama.ad\/es\/cita-especial-vicente-perez-gp-espana\/\",\"name\":\"Cita especial para Vicente P\u00e9rez en el GP de Espa\u00f1a - Esponsorama\",\"isPartOf\":{\"@id\":\"http:\/\/esponsorama.ad\/es\/#website\"},\"primaryImageOfPage\":{\"@id\":\"http:\/\/esponsorama.ad\/es\/cita-especial-vicente-perez-gp-espana\/#primaryimage\"},\"image\":{\"@id\":\"http:\/\/esponsorama.ad\/es\/cita-especial-vicente-perez-gp-espana\/#primaryimage\"},\"thumbnailUrl\":\"http:\/\/esponsorama.ad\/wp-content\/uploads\/2019\/05\/03Austin19M3ESPONSORAMA_TIN2942.jpg\",\"datePublished\":\"2019-05-01T19:34:06+00:00\",\"author\":{\"@id\":\"http:\/\/esponsorama.ad\/es\/#\/schema\/person\/a5cde74945183d737066e46b61c6f9c4\"},\"breadcrumb\":{\"@id\":\"http:\/\/esponsorama.ad\/es\/cita-especial-vicente-perez-gp-espana\/#breadcrumb\"},\"inLanguage\":\"es\",\"potentialAction\":[{\"@type\":\"ReadAction\",\"target\":[\"http:\/\/esponsorama.ad\/es\/cita-especial-vicente-perez-gp-espana\/\"]}]},{\"@type\":\"ImageObject\",\"inLanguage\":\"es\",\"@id\":\"http:\/\/esponsorama.ad\/es\/cita-especial-vicente-perez-gp-espana\/#primaryimage\",\"url\":\"http:\/\/esponsorama.ad\/wp-content\/uploads\/2019\/05\/03Austin19M3ESPONSORAMA_TIN2942.jpg\",\"contentUrl\":\"http:\/\/esponsorama.ad\/wp-content\/uploads\/2019\/05\/03Austin19M3ESPONSORAMA_TIN2942.jpg\",\"width\":5472,\"height\":3648,\"caption\":\"03 GP de las Am\u00e9ricas, circuito de COTA, Austin, Texas, USA 11, 12, 13 y 14 de abril de 2019 Motogp, MGP, Mgp, MotoGP\"},{\"@type\":\"BreadcrumbList\",\"@id\":\"http:\/\/esponsorama.ad\/es\/cita-especial-vicente-perez-gp-espana\/#breadcrumb\",\"itemListElement\":[{\"@type\":\"ListItem\",\"position\":1,\"name\":\"Home\",\"item\":\"http:\/\/esponsorama.ad\/en\/\"},{\"@type\":\"ListItem\",\"position\":2,\"name\":\"Cita especial para Vicente P\u00e9rez en el GP de Espa\u00f1a\"}]},{\"@type\":\"WebSite\",\"@id\":\"http:\/\/esponsorama.ad\/es\/#website\",\"url\":\"http:\/\/esponsorama.ad\/es\/\",\"name\":\"Esponsorama\",\"description\":\"Specialist in motorsport sponsorship and event promotions\",\"potentialAction\":[{\"@type\":\"SearchAction\",\"target\":{\"@type\":\"EntryPoint\",\"urlTemplate\":\"http:\/\/esponsorama.ad\/es\/?s={search_term_string}\"},\"query-input\":{\"@type\":\"PropertyValueSpecification\",\"valueRequired\":true,\"valueName\":\"search_term_string\"}}],\"inLanguage\":\"es\"},{\"@type\":\"Person\",\"@id\":\"http:\/\/esponsorama.ad\/es\/#\/schema\/person\/a5cde74945183d737066e46b61c6f9c4\",\"name\":\"Xavi Andornet\",\"image\":{\"@type\":\"ImageObject\",\"inLanguage\":\"es\",\"@id\":\"http:\/\/esponsorama.ad\/es\/#\/schema\/person\/image\/\",\"url\":\"https:\/\/secure.gravatar.com\/avatar\/f10eaf9ad601244a2357c9fd7cd9805ed166cfaaf76d5d9ab08a9d873e70147a?s=96&d=mm&r=g\",\"contentUrl\":\"https:\/\/secure.gravatar.com\/avatar\/f10eaf9ad601244a2357c9fd7cd9805ed166cfaaf76d5d9ab08a9d873e70147a?s=96&d=mm&r=g\",\"caption\":\"Xavi Andornet\"},\"sameAs\":[\"http:\/\/www.andornet.ad\"],\"url\":\"http:\/\/esponsorama.ad\/es\/author\/andornet\/\"}]}<\/script>\n<!-- \/ Yoast SEO plugin. -->","yoast_head_json":{"title":"Cita especial para Vicente P\u00e9rez en el GP de Espa\u00f1a - Esponsorama","robots":{"index":"index","follow":"follow","max-snippet":"max-snippet:-1","max-image-preview":"max-image-preview:large","max-video-preview":"max-video-preview:-1"},"canonical":"http:\/\/esponsorama.ad\/es\/cita-especial-vicente-perez-gp-espana\/","og_locale":"es_ES","og_type":"article","og_title":"Cita especial para Vicente P\u00e9rez en el GP de Espa\u00f1a - Esponsorama","og_description":"El piloto valenciano de Moto3,\u00a0Vicente P\u00e9rez\u00a0encara el\u00a0Gran Premio de Espa\u00f1a\u00a0ilusionado tras un inicio de temporada en\u00a0la que los resultados no acompa\u00f1an al buen rendimiento de P\u00e9rez en los entrenamientos. Con la mirada puesta en la carrera, Vicente espera hacer una buena actuaci\u00f3n en el primer circuito en el que gan\u00f3 y para ello pondr\u00e1 todo [&hellip;]","og_url":"http:\/\/esponsorama.ad\/es\/cita-especial-vicente-perez-gp-espana\/","og_site_name":"Esponsorama","article_published_time":"2019-05-01T19:34:06+00:00","og_image":[{"width":1024,"height":683,"url":"http:\/\/esponsorama.ad\/wp-content\/uploads\/2019\/05\/03Austin19M3ESPONSORAMA_TIN2942-1024x683.jpg","type":"image\/jpeg"}],"author":"Xavi Andornet","twitter_card":"summary_large_image","twitter_misc":{"Escrito por":"Xavi Andornet","Tiempo de lectura":"1 minuto"},"schema":{"@context":"https:\/\/schema.org","@graph":[{"@type":"Article","@id":"http:\/\/esponsorama.ad\/es\/cita-especial-vicente-perez-gp-espana\/#article","isPartOf":{"@id":"http:\/\/esponsorama.ad\/es\/cita-especial-vicente-perez-gp-espana\/"},"author":{"name":"Xavi Andornet","@id":"http:\/\/esponsorama.ad\/es\/#\/schema\/person\/a5cde74945183d737066e46b61c6f9c4"},"headline":"Cita especial para Vicente P\u00e9rez en el GP de Espa\u00f1a","datePublished":"2019-05-01T19:34:06+00:00","mainEntityOfPage":{"@id":"http:\/\/esponsorama.ad\/es\/cita-especial-vicente-perez-gp-espana\/"},"wordCount":174,"image":{"@id":"http:\/\/esponsorama.ad\/es\/cita-especial-vicente-perez-gp-espana\/#primaryimage"},"thumbnailUrl":"http:\/\/esponsorama.ad\/wp-content\/uploads\/2019\/05\/03Austin19M3ESPONSORAMA_TIN2942.jpg","articleSection":["Moto3"],"inLanguage":"es"},{"@type":"WebPage","@id":"http:\/\/esponsorama.ad\/es\/cita-especial-vicente-perez-gp-espana\/","url":"http:\/\/esponsorama.ad\/es\/cita-especial-vicente-perez-gp-espana\/","name":"Cita especial para Vicente P\u00e9rez en el GP de Espa\u00f1a - Esponsorama","isPartOf":{"@id":"http:\/\/esponsorama.ad\/es\/#website"},"primaryImageOfPage":{"@id":"http:\/\/esponsorama.ad\/es\/cita-especial-vicente-perez-gp-espana\/#primaryimage"},"image":{"@id":"http:\/\/esponsorama.ad\/es\/cita-especial-vicente-perez-gp-espana\/#primaryimage"},"thumbnailUrl":"http:\/\/esponsorama.ad\/wp-content\/uploads\/2019\/05\/03Austin19M3ESPONSORAMA_TIN2942.jpg","datePublished":"2019-05-01T19:34:06+00:00","author":{"@id":"http:\/\/esponsorama.ad\/es\/#\/schema\/person\/a5cde74945183d737066e46b61c6f9c4"},"breadcrumb":{"@id":"http:\/\/esponsorama.ad\/es\/cita-especial-vicente-perez-gp-espana\/#breadcrumb"},"inLanguage":"es","potentialAction":[{"@type":"ReadAction","target":["http:\/\/esponsorama.ad\/es\/cita-especial-vicente-perez-gp-espana\/"]}]},{"@type":"ImageObject","inLanguage":"es","@id":"http:\/\/esponsorama.ad\/es\/cita-especial-vicente-perez-gp-espana\/#primaryimage","url":"http:\/\/esponsorama.ad\/wp-content\/uploads\/2019\/05\/03Austin19M3ESPONSORAMA_TIN2942.jpg","contentUrl":"http:\/\/esponsorama.ad\/wp-content\/uploads\/2019\/05\/03Austin19M3ESPONSORAMA_TIN2942.jpg","width":5472,"height":3648,"caption":"03 GP de las Am\u00e9ricas, circuito de COTA, Austin, Texas, USA 11, 12, 13 y 14 de abril de 2019 Motogp, MGP, Mgp, MotoGP"},{"@type":"BreadcrumbList","@id":"http:\/\/esponsorama.ad\/es\/cita-especial-vicente-perez-gp-espana\/#breadcrumb","itemListElement":[{"@type":"ListItem","position":1,"name":"Home","item":"http:\/\/esponsorama.ad\/en\/"},{"@type":"ListItem","position":2,"name":"Cita especial para Vicente P\u00e9rez en el GP de Espa\u00f1a"}]},{"@type":"WebSite","@id":"http:\/\/esponsorama.ad\/es\/#website","url":"http:\/\/esponsorama.ad\/es\/","name":"Esponsorama","description":"Specialist in motorsport sponsorship and event promotions","potentialAction":[{"@type":"SearchAction","target":{"@type":"EntryPoint","urlTemplate":"http:\/\/esponsorama.ad\/es\/?s={search_term_string}"},"query-input":{"@type":"PropertyValueSpecification","valueRequired":true,"valueName":"search_term_string"}}],"inLanguage":"es"},{"@type":"Person","@id":"http:\/\/esponsorama.ad\/es\/#\/schema\/person\/a5cde74945183d737066e46b61c6f9c4","name":"Xavi Andornet","image":{"@type":"ImageObject","inLanguage":"es","@id":"http:\/\/esponsorama.ad\/es\/#\/schema\/person\/image\/","url":"https:\/\/secure.gravatar.com\/avatar\/f10eaf9ad601244a2357c9fd7cd9805ed166cfaaf76d5d9ab08a9d873e70147a?s=96&d=mm&r=g","contentUrl":"https:\/\/secure.gravatar.com\/avatar\/f10eaf9ad601244a2357c9fd7cd9805ed166cfaaf76d5d9ab08a9d873e70147a?s=96&d=mm&r=g","caption":"Xavi Andornet"},"sameAs":["http:\/\/www.andornet.ad"],"url":"http:\/\/esponsorama.ad\/es\/author\/andornet\/"}]}},"_links":{"self":[{"href":"http:\/\/esponsorama.ad\/es\/wp-json\/wp\/v2\/posts\/14586","targetHints":{"allow":["GET"]}}],"collection":[{"href":"http:\/\/esponsorama.ad\/es\/wp-json\/wp\/v2\/posts"}],"about":[{"href":"http:\/\/esponsorama.ad\/es\/wp-json\/wp\/v2\/types\/post"}],"author":[{"embeddable":true,"href":"http:\/\/esponsorama.ad\/es\/wp-json\/wp\/v2\/users\/6"}],"replies":[{"embeddable":true,"href":"http:\/\/esponsorama.ad\/es\/wp-json\/wp\/v2\/comments?post=14586"}],"version-history":[{"count":0,"href":"http:\/\/esponsorama.ad\/es\/wp-json\/wp\/v2\/posts\/14586\/revisions"}],"wp:featuredmedia":[{"embeddable":true,"href":"http:\/\/esponsorama.ad\/es\/wp-json\/wp\/v2\/media\/14582"}],"wp:attachment":[{"href":"http:\/\/esponsorama.ad\/es\/wp-json\/wp\/v2\/media?parent=14586"}],"wp:term":[{"taxonomy":"category","embeddable":true,"href":"http:\/\/esponsorama.ad\/es\/wp-json\/wp\/v2\/categories?post=14586"},{"taxonomy":"post_tag","embeddable":true,"href":"http:\/\/esponsorama.ad\/es\/wp-json\/wp\/v2\/tags?post=14586"}],"curies":[{"name":"wp","href":"https:\/\/api.w.org\/{rel}","templated":true}]}}