{"id":14598,"date":"2019-05-05T20:20:01","date_gmt":"2019-05-05T18:20:01","guid":{"rendered":"http:\/\/esponsorama.ad\/?p=14598"},"modified":"2019-05-05T20:20:01","modified_gmt":"2019-05-05T18:20:01","slug":"los-problemas-los-neumaticos-acaban-las-aspiraciones-vicente-perez","status":"publish","type":"post","link":"http:\/\/esponsorama.ad\/es\/los-problemas-los-neumaticos-acaban-las-aspiraciones-vicente-perez\/","title":{"rendered":"Los problemas con los neum\u00e1ticos acaban con las aspiraciones de Vicente P\u00e9rez"},"content":{"rendered":"<p>El piloto valenciano, <strong>Vicente P\u00e9rez<\/strong> sal\u00eda desde la\u00a029\u00ba posici\u00f3n\u00a0motivado tras un Warm Up incre\u00edble coloc\u00e1ndose 6\u00ba en los entrenamientos matinales. Con la satisfacci\u00f3n del trabajo bien hecho y con opciones a mejorar en carrera el resultado de los clasificados, Vicente comenzaba la carrera dispuesto a remontar y marcar un buen resultado. Pero las aspiraciones de P\u00e9rez se han visto frustradas por problemas en los neum\u00e1ticos. Tras una carrera de supervivencia ante la <strong>afici\u00f3n espa\u00f1ola<\/strong>, Vicente P\u00e9rez solo ha podido acabar 20\u00ba tras luchar por finalizar dentro de los mejores<\/p>\n<p>\u00a0\u2018Ha sido un fin de semana bastante dif\u00edcil. No hemos encontrado el camino pero en el Warm Up el equipo ha hecho un gran trabajo. Hemos encontrado mejoras en la parte delantera de la moto que me han hecho encontrar el feeling y he podido terminar 6\u00ba en el Warm Up con muy buen ritmo. En carrera hemos tenido un problema con el neum\u00e1tico y no hemos podido rematar el buen trabajo que hab\u00edamos hecho en el Warm Up. Volveremos mas fuertes en Le Mans\u2019<span class=\"Apple-converted-space\">\u00a0<\/span><\/p>\n<p>&nbsp;<\/p>\n<p>&nbsp;<\/p>\n<p>&nbsp;<\/p>\n<p>&nbsp;<\/p>\n","protected":false},"excerpt":{"rendered":"<p>El piloto valenciano, Vicente P\u00e9rez sal\u00eda desde la\u00a029\u00ba posici\u00f3n\u00a0motivado tras un Warm Up incre\u00edble coloc\u00e1ndose 6\u00ba en los entrenamientos matinales. Con la satisfacci\u00f3n del trabajo bien hecho y con opciones a mejorar en carrera el resultado de los clasificados, Vicente comenzaba la carrera dispuesto a remontar y marcar un buen resultado. Pero las aspiraciones de [&hellip;]<\/p>\n","protected":false},"author":6,"featured_media":14608,"comment_status":"closed","ping_status":"closed","sticky":false,"template":"","format":"standard","meta":{"footnotes":""},"categories":[12],"tags":[35,34,27,13],"class_list":["post-14598","post","type-post","status-publish","format-standard","has-post-thumbnail","hentry","category-moto3","tag-espanagp","tag-jerezgp","tag-moto3","tag-motogp"],"yoast_head":"<!-- This site is optimized with the Yoast SEO plugin v27.1.1 - https:\/\/yoast.com\/product\/yoast-seo-wordpress\/ -->\n<title>Los problemas con los neum\u00e1ticos acaban con las aspiraciones de Vicente P\u00e9rez - Esponsorama<\/title>\n<meta name=\"robots\" content=\"index, follow, max-snippet:-1, max-image-preview:large, max-video-preview:-1\" \/>\n<link rel=\"canonical\" href=\"http:\/\/esponsorama.ad\/es\/los-problemas-los-neumaticos-acaban-las-aspiraciones-vicente-perez\/\" \/>\n<meta property=\"og:locale\" content=\"es_ES\" \/>\n<meta property=\"og:type\" content=\"article\" \/>\n<meta property=\"og:title\" content=\"Los problemas con los neum\u00e1ticos acaban con las aspiraciones de Vicente P\u00e9rez - Esponsorama\" \/>\n<meta property=\"og:description\" content=\"El piloto valenciano, Vicente P\u00e9rez sal\u00eda desde la\u00a029\u00ba posici\u00f3n\u00a0motivado tras un Warm Up incre\u00edble coloc\u00e1ndose 6\u00ba en los entrenamientos matinales. Con la satisfacci\u00f3n del trabajo bien hecho y con opciones a mejorar en carrera el resultado de los clasificados, Vicente comenzaba la carrera dispuesto a remontar y marcar un buen resultado. Pero las aspiraciones de [&hellip;]\" \/>\n<meta property=\"og:url\" content=\"http:\/\/esponsorama.ad\/es\/los-problemas-los-neumaticos-acaban-las-aspiraciones-vicente-perez\/\" \/>\n<meta property=\"og:site_name\" content=\"Esponsorama\" \/>\n<meta property=\"article:published_time\" content=\"2019-05-05T18:20:01+00:00\" \/>\n<meta property=\"og:image\" content=\"http:\/\/esponsorama.ad\/wp-content\/uploads\/2019\/05\/04Jerez19M3ESPONSORAMA_JOC3865-1024x683.jpg\" \/>\n\t<meta property=\"og:image:width\" content=\"1024\" \/>\n\t<meta property=\"og:image:height\" content=\"683\" \/>\n\t<meta property=\"og:image:type\" content=\"image\/jpeg\" \/>\n<meta name=\"author\" content=\"Xavi Andornet\" \/>\n<meta name=\"twitter:card\" content=\"summary_large_image\" \/>\n<meta name=\"twitter:label1\" content=\"Escrito por\" \/>\n\t<meta name=\"twitter:data1\" content=\"Xavi Andornet\" \/>\n\t<meta name=\"twitter:label2\" content=\"Tiempo de lectura\" \/>\n\t<meta name=\"twitter:data2\" content=\"1 minuto\" \/>\n<script type=\"application\/ld+json\" class=\"yoast-schema-graph\">{\"@context\":\"https:\/\/schema.org\",\"@graph\":[{\"@type\":\"Article\",\"@id\":\"http:\/\/esponsorama.ad\/es\/los-problemas-los-neumaticos-acaban-las-aspiraciones-vicente-perez\/#article\",\"isPartOf\":{\"@id\":\"http:\/\/esponsorama.ad\/es\/los-problemas-los-neumaticos-acaban-las-aspiraciones-vicente-perez\/\"},\"author\":{\"name\":\"Xavi Andornet\",\"@id\":\"http:\/\/esponsorama.ad\/es\/#\/schema\/person\/a5cde74945183d737066e46b61c6f9c4\"},\"headline\":\"Los problemas con los neum\u00e1ticos acaban con las aspiraciones de Vicente P\u00e9rez\",\"datePublished\":\"2019-05-05T18:20:01+00:00\",\"mainEntityOfPage\":{\"@id\":\"http:\/\/esponsorama.ad\/es\/los-problemas-los-neumaticos-acaban-las-aspiraciones-vicente-perez\/\"},\"wordCount\":207,\"image\":{\"@id\":\"http:\/\/esponsorama.ad\/es\/los-problemas-los-neumaticos-acaban-las-aspiraciones-vicente-perez\/#primaryimage\"},\"thumbnailUrl\":\"http:\/\/esponsorama.ad\/wp-content\/uploads\/2019\/05\/04Jerez19M3ESPONSORAMA_JOC3865.jpg\",\"keywords\":[\"espa\u00f1agp\",\"jerezgp\",\"moto3\",\"MotoGP\"],\"articleSection\":[\"Moto3\"],\"inLanguage\":\"es\"},{\"@type\":\"WebPage\",\"@id\":\"http:\/\/esponsorama.ad\/es\/los-problemas-los-neumaticos-acaban-las-aspiraciones-vicente-perez\/\",\"url\":\"http:\/\/esponsorama.ad\/es\/los-problemas-los-neumaticos-acaban-las-aspiraciones-vicente-perez\/\",\"name\":\"Los problemas con los neum\u00e1ticos acaban con las aspiraciones de Vicente P\u00e9rez - Esponsorama\",\"isPartOf\":{\"@id\":\"http:\/\/esponsorama.ad\/es\/#website\"},\"primaryImageOfPage\":{\"@id\":\"http:\/\/esponsorama.ad\/es\/los-problemas-los-neumaticos-acaban-las-aspiraciones-vicente-perez\/#primaryimage\"},\"image\":{\"@id\":\"http:\/\/esponsorama.ad\/es\/los-problemas-los-neumaticos-acaban-las-aspiraciones-vicente-perez\/#primaryimage\"},\"thumbnailUrl\":\"http:\/\/esponsorama.ad\/wp-content\/uploads\/2019\/05\/04Jerez19M3ESPONSORAMA_JOC3865.jpg\",\"datePublished\":\"2019-05-05T18:20:01+00:00\",\"author\":{\"@id\":\"http:\/\/esponsorama.ad\/es\/#\/schema\/person\/a5cde74945183d737066e46b61c6f9c4\"},\"breadcrumb\":{\"@id\":\"http:\/\/esponsorama.ad\/es\/los-problemas-los-neumaticos-acaban-las-aspiraciones-vicente-perez\/#breadcrumb\"},\"inLanguage\":\"es\",\"potentialAction\":[{\"@type\":\"ReadAction\",\"target\":[\"http:\/\/esponsorama.ad\/es\/los-problemas-los-neumaticos-acaban-las-aspiraciones-vicente-perez\/\"]}]},{\"@type\":\"ImageObject\",\"inLanguage\":\"es\",\"@id\":\"http:\/\/esponsorama.ad\/es\/los-problemas-los-neumaticos-acaban-las-aspiraciones-vicente-perez\/#primaryimage\",\"url\":\"http:\/\/esponsorama.ad\/wp-content\/uploads\/2019\/05\/04Jerez19M3ESPONSORAMA_JOC3865.jpg\",\"contentUrl\":\"http:\/\/esponsorama.ad\/wp-content\/uploads\/2019\/05\/04Jerez19M3ESPONSORAMA_JOC3865.jpg\",\"width\":5472,\"height\":3648,\"caption\":\"Texto de ejemplo\"},{\"@type\":\"BreadcrumbList\",\"@id\":\"http:\/\/esponsorama.ad\/es\/los-problemas-los-neumaticos-acaban-las-aspiraciones-vicente-perez\/#breadcrumb\",\"itemListElement\":[{\"@type\":\"ListItem\",\"position\":1,\"name\":\"Home\",\"item\":\"http:\/\/esponsorama.ad\/es\/\"},{\"@type\":\"ListItem\",\"position\":2,\"name\":\"Los problemas con los neum\u00e1ticos acaban con las aspiraciones de Vicente P\u00e9rez\"}]},{\"@type\":\"WebSite\",\"@id\":\"http:\/\/esponsorama.ad\/es\/#website\",\"url\":\"http:\/\/esponsorama.ad\/es\/\",\"name\":\"Esponsorama\",\"description\":\"Specialist in motorsport sponsorship and event promotions\",\"potentialAction\":[{\"@type\":\"SearchAction\",\"target\":{\"@type\":\"EntryPoint\",\"urlTemplate\":\"http:\/\/esponsorama.ad\/es\/?s={search_term_string}\"},\"query-input\":{\"@type\":\"PropertyValueSpecification\",\"valueRequired\":true,\"valueName\":\"search_term_string\"}}],\"inLanguage\":\"es\"},{\"@type\":\"Person\",\"@id\":\"http:\/\/esponsorama.ad\/es\/#\/schema\/person\/a5cde74945183d737066e46b61c6f9c4\",\"name\":\"Xavi Andornet\",\"image\":{\"@type\":\"ImageObject\",\"inLanguage\":\"es\",\"@id\":\"http:\/\/esponsorama.ad\/es\/#\/schema\/person\/image\/\",\"url\":\"https:\/\/secure.gravatar.com\/avatar\/f10eaf9ad601244a2357c9fd7cd9805ed166cfaaf76d5d9ab08a9d873e70147a?s=96&d=mm&r=g\",\"contentUrl\":\"https:\/\/secure.gravatar.com\/avatar\/f10eaf9ad601244a2357c9fd7cd9805ed166cfaaf76d5d9ab08a9d873e70147a?s=96&d=mm&r=g\",\"caption\":\"Xavi Andornet\"},\"sameAs\":[\"http:\/\/www.andornet.ad\"],\"url\":\"http:\/\/esponsorama.ad\/es\/author\/andornet\/\"}]}<\/script>\n<!-- \/ Yoast SEO plugin. -->","yoast_head_json":{"title":"Los problemas con los neum\u00e1ticos acaban con las aspiraciones de Vicente P\u00e9rez - Esponsorama","robots":{"index":"index","follow":"follow","max-snippet":"max-snippet:-1","max-image-preview":"max-image-preview:large","max-video-preview":"max-video-preview:-1"},"canonical":"http:\/\/esponsorama.ad\/es\/los-problemas-los-neumaticos-acaban-las-aspiraciones-vicente-perez\/","og_locale":"es_ES","og_type":"article","og_title":"Los problemas con los neum\u00e1ticos acaban con las aspiraciones de Vicente P\u00e9rez - Esponsorama","og_description":"El piloto valenciano, Vicente P\u00e9rez sal\u00eda desde la\u00a029\u00ba posici\u00f3n\u00a0motivado tras un Warm Up incre\u00edble coloc\u00e1ndose 6\u00ba en los entrenamientos matinales. Con la satisfacci\u00f3n del trabajo bien hecho y con opciones a mejorar en carrera el resultado de los clasificados, Vicente comenzaba la carrera dispuesto a remontar y marcar un buen resultado. Pero las aspiraciones de [&hellip;]","og_url":"http:\/\/esponsorama.ad\/es\/los-problemas-los-neumaticos-acaban-las-aspiraciones-vicente-perez\/","og_site_name":"Esponsorama","article_published_time":"2019-05-05T18:20:01+00:00","og_image":[{"width":1024,"height":683,"url":"http:\/\/esponsorama.ad\/wp-content\/uploads\/2019\/05\/04Jerez19M3ESPONSORAMA_JOC3865-1024x683.jpg","type":"image\/jpeg"}],"author":"Xavi Andornet","twitter_card":"summary_large_image","twitter_misc":{"Escrito por":"Xavi Andornet","Tiempo de lectura":"1 minuto"},"schema":{"@context":"https:\/\/schema.org","@graph":[{"@type":"Article","@id":"http:\/\/esponsorama.ad\/es\/los-problemas-los-neumaticos-acaban-las-aspiraciones-vicente-perez\/#article","isPartOf":{"@id":"http:\/\/esponsorama.ad\/es\/los-problemas-los-neumaticos-acaban-las-aspiraciones-vicente-perez\/"},"author":{"name":"Xavi Andornet","@id":"http:\/\/esponsorama.ad\/es\/#\/schema\/person\/a5cde74945183d737066e46b61c6f9c4"},"headline":"Los problemas con los neum\u00e1ticos acaban con las aspiraciones de Vicente P\u00e9rez","datePublished":"2019-05-05T18:20:01+00:00","mainEntityOfPage":{"@id":"http:\/\/esponsorama.ad\/es\/los-problemas-los-neumaticos-acaban-las-aspiraciones-vicente-perez\/"},"wordCount":207,"image":{"@id":"http:\/\/esponsorama.ad\/es\/los-problemas-los-neumaticos-acaban-las-aspiraciones-vicente-perez\/#primaryimage"},"thumbnailUrl":"http:\/\/esponsorama.ad\/wp-content\/uploads\/2019\/05\/04Jerez19M3ESPONSORAMA_JOC3865.jpg","keywords":["espa\u00f1agp","jerezgp","moto3","MotoGP"],"articleSection":["Moto3"],"inLanguage":"es"},{"@type":"WebPage","@id":"http:\/\/esponsorama.ad\/es\/los-problemas-los-neumaticos-acaban-las-aspiraciones-vicente-perez\/","url":"http:\/\/esponsorama.ad\/es\/los-problemas-los-neumaticos-acaban-las-aspiraciones-vicente-perez\/","name":"Los problemas con los neum\u00e1ticos acaban con las aspiraciones de Vicente P\u00e9rez - Esponsorama","isPartOf":{"@id":"http:\/\/esponsorama.ad\/es\/#website"},"primaryImageOfPage":{"@id":"http:\/\/esponsorama.ad\/es\/los-problemas-los-neumaticos-acaban-las-aspiraciones-vicente-perez\/#primaryimage"},"image":{"@id":"http:\/\/esponsorama.ad\/es\/los-problemas-los-neumaticos-acaban-las-aspiraciones-vicente-perez\/#primaryimage"},"thumbnailUrl":"http:\/\/esponsorama.ad\/wp-content\/uploads\/2019\/05\/04Jerez19M3ESPONSORAMA_JOC3865.jpg","datePublished":"2019-05-05T18:20:01+00:00","author":{"@id":"http:\/\/esponsorama.ad\/es\/#\/schema\/person\/a5cde74945183d737066e46b61c6f9c4"},"breadcrumb":{"@id":"http:\/\/esponsorama.ad\/es\/los-problemas-los-neumaticos-acaban-las-aspiraciones-vicente-perez\/#breadcrumb"},"inLanguage":"es","potentialAction":[{"@type":"ReadAction","target":["http:\/\/esponsorama.ad\/es\/los-problemas-los-neumaticos-acaban-las-aspiraciones-vicente-perez\/"]}]},{"@type":"ImageObject","inLanguage":"es","@id":"http:\/\/esponsorama.ad\/es\/los-problemas-los-neumaticos-acaban-las-aspiraciones-vicente-perez\/#primaryimage","url":"http:\/\/esponsorama.ad\/wp-content\/uploads\/2019\/05\/04Jerez19M3ESPONSORAMA_JOC3865.jpg","contentUrl":"http:\/\/esponsorama.ad\/wp-content\/uploads\/2019\/05\/04Jerez19M3ESPONSORAMA_JOC3865.jpg","width":5472,"height":3648,"caption":"Texto de ejemplo"},{"@type":"BreadcrumbList","@id":"http:\/\/esponsorama.ad\/es\/los-problemas-los-neumaticos-acaban-las-aspiraciones-vicente-perez\/#breadcrumb","itemListElement":[{"@type":"ListItem","position":1,"name":"Home","item":"http:\/\/esponsorama.ad\/es\/"},{"@type":"ListItem","position":2,"name":"Los problemas con los neum\u00e1ticos acaban con las aspiraciones de Vicente P\u00e9rez"}]},{"@type":"WebSite","@id":"http:\/\/esponsorama.ad\/es\/#website","url":"http:\/\/esponsorama.ad\/es\/","name":"Esponsorama","description":"Specialist in motorsport sponsorship and event promotions","potentialAction":[{"@type":"SearchAction","target":{"@type":"EntryPoint","urlTemplate":"http:\/\/esponsorama.ad\/es\/?s={search_term_string}"},"query-input":{"@type":"PropertyValueSpecification","valueRequired":true,"valueName":"search_term_string"}}],"inLanguage":"es"},{"@type":"Person","@id":"http:\/\/esponsorama.ad\/es\/#\/schema\/person\/a5cde74945183d737066e46b61c6f9c4","name":"Xavi Andornet","image":{"@type":"ImageObject","inLanguage":"es","@id":"http:\/\/esponsorama.ad\/es\/#\/schema\/person\/image\/","url":"https:\/\/secure.gravatar.com\/avatar\/f10eaf9ad601244a2357c9fd7cd9805ed166cfaaf76d5d9ab08a9d873e70147a?s=96&d=mm&r=g","contentUrl":"https:\/\/secure.gravatar.com\/avatar\/f10eaf9ad601244a2357c9fd7cd9805ed166cfaaf76d5d9ab08a9d873e70147a?s=96&d=mm&r=g","caption":"Xavi Andornet"},"sameAs":["http:\/\/www.andornet.ad"],"url":"http:\/\/esponsorama.ad\/es\/author\/andornet\/"}]}},"_links":{"self":[{"href":"http:\/\/esponsorama.ad\/es\/wp-json\/wp\/v2\/posts\/14598","targetHints":{"allow":["GET"]}}],"collection":[{"href":"http:\/\/esponsorama.ad\/es\/wp-json\/wp\/v2\/posts"}],"about":[{"href":"http:\/\/esponsorama.ad\/es\/wp-json\/wp\/v2\/types\/post"}],"author":[{"embeddable":true,"href":"http:\/\/esponsorama.ad\/es\/wp-json\/wp\/v2\/users\/6"}],"replies":[{"embeddable":true,"href":"http:\/\/esponsorama.ad\/es\/wp-json\/wp\/v2\/comments?post=14598"}],"version-history":[{"count":0,"href":"http:\/\/esponsorama.ad\/es\/wp-json\/wp\/v2\/posts\/14598\/revisions"}],"wp:featuredmedia":[{"embeddable":true,"href":"http:\/\/esponsorama.ad\/es\/wp-json\/wp\/v2\/media\/14608"}],"wp:attachment":[{"href":"http:\/\/esponsorama.ad\/es\/wp-json\/wp\/v2\/media?parent=14598"}],"wp:term":[{"taxonomy":"category","embeddable":true,"href":"http:\/\/esponsorama.ad\/es\/wp-json\/wp\/v2\/categories?post=14598"},{"taxonomy":"post_tag","embeddable":true,"href":"http:\/\/esponsorama.ad\/es\/wp-json\/wp\/v2\/tags?post=14598"}],"curies":[{"name":"wp","href":"https:\/\/api.w.org\/{rel}","templated":true}]}}