{"id":14602,"date":"2019-05-05T21:09:30","date_gmt":"2019-05-05T19:09:30","guid":{"rendered":"http:\/\/esponsorama.ad\/?p=14602"},"modified":"2019-05-05T21:11:39","modified_gmt":"2019-05-05T19:11:39","slug":"tito-consigue-salvar-punto-gp-espana","status":"publish","type":"post","link":"http:\/\/esponsorama.ad\/es\/tito-consigue-salvar-punto-gp-espana\/","title":{"rendered":"Tito consigue salvar un punto en el GP de Espa\u00f1a"},"content":{"rendered":"<p>El Gran Premio de Espa\u00f1a en Jerez vuelve a dejar a los pilotos del Reale Avintia con la miel en los labios.\u00a0A pesar de que Tito Rabat ha conseguido entrar en la zona de puntos quedando 15\u00ba, su compa\u00f1ero Karel Abraham se ha vuelto a quedar a las puertas, entrando por detr\u00e1s de Rabat.<\/p>\n<p>El Gran Premio de Espa\u00f1a comenzaba para los pilotos con el claro objetivo de conseguir la mejor puesta a punto de sus Ducatis. A pesar del incansable esfuerzo del espa\u00f1ol Tito Rabat y del checo Karel Abraham, ambos pilotos partieron desde la 20\u00ba y 21\u00ba posici\u00f3n de la parrilla de salida el domingo.<\/p>\n<p>Tras una situaci\u00f3n dif\u00edcil en la que los dos pilotos rodaban juntos, Tito consigui\u00f3 escalar hasta la 15\u00ba posici\u00f3n mientras que Abraham se quedaba 16\u00ba. Una carrera en equipo muy parecida al GP de las Americas en la que Abraham cometi\u00f3 varios errores que le hicieron despegarse de su compa\u00f1ero Rabat.<\/p>\n<p>Una carrera donde han conseguido entender mejor la moto y progresar en la puesta a punto y en las frenadas que sin duda pondr\u00e1n en pr\u00e1ctica en el siguiente Gran Premio, el de Le Mans.<\/p>\n<p>\u00bbBueno, despu\u00e9s de un fin de semana complicado hemos entendido much\u00edsimas cosas, hemos mejorado lo del grip. Ahora el objetivo es hacer la moto un poco m\u00e1s \u00e1gil durante la carrera para que podamos llegar con mas fuerza a final de carrera, pillar un ritmo un poco mas elevado con menos esfuerzo. Pero bueno, ha sido para mi super importante este punto, al menos un punto va bien. De cara ma\u00f1ana al test, vamos a trabajar en la moto, seguir trabajando en las frenadas y subir de nivel\u00bb<\/p>\n<p>\u00bbEstoy muy enfadado. Ya van dos carreras seguidas en la misma posici\u00f3n, 16\u00ba.\u00a0Es una pena. Comet\u00ed un error al inicio y odio comenzar as\u00ed el segundo a\u00f1o, fue muy mal y es imposible retroceder. De\u00a0todos modos, la primera vuelta estuvo bien, la primera parte de la carrera fue buena, entonces Tito me adelant\u00f3, todav\u00eda estaba bien, pero desafortunadamente empec\u00e9 a perder la delantera y comet\u00ed dos errores seguidos en la curva 6. Entonces Tito abri\u00f3 bastante distancia cuando comet\u00ed un error y luego apret\u00e9 pero me qued\u00e9 con la misma brecha detr\u00e1s de Tito, pero no pude recortarle, fue muy duro\u00bb<\/p>\n","protected":false},"excerpt":{"rendered":"<p>El Gran Premio de Espa\u00f1a en Jerez vuelve a dejar a los pilotos del Reale Avintia con la miel en los labios.\u00a0A pesar de que Tito Rabat ha conseguido entrar en la zona de puntos quedando 15\u00ba, su compa\u00f1ero Karel Abraham se ha vuelto a quedar a las puertas, entrando por detr\u00e1s de Rabat. El [&hellip;]<\/p>\n","protected":false},"author":6,"featured_media":14615,"comment_status":"closed","ping_status":"closed","sticky":false,"template":"","format":"standard","meta":{"footnotes":""},"categories":[3],"tags":[35,32,14,13,36,22,15],"class_list":["post-14602","post","type-post","status-publish","format-standard","has-post-thumbnail","hentry","category-motogp","tag-espanagp","tag-jerez-gp","tag-karel-abraham","tag-motogp","tag-motogp-espana","tag-reale-avintia","tag-tito-rabat"],"yoast_head":"<!-- This site is optimized with the Yoast SEO plugin v27.1.1 - https:\/\/yoast.com\/product\/yoast-seo-wordpress\/ -->\n<title>Tito consigue salvar un punto en el GP de Espa\u00f1a - Esponsorama<\/title>\n<meta name=\"robots\" content=\"index, follow, max-snippet:-1, max-image-preview:large, max-video-preview:-1\" \/>\n<link rel=\"canonical\" href=\"http:\/\/esponsorama.ad\/es\/tito-consigue-salvar-punto-gp-espana\/\" \/>\n<meta property=\"og:locale\" content=\"es_ES\" \/>\n<meta property=\"og:type\" content=\"article\" \/>\n<meta property=\"og:title\" content=\"Tito consigue salvar un punto en el GP de Espa\u00f1a - Esponsorama\" \/>\n<meta property=\"og:description\" content=\"El Gran Premio de Espa\u00f1a en Jerez vuelve a dejar a los pilotos del Reale Avintia con la miel en los labios.\u00a0A pesar de que Tito Rabat ha conseguido entrar en la zona de puntos quedando 15\u00ba, su compa\u00f1ero Karel Abraham se ha vuelto a quedar a las puertas, entrando por detr\u00e1s de Rabat. El [&hellip;]\" \/>\n<meta property=\"og:url\" content=\"http:\/\/esponsorama.ad\/es\/tito-consigue-salvar-punto-gp-espana\/\" \/>\n<meta property=\"og:site_name\" content=\"Esponsorama\" \/>\n<meta property=\"article:published_time\" content=\"2019-05-05T19:09:30+00:00\" \/>\n<meta property=\"article:modified_time\" content=\"2019-05-05T19:11:39+00:00\" \/>\n<meta property=\"og:image\" content=\"http:\/\/esponsorama.ad\/wp-content\/uploads\/2019\/05\/04Jerez19MgpESPONSORAMA_JOC5235-1024x683.jpg\" \/>\n\t<meta property=\"og:image:width\" content=\"1024\" \/>\n\t<meta property=\"og:image:height\" content=\"683\" \/>\n\t<meta property=\"og:image:type\" content=\"image\/jpeg\" \/>\n<meta name=\"author\" content=\"Xavi Andornet\" \/>\n<meta name=\"twitter:card\" content=\"summary_large_image\" \/>\n<meta name=\"twitter:label1\" content=\"Escrito por\" \/>\n\t<meta name=\"twitter:data1\" content=\"Xavi Andornet\" \/>\n\t<meta name=\"twitter:label2\" content=\"Tiempo de lectura\" \/>\n\t<meta name=\"twitter:data2\" content=\"2 minutos\" \/>\n<script type=\"application\/ld+json\" class=\"yoast-schema-graph\">{\"@context\":\"https:\/\/schema.org\",\"@graph\":[{\"@type\":\"Article\",\"@id\":\"http:\/\/esponsorama.ad\/es\/tito-consigue-salvar-punto-gp-espana\/#article\",\"isPartOf\":{\"@id\":\"http:\/\/esponsorama.ad\/es\/tito-consigue-salvar-punto-gp-espana\/\"},\"author\":{\"name\":\"Xavi Andornet\",\"@id\":\"http:\/\/esponsorama.ad\/es\/#\/schema\/person\/a5cde74945183d737066e46b61c6f9c4\"},\"headline\":\"Tito consigue salvar un punto en el GP de Espa\u00f1a\",\"datePublished\":\"2019-05-05T19:09:30+00:00\",\"dateModified\":\"2019-05-05T19:11:39+00:00\",\"mainEntityOfPage\":{\"@id\":\"http:\/\/esponsorama.ad\/es\/tito-consigue-salvar-punto-gp-espana\/\"},\"wordCount\":415,\"image\":{\"@id\":\"http:\/\/esponsorama.ad\/es\/tito-consigue-salvar-punto-gp-espana\/#primaryimage\"},\"thumbnailUrl\":\"http:\/\/esponsorama.ad\/wp-content\/uploads\/2019\/05\/04Jerez19MgpESPONSORAMA_JOC5235.jpg\",\"keywords\":[\"espa\u00f1agp\",\"jerez gp\",\"Karel Abraham\",\"MotoGP\",\"motogp espa\u00f1a\",\"reale avintia\",\"Tito Rabat\"],\"articleSection\":[\"MotoGP\"],\"inLanguage\":\"es\"},{\"@type\":\"WebPage\",\"@id\":\"http:\/\/esponsorama.ad\/es\/tito-consigue-salvar-punto-gp-espana\/\",\"url\":\"http:\/\/esponsorama.ad\/es\/tito-consigue-salvar-punto-gp-espana\/\",\"name\":\"Tito consigue salvar un punto en el GP de Espa\u00f1a - Esponsorama\",\"isPartOf\":{\"@id\":\"http:\/\/esponsorama.ad\/es\/#website\"},\"primaryImageOfPage\":{\"@id\":\"http:\/\/esponsorama.ad\/es\/tito-consigue-salvar-punto-gp-espana\/#primaryimage\"},\"image\":{\"@id\":\"http:\/\/esponsorama.ad\/es\/tito-consigue-salvar-punto-gp-espana\/#primaryimage\"},\"thumbnailUrl\":\"http:\/\/esponsorama.ad\/wp-content\/uploads\/2019\/05\/04Jerez19MgpESPONSORAMA_JOC5235.jpg\",\"datePublished\":\"2019-05-05T19:09:30+00:00\",\"dateModified\":\"2019-05-05T19:11:39+00:00\",\"author\":{\"@id\":\"http:\/\/esponsorama.ad\/es\/#\/schema\/person\/a5cde74945183d737066e46b61c6f9c4\"},\"breadcrumb\":{\"@id\":\"http:\/\/esponsorama.ad\/es\/tito-consigue-salvar-punto-gp-espana\/#breadcrumb\"},\"inLanguage\":\"es\",\"potentialAction\":[{\"@type\":\"ReadAction\",\"target\":[\"http:\/\/esponsorama.ad\/es\/tito-consigue-salvar-punto-gp-espana\/\"]}]},{\"@type\":\"ImageObject\",\"inLanguage\":\"es\",\"@id\":\"http:\/\/esponsorama.ad\/es\/tito-consigue-salvar-punto-gp-espana\/#primaryimage\",\"url\":\"http:\/\/esponsorama.ad\/wp-content\/uploads\/2019\/05\/04Jerez19MgpESPONSORAMA_JOC5235.jpg\",\"contentUrl\":\"http:\/\/esponsorama.ad\/wp-content\/uploads\/2019\/05\/04Jerez19MgpESPONSORAMA_JOC5235.jpg\",\"width\":5472,\"height\":3648,\"caption\":\"Texto de ejemplo\"},{\"@type\":\"BreadcrumbList\",\"@id\":\"http:\/\/esponsorama.ad\/es\/tito-consigue-salvar-punto-gp-espana\/#breadcrumb\",\"itemListElement\":[{\"@type\":\"ListItem\",\"position\":1,\"name\":\"Home\",\"item\":\"http:\/\/esponsorama.ad\/en\/\"},{\"@type\":\"ListItem\",\"position\":2,\"name\":\"Tito consigue salvar un punto en el GP de Espa\u00f1a\"}]},{\"@type\":\"WebSite\",\"@id\":\"http:\/\/esponsorama.ad\/es\/#website\",\"url\":\"http:\/\/esponsorama.ad\/es\/\",\"name\":\"Esponsorama\",\"description\":\"Specialist in motorsport sponsorship and event promotions\",\"potentialAction\":[{\"@type\":\"SearchAction\",\"target\":{\"@type\":\"EntryPoint\",\"urlTemplate\":\"http:\/\/esponsorama.ad\/es\/?s={search_term_string}\"},\"query-input\":{\"@type\":\"PropertyValueSpecification\",\"valueRequired\":true,\"valueName\":\"search_term_string\"}}],\"inLanguage\":\"es\"},{\"@type\":\"Person\",\"@id\":\"http:\/\/esponsorama.ad\/es\/#\/schema\/person\/a5cde74945183d737066e46b61c6f9c4\",\"name\":\"Xavi Andornet\",\"image\":{\"@type\":\"ImageObject\",\"inLanguage\":\"es\",\"@id\":\"http:\/\/esponsorama.ad\/es\/#\/schema\/person\/image\/\",\"url\":\"https:\/\/secure.gravatar.com\/avatar\/f10eaf9ad601244a2357c9fd7cd9805ed166cfaaf76d5d9ab08a9d873e70147a?s=96&d=mm&r=g\",\"contentUrl\":\"https:\/\/secure.gravatar.com\/avatar\/f10eaf9ad601244a2357c9fd7cd9805ed166cfaaf76d5d9ab08a9d873e70147a?s=96&d=mm&r=g\",\"caption\":\"Xavi Andornet\"},\"sameAs\":[\"http:\/\/www.andornet.ad\"],\"url\":\"http:\/\/esponsorama.ad\/es\/author\/andornet\/\"}]}<\/script>\n<!-- \/ Yoast SEO plugin. -->","yoast_head_json":{"title":"Tito consigue salvar un punto en el GP de Espa\u00f1a - Esponsorama","robots":{"index":"index","follow":"follow","max-snippet":"max-snippet:-1","max-image-preview":"max-image-preview:large","max-video-preview":"max-video-preview:-1"},"canonical":"http:\/\/esponsorama.ad\/es\/tito-consigue-salvar-punto-gp-espana\/","og_locale":"es_ES","og_type":"article","og_title":"Tito consigue salvar un punto en el GP de Espa\u00f1a - Esponsorama","og_description":"El Gran Premio de Espa\u00f1a en Jerez vuelve a dejar a los pilotos del Reale Avintia con la miel en los labios.\u00a0A pesar de que Tito Rabat ha conseguido entrar en la zona de puntos quedando 15\u00ba, su compa\u00f1ero Karel Abraham se ha vuelto a quedar a las puertas, entrando por detr\u00e1s de Rabat. El [&hellip;]","og_url":"http:\/\/esponsorama.ad\/es\/tito-consigue-salvar-punto-gp-espana\/","og_site_name":"Esponsorama","article_published_time":"2019-05-05T19:09:30+00:00","article_modified_time":"2019-05-05T19:11:39+00:00","og_image":[{"width":1024,"height":683,"url":"http:\/\/esponsorama.ad\/wp-content\/uploads\/2019\/05\/04Jerez19MgpESPONSORAMA_JOC5235-1024x683.jpg","type":"image\/jpeg"}],"author":"Xavi Andornet","twitter_card":"summary_large_image","twitter_misc":{"Escrito por":"Xavi Andornet","Tiempo de lectura":"2 minutos"},"schema":{"@context":"https:\/\/schema.org","@graph":[{"@type":"Article","@id":"http:\/\/esponsorama.ad\/es\/tito-consigue-salvar-punto-gp-espana\/#article","isPartOf":{"@id":"http:\/\/esponsorama.ad\/es\/tito-consigue-salvar-punto-gp-espana\/"},"author":{"name":"Xavi Andornet","@id":"http:\/\/esponsorama.ad\/es\/#\/schema\/person\/a5cde74945183d737066e46b61c6f9c4"},"headline":"Tito consigue salvar un punto en el GP de Espa\u00f1a","datePublished":"2019-05-05T19:09:30+00:00","dateModified":"2019-05-05T19:11:39+00:00","mainEntityOfPage":{"@id":"http:\/\/esponsorama.ad\/es\/tito-consigue-salvar-punto-gp-espana\/"},"wordCount":415,"image":{"@id":"http:\/\/esponsorama.ad\/es\/tito-consigue-salvar-punto-gp-espana\/#primaryimage"},"thumbnailUrl":"http:\/\/esponsorama.ad\/wp-content\/uploads\/2019\/05\/04Jerez19MgpESPONSORAMA_JOC5235.jpg","keywords":["espa\u00f1agp","jerez gp","Karel Abraham","MotoGP","motogp espa\u00f1a","reale avintia","Tito Rabat"],"articleSection":["MotoGP"],"inLanguage":"es"},{"@type":"WebPage","@id":"http:\/\/esponsorama.ad\/es\/tito-consigue-salvar-punto-gp-espana\/","url":"http:\/\/esponsorama.ad\/es\/tito-consigue-salvar-punto-gp-espana\/","name":"Tito consigue salvar un punto en el GP de Espa\u00f1a - Esponsorama","isPartOf":{"@id":"http:\/\/esponsorama.ad\/es\/#website"},"primaryImageOfPage":{"@id":"http:\/\/esponsorama.ad\/es\/tito-consigue-salvar-punto-gp-espana\/#primaryimage"},"image":{"@id":"http:\/\/esponsorama.ad\/es\/tito-consigue-salvar-punto-gp-espana\/#primaryimage"},"thumbnailUrl":"http:\/\/esponsorama.ad\/wp-content\/uploads\/2019\/05\/04Jerez19MgpESPONSORAMA_JOC5235.jpg","datePublished":"2019-05-05T19:09:30+00:00","dateModified":"2019-05-05T19:11:39+00:00","author":{"@id":"http:\/\/esponsorama.ad\/es\/#\/schema\/person\/a5cde74945183d737066e46b61c6f9c4"},"breadcrumb":{"@id":"http:\/\/esponsorama.ad\/es\/tito-consigue-salvar-punto-gp-espana\/#breadcrumb"},"inLanguage":"es","potentialAction":[{"@type":"ReadAction","target":["http:\/\/esponsorama.ad\/es\/tito-consigue-salvar-punto-gp-espana\/"]}]},{"@type":"ImageObject","inLanguage":"es","@id":"http:\/\/esponsorama.ad\/es\/tito-consigue-salvar-punto-gp-espana\/#primaryimage","url":"http:\/\/esponsorama.ad\/wp-content\/uploads\/2019\/05\/04Jerez19MgpESPONSORAMA_JOC5235.jpg","contentUrl":"http:\/\/esponsorama.ad\/wp-content\/uploads\/2019\/05\/04Jerez19MgpESPONSORAMA_JOC5235.jpg","width":5472,"height":3648,"caption":"Texto de ejemplo"},{"@type":"BreadcrumbList","@id":"http:\/\/esponsorama.ad\/es\/tito-consigue-salvar-punto-gp-espana\/#breadcrumb","itemListElement":[{"@type":"ListItem","position":1,"name":"Home","item":"http:\/\/esponsorama.ad\/en\/"},{"@type":"ListItem","position":2,"name":"Tito consigue salvar un punto en el GP de Espa\u00f1a"}]},{"@type":"WebSite","@id":"http:\/\/esponsorama.ad\/es\/#website","url":"http:\/\/esponsorama.ad\/es\/","name":"Esponsorama","description":"Specialist in motorsport sponsorship and event promotions","potentialAction":[{"@type":"SearchAction","target":{"@type":"EntryPoint","urlTemplate":"http:\/\/esponsorama.ad\/es\/?s={search_term_string}"},"query-input":{"@type":"PropertyValueSpecification","valueRequired":true,"valueName":"search_term_string"}}],"inLanguage":"es"},{"@type":"Person","@id":"http:\/\/esponsorama.ad\/es\/#\/schema\/person\/a5cde74945183d737066e46b61c6f9c4","name":"Xavi Andornet","image":{"@type":"ImageObject","inLanguage":"es","@id":"http:\/\/esponsorama.ad\/es\/#\/schema\/person\/image\/","url":"https:\/\/secure.gravatar.com\/avatar\/f10eaf9ad601244a2357c9fd7cd9805ed166cfaaf76d5d9ab08a9d873e70147a?s=96&d=mm&r=g","contentUrl":"https:\/\/secure.gravatar.com\/avatar\/f10eaf9ad601244a2357c9fd7cd9805ed166cfaaf76d5d9ab08a9d873e70147a?s=96&d=mm&r=g","caption":"Xavi Andornet"},"sameAs":["http:\/\/www.andornet.ad"],"url":"http:\/\/esponsorama.ad\/es\/author\/andornet\/"}]}},"_links":{"self":[{"href":"http:\/\/esponsorama.ad\/es\/wp-json\/wp\/v2\/posts\/14602","targetHints":{"allow":["GET"]}}],"collection":[{"href":"http:\/\/esponsorama.ad\/es\/wp-json\/wp\/v2\/posts"}],"about":[{"href":"http:\/\/esponsorama.ad\/es\/wp-json\/wp\/v2\/types\/post"}],"author":[{"embeddable":true,"href":"http:\/\/esponsorama.ad\/es\/wp-json\/wp\/v2\/users\/6"}],"replies":[{"embeddable":true,"href":"http:\/\/esponsorama.ad\/es\/wp-json\/wp\/v2\/comments?post=14602"}],"version-history":[{"count":0,"href":"http:\/\/esponsorama.ad\/es\/wp-json\/wp\/v2\/posts\/14602\/revisions"}],"wp:featuredmedia":[{"embeddable":true,"href":"http:\/\/esponsorama.ad\/es\/wp-json\/wp\/v2\/media\/14615"}],"wp:attachment":[{"href":"http:\/\/esponsorama.ad\/es\/wp-json\/wp\/v2\/media?parent=14602"}],"wp:term":[{"taxonomy":"category","embeddable":true,"href":"http:\/\/esponsorama.ad\/es\/wp-json\/wp\/v2\/categories?post=14602"},{"taxonomy":"post_tag","embeddable":true,"href":"http:\/\/esponsorama.ad\/es\/wp-json\/wp\/v2\/tags?post=14602"}],"curies":[{"name":"wp","href":"https:\/\/api.w.org\/{rel}","templated":true}]}}