{"id":14646,"date":"2019-05-15T19:32:57","date_gmt":"2019-05-15T17:32:57","guid":{"rendered":"http:\/\/esponsorama.ad\/?p=14646"},"modified":"2019-05-15T21:14:17","modified_gmt":"2019-05-15T19:14:17","slug":"tito-rabat-karel-abraham-decididos-mejorar-gran-premio-francia","status":"publish","type":"post","link":"http:\/\/esponsorama.ad\/es\/tito-rabat-karel-abraham-decididos-mejorar-gran-premio-francia\/","title":{"rendered":"Tito Rabat y Karel Abraham decididos a mejorar en el Gran Premio de Francia"},"content":{"rendered":"<p>Los pilotos del <strong>Reale Avintia Racing Team<\/strong> aterrizan en Francia con la mirada puesta en mejorar los \u00faltimos resultados de los anteriores Grandes Premios.<\/p>\n<p>Despu\u00e9s de dos semanas de descanso, tanto el piloto espa\u00f1ol <strong>Tito Rabat<\/strong> como el checo, <strong>Karel Abraham<\/strong> \u00a0encaran el <strong>Shark Helmets Grand Prix de Francia<\/strong> dispuestos a progresar en su trabajo con la Ducati y con el equipo. Tras dos carreras consecutivas con el mismo resultado para ambos pilotos, la misi\u00f3n ahora es marcar mejor ritmo y conseguir ascender en la clasificaci\u00f3n.<\/p>\n<p>\u00bbDespu\u00e9s de coger un punto en Texas, un punto en Jerez, nos vamos acercando un poco m\u00e1s, estamos a menos distancia de la cabeza. A este Gran Premio es al que llego con m\u00e1s confianza y fisicamente mejor de todos con diferencia, conociendo m\u00e1s\u00a0la moto y trabajando mejor con el equipo. La prioridad es mejorar los resultados, procurar mejorar en\u00a0los cronometrados\u00a0el s\u00e1bado y el domingo hacer una buena salida y una buena carrera y llevarse alg\u00fan punto m\u00e1s. Afronto este <strong>Gran Premio de Francia<\/strong> motivad\u00edsimo, con muchas ganas de hacerlo bien y a por todas\u00bb<\/p>\n<p>\u00bbTengo muchas ganas de pilotar aqu\u00ed en el circuito de Le Mans de nuevo. Espero que el clima sea bueno. <strong>Le Mans<\/strong> es una de las pistas m\u00e1s famosas e importantes de la historia. Estoy realmente emocionado de estar aqu\u00ed de nuevo y espero que el clima se mantenga como est\u00e1 hoy, agradable y soleado. Espero que podamos mejorar\u00a0este fin de semana.\u00bb<\/p>\n","protected":false},"excerpt":{"rendered":"<p>Los pilotos del Reale Avintia Racing Team aterrizan en Francia con la mirada puesta en mejorar los \u00faltimos resultados de los anteriores Grandes Premios. Despu\u00e9s de dos semanas de descanso, tanto el piloto espa\u00f1ol Tito Rabat como el checo, Karel Abraham \u00a0encaran el Shark Helmets Grand Prix de Francia dispuestos a progresar en su trabajo [&hellip;]<\/p>\n","protected":false},"author":6,"featured_media":14649,"comment_status":"closed","ping_status":"closed","sticky":false,"template":"","format":"standard","meta":{"footnotes":""},"categories":[3],"tags":[41,39,14,38,13,40,15],"class_list":["post-14646","post","type-post","status-publish","format-standard","has-post-thumbnail","hentry","category-motogp","tag-francegp","tag-gp-de-francia","tag-karel-abraham","tag-le-mans","tag-motogp","tag-shark-helmets","tag-tito-rabat"],"yoast_head":"<!-- This site is optimized with the Yoast SEO plugin v27.1.1 - https:\/\/yoast.com\/product\/yoast-seo-wordpress\/ -->\n<title>Tito Rabat y Karel Abraham decididos a mejorar en el Gran Premio de Francia - Esponsorama<\/title>\n<meta name=\"robots\" content=\"index, follow, max-snippet:-1, max-image-preview:large, max-video-preview:-1\" \/>\n<link rel=\"canonical\" href=\"http:\/\/esponsorama.ad\/es\/tito-rabat-karel-abraham-decididos-mejorar-gran-premio-francia\/\" \/>\n<meta property=\"og:locale\" content=\"es_ES\" \/>\n<meta property=\"og:type\" content=\"article\" \/>\n<meta property=\"og:title\" content=\"Tito Rabat y Karel Abraham decididos a mejorar en el Gran Premio de Francia - Esponsorama\" \/>\n<meta property=\"og:description\" content=\"Los pilotos del Reale Avintia Racing Team aterrizan en Francia con la mirada puesta en mejorar los \u00faltimos resultados de los anteriores Grandes Premios. Despu\u00e9s de dos semanas de descanso, tanto el piloto espa\u00f1ol Tito Rabat como el checo, Karel Abraham \u00a0encaran el Shark Helmets Grand Prix de Francia dispuestos a progresar en su trabajo [&hellip;]\" \/>\n<meta property=\"og:url\" content=\"http:\/\/esponsorama.ad\/es\/tito-rabat-karel-abraham-decididos-mejorar-gran-premio-francia\/\" \/>\n<meta property=\"og:site_name\" content=\"Esponsorama\" \/>\n<meta property=\"article:published_time\" content=\"2019-05-15T17:32:57+00:00\" \/>\n<meta property=\"article:modified_time\" content=\"2019-05-15T19:14:17+00:00\" \/>\n<meta property=\"og:image\" content=\"http:\/\/esponsorama.ad\/wp-content\/uploads\/2019\/05\/04Jerez19MgpTitoRabat_JOC1340-1024x683.jpg\" \/>\n\t<meta property=\"og:image:width\" content=\"1024\" \/>\n\t<meta property=\"og:image:height\" content=\"683\" \/>\n\t<meta property=\"og:image:type\" content=\"image\/jpeg\" \/>\n<meta name=\"author\" content=\"Xavi Andornet\" \/>\n<meta name=\"twitter:card\" content=\"summary_large_image\" \/>\n<meta name=\"twitter:label1\" content=\"Escrito por\" \/>\n\t<meta name=\"twitter:data1\" content=\"Xavi Andornet\" \/>\n\t<meta name=\"twitter:label2\" content=\"Tiempo de lectura\" \/>\n\t<meta name=\"twitter:data2\" content=\"1 minuto\" \/>\n<script type=\"application\/ld+json\" class=\"yoast-schema-graph\">{\"@context\":\"https:\/\/schema.org\",\"@graph\":[{\"@type\":\"Article\",\"@id\":\"http:\/\/esponsorama.ad\/es\/tito-rabat-karel-abraham-decididos-mejorar-gran-premio-francia\/#article\",\"isPartOf\":{\"@id\":\"http:\/\/esponsorama.ad\/es\/tito-rabat-karel-abraham-decididos-mejorar-gran-premio-francia\/\"},\"author\":{\"name\":\"Xavi Andornet\",\"@id\":\"http:\/\/esponsorama.ad\/es\/#\/schema\/person\/a5cde74945183d737066e46b61c6f9c4\"},\"headline\":\"Tito Rabat y Karel Abraham decididos a mejorar en el Gran Premio de Francia\",\"datePublished\":\"2019-05-15T17:32:57+00:00\",\"dateModified\":\"2019-05-15T19:14:17+00:00\",\"mainEntityOfPage\":{\"@id\":\"http:\/\/esponsorama.ad\/es\/tito-rabat-karel-abraham-decididos-mejorar-gran-premio-francia\/\"},\"wordCount\":279,\"image\":{\"@id\":\"http:\/\/esponsorama.ad\/es\/tito-rabat-karel-abraham-decididos-mejorar-gran-premio-francia\/#primaryimage\"},\"thumbnailUrl\":\"http:\/\/esponsorama.ad\/wp-content\/uploads\/2019\/05\/04Jerez19MgpTitoRabat_JOC1340.jpg\",\"keywords\":[\"francegp\",\"gp de Francia\",\"Karel Abraham\",\"le mans\",\"MotoGP\",\"shark helmets\",\"Tito Rabat\"],\"articleSection\":[\"MotoGP\"],\"inLanguage\":\"es\"},{\"@type\":\"WebPage\",\"@id\":\"http:\/\/esponsorama.ad\/es\/tito-rabat-karel-abraham-decididos-mejorar-gran-premio-francia\/\",\"url\":\"http:\/\/esponsorama.ad\/es\/tito-rabat-karel-abraham-decididos-mejorar-gran-premio-francia\/\",\"name\":\"Tito Rabat y Karel Abraham decididos a mejorar en el Gran Premio de Francia - Esponsorama\",\"isPartOf\":{\"@id\":\"http:\/\/esponsorama.ad\/es\/#website\"},\"primaryImageOfPage\":{\"@id\":\"http:\/\/esponsorama.ad\/es\/tito-rabat-karel-abraham-decididos-mejorar-gran-premio-francia\/#primaryimage\"},\"image\":{\"@id\":\"http:\/\/esponsorama.ad\/es\/tito-rabat-karel-abraham-decididos-mejorar-gran-premio-francia\/#primaryimage\"},\"thumbnailUrl\":\"http:\/\/esponsorama.ad\/wp-content\/uploads\/2019\/05\/04Jerez19MgpTitoRabat_JOC1340.jpg\",\"datePublished\":\"2019-05-15T17:32:57+00:00\",\"dateModified\":\"2019-05-15T19:14:17+00:00\",\"author\":{\"@id\":\"http:\/\/esponsorama.ad\/es\/#\/schema\/person\/a5cde74945183d737066e46b61c6f9c4\"},\"breadcrumb\":{\"@id\":\"http:\/\/esponsorama.ad\/es\/tito-rabat-karel-abraham-decididos-mejorar-gran-premio-francia\/#breadcrumb\"},\"inLanguage\":\"es\",\"potentialAction\":[{\"@type\":\"ReadAction\",\"target\":[\"http:\/\/esponsorama.ad\/es\/tito-rabat-karel-abraham-decididos-mejorar-gran-premio-francia\/\"]}]},{\"@type\":\"ImageObject\",\"inLanguage\":\"es\",\"@id\":\"http:\/\/esponsorama.ad\/es\/tito-rabat-karel-abraham-decididos-mejorar-gran-premio-francia\/#primaryimage\",\"url\":\"http:\/\/esponsorama.ad\/wp-content\/uploads\/2019\/05\/04Jerez19MgpTitoRabat_JOC1340.jpg\",\"contentUrl\":\"http:\/\/esponsorama.ad\/wp-content\/uploads\/2019\/05\/04Jerez19MgpTitoRabat_JOC1340.jpg\",\"width\":5472,\"height\":3648},{\"@type\":\"BreadcrumbList\",\"@id\":\"http:\/\/esponsorama.ad\/es\/tito-rabat-karel-abraham-decididos-mejorar-gran-premio-francia\/#breadcrumb\",\"itemListElement\":[{\"@type\":\"ListItem\",\"position\":1,\"name\":\"Home\",\"item\":\"http:\/\/esponsorama.ad\/en\/\"},{\"@type\":\"ListItem\",\"position\":2,\"name\":\"Tito Rabat y Karel Abraham decididos a mejorar en el Gran Premio de Francia\"}]},{\"@type\":\"WebSite\",\"@id\":\"http:\/\/esponsorama.ad\/es\/#website\",\"url\":\"http:\/\/esponsorama.ad\/es\/\",\"name\":\"Esponsorama\",\"description\":\"Specialist in motorsport sponsorship and event promotions\",\"potentialAction\":[{\"@type\":\"SearchAction\",\"target\":{\"@type\":\"EntryPoint\",\"urlTemplate\":\"http:\/\/esponsorama.ad\/es\/?s={search_term_string}\"},\"query-input\":{\"@type\":\"PropertyValueSpecification\",\"valueRequired\":true,\"valueName\":\"search_term_string\"}}],\"inLanguage\":\"es\"},{\"@type\":\"Person\",\"@id\":\"http:\/\/esponsorama.ad\/es\/#\/schema\/person\/a5cde74945183d737066e46b61c6f9c4\",\"name\":\"Xavi Andornet\",\"image\":{\"@type\":\"ImageObject\",\"inLanguage\":\"es\",\"@id\":\"http:\/\/esponsorama.ad\/es\/#\/schema\/person\/image\/\",\"url\":\"https:\/\/secure.gravatar.com\/avatar\/f10eaf9ad601244a2357c9fd7cd9805ed166cfaaf76d5d9ab08a9d873e70147a?s=96&d=mm&r=g\",\"contentUrl\":\"https:\/\/secure.gravatar.com\/avatar\/f10eaf9ad601244a2357c9fd7cd9805ed166cfaaf76d5d9ab08a9d873e70147a?s=96&d=mm&r=g\",\"caption\":\"Xavi Andornet\"},\"sameAs\":[\"http:\/\/www.andornet.ad\"],\"url\":\"http:\/\/esponsorama.ad\/es\/author\/andornet\/\"}]}<\/script>\n<!-- \/ Yoast SEO plugin. -->","yoast_head_json":{"title":"Tito Rabat y Karel Abraham decididos a mejorar en el Gran Premio de Francia - Esponsorama","robots":{"index":"index","follow":"follow","max-snippet":"max-snippet:-1","max-image-preview":"max-image-preview:large","max-video-preview":"max-video-preview:-1"},"canonical":"http:\/\/esponsorama.ad\/es\/tito-rabat-karel-abraham-decididos-mejorar-gran-premio-francia\/","og_locale":"es_ES","og_type":"article","og_title":"Tito Rabat y Karel Abraham decididos a mejorar en el Gran Premio de Francia - Esponsorama","og_description":"Los pilotos del Reale Avintia Racing Team aterrizan en Francia con la mirada puesta en mejorar los \u00faltimos resultados de los anteriores Grandes Premios. Despu\u00e9s de dos semanas de descanso, tanto el piloto espa\u00f1ol Tito Rabat como el checo, Karel Abraham \u00a0encaran el Shark Helmets Grand Prix de Francia dispuestos a progresar en su trabajo [&hellip;]","og_url":"http:\/\/esponsorama.ad\/es\/tito-rabat-karel-abraham-decididos-mejorar-gran-premio-francia\/","og_site_name":"Esponsorama","article_published_time":"2019-05-15T17:32:57+00:00","article_modified_time":"2019-05-15T19:14:17+00:00","og_image":[{"width":1024,"height":683,"url":"http:\/\/esponsorama.ad\/wp-content\/uploads\/2019\/05\/04Jerez19MgpTitoRabat_JOC1340-1024x683.jpg","type":"image\/jpeg"}],"author":"Xavi Andornet","twitter_card":"summary_large_image","twitter_misc":{"Escrito por":"Xavi Andornet","Tiempo de lectura":"1 minuto"},"schema":{"@context":"https:\/\/schema.org","@graph":[{"@type":"Article","@id":"http:\/\/esponsorama.ad\/es\/tito-rabat-karel-abraham-decididos-mejorar-gran-premio-francia\/#article","isPartOf":{"@id":"http:\/\/esponsorama.ad\/es\/tito-rabat-karel-abraham-decididos-mejorar-gran-premio-francia\/"},"author":{"name":"Xavi Andornet","@id":"http:\/\/esponsorama.ad\/es\/#\/schema\/person\/a5cde74945183d737066e46b61c6f9c4"},"headline":"Tito Rabat y Karel Abraham decididos a mejorar en el Gran Premio de Francia","datePublished":"2019-05-15T17:32:57+00:00","dateModified":"2019-05-15T19:14:17+00:00","mainEntityOfPage":{"@id":"http:\/\/esponsorama.ad\/es\/tito-rabat-karel-abraham-decididos-mejorar-gran-premio-francia\/"},"wordCount":279,"image":{"@id":"http:\/\/esponsorama.ad\/es\/tito-rabat-karel-abraham-decididos-mejorar-gran-premio-francia\/#primaryimage"},"thumbnailUrl":"http:\/\/esponsorama.ad\/wp-content\/uploads\/2019\/05\/04Jerez19MgpTitoRabat_JOC1340.jpg","keywords":["francegp","gp de Francia","Karel Abraham","le mans","MotoGP","shark helmets","Tito Rabat"],"articleSection":["MotoGP"],"inLanguage":"es"},{"@type":"WebPage","@id":"http:\/\/esponsorama.ad\/es\/tito-rabat-karel-abraham-decididos-mejorar-gran-premio-francia\/","url":"http:\/\/esponsorama.ad\/es\/tito-rabat-karel-abraham-decididos-mejorar-gran-premio-francia\/","name":"Tito Rabat y Karel Abraham decididos a mejorar en el Gran Premio de Francia - Esponsorama","isPartOf":{"@id":"http:\/\/esponsorama.ad\/es\/#website"},"primaryImageOfPage":{"@id":"http:\/\/esponsorama.ad\/es\/tito-rabat-karel-abraham-decididos-mejorar-gran-premio-francia\/#primaryimage"},"image":{"@id":"http:\/\/esponsorama.ad\/es\/tito-rabat-karel-abraham-decididos-mejorar-gran-premio-francia\/#primaryimage"},"thumbnailUrl":"http:\/\/esponsorama.ad\/wp-content\/uploads\/2019\/05\/04Jerez19MgpTitoRabat_JOC1340.jpg","datePublished":"2019-05-15T17:32:57+00:00","dateModified":"2019-05-15T19:14:17+00:00","author":{"@id":"http:\/\/esponsorama.ad\/es\/#\/schema\/person\/a5cde74945183d737066e46b61c6f9c4"},"breadcrumb":{"@id":"http:\/\/esponsorama.ad\/es\/tito-rabat-karel-abraham-decididos-mejorar-gran-premio-francia\/#breadcrumb"},"inLanguage":"es","potentialAction":[{"@type":"ReadAction","target":["http:\/\/esponsorama.ad\/es\/tito-rabat-karel-abraham-decididos-mejorar-gran-premio-francia\/"]}]},{"@type":"ImageObject","inLanguage":"es","@id":"http:\/\/esponsorama.ad\/es\/tito-rabat-karel-abraham-decididos-mejorar-gran-premio-francia\/#primaryimage","url":"http:\/\/esponsorama.ad\/wp-content\/uploads\/2019\/05\/04Jerez19MgpTitoRabat_JOC1340.jpg","contentUrl":"http:\/\/esponsorama.ad\/wp-content\/uploads\/2019\/05\/04Jerez19MgpTitoRabat_JOC1340.jpg","width":5472,"height":3648},{"@type":"BreadcrumbList","@id":"http:\/\/esponsorama.ad\/es\/tito-rabat-karel-abraham-decididos-mejorar-gran-premio-francia\/#breadcrumb","itemListElement":[{"@type":"ListItem","position":1,"name":"Home","item":"http:\/\/esponsorama.ad\/en\/"},{"@type":"ListItem","position":2,"name":"Tito Rabat y Karel Abraham decididos a mejorar en el Gran Premio de Francia"}]},{"@type":"WebSite","@id":"http:\/\/esponsorama.ad\/es\/#website","url":"http:\/\/esponsorama.ad\/es\/","name":"Esponsorama","description":"Specialist in motorsport sponsorship and event promotions","potentialAction":[{"@type":"SearchAction","target":{"@type":"EntryPoint","urlTemplate":"http:\/\/esponsorama.ad\/es\/?s={search_term_string}"},"query-input":{"@type":"PropertyValueSpecification","valueRequired":true,"valueName":"search_term_string"}}],"inLanguage":"es"},{"@type":"Person","@id":"http:\/\/esponsorama.ad\/es\/#\/schema\/person\/a5cde74945183d737066e46b61c6f9c4","name":"Xavi Andornet","image":{"@type":"ImageObject","inLanguage":"es","@id":"http:\/\/esponsorama.ad\/es\/#\/schema\/person\/image\/","url":"https:\/\/secure.gravatar.com\/avatar\/f10eaf9ad601244a2357c9fd7cd9805ed166cfaaf76d5d9ab08a9d873e70147a?s=96&d=mm&r=g","contentUrl":"https:\/\/secure.gravatar.com\/avatar\/f10eaf9ad601244a2357c9fd7cd9805ed166cfaaf76d5d9ab08a9d873e70147a?s=96&d=mm&r=g","caption":"Xavi Andornet"},"sameAs":["http:\/\/www.andornet.ad"],"url":"http:\/\/esponsorama.ad\/es\/author\/andornet\/"}]}},"_links":{"self":[{"href":"http:\/\/esponsorama.ad\/es\/wp-json\/wp\/v2\/posts\/14646","targetHints":{"allow":["GET"]}}],"collection":[{"href":"http:\/\/esponsorama.ad\/es\/wp-json\/wp\/v2\/posts"}],"about":[{"href":"http:\/\/esponsorama.ad\/es\/wp-json\/wp\/v2\/types\/post"}],"author":[{"embeddable":true,"href":"http:\/\/esponsorama.ad\/es\/wp-json\/wp\/v2\/users\/6"}],"replies":[{"embeddable":true,"href":"http:\/\/esponsorama.ad\/es\/wp-json\/wp\/v2\/comments?post=14646"}],"version-history":[{"count":0,"href":"http:\/\/esponsorama.ad\/es\/wp-json\/wp\/v2\/posts\/14646\/revisions"}],"wp:featuredmedia":[{"embeddable":true,"href":"http:\/\/esponsorama.ad\/es\/wp-json\/wp\/v2\/media\/14649"}],"wp:attachment":[{"href":"http:\/\/esponsorama.ad\/es\/wp-json\/wp\/v2\/media?parent=14646"}],"wp:term":[{"taxonomy":"category","embeddable":true,"href":"http:\/\/esponsorama.ad\/es\/wp-json\/wp\/v2\/categories?post=14646"},{"taxonomy":"post_tag","embeddable":true,"href":"http:\/\/esponsorama.ad\/es\/wp-json\/wp\/v2\/tags?post=14646"}],"curies":[{"name":"wp","href":"https:\/\/api.w.org\/{rel}","templated":true}]}}