{"id":14724,"date":"2019-05-19T19:49:49","date_gmt":"2019-05-19T17:49:49","guid":{"rendered":"http:\/\/esponsorama.ad\/?p=14724"},"modified":"2019-05-19T21:27:17","modified_gmt":"2019-05-19T19:27:17","slug":"lectura-positiva-del-gran-premio-francia-pese-la-caida-vicente-perez-2","status":"publish","type":"post","link":"http:\/\/esponsorama.ad\/es\/lectura-positiva-del-gran-premio-francia-pese-la-caida-vicente-perez-2\/","title":{"rendered":"Lectura positiva del Gran Premio de Francia pese a la ca\u00edda de Vicente P\u00e9rez"},"content":{"rendered":"<p>El <strong>Gran Premio de Francia<\/strong> en el circuito de Le Mans deja al piloto del <strong>Reale Avintia Academy 77<\/strong>, Vicente P\u00e9rez un sabor agridulce. El joven valenciano se iba al suelo en la vuelta 16 cuando iba rodando en buena posici\u00f3n.<\/p>\n<p>A pesar de salir desde atr\u00e1s en la parrilla, 25\u00ba, <strong>Vicente P\u00e9rez<\/strong> consegu\u00eda mejorar el ritmo en carrera y las sensaciones con su KTM. Cuando estaba a punto de entrar en la zona de puntos sufr\u00eda una fuerte ca\u00edda sin consecuencias f\u00edsicas para \u00e9l. Un resultado del que saca una lectura positiva gracias a la mejora y el buen feeling que hab\u00eda conseguido durante la carrera. Con la mente puesta en el siguiente Gran Premio, Vicente se marcha de <strong>Le Mans<\/strong> con la sensaci\u00f3n del trabajo bien hecho.<\/p>\n<p>\u00bb Ha sido una carrera donde hemos encontrado algunas cosas para la puesta a punto de la moto\u00a0gracias al equipo. Estaba siendo una gran carrera en una buena posici\u00f3n pillando al primer grupo cuando he tenido una ca\u00edda bastante fuerte. A pesar de esto, estoy\u00a0contento con las sensaciones. Por fin he podido sentirme c\u00f3modo encima de la moto, es la primera carrera del a\u00f1o donde he podido pilotar como yo quiero. Agradecer al equipo todo el trabajo que ha hecho para llegar hasta aqu\u00ed y a seguir trabajando de cara a Mugello\u00bb<\/p>\n","protected":false},"excerpt":{"rendered":"<p>El Gran Premio de Francia en el circuito de Le Mans deja al piloto del Reale Avintia Academy 77, Vicente P\u00e9rez un sabor agridulce. El joven valenciano se iba al suelo en la vuelta 16 cuando iba rodando en buena posici\u00f3n. A pesar de salir desde atr\u00e1s en la parrilla, 25\u00ba, Vicente P\u00e9rez consegu\u00eda mejorar [&hellip;]<\/p>\n","protected":false},"author":6,"featured_media":14743,"comment_status":"closed","ping_status":"closed","sticky":false,"template":"","format":"standard","meta":{"footnotes":""},"categories":[12],"tags":[41,46,38,27,13,28],"class_list":["post-14724","post","type-post","status-publish","format-standard","has-post-thumbnail","hentry","category-moto3","tag-francegp","tag-frenchgp","tag-le-mans","tag-moto3","tag-motogp","tag-vicente-perez"],"yoast_head":"<!-- This site is optimized with the Yoast SEO plugin v27.1.1 - https:\/\/yoast.com\/product\/yoast-seo-wordpress\/ -->\n<title>Lectura positiva del Gran Premio de Francia pese a la ca\u00edda de Vicente P\u00e9rez - Esponsorama<\/title>\n<meta name=\"robots\" content=\"index, follow, max-snippet:-1, max-image-preview:large, max-video-preview:-1\" \/>\n<link rel=\"canonical\" href=\"http:\/\/esponsorama.ad\/es\/lectura-positiva-del-gran-premio-francia-pese-la-caida-vicente-perez-2\/\" \/>\n<meta property=\"og:locale\" content=\"es_ES\" \/>\n<meta property=\"og:type\" content=\"article\" \/>\n<meta property=\"og:title\" content=\"Lectura positiva del Gran Premio de Francia pese a la ca\u00edda de Vicente P\u00e9rez - Esponsorama\" \/>\n<meta property=\"og:description\" content=\"El Gran Premio de Francia en el circuito de Le Mans deja al piloto del Reale Avintia Academy 77, Vicente P\u00e9rez un sabor agridulce. El joven valenciano se iba al suelo en la vuelta 16 cuando iba rodando en buena posici\u00f3n. A pesar de salir desde atr\u00e1s en la parrilla, 25\u00ba, Vicente P\u00e9rez consegu\u00eda mejorar [&hellip;]\" \/>\n<meta property=\"og:url\" content=\"http:\/\/esponsorama.ad\/es\/lectura-positiva-del-gran-premio-francia-pese-la-caida-vicente-perez-2\/\" \/>\n<meta property=\"og:site_name\" content=\"Esponsorama\" \/>\n<meta property=\"article:published_time\" content=\"2019-05-19T17:49:49+00:00\" \/>\n<meta property=\"article:modified_time\" content=\"2019-05-19T19:27:17+00:00\" \/>\n<meta property=\"og:image\" content=\"http:\/\/esponsorama.ad\/wp-content\/uploads\/2019\/05\/05Francia19M3ESPONSORAMA05Francia19M3VicentePerez_JOC0082-1024x683.jpg\" \/>\n\t<meta property=\"og:image:width\" content=\"1024\" \/>\n\t<meta property=\"og:image:height\" content=\"683\" \/>\n\t<meta property=\"og:image:type\" content=\"image\/jpeg\" \/>\n<meta name=\"author\" content=\"Xavi Andornet\" \/>\n<meta name=\"twitter:card\" content=\"summary_large_image\" \/>\n<meta name=\"twitter:label1\" content=\"Escrito por\" \/>\n\t<meta name=\"twitter:data1\" content=\"Xavi Andornet\" \/>\n\t<meta name=\"twitter:label2\" content=\"Tiempo de lectura\" \/>\n\t<meta name=\"twitter:data2\" content=\"1 minuto\" \/>\n<script type=\"application\/ld+json\" class=\"yoast-schema-graph\">{\"@context\":\"https:\/\/schema.org\",\"@graph\":[{\"@type\":\"Article\",\"@id\":\"http:\/\/esponsorama.ad\/es\/lectura-positiva-del-gran-premio-francia-pese-la-caida-vicente-perez-2\/#article\",\"isPartOf\":{\"@id\":\"http:\/\/esponsorama.ad\/es\/lectura-positiva-del-gran-premio-francia-pese-la-caida-vicente-perez-2\/\"},\"author\":{\"name\":\"Xavi Andornet\",\"@id\":\"http:\/\/esponsorama.ad\/es\/#\/schema\/person\/a5cde74945183d737066e46b61c6f9c4\"},\"headline\":\"Lectura positiva del Gran Premio de Francia pese a la ca\u00edda de Vicente P\u00e9rez\",\"datePublished\":\"2019-05-19T17:49:49+00:00\",\"dateModified\":\"2019-05-19T19:27:17+00:00\",\"mainEntityOfPage\":{\"@id\":\"http:\/\/esponsorama.ad\/es\/lectura-positiva-del-gran-premio-francia-pese-la-caida-vicente-perez-2\/\"},\"wordCount\":252,\"image\":{\"@id\":\"http:\/\/esponsorama.ad\/es\/lectura-positiva-del-gran-premio-francia-pese-la-caida-vicente-perez-2\/#primaryimage\"},\"thumbnailUrl\":\"http:\/\/esponsorama.ad\/wp-content\/uploads\/2019\/05\/05Francia19M3ESPONSORAMA05Francia19M3VicentePerez_JOC0082.jpg\",\"keywords\":[\"francegp\",\"frenchgp\",\"le mans\",\"moto3\",\"MotoGP\",\"vicente Perez\"],\"articleSection\":[\"Moto3\"],\"inLanguage\":\"es\"},{\"@type\":\"WebPage\",\"@id\":\"http:\/\/esponsorama.ad\/es\/lectura-positiva-del-gran-premio-francia-pese-la-caida-vicente-perez-2\/\",\"url\":\"http:\/\/esponsorama.ad\/es\/lectura-positiva-del-gran-premio-francia-pese-la-caida-vicente-perez-2\/\",\"name\":\"Lectura positiva del Gran Premio de Francia pese a la ca\u00edda de Vicente P\u00e9rez - Esponsorama\",\"isPartOf\":{\"@id\":\"http:\/\/esponsorama.ad\/es\/#website\"},\"primaryImageOfPage\":{\"@id\":\"http:\/\/esponsorama.ad\/es\/lectura-positiva-del-gran-premio-francia-pese-la-caida-vicente-perez-2\/#primaryimage\"},\"image\":{\"@id\":\"http:\/\/esponsorama.ad\/es\/lectura-positiva-del-gran-premio-francia-pese-la-caida-vicente-perez-2\/#primaryimage\"},\"thumbnailUrl\":\"http:\/\/esponsorama.ad\/wp-content\/uploads\/2019\/05\/05Francia19M3ESPONSORAMA05Francia19M3VicentePerez_JOC0082.jpg\",\"datePublished\":\"2019-05-19T17:49:49+00:00\",\"dateModified\":\"2019-05-19T19:27:17+00:00\",\"author\":{\"@id\":\"http:\/\/esponsorama.ad\/es\/#\/schema\/person\/a5cde74945183d737066e46b61c6f9c4\"},\"breadcrumb\":{\"@id\":\"http:\/\/esponsorama.ad\/es\/lectura-positiva-del-gran-premio-francia-pese-la-caida-vicente-perez-2\/#breadcrumb\"},\"inLanguage\":\"es\",\"potentialAction\":[{\"@type\":\"ReadAction\",\"target\":[\"http:\/\/esponsorama.ad\/es\/lectura-positiva-del-gran-premio-francia-pese-la-caida-vicente-perez-2\/\"]}]},{\"@type\":\"ImageObject\",\"inLanguage\":\"es\",\"@id\":\"http:\/\/esponsorama.ad\/es\/lectura-positiva-del-gran-premio-francia-pese-la-caida-vicente-perez-2\/#primaryimage\",\"url\":\"http:\/\/esponsorama.ad\/wp-content\/uploads\/2019\/05\/05Francia19M3ESPONSORAMA05Francia19M3VicentePerez_JOC0082.jpg\",\"contentUrl\":\"http:\/\/esponsorama.ad\/wp-content\/uploads\/2019\/05\/05Francia19M3ESPONSORAMA05Francia19M3VicentePerez_JOC0082.jpg\",\"width\":5472,\"height\":3648,\"caption\":\"05 GP de Francia 16, 17, 18 y 19 de mayo de 2019. Circuito de Le Mans, FRANCIA Motogp, MGP, Mgp, MotoGP\"},{\"@type\":\"BreadcrumbList\",\"@id\":\"http:\/\/esponsorama.ad\/es\/lectura-positiva-del-gran-premio-francia-pese-la-caida-vicente-perez-2\/#breadcrumb\",\"itemListElement\":[{\"@type\":\"ListItem\",\"position\":1,\"name\":\"Home\",\"item\":\"http:\/\/esponsorama.ad\/en\/\"},{\"@type\":\"ListItem\",\"position\":2,\"name\":\"Lectura positiva del Gran Premio de Francia pese a la ca\u00edda de Vicente P\u00e9rez\"}]},{\"@type\":\"WebSite\",\"@id\":\"http:\/\/esponsorama.ad\/es\/#website\",\"url\":\"http:\/\/esponsorama.ad\/es\/\",\"name\":\"Esponsorama\",\"description\":\"Specialist in motorsport sponsorship and event promotions\",\"potentialAction\":[{\"@type\":\"SearchAction\",\"target\":{\"@type\":\"EntryPoint\",\"urlTemplate\":\"http:\/\/esponsorama.ad\/es\/?s={search_term_string}\"},\"query-input\":{\"@type\":\"PropertyValueSpecification\",\"valueRequired\":true,\"valueName\":\"search_term_string\"}}],\"inLanguage\":\"es\"},{\"@type\":\"Person\",\"@id\":\"http:\/\/esponsorama.ad\/es\/#\/schema\/person\/a5cde74945183d737066e46b61c6f9c4\",\"name\":\"Xavi Andornet\",\"image\":{\"@type\":\"ImageObject\",\"inLanguage\":\"es\",\"@id\":\"http:\/\/esponsorama.ad\/es\/#\/schema\/person\/image\/\",\"url\":\"https:\/\/secure.gravatar.com\/avatar\/f10eaf9ad601244a2357c9fd7cd9805ed166cfaaf76d5d9ab08a9d873e70147a?s=96&d=mm&r=g\",\"contentUrl\":\"https:\/\/secure.gravatar.com\/avatar\/f10eaf9ad601244a2357c9fd7cd9805ed166cfaaf76d5d9ab08a9d873e70147a?s=96&d=mm&r=g\",\"caption\":\"Xavi Andornet\"},\"sameAs\":[\"http:\/\/www.andornet.ad\"],\"url\":\"http:\/\/esponsorama.ad\/es\/author\/andornet\/\"}]}<\/script>\n<!-- \/ Yoast SEO plugin. -->","yoast_head_json":{"title":"Lectura positiva del Gran Premio de Francia pese a la ca\u00edda de Vicente P\u00e9rez - Esponsorama","robots":{"index":"index","follow":"follow","max-snippet":"max-snippet:-1","max-image-preview":"max-image-preview:large","max-video-preview":"max-video-preview:-1"},"canonical":"http:\/\/esponsorama.ad\/es\/lectura-positiva-del-gran-premio-francia-pese-la-caida-vicente-perez-2\/","og_locale":"es_ES","og_type":"article","og_title":"Lectura positiva del Gran Premio de Francia pese a la ca\u00edda de Vicente P\u00e9rez - Esponsorama","og_description":"El Gran Premio de Francia en el circuito de Le Mans deja al piloto del Reale Avintia Academy 77, Vicente P\u00e9rez un sabor agridulce. El joven valenciano se iba al suelo en la vuelta 16 cuando iba rodando en buena posici\u00f3n. A pesar de salir desde atr\u00e1s en la parrilla, 25\u00ba, Vicente P\u00e9rez consegu\u00eda mejorar [&hellip;]","og_url":"http:\/\/esponsorama.ad\/es\/lectura-positiva-del-gran-premio-francia-pese-la-caida-vicente-perez-2\/","og_site_name":"Esponsorama","article_published_time":"2019-05-19T17:49:49+00:00","article_modified_time":"2019-05-19T19:27:17+00:00","og_image":[{"width":1024,"height":683,"url":"http:\/\/esponsorama.ad\/wp-content\/uploads\/2019\/05\/05Francia19M3ESPONSORAMA05Francia19M3VicentePerez_JOC0082-1024x683.jpg","type":"image\/jpeg"}],"author":"Xavi Andornet","twitter_card":"summary_large_image","twitter_misc":{"Escrito por":"Xavi Andornet","Tiempo de lectura":"1 minuto"},"schema":{"@context":"https:\/\/schema.org","@graph":[{"@type":"Article","@id":"http:\/\/esponsorama.ad\/es\/lectura-positiva-del-gran-premio-francia-pese-la-caida-vicente-perez-2\/#article","isPartOf":{"@id":"http:\/\/esponsorama.ad\/es\/lectura-positiva-del-gran-premio-francia-pese-la-caida-vicente-perez-2\/"},"author":{"name":"Xavi Andornet","@id":"http:\/\/esponsorama.ad\/es\/#\/schema\/person\/a5cde74945183d737066e46b61c6f9c4"},"headline":"Lectura positiva del Gran Premio de Francia pese a la ca\u00edda de Vicente P\u00e9rez","datePublished":"2019-05-19T17:49:49+00:00","dateModified":"2019-05-19T19:27:17+00:00","mainEntityOfPage":{"@id":"http:\/\/esponsorama.ad\/es\/lectura-positiva-del-gran-premio-francia-pese-la-caida-vicente-perez-2\/"},"wordCount":252,"image":{"@id":"http:\/\/esponsorama.ad\/es\/lectura-positiva-del-gran-premio-francia-pese-la-caida-vicente-perez-2\/#primaryimage"},"thumbnailUrl":"http:\/\/esponsorama.ad\/wp-content\/uploads\/2019\/05\/05Francia19M3ESPONSORAMA05Francia19M3VicentePerez_JOC0082.jpg","keywords":["francegp","frenchgp","le mans","moto3","MotoGP","vicente Perez"],"articleSection":["Moto3"],"inLanguage":"es"},{"@type":"WebPage","@id":"http:\/\/esponsorama.ad\/es\/lectura-positiva-del-gran-premio-francia-pese-la-caida-vicente-perez-2\/","url":"http:\/\/esponsorama.ad\/es\/lectura-positiva-del-gran-premio-francia-pese-la-caida-vicente-perez-2\/","name":"Lectura positiva del Gran Premio de Francia pese a la ca\u00edda de Vicente P\u00e9rez - Esponsorama","isPartOf":{"@id":"http:\/\/esponsorama.ad\/es\/#website"},"primaryImageOfPage":{"@id":"http:\/\/esponsorama.ad\/es\/lectura-positiva-del-gran-premio-francia-pese-la-caida-vicente-perez-2\/#primaryimage"},"image":{"@id":"http:\/\/esponsorama.ad\/es\/lectura-positiva-del-gran-premio-francia-pese-la-caida-vicente-perez-2\/#primaryimage"},"thumbnailUrl":"http:\/\/esponsorama.ad\/wp-content\/uploads\/2019\/05\/05Francia19M3ESPONSORAMA05Francia19M3VicentePerez_JOC0082.jpg","datePublished":"2019-05-19T17:49:49+00:00","dateModified":"2019-05-19T19:27:17+00:00","author":{"@id":"http:\/\/esponsorama.ad\/es\/#\/schema\/person\/a5cde74945183d737066e46b61c6f9c4"},"breadcrumb":{"@id":"http:\/\/esponsorama.ad\/es\/lectura-positiva-del-gran-premio-francia-pese-la-caida-vicente-perez-2\/#breadcrumb"},"inLanguage":"es","potentialAction":[{"@type":"ReadAction","target":["http:\/\/esponsorama.ad\/es\/lectura-positiva-del-gran-premio-francia-pese-la-caida-vicente-perez-2\/"]}]},{"@type":"ImageObject","inLanguage":"es","@id":"http:\/\/esponsorama.ad\/es\/lectura-positiva-del-gran-premio-francia-pese-la-caida-vicente-perez-2\/#primaryimage","url":"http:\/\/esponsorama.ad\/wp-content\/uploads\/2019\/05\/05Francia19M3ESPONSORAMA05Francia19M3VicentePerez_JOC0082.jpg","contentUrl":"http:\/\/esponsorama.ad\/wp-content\/uploads\/2019\/05\/05Francia19M3ESPONSORAMA05Francia19M3VicentePerez_JOC0082.jpg","width":5472,"height":3648,"caption":"05 GP de Francia 16, 17, 18 y 19 de mayo de 2019. Circuito de Le Mans, FRANCIA Motogp, MGP, Mgp, MotoGP"},{"@type":"BreadcrumbList","@id":"http:\/\/esponsorama.ad\/es\/lectura-positiva-del-gran-premio-francia-pese-la-caida-vicente-perez-2\/#breadcrumb","itemListElement":[{"@type":"ListItem","position":1,"name":"Home","item":"http:\/\/esponsorama.ad\/en\/"},{"@type":"ListItem","position":2,"name":"Lectura positiva del Gran Premio de Francia pese a la ca\u00edda de Vicente P\u00e9rez"}]},{"@type":"WebSite","@id":"http:\/\/esponsorama.ad\/es\/#website","url":"http:\/\/esponsorama.ad\/es\/","name":"Esponsorama","description":"Specialist in motorsport sponsorship and event promotions","potentialAction":[{"@type":"SearchAction","target":{"@type":"EntryPoint","urlTemplate":"http:\/\/esponsorama.ad\/es\/?s={search_term_string}"},"query-input":{"@type":"PropertyValueSpecification","valueRequired":true,"valueName":"search_term_string"}}],"inLanguage":"es"},{"@type":"Person","@id":"http:\/\/esponsorama.ad\/es\/#\/schema\/person\/a5cde74945183d737066e46b61c6f9c4","name":"Xavi Andornet","image":{"@type":"ImageObject","inLanguage":"es","@id":"http:\/\/esponsorama.ad\/es\/#\/schema\/person\/image\/","url":"https:\/\/secure.gravatar.com\/avatar\/f10eaf9ad601244a2357c9fd7cd9805ed166cfaaf76d5d9ab08a9d873e70147a?s=96&d=mm&r=g","contentUrl":"https:\/\/secure.gravatar.com\/avatar\/f10eaf9ad601244a2357c9fd7cd9805ed166cfaaf76d5d9ab08a9d873e70147a?s=96&d=mm&r=g","caption":"Xavi Andornet"},"sameAs":["http:\/\/www.andornet.ad"],"url":"http:\/\/esponsorama.ad\/es\/author\/andornet\/"}]}},"_links":{"self":[{"href":"http:\/\/esponsorama.ad\/es\/wp-json\/wp\/v2\/posts\/14724","targetHints":{"allow":["GET"]}}],"collection":[{"href":"http:\/\/esponsorama.ad\/es\/wp-json\/wp\/v2\/posts"}],"about":[{"href":"http:\/\/esponsorama.ad\/es\/wp-json\/wp\/v2\/types\/post"}],"author":[{"embeddable":true,"href":"http:\/\/esponsorama.ad\/es\/wp-json\/wp\/v2\/users\/6"}],"replies":[{"embeddable":true,"href":"http:\/\/esponsorama.ad\/es\/wp-json\/wp\/v2\/comments?post=14724"}],"version-history":[{"count":0,"href":"http:\/\/esponsorama.ad\/es\/wp-json\/wp\/v2\/posts\/14724\/revisions"}],"wp:featuredmedia":[{"embeddable":true,"href":"http:\/\/esponsorama.ad\/es\/wp-json\/wp\/v2\/media\/14743"}],"wp:attachment":[{"href":"http:\/\/esponsorama.ad\/es\/wp-json\/wp\/v2\/media?parent=14724"}],"wp:term":[{"taxonomy":"category","embeddable":true,"href":"http:\/\/esponsorama.ad\/es\/wp-json\/wp\/v2\/categories?post=14724"},{"taxonomy":"post_tag","embeddable":true,"href":"http:\/\/esponsorama.ad\/es\/wp-json\/wp\/v2\/tags?post=14724"}],"curies":[{"name":"wp","href":"https:\/\/api.w.org\/{rel}","templated":true}]}}