{"id":14758,"date":"2019-05-29T14:40:37","date_gmt":"2019-05-29T12:40:37","guid":{"rendered":"http:\/\/esponsorama.ad\/?p=14758"},"modified":"2019-05-29T14:42:58","modified_gmt":"2019-05-29T12:42:58","slug":"nuevo-reto-vicente-perez-mugello","status":"publish","type":"post","link":"http:\/\/esponsorama.ad\/es\/nuevo-reto-vicente-perez-mugello\/","title":{"rendered":"Nuevo reto para Vicente P\u00e9rez en Mugello"},"content":{"rendered":"<p>Vicente P\u00e9rez se estrenar\u00e1 este pr\u00f3ximo fin de semana en el Circuito de Mugello.<\/p>\n<p>El piloto valenciano, Vicente P\u00e9rez se enfrenta a un nuevo desaf\u00edo en el Gran Premio Oakley de Italia al ser la primera vez que participa en este trazado.<\/p>\n<p>El pupilo del Reale Avintia Academy 77 llega a este GP tras la ca\u00edda en el GP de Francia. P\u00e9rez tratar\u00e1 de familiarizarse con la pista desde los primeros entrenamientos libres e ir progresando en los tiempos, tal como nos tiene acostumbrados. Al joven piloto solo le falta mejorar el resultado de carrera\u00a0y demostrar su gran progreso durante esta temporada.<\/p>\n<p>\u00bbLlego a un circuito en el que no he estado nunca pero creo que si cogemos una buena din\u00e1mica de trabajo podemos hacerlo bien desde el inicio. Trabajar desde el FP1 y sobre todo coger alguna referencia desde el inicio para conocer el circuito y poder demostrar que podemos estar mas adelante de donde estamos\u00bb<\/p>\n","protected":false},"excerpt":{"rendered":"<p>Vicente P\u00e9rez se estrenar\u00e1 este pr\u00f3ximo fin de semana en el Circuito de Mugello. El piloto valenciano, Vicente P\u00e9rez se enfrenta a un nuevo desaf\u00edo en el Gran Premio Oakley de Italia al ser la primera vez que participa en este trazado. El pupilo del Reale Avintia Academy 77 llega a este GP tras la [&hellip;]<\/p>\n","protected":false},"author":6,"featured_media":14745,"comment_status":"closed","ping_status":"closed","sticky":false,"template":"","format":"standard","meta":{"footnotes":""},"categories":[1],"tags":[27,37,47,28],"class_list":["post-14758","post","type-post","status-publish","format-standard","has-post-thumbnail","hentry","category-sin-categoria","tag-moto3","tag-moto3-motogp","tag-motogp-championship","tag-vicente-perez"],"yoast_head":"<!-- This site is optimized with the Yoast SEO plugin v27.1.1 - https:\/\/yoast.com\/product\/yoast-seo-wordpress\/ -->\n<title>Nuevo reto para Vicente P\u00e9rez en Mugello - Esponsorama<\/title>\n<meta name=\"robots\" content=\"index, follow, max-snippet:-1, max-image-preview:large, max-video-preview:-1\" \/>\n<link rel=\"canonical\" href=\"http:\/\/esponsorama.ad\/es\/nuevo-reto-vicente-perez-mugello\/\" \/>\n<meta property=\"og:locale\" content=\"es_ES\" \/>\n<meta property=\"og:type\" content=\"article\" \/>\n<meta property=\"og:title\" content=\"Nuevo reto para Vicente P\u00e9rez en Mugello - Esponsorama\" \/>\n<meta property=\"og:description\" content=\"Vicente P\u00e9rez se estrenar\u00e1 este pr\u00f3ximo fin de semana en el Circuito de Mugello. El piloto valenciano, Vicente P\u00e9rez se enfrenta a un nuevo desaf\u00edo en el Gran Premio Oakley de Italia al ser la primera vez que participa en este trazado. El pupilo del Reale Avintia Academy 77 llega a este GP tras la [&hellip;]\" \/>\n<meta property=\"og:url\" content=\"http:\/\/esponsorama.ad\/es\/nuevo-reto-vicente-perez-mugello\/\" \/>\n<meta property=\"og:site_name\" content=\"Esponsorama\" \/>\n<meta property=\"article:published_time\" content=\"2019-05-29T12:40:37+00:00\" \/>\n<meta property=\"article:modified_time\" content=\"2019-05-29T12:42:58+00:00\" \/>\n<meta property=\"og:image\" content=\"http:\/\/esponsorama.ad\/wp-content\/uploads\/2019\/05\/05Francia19M3ESPONSORAMA05Francia19M3VicentePerez_JOC0632-1024x683.jpg\" \/>\n\t<meta property=\"og:image:width\" content=\"1024\" \/>\n\t<meta property=\"og:image:height\" content=\"683\" \/>\n\t<meta property=\"og:image:type\" content=\"image\/jpeg\" \/>\n<meta name=\"author\" content=\"Xavi Andornet\" \/>\n<meta name=\"twitter:card\" content=\"summary_large_image\" \/>\n<meta name=\"twitter:label1\" content=\"Escrito por\" \/>\n\t<meta name=\"twitter:data1\" content=\"Xavi Andornet\" \/>\n\t<meta name=\"twitter:label2\" content=\"Tiempo de lectura\" \/>\n\t<meta name=\"twitter:data2\" content=\"1 minuto\" \/>\n<script type=\"application\/ld+json\" class=\"yoast-schema-graph\">{\"@context\":\"https:\/\/schema.org\",\"@graph\":[{\"@type\":\"Article\",\"@id\":\"http:\/\/esponsorama.ad\/es\/nuevo-reto-vicente-perez-mugello\/#article\",\"isPartOf\":{\"@id\":\"http:\/\/esponsorama.ad\/es\/nuevo-reto-vicente-perez-mugello\/\"},\"author\":{\"name\":\"Xavi Andornet\",\"@id\":\"http:\/\/esponsorama.ad\/es\/#\/schema\/person\/a5cde74945183d737066e46b61c6f9c4\"},\"headline\":\"Nuevo reto para Vicente P\u00e9rez en Mugello\",\"datePublished\":\"2019-05-29T12:40:37+00:00\",\"dateModified\":\"2019-05-29T12:42:58+00:00\",\"mainEntityOfPage\":{\"@id\":\"http:\/\/esponsorama.ad\/es\/nuevo-reto-vicente-perez-mugello\/\"},\"wordCount\":174,\"image\":{\"@id\":\"http:\/\/esponsorama.ad\/es\/nuevo-reto-vicente-perez-mugello\/#primaryimage\"},\"thumbnailUrl\":\"http:\/\/esponsorama.ad\/wp-content\/uploads\/2019\/05\/05Francia19M3ESPONSORAMA05Francia19M3VicentePerez_JOC0632.jpg\",\"keywords\":[\"moto3\",\"moto3. motogp\",\"motogp championship\",\"vicente Perez\"],\"inLanguage\":\"es\"},{\"@type\":\"WebPage\",\"@id\":\"http:\/\/esponsorama.ad\/es\/nuevo-reto-vicente-perez-mugello\/\",\"url\":\"http:\/\/esponsorama.ad\/es\/nuevo-reto-vicente-perez-mugello\/\",\"name\":\"Nuevo reto para Vicente P\u00e9rez en Mugello - Esponsorama\",\"isPartOf\":{\"@id\":\"http:\/\/esponsorama.ad\/es\/#website\"},\"primaryImageOfPage\":{\"@id\":\"http:\/\/esponsorama.ad\/es\/nuevo-reto-vicente-perez-mugello\/#primaryimage\"},\"image\":{\"@id\":\"http:\/\/esponsorama.ad\/es\/nuevo-reto-vicente-perez-mugello\/#primaryimage\"},\"thumbnailUrl\":\"http:\/\/esponsorama.ad\/wp-content\/uploads\/2019\/05\/05Francia19M3ESPONSORAMA05Francia19M3VicentePerez_JOC0632.jpg\",\"datePublished\":\"2019-05-29T12:40:37+00:00\",\"dateModified\":\"2019-05-29T12:42:58+00:00\",\"author\":{\"@id\":\"http:\/\/esponsorama.ad\/es\/#\/schema\/person\/a5cde74945183d737066e46b61c6f9c4\"},\"breadcrumb\":{\"@id\":\"http:\/\/esponsorama.ad\/es\/nuevo-reto-vicente-perez-mugello\/#breadcrumb\"},\"inLanguage\":\"es\",\"potentialAction\":[{\"@type\":\"ReadAction\",\"target\":[\"http:\/\/esponsorama.ad\/es\/nuevo-reto-vicente-perez-mugello\/\"]}]},{\"@type\":\"ImageObject\",\"inLanguage\":\"es\",\"@id\":\"http:\/\/esponsorama.ad\/es\/nuevo-reto-vicente-perez-mugello\/#primaryimage\",\"url\":\"http:\/\/esponsorama.ad\/wp-content\/uploads\/2019\/05\/05Francia19M3ESPONSORAMA05Francia19M3VicentePerez_JOC0632.jpg\",\"contentUrl\":\"http:\/\/esponsorama.ad\/wp-content\/uploads\/2019\/05\/05Francia19M3ESPONSORAMA05Francia19M3VicentePerez_JOC0632.jpg\",\"width\":5472,\"height\":3648,\"caption\":\"05 GP de Francia 16, 17, 18 y 19 de mayo de 2019. Circuito de Le Mans, FRANCIA Motogp, MGP, Mgp, MotoGP\"},{\"@type\":\"BreadcrumbList\",\"@id\":\"http:\/\/esponsorama.ad\/es\/nuevo-reto-vicente-perez-mugello\/#breadcrumb\",\"itemListElement\":[{\"@type\":\"ListItem\",\"position\":1,\"name\":\"Home\",\"item\":\"http:\/\/esponsorama.ad\/es\/\"},{\"@type\":\"ListItem\",\"position\":2,\"name\":\"Nuevo reto para Vicente P\u00e9rez en Mugello\"}]},{\"@type\":\"WebSite\",\"@id\":\"http:\/\/esponsorama.ad\/es\/#website\",\"url\":\"http:\/\/esponsorama.ad\/es\/\",\"name\":\"Esponsorama\",\"description\":\"Specialist in motorsport sponsorship and event promotions\",\"potentialAction\":[{\"@type\":\"SearchAction\",\"target\":{\"@type\":\"EntryPoint\",\"urlTemplate\":\"http:\/\/esponsorama.ad\/es\/?s={search_term_string}\"},\"query-input\":{\"@type\":\"PropertyValueSpecification\",\"valueRequired\":true,\"valueName\":\"search_term_string\"}}],\"inLanguage\":\"es\"},{\"@type\":\"Person\",\"@id\":\"http:\/\/esponsorama.ad\/es\/#\/schema\/person\/a5cde74945183d737066e46b61c6f9c4\",\"name\":\"Xavi Andornet\",\"image\":{\"@type\":\"ImageObject\",\"inLanguage\":\"es\",\"@id\":\"http:\/\/esponsorama.ad\/es\/#\/schema\/person\/image\/\",\"url\":\"https:\/\/secure.gravatar.com\/avatar\/f10eaf9ad601244a2357c9fd7cd9805ed166cfaaf76d5d9ab08a9d873e70147a?s=96&d=mm&r=g\",\"contentUrl\":\"https:\/\/secure.gravatar.com\/avatar\/f10eaf9ad601244a2357c9fd7cd9805ed166cfaaf76d5d9ab08a9d873e70147a?s=96&d=mm&r=g\",\"caption\":\"Xavi Andornet\"},\"sameAs\":[\"http:\/\/www.andornet.ad\"],\"url\":\"http:\/\/esponsorama.ad\/es\/author\/andornet\/\"}]}<\/script>\n<!-- \/ Yoast SEO plugin. -->","yoast_head_json":{"title":"Nuevo reto para Vicente P\u00e9rez en Mugello - Esponsorama","robots":{"index":"index","follow":"follow","max-snippet":"max-snippet:-1","max-image-preview":"max-image-preview:large","max-video-preview":"max-video-preview:-1"},"canonical":"http:\/\/esponsorama.ad\/es\/nuevo-reto-vicente-perez-mugello\/","og_locale":"es_ES","og_type":"article","og_title":"Nuevo reto para Vicente P\u00e9rez en Mugello - Esponsorama","og_description":"Vicente P\u00e9rez se estrenar\u00e1 este pr\u00f3ximo fin de semana en el Circuito de Mugello. El piloto valenciano, Vicente P\u00e9rez se enfrenta a un nuevo desaf\u00edo en el Gran Premio Oakley de Italia al ser la primera vez que participa en este trazado. El pupilo del Reale Avintia Academy 77 llega a este GP tras la [&hellip;]","og_url":"http:\/\/esponsorama.ad\/es\/nuevo-reto-vicente-perez-mugello\/","og_site_name":"Esponsorama","article_published_time":"2019-05-29T12:40:37+00:00","article_modified_time":"2019-05-29T12:42:58+00:00","og_image":[{"width":1024,"height":683,"url":"http:\/\/esponsorama.ad\/wp-content\/uploads\/2019\/05\/05Francia19M3ESPONSORAMA05Francia19M3VicentePerez_JOC0632-1024x683.jpg","type":"image\/jpeg"}],"author":"Xavi Andornet","twitter_card":"summary_large_image","twitter_misc":{"Escrito por":"Xavi Andornet","Tiempo de lectura":"1 minuto"},"schema":{"@context":"https:\/\/schema.org","@graph":[{"@type":"Article","@id":"http:\/\/esponsorama.ad\/es\/nuevo-reto-vicente-perez-mugello\/#article","isPartOf":{"@id":"http:\/\/esponsorama.ad\/es\/nuevo-reto-vicente-perez-mugello\/"},"author":{"name":"Xavi Andornet","@id":"http:\/\/esponsorama.ad\/es\/#\/schema\/person\/a5cde74945183d737066e46b61c6f9c4"},"headline":"Nuevo reto para Vicente P\u00e9rez en Mugello","datePublished":"2019-05-29T12:40:37+00:00","dateModified":"2019-05-29T12:42:58+00:00","mainEntityOfPage":{"@id":"http:\/\/esponsorama.ad\/es\/nuevo-reto-vicente-perez-mugello\/"},"wordCount":174,"image":{"@id":"http:\/\/esponsorama.ad\/es\/nuevo-reto-vicente-perez-mugello\/#primaryimage"},"thumbnailUrl":"http:\/\/esponsorama.ad\/wp-content\/uploads\/2019\/05\/05Francia19M3ESPONSORAMA05Francia19M3VicentePerez_JOC0632.jpg","keywords":["moto3","moto3. motogp","motogp championship","vicente Perez"],"inLanguage":"es"},{"@type":"WebPage","@id":"http:\/\/esponsorama.ad\/es\/nuevo-reto-vicente-perez-mugello\/","url":"http:\/\/esponsorama.ad\/es\/nuevo-reto-vicente-perez-mugello\/","name":"Nuevo reto para Vicente P\u00e9rez en Mugello - Esponsorama","isPartOf":{"@id":"http:\/\/esponsorama.ad\/es\/#website"},"primaryImageOfPage":{"@id":"http:\/\/esponsorama.ad\/es\/nuevo-reto-vicente-perez-mugello\/#primaryimage"},"image":{"@id":"http:\/\/esponsorama.ad\/es\/nuevo-reto-vicente-perez-mugello\/#primaryimage"},"thumbnailUrl":"http:\/\/esponsorama.ad\/wp-content\/uploads\/2019\/05\/05Francia19M3ESPONSORAMA05Francia19M3VicentePerez_JOC0632.jpg","datePublished":"2019-05-29T12:40:37+00:00","dateModified":"2019-05-29T12:42:58+00:00","author":{"@id":"http:\/\/esponsorama.ad\/es\/#\/schema\/person\/a5cde74945183d737066e46b61c6f9c4"},"breadcrumb":{"@id":"http:\/\/esponsorama.ad\/es\/nuevo-reto-vicente-perez-mugello\/#breadcrumb"},"inLanguage":"es","potentialAction":[{"@type":"ReadAction","target":["http:\/\/esponsorama.ad\/es\/nuevo-reto-vicente-perez-mugello\/"]}]},{"@type":"ImageObject","inLanguage":"es","@id":"http:\/\/esponsorama.ad\/es\/nuevo-reto-vicente-perez-mugello\/#primaryimage","url":"http:\/\/esponsorama.ad\/wp-content\/uploads\/2019\/05\/05Francia19M3ESPONSORAMA05Francia19M3VicentePerez_JOC0632.jpg","contentUrl":"http:\/\/esponsorama.ad\/wp-content\/uploads\/2019\/05\/05Francia19M3ESPONSORAMA05Francia19M3VicentePerez_JOC0632.jpg","width":5472,"height":3648,"caption":"05 GP de Francia 16, 17, 18 y 19 de mayo de 2019. Circuito de Le Mans, FRANCIA Motogp, MGP, Mgp, MotoGP"},{"@type":"BreadcrumbList","@id":"http:\/\/esponsorama.ad\/es\/nuevo-reto-vicente-perez-mugello\/#breadcrumb","itemListElement":[{"@type":"ListItem","position":1,"name":"Home","item":"http:\/\/esponsorama.ad\/es\/"},{"@type":"ListItem","position":2,"name":"Nuevo reto para Vicente P\u00e9rez en Mugello"}]},{"@type":"WebSite","@id":"http:\/\/esponsorama.ad\/es\/#website","url":"http:\/\/esponsorama.ad\/es\/","name":"Esponsorama","description":"Specialist in motorsport sponsorship and event promotions","potentialAction":[{"@type":"SearchAction","target":{"@type":"EntryPoint","urlTemplate":"http:\/\/esponsorama.ad\/es\/?s={search_term_string}"},"query-input":{"@type":"PropertyValueSpecification","valueRequired":true,"valueName":"search_term_string"}}],"inLanguage":"es"},{"@type":"Person","@id":"http:\/\/esponsorama.ad\/es\/#\/schema\/person\/a5cde74945183d737066e46b61c6f9c4","name":"Xavi Andornet","image":{"@type":"ImageObject","inLanguage":"es","@id":"http:\/\/esponsorama.ad\/es\/#\/schema\/person\/image\/","url":"https:\/\/secure.gravatar.com\/avatar\/f10eaf9ad601244a2357c9fd7cd9805ed166cfaaf76d5d9ab08a9d873e70147a?s=96&d=mm&r=g","contentUrl":"https:\/\/secure.gravatar.com\/avatar\/f10eaf9ad601244a2357c9fd7cd9805ed166cfaaf76d5d9ab08a9d873e70147a?s=96&d=mm&r=g","caption":"Xavi Andornet"},"sameAs":["http:\/\/www.andornet.ad"],"url":"http:\/\/esponsorama.ad\/es\/author\/andornet\/"}]}},"_links":{"self":[{"href":"http:\/\/esponsorama.ad\/es\/wp-json\/wp\/v2\/posts\/14758","targetHints":{"allow":["GET"]}}],"collection":[{"href":"http:\/\/esponsorama.ad\/es\/wp-json\/wp\/v2\/posts"}],"about":[{"href":"http:\/\/esponsorama.ad\/es\/wp-json\/wp\/v2\/types\/post"}],"author":[{"embeddable":true,"href":"http:\/\/esponsorama.ad\/es\/wp-json\/wp\/v2\/users\/6"}],"replies":[{"embeddable":true,"href":"http:\/\/esponsorama.ad\/es\/wp-json\/wp\/v2\/comments?post=14758"}],"version-history":[{"count":0,"href":"http:\/\/esponsorama.ad\/es\/wp-json\/wp\/v2\/posts\/14758\/revisions"}],"wp:featuredmedia":[{"embeddable":true,"href":"http:\/\/esponsorama.ad\/es\/wp-json\/wp\/v2\/media\/14745"}],"wp:attachment":[{"href":"http:\/\/esponsorama.ad\/es\/wp-json\/wp\/v2\/media?parent=14758"}],"wp:term":[{"taxonomy":"category","embeddable":true,"href":"http:\/\/esponsorama.ad\/es\/wp-json\/wp\/v2\/categories?post=14758"},{"taxonomy":"post_tag","embeddable":true,"href":"http:\/\/esponsorama.ad\/es\/wp-json\/wp\/v2\/tags?post=14758"}],"curies":[{"name":"wp","href":"https:\/\/api.w.org\/{rel}","templated":true}]}}