{"id":14823,"date":"2019-07-01T20:24:50","date_gmt":"2019-07-01T18:24:50","guid":{"rendered":"http:\/\/esponsorama.ad\/?p=14823"},"modified":"2019-07-01T20:52:43","modified_gmt":"2019-07-01T18:52:43","slug":"stefano-nepa-concluye-20o-primera-carrera-reale-avintia-arizona-77","status":"publish","type":"post","link":"http:\/\/esponsorama.ad\/es\/stefano-nepa-concluye-20o-primera-carrera-reale-avintia-arizona-77\/","title":{"rendered":"Stefano Nepa concluye 20\u00ba en su primera carrera con el Reale Avintia Arizona 77"},"content":{"rendered":"<table class=\"mcnTextBlock\" border=\"0\" width=\"100%\" cellspacing=\"0\" cellpadding=\"0\">\n<tbody class=\"mcnTextBlockOuter\">\n<tr>\n<td class=\"mcnTextBlockInner\" valign=\"top\">\n<table class=\"mcnTextContentContainer\" border=\"0\" width=\"100%\" cellspacing=\"0\" cellpadding=\"0\" align=\"left\">\n<tbody>\n<tr>\n<td class=\"mcnTextContent\" valign=\"top\">\n<div>\n<p>El fin de semana de carreras en\u00a0Assen fue escenario del debut de Stefano Nepa con el Reale Avintia Arizona 77 en el Campeonato del Mundo de Moto3. El piloto italiano arranc\u00f3 la carrera desde la 27\u00ba posici\u00f3n en la parrilla de salida.<\/p>\n<p>Una vez comenz\u00f3 la prueba se form\u00f3 un nutrido grupo de cabeza y, aunque en algunos momentos parec\u00eda que\u00a0se iba a romper, los cambios de liderato en la cabeza de carrera, el fuerte viento y el bajo ritmo favorec\u00edan a una reagrupaci\u00f3n de pilotos.<\/p>\n<p>A pesar de que al comienzo fue una carrera limpia, se fueron sucediendo los adelantamientos a medida que pasaban las vueltas que dieron lugar a ca\u00eddas y eso lo supo aprovechar Stefano Nepa para ir ganando posiciones hasta cruzar la linea de meta dentro del Top 20.<\/p>\n<\/div>\n<div>\n<h3><img loading=\"lazy\" decoding=\"async\" class=\"wp-image-14822 alignleft\" src=\"http:\/\/esponsorama.ad\/wp-content\/uploads\/2019\/07\/dorsal-nepa.png\" alt=\"dorsal-nepa\" width=\"57\" height=\"57\" srcset=\"http:\/\/esponsorama.ad\/wp-content\/uploads\/2019\/07\/dorsal-nepa.png 300w, http:\/\/esponsorama.ad\/wp-content\/uploads\/2019\/07\/dorsal-nepa-150x150.png 150w\" sizes=\"auto, (max-width: 57px) 100vw, 57px\" \/><\/h3>\n<h3>Stefano Nepa<\/h3>\n<p><em><\/p>\n<p>\u00abLa carrera ha ido bastante bien, en los primeros giros he podido permanecer con el grupo. Por desgracia, despu\u00e9s no ten\u00eda buen ritmo y me he ido quedando poco a poco pero esto es solo el comienzo y debemos trabajar mucho\u00a0para ir hacia adelante. Tengo que dar las gracias al equipo y a los mec\u00e1nicos que han hecho un gran trabajo estos tres d\u00edas y tambi\u00e9n a los patrocinadores y a mi familia. En Sachsenring lo volveremos a intentar.\u00bb<\/em><\/p>\n<\/div>\n<\/td>\n<\/tr>\n<\/tbody>\n<\/table>\n<\/td>\n<\/tr>\n<\/tbody>\n<\/table>\n<table class=\"mcnTextBlock\" border=\"0\" width=\"100%\" cellspacing=\"0\" cellpadding=\"0\">\n<tbody class=\"mcnTextBlockOuter\">\n<tr>\n<td class=\"mcnTextBlockInner\" valign=\"top\">\n<table class=\"mcnTextContentContainer\" border=\"0\" width=\"100%\" cellspacing=\"0\" cellpadding=\"0\" align=\"left\">\n<tbody>\n<tr>\n<td class=\"mcnTextContent\" valign=\"top\"><\/td>\n<\/tr>\n<\/tbody>\n<\/table>\n<\/td>\n<\/tr>\n<\/tbody>\n<\/table>\n","protected":false},"excerpt":{"rendered":"<p>El fin de semana de carreras en\u00a0Assen fue escenario del debut de Stefano Nepa con el Reale Avintia Arizona 77 en el Campeonato del Mundo de Moto3. El piloto italiano arranc\u00f3 la carrera desde la 27\u00ba posici\u00f3n en la parrilla de salida. Una vez comenz\u00f3 la prueba se form\u00f3 un nutrido grupo de cabeza y, [&hellip;]<\/p>\n","protected":false},"author":6,"featured_media":14829,"comment_status":"closed","ping_status":"closed","sticky":false,"template":"","format":"standard","meta":{"footnotes":""},"categories":[12],"tags":[55,27],"class_list":["post-14823","post","type-post","status-publish","format-standard","has-post-thumbnail","hentry","category-moto3","tag-assen","tag-moto3"],"yoast_head":"<!-- This site is optimized with the Yoast SEO plugin v27.1.1 - https:\/\/yoast.com\/product\/yoast-seo-wordpress\/ -->\n<title>Stefano Nepa concluye 20\u00ba en su primera carrera con el Reale Avintia Arizona 77 - Esponsorama<\/title>\n<meta name=\"robots\" content=\"index, follow, max-snippet:-1, max-image-preview:large, max-video-preview:-1\" \/>\n<link rel=\"canonical\" href=\"http:\/\/esponsorama.ad\/es\/stefano-nepa-concluye-20o-primera-carrera-reale-avintia-arizona-77\/\" \/>\n<meta property=\"og:locale\" content=\"es_ES\" \/>\n<meta property=\"og:type\" content=\"article\" \/>\n<meta property=\"og:title\" content=\"Stefano Nepa concluye 20\u00ba en su primera carrera con el Reale Avintia Arizona 77 - Esponsorama\" \/>\n<meta property=\"og:description\" content=\"El fin de semana de carreras en\u00a0Assen fue escenario del debut de Stefano Nepa con el Reale Avintia Arizona 77 en el Campeonato del Mundo de Moto3. El piloto italiano arranc\u00f3 la carrera desde la 27\u00ba posici\u00f3n en la parrilla de salida. Una vez comenz\u00f3 la prueba se form\u00f3 un nutrido grupo de cabeza y, [&hellip;]\" \/>\n<meta property=\"og:url\" content=\"http:\/\/esponsorama.ad\/es\/stefano-nepa-concluye-20o-primera-carrera-reale-avintia-arizona-77\/\" \/>\n<meta property=\"og:site_name\" content=\"Esponsorama\" \/>\n<meta property=\"article:published_time\" content=\"2019-07-01T18:24:50+00:00\" \/>\n<meta property=\"article:modified_time\" content=\"2019-07-01T18:52:43+00:00\" \/>\n<meta property=\"og:image\" content=\"http:\/\/esponsorama.ad\/wp-content\/uploads\/2019\/07\/08Holanda19M3ESPONSORAMA_JOC4362-1024x683.jpg\" \/>\n\t<meta property=\"og:image:width\" content=\"1024\" \/>\n\t<meta property=\"og:image:height\" content=\"683\" \/>\n\t<meta property=\"og:image:type\" content=\"image\/jpeg\" \/>\n<meta name=\"author\" content=\"Xavi Andornet\" \/>\n<meta name=\"twitter:card\" content=\"summary_large_image\" \/>\n<meta name=\"twitter:label1\" content=\"Escrito por\" \/>\n\t<meta name=\"twitter:data1\" content=\"Xavi Andornet\" \/>\n\t<meta name=\"twitter:label2\" content=\"Tiempo de lectura\" \/>\n\t<meta name=\"twitter:data2\" content=\"1 minuto\" \/>\n<script type=\"application\/ld+json\" class=\"yoast-schema-graph\">{\"@context\":\"https:\/\/schema.org\",\"@graph\":[{\"@type\":\"Article\",\"@id\":\"http:\/\/esponsorama.ad\/es\/stefano-nepa-concluye-20o-primera-carrera-reale-avintia-arizona-77\/#article\",\"isPartOf\":{\"@id\":\"http:\/\/esponsorama.ad\/es\/stefano-nepa-concluye-20o-primera-carrera-reale-avintia-arizona-77\/\"},\"author\":{\"name\":\"Xavi Andornet\",\"@id\":\"http:\/\/esponsorama.ad\/es\/#\/schema\/person\/a5cde74945183d737066e46b61c6f9c4\"},\"headline\":\"Stefano Nepa concluye 20\u00ba en su primera carrera con el Reale Avintia Arizona 77\",\"datePublished\":\"2019-07-01T18:24:50+00:00\",\"dateModified\":\"2019-07-01T18:52:43+00:00\",\"mainEntityOfPage\":{\"@id\":\"http:\/\/esponsorama.ad\/es\/stefano-nepa-concluye-20o-primera-carrera-reale-avintia-arizona-77\/\"},\"wordCount\":236,\"image\":{\"@id\":\"http:\/\/esponsorama.ad\/es\/stefano-nepa-concluye-20o-primera-carrera-reale-avintia-arizona-77\/#primaryimage\"},\"thumbnailUrl\":\"http:\/\/esponsorama.ad\/wp-content\/uploads\/2019\/07\/08Holanda19M3ESPONSORAMA_JOC4362.jpg\",\"keywords\":[\"assen\",\"moto3\"],\"articleSection\":[\"Moto3\"],\"inLanguage\":\"es\"},{\"@type\":\"WebPage\",\"@id\":\"http:\/\/esponsorama.ad\/es\/stefano-nepa-concluye-20o-primera-carrera-reale-avintia-arizona-77\/\",\"url\":\"http:\/\/esponsorama.ad\/es\/stefano-nepa-concluye-20o-primera-carrera-reale-avintia-arizona-77\/\",\"name\":\"Stefano Nepa concluye 20\u00ba en su primera carrera con el Reale Avintia Arizona 77 - Esponsorama\",\"isPartOf\":{\"@id\":\"http:\/\/esponsorama.ad\/es\/#website\"},\"primaryImageOfPage\":{\"@id\":\"http:\/\/esponsorama.ad\/es\/stefano-nepa-concluye-20o-primera-carrera-reale-avintia-arizona-77\/#primaryimage\"},\"image\":{\"@id\":\"http:\/\/esponsorama.ad\/es\/stefano-nepa-concluye-20o-primera-carrera-reale-avintia-arizona-77\/#primaryimage\"},\"thumbnailUrl\":\"http:\/\/esponsorama.ad\/wp-content\/uploads\/2019\/07\/08Holanda19M3ESPONSORAMA_JOC4362.jpg\",\"datePublished\":\"2019-07-01T18:24:50+00:00\",\"dateModified\":\"2019-07-01T18:52:43+00:00\",\"author\":{\"@id\":\"http:\/\/esponsorama.ad\/es\/#\/schema\/person\/a5cde74945183d737066e46b61c6f9c4\"},\"breadcrumb\":{\"@id\":\"http:\/\/esponsorama.ad\/es\/stefano-nepa-concluye-20o-primera-carrera-reale-avintia-arizona-77\/#breadcrumb\"},\"inLanguage\":\"es\",\"potentialAction\":[{\"@type\":\"ReadAction\",\"target\":[\"http:\/\/esponsorama.ad\/es\/stefano-nepa-concluye-20o-primera-carrera-reale-avintia-arizona-77\/\"]}]},{\"@type\":\"ImageObject\",\"inLanguage\":\"es\",\"@id\":\"http:\/\/esponsorama.ad\/es\/stefano-nepa-concluye-20o-primera-carrera-reale-avintia-arizona-77\/#primaryimage\",\"url\":\"http:\/\/esponsorama.ad\/wp-content\/uploads\/2019\/07\/08Holanda19M3ESPONSORAMA_JOC4362.jpg\",\"contentUrl\":\"http:\/\/esponsorama.ad\/wp-content\/uploads\/2019\/07\/08Holanda19M3ESPONSORAMA_JOC4362.jpg\",\"width\":5472,\"height\":3648,\"caption\":\"08 GP Holanda 27, 28, 29 y 30 de junio de 2019. Circuito de Assen, HOLANDA Motogp, MGP, Mgp, MotoGP\"},{\"@type\":\"BreadcrumbList\",\"@id\":\"http:\/\/esponsorama.ad\/es\/stefano-nepa-concluye-20o-primera-carrera-reale-avintia-arizona-77\/#breadcrumb\",\"itemListElement\":[{\"@type\":\"ListItem\",\"position\":1,\"name\":\"Home\",\"item\":\"http:\/\/esponsorama.ad\/en\/\"},{\"@type\":\"ListItem\",\"position\":2,\"name\":\"Stefano Nepa concluye 20\u00ba en su primera carrera con el Reale Avintia Arizona 77\"}]},{\"@type\":\"WebSite\",\"@id\":\"http:\/\/esponsorama.ad\/es\/#website\",\"url\":\"http:\/\/esponsorama.ad\/es\/\",\"name\":\"Esponsorama\",\"description\":\"Specialist in motorsport sponsorship and event promotions\",\"potentialAction\":[{\"@type\":\"SearchAction\",\"target\":{\"@type\":\"EntryPoint\",\"urlTemplate\":\"http:\/\/esponsorama.ad\/es\/?s={search_term_string}\"},\"query-input\":{\"@type\":\"PropertyValueSpecification\",\"valueRequired\":true,\"valueName\":\"search_term_string\"}}],\"inLanguage\":\"es\"},{\"@type\":\"Person\",\"@id\":\"http:\/\/esponsorama.ad\/es\/#\/schema\/person\/a5cde74945183d737066e46b61c6f9c4\",\"name\":\"Xavi Andornet\",\"image\":{\"@type\":\"ImageObject\",\"inLanguage\":\"es\",\"@id\":\"http:\/\/esponsorama.ad\/es\/#\/schema\/person\/image\/\",\"url\":\"https:\/\/secure.gravatar.com\/avatar\/f10eaf9ad601244a2357c9fd7cd9805ed166cfaaf76d5d9ab08a9d873e70147a?s=96&d=mm&r=g\",\"contentUrl\":\"https:\/\/secure.gravatar.com\/avatar\/f10eaf9ad601244a2357c9fd7cd9805ed166cfaaf76d5d9ab08a9d873e70147a?s=96&d=mm&r=g\",\"caption\":\"Xavi Andornet\"},\"sameAs\":[\"http:\/\/www.andornet.ad\"],\"url\":\"http:\/\/esponsorama.ad\/es\/author\/andornet\/\"}]}<\/script>\n<!-- \/ Yoast SEO plugin. -->","yoast_head_json":{"title":"Stefano Nepa concluye 20\u00ba en su primera carrera con el Reale Avintia Arizona 77 - Esponsorama","robots":{"index":"index","follow":"follow","max-snippet":"max-snippet:-1","max-image-preview":"max-image-preview:large","max-video-preview":"max-video-preview:-1"},"canonical":"http:\/\/esponsorama.ad\/es\/stefano-nepa-concluye-20o-primera-carrera-reale-avintia-arizona-77\/","og_locale":"es_ES","og_type":"article","og_title":"Stefano Nepa concluye 20\u00ba en su primera carrera con el Reale Avintia Arizona 77 - Esponsorama","og_description":"El fin de semana de carreras en\u00a0Assen fue escenario del debut de Stefano Nepa con el Reale Avintia Arizona 77 en el Campeonato del Mundo de Moto3. El piloto italiano arranc\u00f3 la carrera desde la 27\u00ba posici\u00f3n en la parrilla de salida. Una vez comenz\u00f3 la prueba se form\u00f3 un nutrido grupo de cabeza y, [&hellip;]","og_url":"http:\/\/esponsorama.ad\/es\/stefano-nepa-concluye-20o-primera-carrera-reale-avintia-arizona-77\/","og_site_name":"Esponsorama","article_published_time":"2019-07-01T18:24:50+00:00","article_modified_time":"2019-07-01T18:52:43+00:00","og_image":[{"width":1024,"height":683,"url":"http:\/\/esponsorama.ad\/wp-content\/uploads\/2019\/07\/08Holanda19M3ESPONSORAMA_JOC4362-1024x683.jpg","type":"image\/jpeg"}],"author":"Xavi Andornet","twitter_card":"summary_large_image","twitter_misc":{"Escrito por":"Xavi Andornet","Tiempo de lectura":"1 minuto"},"schema":{"@context":"https:\/\/schema.org","@graph":[{"@type":"Article","@id":"http:\/\/esponsorama.ad\/es\/stefano-nepa-concluye-20o-primera-carrera-reale-avintia-arizona-77\/#article","isPartOf":{"@id":"http:\/\/esponsorama.ad\/es\/stefano-nepa-concluye-20o-primera-carrera-reale-avintia-arizona-77\/"},"author":{"name":"Xavi Andornet","@id":"http:\/\/esponsorama.ad\/es\/#\/schema\/person\/a5cde74945183d737066e46b61c6f9c4"},"headline":"Stefano Nepa concluye 20\u00ba en su primera carrera con el Reale Avintia Arizona 77","datePublished":"2019-07-01T18:24:50+00:00","dateModified":"2019-07-01T18:52:43+00:00","mainEntityOfPage":{"@id":"http:\/\/esponsorama.ad\/es\/stefano-nepa-concluye-20o-primera-carrera-reale-avintia-arizona-77\/"},"wordCount":236,"image":{"@id":"http:\/\/esponsorama.ad\/es\/stefano-nepa-concluye-20o-primera-carrera-reale-avintia-arizona-77\/#primaryimage"},"thumbnailUrl":"http:\/\/esponsorama.ad\/wp-content\/uploads\/2019\/07\/08Holanda19M3ESPONSORAMA_JOC4362.jpg","keywords":["assen","moto3"],"articleSection":["Moto3"],"inLanguage":"es"},{"@type":"WebPage","@id":"http:\/\/esponsorama.ad\/es\/stefano-nepa-concluye-20o-primera-carrera-reale-avintia-arizona-77\/","url":"http:\/\/esponsorama.ad\/es\/stefano-nepa-concluye-20o-primera-carrera-reale-avintia-arizona-77\/","name":"Stefano Nepa concluye 20\u00ba en su primera carrera con el Reale Avintia Arizona 77 - Esponsorama","isPartOf":{"@id":"http:\/\/esponsorama.ad\/es\/#website"},"primaryImageOfPage":{"@id":"http:\/\/esponsorama.ad\/es\/stefano-nepa-concluye-20o-primera-carrera-reale-avintia-arizona-77\/#primaryimage"},"image":{"@id":"http:\/\/esponsorama.ad\/es\/stefano-nepa-concluye-20o-primera-carrera-reale-avintia-arizona-77\/#primaryimage"},"thumbnailUrl":"http:\/\/esponsorama.ad\/wp-content\/uploads\/2019\/07\/08Holanda19M3ESPONSORAMA_JOC4362.jpg","datePublished":"2019-07-01T18:24:50+00:00","dateModified":"2019-07-01T18:52:43+00:00","author":{"@id":"http:\/\/esponsorama.ad\/es\/#\/schema\/person\/a5cde74945183d737066e46b61c6f9c4"},"breadcrumb":{"@id":"http:\/\/esponsorama.ad\/es\/stefano-nepa-concluye-20o-primera-carrera-reale-avintia-arizona-77\/#breadcrumb"},"inLanguage":"es","potentialAction":[{"@type":"ReadAction","target":["http:\/\/esponsorama.ad\/es\/stefano-nepa-concluye-20o-primera-carrera-reale-avintia-arizona-77\/"]}]},{"@type":"ImageObject","inLanguage":"es","@id":"http:\/\/esponsorama.ad\/es\/stefano-nepa-concluye-20o-primera-carrera-reale-avintia-arizona-77\/#primaryimage","url":"http:\/\/esponsorama.ad\/wp-content\/uploads\/2019\/07\/08Holanda19M3ESPONSORAMA_JOC4362.jpg","contentUrl":"http:\/\/esponsorama.ad\/wp-content\/uploads\/2019\/07\/08Holanda19M3ESPONSORAMA_JOC4362.jpg","width":5472,"height":3648,"caption":"08 GP Holanda 27, 28, 29 y 30 de junio de 2019. Circuito de Assen, HOLANDA Motogp, MGP, Mgp, MotoGP"},{"@type":"BreadcrumbList","@id":"http:\/\/esponsorama.ad\/es\/stefano-nepa-concluye-20o-primera-carrera-reale-avintia-arizona-77\/#breadcrumb","itemListElement":[{"@type":"ListItem","position":1,"name":"Home","item":"http:\/\/esponsorama.ad\/en\/"},{"@type":"ListItem","position":2,"name":"Stefano Nepa concluye 20\u00ba en su primera carrera con el Reale Avintia Arizona 77"}]},{"@type":"WebSite","@id":"http:\/\/esponsorama.ad\/es\/#website","url":"http:\/\/esponsorama.ad\/es\/","name":"Esponsorama","description":"Specialist in motorsport sponsorship and event promotions","potentialAction":[{"@type":"SearchAction","target":{"@type":"EntryPoint","urlTemplate":"http:\/\/esponsorama.ad\/es\/?s={search_term_string}"},"query-input":{"@type":"PropertyValueSpecification","valueRequired":true,"valueName":"search_term_string"}}],"inLanguage":"es"},{"@type":"Person","@id":"http:\/\/esponsorama.ad\/es\/#\/schema\/person\/a5cde74945183d737066e46b61c6f9c4","name":"Xavi Andornet","image":{"@type":"ImageObject","inLanguage":"es","@id":"http:\/\/esponsorama.ad\/es\/#\/schema\/person\/image\/","url":"https:\/\/secure.gravatar.com\/avatar\/f10eaf9ad601244a2357c9fd7cd9805ed166cfaaf76d5d9ab08a9d873e70147a?s=96&d=mm&r=g","contentUrl":"https:\/\/secure.gravatar.com\/avatar\/f10eaf9ad601244a2357c9fd7cd9805ed166cfaaf76d5d9ab08a9d873e70147a?s=96&d=mm&r=g","caption":"Xavi Andornet"},"sameAs":["http:\/\/www.andornet.ad"],"url":"http:\/\/esponsorama.ad\/es\/author\/andornet\/"}]}},"_links":{"self":[{"href":"http:\/\/esponsorama.ad\/es\/wp-json\/wp\/v2\/posts\/14823","targetHints":{"allow":["GET"]}}],"collection":[{"href":"http:\/\/esponsorama.ad\/es\/wp-json\/wp\/v2\/posts"}],"about":[{"href":"http:\/\/esponsorama.ad\/es\/wp-json\/wp\/v2\/types\/post"}],"author":[{"embeddable":true,"href":"http:\/\/esponsorama.ad\/es\/wp-json\/wp\/v2\/users\/6"}],"replies":[{"embeddable":true,"href":"http:\/\/esponsorama.ad\/es\/wp-json\/wp\/v2\/comments?post=14823"}],"version-history":[{"count":0,"href":"http:\/\/esponsorama.ad\/es\/wp-json\/wp\/v2\/posts\/14823\/revisions"}],"wp:featuredmedia":[{"embeddable":true,"href":"http:\/\/esponsorama.ad\/es\/wp-json\/wp\/v2\/media\/14829"}],"wp:attachment":[{"href":"http:\/\/esponsorama.ad\/es\/wp-json\/wp\/v2\/media?parent=14823"}],"wp:term":[{"taxonomy":"category","embeddable":true,"href":"http:\/\/esponsorama.ad\/es\/wp-json\/wp\/v2\/categories?post=14823"},{"taxonomy":"post_tag","embeddable":true,"href":"http:\/\/esponsorama.ad\/es\/wp-json\/wp\/v2\/tags?post=14823"}],"curies":[{"name":"wp","href":"https:\/\/api.w.org\/{rel}","templated":true}]}}