{"id":14834,"date":"2019-07-01T20:38:52","date_gmt":"2019-07-01T18:38:52","guid":{"rendered":"http:\/\/esponsorama.ad\/?p=14834"},"modified":"2019-07-02T19:29:48","modified_gmt":"2019-07-02T17:29:48","slug":"dificil-fin-semana-reale-avintia-racing-team-assen","status":"publish","type":"post","link":"http:\/\/esponsorama.ad\/es\/dificil-fin-semana-reale-avintia-racing-team-assen\/","title":{"rendered":"Dif\u00edcil fin de semana para el Reale Avintia Racing Team en Assen"},"content":{"rendered":"<p>Los pilotos del Reale Avintia Racing Team llegaban al GP de Holanda con optimismo, pues Tito Rabat ven\u00eda de conseguir el primer Top 10 del a\u00f1o en el GP de Catalunya y Karel Abraham tambi\u00e9n hab\u00eda hecho un buen\u00a0fin de semana la cita anterior, a pesar de una desafortunada ca\u00edda en carrera.<\/p>\n<p>Sin embargo, ambos sufrieron m\u00e1s de lo esperado en Assen. Por una parte, Karel Abraham\u00a0clasificaba en una aceptable 16\u00ba posici\u00f3n para la carrera del domingo. Por otro lado, Tito Rabat sufr\u00eda una ca\u00edda el s\u00e1bado que condicionaba su plan de trabajo y le hizo salir en \u00faltima posici\u00f3n de parrilla (21\u00ba).<\/p>\n<p>La carrera fue complicada y, durante la mayor parte de la misma, Tito Rabat y Karel Abraham cerraron la clasificaci\u00f3n de la prueba. Rabat acab\u00f3 16\u00ba a las puertas de los puntos. Abraham, por su parte, cay\u00f3 a falta de seis vueltas\u00a0y, aunque su Ducati GP18 sufr\u00eda algunos desperfectos, cosigui\u00f3 acabar la carrera.<\/p>\n\n<p>\u00bbFin de semana complicado. Assen es un circuito muy exigente f\u00edsicamente y m\u00e1s teniendo en cuenta que ven\u00eda de una operaci\u00f3n en la pierna y me dol\u00eda el tend\u00f3n detr\u00e1s de la rodilla.\u00a0Los dos primeros d\u00edas me dol\u00eda m\u00e1s, hoy en el warm up el dolor ha ido a menos pero ha vuelto en carrera. Esto me ha penalizado porque es uno de los peores circuitos para la Ducati, hay que cambiar mucho de direcci\u00f3n. En carrera he intentado seguir al grupo de delante pero he cometido un error y cuando me he quedado solo no pod\u00eda dar gas a fondo en las rectas, ten\u00eda que usar el freno trasero incluso en sexta marcha porque la moto se mov\u00eda mucho. Despu\u00e9s de media carrera, ha subido la temperatura del freno y a veces dejaba de funcionar. He intentado conseguir alg\u00fan punto pero no ha podido ser. Lo bueno es que tenemos otra carrera la semana que viene para quitarnos la espina.\u00bb<\/p>\n\n<p>\u00bbHoy fue un mal d\u00eda. El viernes y el s\u00e1bado fueron buenos y estaba contento por ello, creo que hicimos un muy buen trabajo con los tiempos de vuelta. Me sent\u00ed relajado para la carrera y fuerte para luchar por el 12\u00ba o el 13\u00ba. Sin embargo, despu\u00e9s de la salida, que fue realmente mal, no pod\u00eda hacer nada porque no era r\u00e1pido. Cometimos algunos errores en la configuraci\u00f3n que me gustar\u00eda cambiar para\u00a0Sachsenring y simplemente no tuve una buena sensaci\u00f3n con los neum\u00e1ticos delantero\u00a0y trasero. No pude seguir a los pilotos que me adelantaron como Oliveira o el propio Tito. Despu\u00e9s, solo estaba tratando de acabar, pero desafortunadamente me ca\u00ed. Recog\u00ed la moto y continu\u00e9 para terminar la carrera.\u00bb<\/p>\n","protected":false},"excerpt":{"rendered":"<p>Los pilotos del Reale Avintia Racing Team llegaban al GP de Holanda con optimismo, pues Tito Rabat ven\u00eda de conseguir el primer Top 10 del a\u00f1o en el GP de Catalunya y Karel Abraham tambi\u00e9n hab\u00eda hecho un buen\u00a0fin de semana la cita anterior, a pesar de una desafortunada ca\u00edda en carrera. Sin embargo, ambos [&hellip;]<\/p>\n","protected":false},"author":6,"featured_media":14845,"comment_status":"closed","ping_status":"closed","sticky":false,"template":"","format":"standard","meta":{"footnotes":""},"categories":[3],"tags":[55,13],"class_list":["post-14834","post","type-post","status-publish","format-standard","has-post-thumbnail","hentry","category-motogp","tag-assen","tag-motogp"],"yoast_head":"<!-- This site is optimized with the Yoast SEO plugin v27.1.1 - https:\/\/yoast.com\/product\/yoast-seo-wordpress\/ -->\n<title>Dif\u00edcil fin de semana para el Reale Avintia Racing Team en Assen - Esponsorama<\/title>\n<meta name=\"robots\" content=\"index, follow, max-snippet:-1, max-image-preview:large, max-video-preview:-1\" \/>\n<link rel=\"canonical\" href=\"http:\/\/esponsorama.ad\/es\/dificil-fin-semana-reale-avintia-racing-team-assen\/\" \/>\n<meta property=\"og:locale\" content=\"es_ES\" \/>\n<meta property=\"og:type\" content=\"article\" \/>\n<meta property=\"og:title\" content=\"Dif\u00edcil fin de semana para el Reale Avintia Racing Team en Assen - Esponsorama\" \/>\n<meta property=\"og:description\" content=\"Los pilotos del Reale Avintia Racing Team llegaban al GP de Holanda con optimismo, pues Tito Rabat ven\u00eda de conseguir el primer Top 10 del a\u00f1o en el GP de Catalunya y Karel Abraham tambi\u00e9n hab\u00eda hecho un buen\u00a0fin de semana la cita anterior, a pesar de una desafortunada ca\u00edda en carrera. Sin embargo, ambos [&hellip;]\" \/>\n<meta property=\"og:url\" content=\"http:\/\/esponsorama.ad\/es\/dificil-fin-semana-reale-avintia-racing-team-assen\/\" \/>\n<meta property=\"og:site_name\" content=\"Esponsorama\" \/>\n<meta property=\"article:published_time\" content=\"2019-07-01T18:38:52+00:00\" \/>\n<meta property=\"article:modified_time\" content=\"2019-07-02T17:29:48+00:00\" \/>\n<meta property=\"og:image\" content=\"http:\/\/esponsorama.ad\/wp-content\/uploads\/2019\/07\/08Holanda19MgpESPONSORAMA_JOC2314-1024x683.jpg\" \/>\n\t<meta property=\"og:image:width\" content=\"1024\" \/>\n\t<meta property=\"og:image:height\" content=\"683\" \/>\n\t<meta property=\"og:image:type\" content=\"image\/jpeg\" \/>\n<meta name=\"author\" content=\"Xavi Andornet\" \/>\n<meta name=\"twitter:card\" content=\"summary_large_image\" \/>\n<meta name=\"twitter:label1\" content=\"Escrito por\" \/>\n\t<meta name=\"twitter:data1\" content=\"Xavi Andornet\" \/>\n\t<meta name=\"twitter:label2\" content=\"Tiempo de lectura\" \/>\n\t<meta name=\"twitter:data2\" content=\"2 minutos\" \/>\n<script type=\"application\/ld+json\" class=\"yoast-schema-graph\">{\"@context\":\"https:\/\/schema.org\",\"@graph\":[{\"@type\":\"Article\",\"@id\":\"http:\/\/esponsorama.ad\/es\/dificil-fin-semana-reale-avintia-racing-team-assen\/#article\",\"isPartOf\":{\"@id\":\"http:\/\/esponsorama.ad\/es\/dificil-fin-semana-reale-avintia-racing-team-assen\/\"},\"author\":{\"name\":\"Xavi Andornet\",\"@id\":\"http:\/\/esponsorama.ad\/es\/#\/schema\/person\/a5cde74945183d737066e46b61c6f9c4\"},\"headline\":\"Dif\u00edcil fin de semana para el Reale Avintia Racing Team en Assen\",\"datePublished\":\"2019-07-01T18:38:52+00:00\",\"dateModified\":\"2019-07-02T17:29:48+00:00\",\"mainEntityOfPage\":{\"@id\":\"http:\/\/esponsorama.ad\/es\/dificil-fin-semana-reale-avintia-racing-team-assen\/\"},\"wordCount\":495,\"image\":{\"@id\":\"http:\/\/esponsorama.ad\/es\/dificil-fin-semana-reale-avintia-racing-team-assen\/#primaryimage\"},\"thumbnailUrl\":\"http:\/\/esponsorama.ad\/wp-content\/uploads\/2019\/07\/08Holanda19MgpESPONSORAMA_JOC2314.jpg\",\"keywords\":[\"assen\",\"MotoGP\"],\"articleSection\":[\"MotoGP\"],\"inLanguage\":\"es\"},{\"@type\":\"WebPage\",\"@id\":\"http:\/\/esponsorama.ad\/es\/dificil-fin-semana-reale-avintia-racing-team-assen\/\",\"url\":\"http:\/\/esponsorama.ad\/es\/dificil-fin-semana-reale-avintia-racing-team-assen\/\",\"name\":\"Dif\u00edcil fin de semana para el Reale Avintia Racing Team en Assen - Esponsorama\",\"isPartOf\":{\"@id\":\"http:\/\/esponsorama.ad\/es\/#website\"},\"primaryImageOfPage\":{\"@id\":\"http:\/\/esponsorama.ad\/es\/dificil-fin-semana-reale-avintia-racing-team-assen\/#primaryimage\"},\"image\":{\"@id\":\"http:\/\/esponsorama.ad\/es\/dificil-fin-semana-reale-avintia-racing-team-assen\/#primaryimage\"},\"thumbnailUrl\":\"http:\/\/esponsorama.ad\/wp-content\/uploads\/2019\/07\/08Holanda19MgpESPONSORAMA_JOC2314.jpg\",\"datePublished\":\"2019-07-01T18:38:52+00:00\",\"dateModified\":\"2019-07-02T17:29:48+00:00\",\"author\":{\"@id\":\"http:\/\/esponsorama.ad\/es\/#\/schema\/person\/a5cde74945183d737066e46b61c6f9c4\"},\"breadcrumb\":{\"@id\":\"http:\/\/esponsorama.ad\/es\/dificil-fin-semana-reale-avintia-racing-team-assen\/#breadcrumb\"},\"inLanguage\":\"es\",\"potentialAction\":[{\"@type\":\"ReadAction\",\"target\":[\"http:\/\/esponsorama.ad\/es\/dificil-fin-semana-reale-avintia-racing-team-assen\/\"]}]},{\"@type\":\"ImageObject\",\"inLanguage\":\"es\",\"@id\":\"http:\/\/esponsorama.ad\/es\/dificil-fin-semana-reale-avintia-racing-team-assen\/#primaryimage\",\"url\":\"http:\/\/esponsorama.ad\/wp-content\/uploads\/2019\/07\/08Holanda19MgpESPONSORAMA_JOC2314.jpg\",\"contentUrl\":\"http:\/\/esponsorama.ad\/wp-content\/uploads\/2019\/07\/08Holanda19MgpESPONSORAMA_JOC2314.jpg\",\"width\":5472,\"height\":3648,\"caption\":\"08 GP Holanda 27, 28, 29 y 30 de junio de 2019. Circuito de Assen, HOLANDA Motogp, MGP, Mgp, MotoGP\"},{\"@type\":\"BreadcrumbList\",\"@id\":\"http:\/\/esponsorama.ad\/es\/dificil-fin-semana-reale-avintia-racing-team-assen\/#breadcrumb\",\"itemListElement\":[{\"@type\":\"ListItem\",\"position\":1,\"name\":\"Home\",\"item\":\"http:\/\/esponsorama.ad\/ca\/\"},{\"@type\":\"ListItem\",\"position\":2,\"name\":\"Dif\u00edcil fin de semana para el Reale Avintia Racing Team en Assen\"}]},{\"@type\":\"WebSite\",\"@id\":\"http:\/\/esponsorama.ad\/es\/#website\",\"url\":\"http:\/\/esponsorama.ad\/es\/\",\"name\":\"Esponsorama\",\"description\":\"Specialist in motorsport sponsorship and event promotions\",\"potentialAction\":[{\"@type\":\"SearchAction\",\"target\":{\"@type\":\"EntryPoint\",\"urlTemplate\":\"http:\/\/esponsorama.ad\/es\/?s={search_term_string}\"},\"query-input\":{\"@type\":\"PropertyValueSpecification\",\"valueRequired\":true,\"valueName\":\"search_term_string\"}}],\"inLanguage\":\"es\"},{\"@type\":\"Person\",\"@id\":\"http:\/\/esponsorama.ad\/es\/#\/schema\/person\/a5cde74945183d737066e46b61c6f9c4\",\"name\":\"Xavi Andornet\",\"image\":{\"@type\":\"ImageObject\",\"inLanguage\":\"es\",\"@id\":\"http:\/\/esponsorama.ad\/es\/#\/schema\/person\/image\/\",\"url\":\"https:\/\/secure.gravatar.com\/avatar\/f10eaf9ad601244a2357c9fd7cd9805ed166cfaaf76d5d9ab08a9d873e70147a?s=96&d=mm&r=g\",\"contentUrl\":\"https:\/\/secure.gravatar.com\/avatar\/f10eaf9ad601244a2357c9fd7cd9805ed166cfaaf76d5d9ab08a9d873e70147a?s=96&d=mm&r=g\",\"caption\":\"Xavi Andornet\"},\"sameAs\":[\"http:\/\/www.andornet.ad\"],\"url\":\"http:\/\/esponsorama.ad\/es\/author\/andornet\/\"}]}<\/script>\n<!-- \/ Yoast SEO plugin. -->","yoast_head_json":{"title":"Dif\u00edcil fin de semana para el Reale Avintia Racing Team en Assen - Esponsorama","robots":{"index":"index","follow":"follow","max-snippet":"max-snippet:-1","max-image-preview":"max-image-preview:large","max-video-preview":"max-video-preview:-1"},"canonical":"http:\/\/esponsorama.ad\/es\/dificil-fin-semana-reale-avintia-racing-team-assen\/","og_locale":"es_ES","og_type":"article","og_title":"Dif\u00edcil fin de semana para el Reale Avintia Racing Team en Assen - Esponsorama","og_description":"Los pilotos del Reale Avintia Racing Team llegaban al GP de Holanda con optimismo, pues Tito Rabat ven\u00eda de conseguir el primer Top 10 del a\u00f1o en el GP de Catalunya y Karel Abraham tambi\u00e9n hab\u00eda hecho un buen\u00a0fin de semana la cita anterior, a pesar de una desafortunada ca\u00edda en carrera. Sin embargo, ambos [&hellip;]","og_url":"http:\/\/esponsorama.ad\/es\/dificil-fin-semana-reale-avintia-racing-team-assen\/","og_site_name":"Esponsorama","article_published_time":"2019-07-01T18:38:52+00:00","article_modified_time":"2019-07-02T17:29:48+00:00","og_image":[{"width":1024,"height":683,"url":"http:\/\/esponsorama.ad\/wp-content\/uploads\/2019\/07\/08Holanda19MgpESPONSORAMA_JOC2314-1024x683.jpg","type":"image\/jpeg"}],"author":"Xavi Andornet","twitter_card":"summary_large_image","twitter_misc":{"Escrito por":"Xavi Andornet","Tiempo de lectura":"2 minutos"},"schema":{"@context":"https:\/\/schema.org","@graph":[{"@type":"Article","@id":"http:\/\/esponsorama.ad\/es\/dificil-fin-semana-reale-avintia-racing-team-assen\/#article","isPartOf":{"@id":"http:\/\/esponsorama.ad\/es\/dificil-fin-semana-reale-avintia-racing-team-assen\/"},"author":{"name":"Xavi Andornet","@id":"http:\/\/esponsorama.ad\/es\/#\/schema\/person\/a5cde74945183d737066e46b61c6f9c4"},"headline":"Dif\u00edcil fin de semana para el Reale Avintia Racing Team en Assen","datePublished":"2019-07-01T18:38:52+00:00","dateModified":"2019-07-02T17:29:48+00:00","mainEntityOfPage":{"@id":"http:\/\/esponsorama.ad\/es\/dificil-fin-semana-reale-avintia-racing-team-assen\/"},"wordCount":495,"image":{"@id":"http:\/\/esponsorama.ad\/es\/dificil-fin-semana-reale-avintia-racing-team-assen\/#primaryimage"},"thumbnailUrl":"http:\/\/esponsorama.ad\/wp-content\/uploads\/2019\/07\/08Holanda19MgpESPONSORAMA_JOC2314.jpg","keywords":["assen","MotoGP"],"articleSection":["MotoGP"],"inLanguage":"es"},{"@type":"WebPage","@id":"http:\/\/esponsorama.ad\/es\/dificil-fin-semana-reale-avintia-racing-team-assen\/","url":"http:\/\/esponsorama.ad\/es\/dificil-fin-semana-reale-avintia-racing-team-assen\/","name":"Dif\u00edcil fin de semana para el Reale Avintia Racing Team en Assen - Esponsorama","isPartOf":{"@id":"http:\/\/esponsorama.ad\/es\/#website"},"primaryImageOfPage":{"@id":"http:\/\/esponsorama.ad\/es\/dificil-fin-semana-reale-avintia-racing-team-assen\/#primaryimage"},"image":{"@id":"http:\/\/esponsorama.ad\/es\/dificil-fin-semana-reale-avintia-racing-team-assen\/#primaryimage"},"thumbnailUrl":"http:\/\/esponsorama.ad\/wp-content\/uploads\/2019\/07\/08Holanda19MgpESPONSORAMA_JOC2314.jpg","datePublished":"2019-07-01T18:38:52+00:00","dateModified":"2019-07-02T17:29:48+00:00","author":{"@id":"http:\/\/esponsorama.ad\/es\/#\/schema\/person\/a5cde74945183d737066e46b61c6f9c4"},"breadcrumb":{"@id":"http:\/\/esponsorama.ad\/es\/dificil-fin-semana-reale-avintia-racing-team-assen\/#breadcrumb"},"inLanguage":"es","potentialAction":[{"@type":"ReadAction","target":["http:\/\/esponsorama.ad\/es\/dificil-fin-semana-reale-avintia-racing-team-assen\/"]}]},{"@type":"ImageObject","inLanguage":"es","@id":"http:\/\/esponsorama.ad\/es\/dificil-fin-semana-reale-avintia-racing-team-assen\/#primaryimage","url":"http:\/\/esponsorama.ad\/wp-content\/uploads\/2019\/07\/08Holanda19MgpESPONSORAMA_JOC2314.jpg","contentUrl":"http:\/\/esponsorama.ad\/wp-content\/uploads\/2019\/07\/08Holanda19MgpESPONSORAMA_JOC2314.jpg","width":5472,"height":3648,"caption":"08 GP Holanda 27, 28, 29 y 30 de junio de 2019. Circuito de Assen, HOLANDA Motogp, MGP, Mgp, MotoGP"},{"@type":"BreadcrumbList","@id":"http:\/\/esponsorama.ad\/es\/dificil-fin-semana-reale-avintia-racing-team-assen\/#breadcrumb","itemListElement":[{"@type":"ListItem","position":1,"name":"Home","item":"http:\/\/esponsorama.ad\/ca\/"},{"@type":"ListItem","position":2,"name":"Dif\u00edcil fin de semana para el Reale Avintia Racing Team en Assen"}]},{"@type":"WebSite","@id":"http:\/\/esponsorama.ad\/es\/#website","url":"http:\/\/esponsorama.ad\/es\/","name":"Esponsorama","description":"Specialist in motorsport sponsorship and event promotions","potentialAction":[{"@type":"SearchAction","target":{"@type":"EntryPoint","urlTemplate":"http:\/\/esponsorama.ad\/es\/?s={search_term_string}"},"query-input":{"@type":"PropertyValueSpecification","valueRequired":true,"valueName":"search_term_string"}}],"inLanguage":"es"},{"@type":"Person","@id":"http:\/\/esponsorama.ad\/es\/#\/schema\/person\/a5cde74945183d737066e46b61c6f9c4","name":"Xavi Andornet","image":{"@type":"ImageObject","inLanguage":"es","@id":"http:\/\/esponsorama.ad\/es\/#\/schema\/person\/image\/","url":"https:\/\/secure.gravatar.com\/avatar\/f10eaf9ad601244a2357c9fd7cd9805ed166cfaaf76d5d9ab08a9d873e70147a?s=96&d=mm&r=g","contentUrl":"https:\/\/secure.gravatar.com\/avatar\/f10eaf9ad601244a2357c9fd7cd9805ed166cfaaf76d5d9ab08a9d873e70147a?s=96&d=mm&r=g","caption":"Xavi Andornet"},"sameAs":["http:\/\/www.andornet.ad"],"url":"http:\/\/esponsorama.ad\/es\/author\/andornet\/"}]}},"_links":{"self":[{"href":"http:\/\/esponsorama.ad\/es\/wp-json\/wp\/v2\/posts\/14834","targetHints":{"allow":["GET"]}}],"collection":[{"href":"http:\/\/esponsorama.ad\/es\/wp-json\/wp\/v2\/posts"}],"about":[{"href":"http:\/\/esponsorama.ad\/es\/wp-json\/wp\/v2\/types\/post"}],"author":[{"embeddable":true,"href":"http:\/\/esponsorama.ad\/es\/wp-json\/wp\/v2\/users\/6"}],"replies":[{"embeddable":true,"href":"http:\/\/esponsorama.ad\/es\/wp-json\/wp\/v2\/comments?post=14834"}],"version-history":[{"count":0,"href":"http:\/\/esponsorama.ad\/es\/wp-json\/wp\/v2\/posts\/14834\/revisions"}],"wp:featuredmedia":[{"embeddable":true,"href":"http:\/\/esponsorama.ad\/es\/wp-json\/wp\/v2\/media\/14845"}],"wp:attachment":[{"href":"http:\/\/esponsorama.ad\/es\/wp-json\/wp\/v2\/media?parent=14834"}],"wp:term":[{"taxonomy":"category","embeddable":true,"href":"http:\/\/esponsorama.ad\/es\/wp-json\/wp\/v2\/categories?post=14834"},{"taxonomy":"post_tag","embeddable":true,"href":"http:\/\/esponsorama.ad\/es\/wp-json\/wp\/v2\/tags?post=14834"}],"curies":[{"name":"wp","href":"https:\/\/api.w.org\/{rel}","templated":true}]}}