{"id":14873,"date":"2019-07-04T12:57:43","date_gmt":"2019-07-04T10:57:43","guid":{"rendered":"http:\/\/esponsorama.ad\/?p=14873"},"modified":"2019-07-04T13:38:51","modified_gmt":"2019-07-04T11:38:51","slug":"los-pilotos-del-reale-avintia-racing-team-reencontrar-buenas-sensaciones-sachsenring","status":"publish","type":"post","link":"http:\/\/esponsorama.ad\/es\/los-pilotos-del-reale-avintia-racing-team-reencontrar-buenas-sensaciones-sachsenring\/","title":{"rendered":"Los pilotos del Reale Avintia Racing Team, a reencontrar buenas sensaciones en Sachsenring"},"content":{"rendered":"<p>Despu\u00e9s de clasificar fuera de los puntos en el Gran Premio de los Pa\u00edses Bajos la semana pasada, tanto Tito Rabat como Karel Abraham quieren volver a demostrar su potencial adquirido en las \u00faltimas pruebas. En esta ocasi\u00f3n, el escenario ser\u00e1 el Circuito de Sachsenring (Alemania) con motivo del HJC Helmets Motorrad Gran Prix Deustchland que acoger\u00e1 este fin de semana la novena prueba puntuable del Campeonato del Mundo.<\/p>\n<p>El de Sachsenring es uno de los trazados m\u00e1s caracter\u00edsticos del calendario por su dise\u00f1o ya que cuenta con 10 curvas a izquierda y 3 derecha que se enlazan en\u00a0 unos estrechos 3.671m repletos de subidas y bajadas que lo convierten en el circuito m\u00e1s corto de la temporada.<\/p>\n\n<p>\u00abA pesar de haber hecho una buena carrera en Montmel\u00f3 y un buen test, el fin de semana de Assen fue un desastre. Me gustar\u00eda hacerlo bien en Alemania porque me siento fuerte y al 100% y llego con ganas a pesar de que Sachsenring no es una pista que favorezca a Ducati\u00bb.<\/p>\n\n<p>\u00abTengo ganas de correr en Sachsenring ya que la carrera de Assen no sali\u00f3 como esper\u00e1bamos y la de Alemania es pr\u00e1cticamente mi segunda carrera de casa porque est\u00e1 muy cerca de donde vivo. Se trata de un circuito divertido y muy diferente que tambi\u00e9n puede ser complicado. Espero que podamos hacer un buen trabajo como el que hicimos en Assen el viernes y el s\u00e1bado y que podamos dar un buen paso de cara a la carrera y conseguir uno o dos puntos antes del par\u00f3n veraniego\u00bb.<\/p>\n","protected":false},"excerpt":{"rendered":"<p>Despu\u00e9s de clasificar fuera de los puntos en el Gran Premio de los Pa\u00edses Bajos la semana pasada, tanto Tito Rabat como Karel Abraham quieren volver a demostrar su potencial adquirido en las \u00faltimas pruebas. En esta ocasi\u00f3n, el escenario ser\u00e1 el Circuito de Sachsenring (Alemania) con motivo del HJC Helmets Motorrad Gran Prix Deustchland [&hellip;]<\/p>\n","protected":false},"author":6,"featured_media":14878,"comment_status":"closed","ping_status":"closed","sticky":false,"template":"","format":"standard","meta":{"footnotes":""},"categories":[3],"tags":[57,13,56],"class_list":["post-14873","post","type-post","status-publish","format-standard","has-post-thumbnail","hentry","category-motogp","tag-german-gp","tag-motogp","tag-sachsenring"],"yoast_head":"<!-- This site is optimized with the Yoast SEO plugin v27.1.1 - https:\/\/yoast.com\/product\/yoast-seo-wordpress\/ -->\n<title>Los pilotos del Reale Avintia Racing Team, a reencontrar buenas sensaciones en Sachsenring - Esponsorama<\/title>\n<meta name=\"robots\" content=\"index, follow, max-snippet:-1, max-image-preview:large, max-video-preview:-1\" \/>\n<link rel=\"canonical\" href=\"http:\/\/esponsorama.ad\/es\/los-pilotos-del-reale-avintia-racing-team-reencontrar-buenas-sensaciones-sachsenring\/\" \/>\n<meta property=\"og:locale\" content=\"es_ES\" \/>\n<meta property=\"og:type\" content=\"article\" \/>\n<meta property=\"og:title\" content=\"Los pilotos del Reale Avintia Racing Team, a reencontrar buenas sensaciones en Sachsenring - Esponsorama\" \/>\n<meta property=\"og:description\" content=\"Despu\u00e9s de clasificar fuera de los puntos en el Gran Premio de los Pa\u00edses Bajos la semana pasada, tanto Tito Rabat como Karel Abraham quieren volver a demostrar su potencial adquirido en las \u00faltimas pruebas. En esta ocasi\u00f3n, el escenario ser\u00e1 el Circuito de Sachsenring (Alemania) con motivo del HJC Helmets Motorrad Gran Prix Deustchland [&hellip;]\" \/>\n<meta property=\"og:url\" content=\"http:\/\/esponsorama.ad\/es\/los-pilotos-del-reale-avintia-racing-team-reencontrar-buenas-sensaciones-sachsenring\/\" \/>\n<meta property=\"og:site_name\" content=\"Esponsorama\" \/>\n<meta property=\"article:published_time\" content=\"2019-07-04T10:57:43+00:00\" \/>\n<meta property=\"article:modified_time\" content=\"2019-07-04T11:38:51+00:00\" \/>\n<meta property=\"og:image\" content=\"http:\/\/esponsorama.ad\/wp-content\/uploads\/2019\/07\/08Holanda19MgpESPONSORAMA_JOC2248-1-1024x683.jpg\" \/>\n\t<meta property=\"og:image:width\" content=\"1024\" \/>\n\t<meta property=\"og:image:height\" content=\"683\" \/>\n\t<meta property=\"og:image:type\" content=\"image\/jpeg\" \/>\n<meta name=\"author\" content=\"Xavi Andornet\" \/>\n<meta name=\"twitter:card\" content=\"summary_large_image\" \/>\n<meta name=\"twitter:label1\" content=\"Escrito por\" \/>\n\t<meta name=\"twitter:data1\" content=\"Xavi Andornet\" \/>\n\t<meta name=\"twitter:label2\" content=\"Tiempo de lectura\" \/>\n\t<meta name=\"twitter:data2\" content=\"1 minuto\" \/>\n<script type=\"application\/ld+json\" class=\"yoast-schema-graph\">{\"@context\":\"https:\/\/schema.org\",\"@graph\":[{\"@type\":\"Article\",\"@id\":\"http:\/\/esponsorama.ad\/es\/los-pilotos-del-reale-avintia-racing-team-reencontrar-buenas-sensaciones-sachsenring\/#article\",\"isPartOf\":{\"@id\":\"http:\/\/esponsorama.ad\/es\/los-pilotos-del-reale-avintia-racing-team-reencontrar-buenas-sensaciones-sachsenring\/\"},\"author\":{\"name\":\"Xavi Andornet\",\"@id\":\"http:\/\/esponsorama.ad\/es\/#\/schema\/person\/a5cde74945183d737066e46b61c6f9c4\"},\"headline\":\"Los pilotos del Reale Avintia Racing Team, a reencontrar buenas sensaciones en Sachsenring\",\"datePublished\":\"2019-07-04T10:57:43+00:00\",\"dateModified\":\"2019-07-04T11:38:51+00:00\",\"mainEntityOfPage\":{\"@id\":\"http:\/\/esponsorama.ad\/es\/los-pilotos-del-reale-avintia-racing-team-reencontrar-buenas-sensaciones-sachsenring\/\"},\"wordCount\":286,\"image\":{\"@id\":\"http:\/\/esponsorama.ad\/es\/los-pilotos-del-reale-avintia-racing-team-reencontrar-buenas-sensaciones-sachsenring\/#primaryimage\"},\"thumbnailUrl\":\"http:\/\/esponsorama.ad\/wp-content\/uploads\/2019\/07\/08Holanda19MgpESPONSORAMA_JOC2248-1.jpg\",\"keywords\":[\"German GP\",\"MotoGP\",\"sachsenring\"],\"articleSection\":[\"MotoGP\"],\"inLanguage\":\"es\"},{\"@type\":\"WebPage\",\"@id\":\"http:\/\/esponsorama.ad\/es\/los-pilotos-del-reale-avintia-racing-team-reencontrar-buenas-sensaciones-sachsenring\/\",\"url\":\"http:\/\/esponsorama.ad\/es\/los-pilotos-del-reale-avintia-racing-team-reencontrar-buenas-sensaciones-sachsenring\/\",\"name\":\"Los pilotos del Reale Avintia Racing Team, a reencontrar buenas sensaciones en Sachsenring - Esponsorama\",\"isPartOf\":{\"@id\":\"http:\/\/esponsorama.ad\/es\/#website\"},\"primaryImageOfPage\":{\"@id\":\"http:\/\/esponsorama.ad\/es\/los-pilotos-del-reale-avintia-racing-team-reencontrar-buenas-sensaciones-sachsenring\/#primaryimage\"},\"image\":{\"@id\":\"http:\/\/esponsorama.ad\/es\/los-pilotos-del-reale-avintia-racing-team-reencontrar-buenas-sensaciones-sachsenring\/#primaryimage\"},\"thumbnailUrl\":\"http:\/\/esponsorama.ad\/wp-content\/uploads\/2019\/07\/08Holanda19MgpESPONSORAMA_JOC2248-1.jpg\",\"datePublished\":\"2019-07-04T10:57:43+00:00\",\"dateModified\":\"2019-07-04T11:38:51+00:00\",\"author\":{\"@id\":\"http:\/\/esponsorama.ad\/es\/#\/schema\/person\/a5cde74945183d737066e46b61c6f9c4\"},\"breadcrumb\":{\"@id\":\"http:\/\/esponsorama.ad\/es\/los-pilotos-del-reale-avintia-racing-team-reencontrar-buenas-sensaciones-sachsenring\/#breadcrumb\"},\"inLanguage\":\"es\",\"potentialAction\":[{\"@type\":\"ReadAction\",\"target\":[\"http:\/\/esponsorama.ad\/es\/los-pilotos-del-reale-avintia-racing-team-reencontrar-buenas-sensaciones-sachsenring\/\"]}]},{\"@type\":\"ImageObject\",\"inLanguage\":\"es\",\"@id\":\"http:\/\/esponsorama.ad\/es\/los-pilotos-del-reale-avintia-racing-team-reencontrar-buenas-sensaciones-sachsenring\/#primaryimage\",\"url\":\"http:\/\/esponsorama.ad\/wp-content\/uploads\/2019\/07\/08Holanda19MgpESPONSORAMA_JOC2248-1.jpg\",\"contentUrl\":\"http:\/\/esponsorama.ad\/wp-content\/uploads\/2019\/07\/08Holanda19MgpESPONSORAMA_JOC2248-1.jpg\",\"width\":5472,\"height\":3648,\"caption\":\"08 GP Holanda 27, 28, 29 y 30 de junio de 2019. Circuito de Assen, HOLANDA Motogp, MGP, Mgp, MotoGP\"},{\"@type\":\"BreadcrumbList\",\"@id\":\"http:\/\/esponsorama.ad\/es\/los-pilotos-del-reale-avintia-racing-team-reencontrar-buenas-sensaciones-sachsenring\/#breadcrumb\",\"itemListElement\":[{\"@type\":\"ListItem\",\"position\":1,\"name\":\"Home\",\"item\":\"http:\/\/esponsorama.ad\/es\/\"},{\"@type\":\"ListItem\",\"position\":2,\"name\":\"Los pilotos del Reale Avintia Racing Team, a reencontrar buenas sensaciones en Sachsenring\"}]},{\"@type\":\"WebSite\",\"@id\":\"http:\/\/esponsorama.ad\/es\/#website\",\"url\":\"http:\/\/esponsorama.ad\/es\/\",\"name\":\"Esponsorama\",\"description\":\"Specialist in motorsport sponsorship and event promotions\",\"potentialAction\":[{\"@type\":\"SearchAction\",\"target\":{\"@type\":\"EntryPoint\",\"urlTemplate\":\"http:\/\/esponsorama.ad\/es\/?s={search_term_string}\"},\"query-input\":{\"@type\":\"PropertyValueSpecification\",\"valueRequired\":true,\"valueName\":\"search_term_string\"}}],\"inLanguage\":\"es\"},{\"@type\":\"Person\",\"@id\":\"http:\/\/esponsorama.ad\/es\/#\/schema\/person\/a5cde74945183d737066e46b61c6f9c4\",\"name\":\"Xavi Andornet\",\"image\":{\"@type\":\"ImageObject\",\"inLanguage\":\"es\",\"@id\":\"http:\/\/esponsorama.ad\/es\/#\/schema\/person\/image\/\",\"url\":\"https:\/\/secure.gravatar.com\/avatar\/f10eaf9ad601244a2357c9fd7cd9805ed166cfaaf76d5d9ab08a9d873e70147a?s=96&d=mm&r=g\",\"contentUrl\":\"https:\/\/secure.gravatar.com\/avatar\/f10eaf9ad601244a2357c9fd7cd9805ed166cfaaf76d5d9ab08a9d873e70147a?s=96&d=mm&r=g\",\"caption\":\"Xavi Andornet\"},\"sameAs\":[\"http:\/\/www.andornet.ad\"],\"url\":\"http:\/\/esponsorama.ad\/es\/author\/andornet\/\"}]}<\/script>\n<!-- \/ Yoast SEO plugin. -->","yoast_head_json":{"title":"Los pilotos del Reale Avintia Racing Team, a reencontrar buenas sensaciones en Sachsenring - Esponsorama","robots":{"index":"index","follow":"follow","max-snippet":"max-snippet:-1","max-image-preview":"max-image-preview:large","max-video-preview":"max-video-preview:-1"},"canonical":"http:\/\/esponsorama.ad\/es\/los-pilotos-del-reale-avintia-racing-team-reencontrar-buenas-sensaciones-sachsenring\/","og_locale":"es_ES","og_type":"article","og_title":"Los pilotos del Reale Avintia Racing Team, a reencontrar buenas sensaciones en Sachsenring - Esponsorama","og_description":"Despu\u00e9s de clasificar fuera de los puntos en el Gran Premio de los Pa\u00edses Bajos la semana pasada, tanto Tito Rabat como Karel Abraham quieren volver a demostrar su potencial adquirido en las \u00faltimas pruebas. En esta ocasi\u00f3n, el escenario ser\u00e1 el Circuito de Sachsenring (Alemania) con motivo del HJC Helmets Motorrad Gran Prix Deustchland [&hellip;]","og_url":"http:\/\/esponsorama.ad\/es\/los-pilotos-del-reale-avintia-racing-team-reencontrar-buenas-sensaciones-sachsenring\/","og_site_name":"Esponsorama","article_published_time":"2019-07-04T10:57:43+00:00","article_modified_time":"2019-07-04T11:38:51+00:00","og_image":[{"width":1024,"height":683,"url":"http:\/\/esponsorama.ad\/wp-content\/uploads\/2019\/07\/08Holanda19MgpESPONSORAMA_JOC2248-1-1024x683.jpg","type":"image\/jpeg"}],"author":"Xavi Andornet","twitter_card":"summary_large_image","twitter_misc":{"Escrito por":"Xavi Andornet","Tiempo de lectura":"1 minuto"},"schema":{"@context":"https:\/\/schema.org","@graph":[{"@type":"Article","@id":"http:\/\/esponsorama.ad\/es\/los-pilotos-del-reale-avintia-racing-team-reencontrar-buenas-sensaciones-sachsenring\/#article","isPartOf":{"@id":"http:\/\/esponsorama.ad\/es\/los-pilotos-del-reale-avintia-racing-team-reencontrar-buenas-sensaciones-sachsenring\/"},"author":{"name":"Xavi Andornet","@id":"http:\/\/esponsorama.ad\/es\/#\/schema\/person\/a5cde74945183d737066e46b61c6f9c4"},"headline":"Los pilotos del Reale Avintia Racing Team, a reencontrar buenas sensaciones en Sachsenring","datePublished":"2019-07-04T10:57:43+00:00","dateModified":"2019-07-04T11:38:51+00:00","mainEntityOfPage":{"@id":"http:\/\/esponsorama.ad\/es\/los-pilotos-del-reale-avintia-racing-team-reencontrar-buenas-sensaciones-sachsenring\/"},"wordCount":286,"image":{"@id":"http:\/\/esponsorama.ad\/es\/los-pilotos-del-reale-avintia-racing-team-reencontrar-buenas-sensaciones-sachsenring\/#primaryimage"},"thumbnailUrl":"http:\/\/esponsorama.ad\/wp-content\/uploads\/2019\/07\/08Holanda19MgpESPONSORAMA_JOC2248-1.jpg","keywords":["German GP","MotoGP","sachsenring"],"articleSection":["MotoGP"],"inLanguage":"es"},{"@type":"WebPage","@id":"http:\/\/esponsorama.ad\/es\/los-pilotos-del-reale-avintia-racing-team-reencontrar-buenas-sensaciones-sachsenring\/","url":"http:\/\/esponsorama.ad\/es\/los-pilotos-del-reale-avintia-racing-team-reencontrar-buenas-sensaciones-sachsenring\/","name":"Los pilotos del Reale Avintia Racing Team, a reencontrar buenas sensaciones en Sachsenring - Esponsorama","isPartOf":{"@id":"http:\/\/esponsorama.ad\/es\/#website"},"primaryImageOfPage":{"@id":"http:\/\/esponsorama.ad\/es\/los-pilotos-del-reale-avintia-racing-team-reencontrar-buenas-sensaciones-sachsenring\/#primaryimage"},"image":{"@id":"http:\/\/esponsorama.ad\/es\/los-pilotos-del-reale-avintia-racing-team-reencontrar-buenas-sensaciones-sachsenring\/#primaryimage"},"thumbnailUrl":"http:\/\/esponsorama.ad\/wp-content\/uploads\/2019\/07\/08Holanda19MgpESPONSORAMA_JOC2248-1.jpg","datePublished":"2019-07-04T10:57:43+00:00","dateModified":"2019-07-04T11:38:51+00:00","author":{"@id":"http:\/\/esponsorama.ad\/es\/#\/schema\/person\/a5cde74945183d737066e46b61c6f9c4"},"breadcrumb":{"@id":"http:\/\/esponsorama.ad\/es\/los-pilotos-del-reale-avintia-racing-team-reencontrar-buenas-sensaciones-sachsenring\/#breadcrumb"},"inLanguage":"es","potentialAction":[{"@type":"ReadAction","target":["http:\/\/esponsorama.ad\/es\/los-pilotos-del-reale-avintia-racing-team-reencontrar-buenas-sensaciones-sachsenring\/"]}]},{"@type":"ImageObject","inLanguage":"es","@id":"http:\/\/esponsorama.ad\/es\/los-pilotos-del-reale-avintia-racing-team-reencontrar-buenas-sensaciones-sachsenring\/#primaryimage","url":"http:\/\/esponsorama.ad\/wp-content\/uploads\/2019\/07\/08Holanda19MgpESPONSORAMA_JOC2248-1.jpg","contentUrl":"http:\/\/esponsorama.ad\/wp-content\/uploads\/2019\/07\/08Holanda19MgpESPONSORAMA_JOC2248-1.jpg","width":5472,"height":3648,"caption":"08 GP Holanda 27, 28, 29 y 30 de junio de 2019. Circuito de Assen, HOLANDA Motogp, MGP, Mgp, MotoGP"},{"@type":"BreadcrumbList","@id":"http:\/\/esponsorama.ad\/es\/los-pilotos-del-reale-avintia-racing-team-reencontrar-buenas-sensaciones-sachsenring\/#breadcrumb","itemListElement":[{"@type":"ListItem","position":1,"name":"Home","item":"http:\/\/esponsorama.ad\/es\/"},{"@type":"ListItem","position":2,"name":"Los pilotos del Reale Avintia Racing Team, a reencontrar buenas sensaciones en Sachsenring"}]},{"@type":"WebSite","@id":"http:\/\/esponsorama.ad\/es\/#website","url":"http:\/\/esponsorama.ad\/es\/","name":"Esponsorama","description":"Specialist in motorsport sponsorship and event promotions","potentialAction":[{"@type":"SearchAction","target":{"@type":"EntryPoint","urlTemplate":"http:\/\/esponsorama.ad\/es\/?s={search_term_string}"},"query-input":{"@type":"PropertyValueSpecification","valueRequired":true,"valueName":"search_term_string"}}],"inLanguage":"es"},{"@type":"Person","@id":"http:\/\/esponsorama.ad\/es\/#\/schema\/person\/a5cde74945183d737066e46b61c6f9c4","name":"Xavi Andornet","image":{"@type":"ImageObject","inLanguage":"es","@id":"http:\/\/esponsorama.ad\/es\/#\/schema\/person\/image\/","url":"https:\/\/secure.gravatar.com\/avatar\/f10eaf9ad601244a2357c9fd7cd9805ed166cfaaf76d5d9ab08a9d873e70147a?s=96&d=mm&r=g","contentUrl":"https:\/\/secure.gravatar.com\/avatar\/f10eaf9ad601244a2357c9fd7cd9805ed166cfaaf76d5d9ab08a9d873e70147a?s=96&d=mm&r=g","caption":"Xavi Andornet"},"sameAs":["http:\/\/www.andornet.ad"],"url":"http:\/\/esponsorama.ad\/es\/author\/andornet\/"}]}},"_links":{"self":[{"href":"http:\/\/esponsorama.ad\/es\/wp-json\/wp\/v2\/posts\/14873","targetHints":{"allow":["GET"]}}],"collection":[{"href":"http:\/\/esponsorama.ad\/es\/wp-json\/wp\/v2\/posts"}],"about":[{"href":"http:\/\/esponsorama.ad\/es\/wp-json\/wp\/v2\/types\/post"}],"author":[{"embeddable":true,"href":"http:\/\/esponsorama.ad\/es\/wp-json\/wp\/v2\/users\/6"}],"replies":[{"embeddable":true,"href":"http:\/\/esponsorama.ad\/es\/wp-json\/wp\/v2\/comments?post=14873"}],"version-history":[{"count":0,"href":"http:\/\/esponsorama.ad\/es\/wp-json\/wp\/v2\/posts\/14873\/revisions"}],"wp:featuredmedia":[{"embeddable":true,"href":"http:\/\/esponsorama.ad\/es\/wp-json\/wp\/v2\/media\/14878"}],"wp:attachment":[{"href":"http:\/\/esponsorama.ad\/es\/wp-json\/wp\/v2\/media?parent=14873"}],"wp:term":[{"taxonomy":"category","embeddable":true,"href":"http:\/\/esponsorama.ad\/es\/wp-json\/wp\/v2\/categories?post=14873"},{"taxonomy":"post_tag","embeddable":true,"href":"http:\/\/esponsorama.ad\/es\/wp-json\/wp\/v2\/tags?post=14873"}],"curies":[{"name":"wp","href":"https:\/\/api.w.org\/{rel}","templated":true}]}}