{"id":14889,"date":"2019-07-04T14:42:03","date_gmt":"2019-07-04T12:42:03","guid":{"rendered":"http:\/\/esponsorama.ad\/?p=14889"},"modified":"2019-07-04T14:56:06","modified_gmt":"2019-07-04T12:56:06","slug":"stefano-nepa-seguira-adapacion-al-reale-avintia-arizona-77-alemania","status":"publish","type":"post","link":"http:\/\/esponsorama.ad\/es\/stefano-nepa-seguira-adapacion-al-reale-avintia-arizona-77-alemania\/","title":{"rendered":"Stefano Nepa seguir\u00e1 con su adapaci\u00f3n al Reale Avintia Arizona 77 en Alemania"},"content":{"rendered":"<p>Tras\u00a0debutar en el Campeonato del Mundo de Moto3 con el Reale Avintia Arizona 77 en la cita de Assen, Stefano Nepa debe seguir\u00a0con su fase de adaptaci\u00f3n al equipo su nueva etapa en el mundial. El piloto italiano quiere seguir\u00a0mejorando y puliando detalles que le lleven a marcar buenos tiempos en los entrenamientos para poder salir en posiciones delanteras en carrera.<\/p>\n<p>Sachsenring es uno de los trazados m\u00e1s caracter\u00edsticos del calendario por su dise\u00f1o ya que cuenta con 10 curvas a izquierda y 3 derecha que se enlazan en\u00a0 unos estrechos 3.671m repletos de subidas y bajadas que lo convierten en el circuito m\u00e1s corto de la temporada.<\/p>\n\n<p>\u00abEl de Sachsenring no es que sea mi circuito favorito del calendario, pero me gusta. La mayor parte de las curvas son a izquierdas y eso lo hace caracter\u00edstico. Para mi ser\u00e1 la segunda carrera con el equipo y tenemos que trabajar mucho para mejorar. Veremos c\u00f3mo van los libres del viernes y espero que podamos clasificarnos directamente para la Q2\u00bb.<\/p>\n","protected":false},"excerpt":{"rendered":"<p>Tras\u00a0debutar en el Campeonato del Mundo de Moto3 con el Reale Avintia Arizona 77 en la cita de Assen, Stefano Nepa debe seguir\u00a0con su fase de adaptaci\u00f3n al equipo su nueva etapa en el mundial. El piloto italiano quiere seguir\u00a0mejorando y puliando detalles que le lleven a marcar buenos tiempos en los entrenamientos para poder [&hellip;]<\/p>\n","protected":false},"author":6,"featured_media":14875,"comment_status":"closed","ping_status":"closed","sticky":false,"template":"","format":"standard","meta":{"footnotes":""},"categories":[12],"tags":[],"class_list":["post-14889","post","type-post","status-publish","format-standard","has-post-thumbnail","hentry","category-moto3"],"yoast_head":"<!-- This site is optimized with the Yoast SEO plugin v27.1.1 - https:\/\/yoast.com\/product\/yoast-seo-wordpress\/ -->\n<title>Stefano Nepa seguir\u00e1 con su adapaci\u00f3n al Reale Avintia Arizona 77 en Alemania - Esponsorama<\/title>\n<meta name=\"robots\" content=\"index, follow, max-snippet:-1, max-image-preview:large, max-video-preview:-1\" \/>\n<link rel=\"canonical\" href=\"http:\/\/esponsorama.ad\/es\/stefano-nepa-seguira-adapacion-al-reale-avintia-arizona-77-alemania\/\" \/>\n<meta property=\"og:locale\" content=\"es_ES\" \/>\n<meta property=\"og:type\" content=\"article\" \/>\n<meta property=\"og:title\" content=\"Stefano Nepa seguir\u00e1 con su adapaci\u00f3n al Reale Avintia Arizona 77 en Alemania - Esponsorama\" \/>\n<meta property=\"og:description\" content=\"Tras\u00a0debutar en el Campeonato del Mundo de Moto3 con el Reale Avintia Arizona 77 en la cita de Assen, Stefano Nepa debe seguir\u00a0con su fase de adaptaci\u00f3n al equipo su nueva etapa en el mundial. El piloto italiano quiere seguir\u00a0mejorando y puliando detalles que le lleven a marcar buenos tiempos en los entrenamientos para poder [&hellip;]\" \/>\n<meta property=\"og:url\" content=\"http:\/\/esponsorama.ad\/es\/stefano-nepa-seguira-adapacion-al-reale-avintia-arizona-77-alemania\/\" \/>\n<meta property=\"og:site_name\" content=\"Esponsorama\" \/>\n<meta property=\"article:published_time\" content=\"2019-07-04T12:42:03+00:00\" \/>\n<meta property=\"article:modified_time\" content=\"2019-07-04T12:56:06+00:00\" \/>\n<meta property=\"og:image\" content=\"http:\/\/esponsorama.ad\/wp-content\/uploads\/2019\/07\/08Holanda19M3ESPONSORAMA_AX10129-1-1024x683.jpg\" \/>\n\t<meta property=\"og:image:width\" content=\"1024\" \/>\n\t<meta property=\"og:image:height\" content=\"683\" \/>\n\t<meta property=\"og:image:type\" content=\"image\/jpeg\" \/>\n<meta name=\"author\" content=\"Xavi Andornet\" \/>\n<meta name=\"twitter:card\" content=\"summary_large_image\" \/>\n<meta name=\"twitter:label1\" content=\"Escrito por\" \/>\n\t<meta name=\"twitter:data1\" content=\"Xavi Andornet\" \/>\n\t<meta name=\"twitter:label2\" content=\"Tiempo de lectura\" \/>\n\t<meta name=\"twitter:data2\" content=\"1 minuto\" \/>\n<script type=\"application\/ld+json\" class=\"yoast-schema-graph\">{\"@context\":\"https:\/\/schema.org\",\"@graph\":[{\"@type\":\"Article\",\"@id\":\"http:\/\/esponsorama.ad\/es\/stefano-nepa-seguira-adapacion-al-reale-avintia-arizona-77-alemania\/#article\",\"isPartOf\":{\"@id\":\"http:\/\/esponsorama.ad\/es\/stefano-nepa-seguira-adapacion-al-reale-avintia-arizona-77-alemania\/\"},\"author\":{\"name\":\"Xavi Andornet\",\"@id\":\"http:\/\/esponsorama.ad\/es\/#\/schema\/person\/a5cde74945183d737066e46b61c6f9c4\"},\"headline\":\"Stefano Nepa seguir\u00e1 con su adapaci\u00f3n al Reale Avintia Arizona 77 en Alemania\",\"datePublished\":\"2019-07-04T12:42:03+00:00\",\"dateModified\":\"2019-07-04T12:56:06+00:00\",\"mainEntityOfPage\":{\"@id\":\"http:\/\/esponsorama.ad\/es\/stefano-nepa-seguira-adapacion-al-reale-avintia-arizona-77-alemania\/\"},\"wordCount\":191,\"image\":{\"@id\":\"http:\/\/esponsorama.ad\/es\/stefano-nepa-seguira-adapacion-al-reale-avintia-arizona-77-alemania\/#primaryimage\"},\"thumbnailUrl\":\"http:\/\/esponsorama.ad\/wp-content\/uploads\/2019\/07\/08Holanda19M3ESPONSORAMA_AX10129-1.jpg\",\"articleSection\":[\"Moto3\"],\"inLanguage\":\"es\"},{\"@type\":\"WebPage\",\"@id\":\"http:\/\/esponsorama.ad\/es\/stefano-nepa-seguira-adapacion-al-reale-avintia-arizona-77-alemania\/\",\"url\":\"http:\/\/esponsorama.ad\/es\/stefano-nepa-seguira-adapacion-al-reale-avintia-arizona-77-alemania\/\",\"name\":\"Stefano Nepa seguir\u00e1 con su adapaci\u00f3n al Reale Avintia Arizona 77 en Alemania - Esponsorama\",\"isPartOf\":{\"@id\":\"http:\/\/esponsorama.ad\/es\/#website\"},\"primaryImageOfPage\":{\"@id\":\"http:\/\/esponsorama.ad\/es\/stefano-nepa-seguira-adapacion-al-reale-avintia-arizona-77-alemania\/#primaryimage\"},\"image\":{\"@id\":\"http:\/\/esponsorama.ad\/es\/stefano-nepa-seguira-adapacion-al-reale-avintia-arizona-77-alemania\/#primaryimage\"},\"thumbnailUrl\":\"http:\/\/esponsorama.ad\/wp-content\/uploads\/2019\/07\/08Holanda19M3ESPONSORAMA_AX10129-1.jpg\",\"datePublished\":\"2019-07-04T12:42:03+00:00\",\"dateModified\":\"2019-07-04T12:56:06+00:00\",\"author\":{\"@id\":\"http:\/\/esponsorama.ad\/es\/#\/schema\/person\/a5cde74945183d737066e46b61c6f9c4\"},\"breadcrumb\":{\"@id\":\"http:\/\/esponsorama.ad\/es\/stefano-nepa-seguira-adapacion-al-reale-avintia-arizona-77-alemania\/#breadcrumb\"},\"inLanguage\":\"es\",\"potentialAction\":[{\"@type\":\"ReadAction\",\"target\":[\"http:\/\/esponsorama.ad\/es\/stefano-nepa-seguira-adapacion-al-reale-avintia-arizona-77-alemania\/\"]}]},{\"@type\":\"ImageObject\",\"inLanguage\":\"es\",\"@id\":\"http:\/\/esponsorama.ad\/es\/stefano-nepa-seguira-adapacion-al-reale-avintia-arizona-77-alemania\/#primaryimage\",\"url\":\"http:\/\/esponsorama.ad\/wp-content\/uploads\/2019\/07\/08Holanda19M3ESPONSORAMA_AX10129-1.jpg\",\"contentUrl\":\"http:\/\/esponsorama.ad\/wp-content\/uploads\/2019\/07\/08Holanda19M3ESPONSORAMA_AX10129-1.jpg\",\"width\":5472,\"height\":3648,\"caption\":\"08 GP Holanda 27, 28, 29 y 30 de junio de 2019. Circuito de Assen, HOLANDA Motogp, MGP, Mgp, MotoGP\"},{\"@type\":\"BreadcrumbList\",\"@id\":\"http:\/\/esponsorama.ad\/es\/stefano-nepa-seguira-adapacion-al-reale-avintia-arizona-77-alemania\/#breadcrumb\",\"itemListElement\":[{\"@type\":\"ListItem\",\"position\":1,\"name\":\"Home\",\"item\":\"http:\/\/esponsorama.ad\/ca\/\"},{\"@type\":\"ListItem\",\"position\":2,\"name\":\"Stefano Nepa seguir\u00e1 con su adapaci\u00f3n al Reale Avintia Arizona 77 en Alemania\"}]},{\"@type\":\"WebSite\",\"@id\":\"http:\/\/esponsorama.ad\/es\/#website\",\"url\":\"http:\/\/esponsorama.ad\/es\/\",\"name\":\"Esponsorama\",\"description\":\"Specialist in motorsport sponsorship and event promotions\",\"potentialAction\":[{\"@type\":\"SearchAction\",\"target\":{\"@type\":\"EntryPoint\",\"urlTemplate\":\"http:\/\/esponsorama.ad\/es\/?s={search_term_string}\"},\"query-input\":{\"@type\":\"PropertyValueSpecification\",\"valueRequired\":true,\"valueName\":\"search_term_string\"}}],\"inLanguage\":\"es\"},{\"@type\":\"Person\",\"@id\":\"http:\/\/esponsorama.ad\/es\/#\/schema\/person\/a5cde74945183d737066e46b61c6f9c4\",\"name\":\"Xavi Andornet\",\"image\":{\"@type\":\"ImageObject\",\"inLanguage\":\"es\",\"@id\":\"http:\/\/esponsorama.ad\/es\/#\/schema\/person\/image\/\",\"url\":\"https:\/\/secure.gravatar.com\/avatar\/f10eaf9ad601244a2357c9fd7cd9805ed166cfaaf76d5d9ab08a9d873e70147a?s=96&d=mm&r=g\",\"contentUrl\":\"https:\/\/secure.gravatar.com\/avatar\/f10eaf9ad601244a2357c9fd7cd9805ed166cfaaf76d5d9ab08a9d873e70147a?s=96&d=mm&r=g\",\"caption\":\"Xavi Andornet\"},\"sameAs\":[\"http:\/\/www.andornet.ad\"],\"url\":\"http:\/\/esponsorama.ad\/es\/author\/andornet\/\"}]}<\/script>\n<!-- \/ Yoast SEO plugin. -->","yoast_head_json":{"title":"Stefano Nepa seguir\u00e1 con su adapaci\u00f3n al Reale Avintia Arizona 77 en Alemania - Esponsorama","robots":{"index":"index","follow":"follow","max-snippet":"max-snippet:-1","max-image-preview":"max-image-preview:large","max-video-preview":"max-video-preview:-1"},"canonical":"http:\/\/esponsorama.ad\/es\/stefano-nepa-seguira-adapacion-al-reale-avintia-arizona-77-alemania\/","og_locale":"es_ES","og_type":"article","og_title":"Stefano Nepa seguir\u00e1 con su adapaci\u00f3n al Reale Avintia Arizona 77 en Alemania - Esponsorama","og_description":"Tras\u00a0debutar en el Campeonato del Mundo de Moto3 con el Reale Avintia Arizona 77 en la cita de Assen, Stefano Nepa debe seguir\u00a0con su fase de adaptaci\u00f3n al equipo su nueva etapa en el mundial. El piloto italiano quiere seguir\u00a0mejorando y puliando detalles que le lleven a marcar buenos tiempos en los entrenamientos para poder [&hellip;]","og_url":"http:\/\/esponsorama.ad\/es\/stefano-nepa-seguira-adapacion-al-reale-avintia-arizona-77-alemania\/","og_site_name":"Esponsorama","article_published_time":"2019-07-04T12:42:03+00:00","article_modified_time":"2019-07-04T12:56:06+00:00","og_image":[{"width":1024,"height":683,"url":"http:\/\/esponsorama.ad\/wp-content\/uploads\/2019\/07\/08Holanda19M3ESPONSORAMA_AX10129-1-1024x683.jpg","type":"image\/jpeg"}],"author":"Xavi Andornet","twitter_card":"summary_large_image","twitter_misc":{"Escrito por":"Xavi Andornet","Tiempo de lectura":"1 minuto"},"schema":{"@context":"https:\/\/schema.org","@graph":[{"@type":"Article","@id":"http:\/\/esponsorama.ad\/es\/stefano-nepa-seguira-adapacion-al-reale-avintia-arizona-77-alemania\/#article","isPartOf":{"@id":"http:\/\/esponsorama.ad\/es\/stefano-nepa-seguira-adapacion-al-reale-avintia-arizona-77-alemania\/"},"author":{"name":"Xavi Andornet","@id":"http:\/\/esponsorama.ad\/es\/#\/schema\/person\/a5cde74945183d737066e46b61c6f9c4"},"headline":"Stefano Nepa seguir\u00e1 con su adapaci\u00f3n al Reale Avintia Arizona 77 en Alemania","datePublished":"2019-07-04T12:42:03+00:00","dateModified":"2019-07-04T12:56:06+00:00","mainEntityOfPage":{"@id":"http:\/\/esponsorama.ad\/es\/stefano-nepa-seguira-adapacion-al-reale-avintia-arizona-77-alemania\/"},"wordCount":191,"image":{"@id":"http:\/\/esponsorama.ad\/es\/stefano-nepa-seguira-adapacion-al-reale-avintia-arizona-77-alemania\/#primaryimage"},"thumbnailUrl":"http:\/\/esponsorama.ad\/wp-content\/uploads\/2019\/07\/08Holanda19M3ESPONSORAMA_AX10129-1.jpg","articleSection":["Moto3"],"inLanguage":"es"},{"@type":"WebPage","@id":"http:\/\/esponsorama.ad\/es\/stefano-nepa-seguira-adapacion-al-reale-avintia-arizona-77-alemania\/","url":"http:\/\/esponsorama.ad\/es\/stefano-nepa-seguira-adapacion-al-reale-avintia-arizona-77-alemania\/","name":"Stefano Nepa seguir\u00e1 con su adapaci\u00f3n al Reale Avintia Arizona 77 en Alemania - Esponsorama","isPartOf":{"@id":"http:\/\/esponsorama.ad\/es\/#website"},"primaryImageOfPage":{"@id":"http:\/\/esponsorama.ad\/es\/stefano-nepa-seguira-adapacion-al-reale-avintia-arizona-77-alemania\/#primaryimage"},"image":{"@id":"http:\/\/esponsorama.ad\/es\/stefano-nepa-seguira-adapacion-al-reale-avintia-arizona-77-alemania\/#primaryimage"},"thumbnailUrl":"http:\/\/esponsorama.ad\/wp-content\/uploads\/2019\/07\/08Holanda19M3ESPONSORAMA_AX10129-1.jpg","datePublished":"2019-07-04T12:42:03+00:00","dateModified":"2019-07-04T12:56:06+00:00","author":{"@id":"http:\/\/esponsorama.ad\/es\/#\/schema\/person\/a5cde74945183d737066e46b61c6f9c4"},"breadcrumb":{"@id":"http:\/\/esponsorama.ad\/es\/stefano-nepa-seguira-adapacion-al-reale-avintia-arizona-77-alemania\/#breadcrumb"},"inLanguage":"es","potentialAction":[{"@type":"ReadAction","target":["http:\/\/esponsorama.ad\/es\/stefano-nepa-seguira-adapacion-al-reale-avintia-arizona-77-alemania\/"]}]},{"@type":"ImageObject","inLanguage":"es","@id":"http:\/\/esponsorama.ad\/es\/stefano-nepa-seguira-adapacion-al-reale-avintia-arizona-77-alemania\/#primaryimage","url":"http:\/\/esponsorama.ad\/wp-content\/uploads\/2019\/07\/08Holanda19M3ESPONSORAMA_AX10129-1.jpg","contentUrl":"http:\/\/esponsorama.ad\/wp-content\/uploads\/2019\/07\/08Holanda19M3ESPONSORAMA_AX10129-1.jpg","width":5472,"height":3648,"caption":"08 GP Holanda 27, 28, 29 y 30 de junio de 2019. Circuito de Assen, HOLANDA Motogp, MGP, Mgp, MotoGP"},{"@type":"BreadcrumbList","@id":"http:\/\/esponsorama.ad\/es\/stefano-nepa-seguira-adapacion-al-reale-avintia-arizona-77-alemania\/#breadcrumb","itemListElement":[{"@type":"ListItem","position":1,"name":"Home","item":"http:\/\/esponsorama.ad\/ca\/"},{"@type":"ListItem","position":2,"name":"Stefano Nepa seguir\u00e1 con su adapaci\u00f3n al Reale Avintia Arizona 77 en Alemania"}]},{"@type":"WebSite","@id":"http:\/\/esponsorama.ad\/es\/#website","url":"http:\/\/esponsorama.ad\/es\/","name":"Esponsorama","description":"Specialist in motorsport sponsorship and event promotions","potentialAction":[{"@type":"SearchAction","target":{"@type":"EntryPoint","urlTemplate":"http:\/\/esponsorama.ad\/es\/?s={search_term_string}"},"query-input":{"@type":"PropertyValueSpecification","valueRequired":true,"valueName":"search_term_string"}}],"inLanguage":"es"},{"@type":"Person","@id":"http:\/\/esponsorama.ad\/es\/#\/schema\/person\/a5cde74945183d737066e46b61c6f9c4","name":"Xavi Andornet","image":{"@type":"ImageObject","inLanguage":"es","@id":"http:\/\/esponsorama.ad\/es\/#\/schema\/person\/image\/","url":"https:\/\/secure.gravatar.com\/avatar\/f10eaf9ad601244a2357c9fd7cd9805ed166cfaaf76d5d9ab08a9d873e70147a?s=96&d=mm&r=g","contentUrl":"https:\/\/secure.gravatar.com\/avatar\/f10eaf9ad601244a2357c9fd7cd9805ed166cfaaf76d5d9ab08a9d873e70147a?s=96&d=mm&r=g","caption":"Xavi Andornet"},"sameAs":["http:\/\/www.andornet.ad"],"url":"http:\/\/esponsorama.ad\/es\/author\/andornet\/"}]}},"_links":{"self":[{"href":"http:\/\/esponsorama.ad\/es\/wp-json\/wp\/v2\/posts\/14889","targetHints":{"allow":["GET"]}}],"collection":[{"href":"http:\/\/esponsorama.ad\/es\/wp-json\/wp\/v2\/posts"}],"about":[{"href":"http:\/\/esponsorama.ad\/es\/wp-json\/wp\/v2\/types\/post"}],"author":[{"embeddable":true,"href":"http:\/\/esponsorama.ad\/es\/wp-json\/wp\/v2\/users\/6"}],"replies":[{"embeddable":true,"href":"http:\/\/esponsorama.ad\/es\/wp-json\/wp\/v2\/comments?post=14889"}],"version-history":[{"count":0,"href":"http:\/\/esponsorama.ad\/es\/wp-json\/wp\/v2\/posts\/14889\/revisions"}],"wp:featuredmedia":[{"embeddable":true,"href":"http:\/\/esponsorama.ad\/es\/wp-json\/wp\/v2\/media\/14875"}],"wp:attachment":[{"href":"http:\/\/esponsorama.ad\/es\/wp-json\/wp\/v2\/media?parent=14889"}],"wp:term":[{"taxonomy":"category","embeddable":true,"href":"http:\/\/esponsorama.ad\/es\/wp-json\/wp\/v2\/categories?post=14889"},{"taxonomy":"post_tag","embeddable":true,"href":"http:\/\/esponsorama.ad\/es\/wp-json\/wp\/v2\/tags?post=14889"}],"curies":[{"name":"wp","href":"https:\/\/api.w.org\/{rel}","templated":true}]}}