{"id":14893,"date":"2019-07-04T16:17:41","date_gmt":"2019-07-04T14:17:41","guid":{"rendered":"http:\/\/esponsorama.ad\/?p=14893"},"modified":"2019-07-05T17:41:19","modified_gmt":"2019-07-05T15:41:19","slug":"equipo-avintia-esponsorama-racing-listo-estreno-motoe","status":"publish","type":"post","link":"http:\/\/esponsorama.ad\/es\/equipo-avintia-esponsorama-racing-listo-estreno-motoe\/","title":{"rendered":"El equipo Avintia Esponsorama Racing, listo para el estreno de MotoE"},"content":{"rendered":"<p>El circuito de Sachsenring ser\u00e1 escenario\u00a0de la primera carrera de motos el\u00e9ctricas en la historia del marco del Campeonato del Mundo de Velocidad. Despu\u00e9s de que un incendio arrasara todo el material del nuevo campeonato, se retras\u00f3 su arranque hasta la cita alemana de este fin de semana. Todos los equipos de MotoE realizaron tres d\u00edas de test hace dos semanas en el Circuit de la Comunitat Valenciana Ricardo Tormo de Cheste en el que, adem\u00e1s de tandas de entrenamientos, se simul\u00f3 el funcionamiento de la pole y la carrera. Eric Granado se impuso en la primera carrera simulada de MotoE mientras que Xavier Simeon fue sexto.<\/p>\n<p>Sachsenring, donde se disputar\u00e1 la carrera del domingo, es uno de los trazados m\u00e1s caracter\u00edsticos del calendario por su dise\u00f1o ya que cuenta con 10 curvas a izquierda y 3 derecha que se enlazan en\u00a0 unos estrechos 3.671m repletos de subidas y bajadas que lo convierten en el circuito m\u00e1s corto de la temporada.<\/p>\n\t\t\t\t\t<div class=\"rider-short\">\n\t\t\t\t<a href=\"http:\/\/esponsorama.ad\/es\/piloto\/eric-granado\/\"><img loading=\"lazy\" decoding=\"async\" width=\"300\" height=\"300\" src=\"http:\/\/esponsorama.ad\/wp-content\/uploads\/2018\/10\/numero-granado-comunicados-2018.png\" class=\"attachment-medium size-medium\" alt=\"\" srcset=\"http:\/\/esponsorama.ad\/wp-content\/uploads\/2018\/10\/numero-granado-comunicados-2018.png 300w, http:\/\/esponsorama.ad\/wp-content\/uploads\/2018\/10\/numero-granado-comunicados-2018-150x150.png 150w\" sizes=\"auto, (max-width: 300px) 100vw, 300px\" \/><\/a><div class=\"info\"><h3><a href=\"http:\/\/esponsorama.ad\/es\/piloto\/eric-granado\/\">Eric Granado<\/a><\/h3><div class=\"rrss\"><a target=\"_blank\" href=\"https:\/\/www.facebook.com\/PilotoEricGranado\/?ref=br_rs\"><i class=\"fa fa-facebook\"><\/i><\/a><a target=\"_blank\" href=\"https:\/\/twitter.com\/ericgranado\"><i class=\"fa fa-twitter\"><\/i><\/a><a target=\"_blank\" href=\"https:\/\/www.instagram.com\/ericgranado\/\"><i class=\"fa fa-instagram\"><\/i><\/a><\/div><\/div>\t\t\t\t\t<\/div>\n\t\t\t\t\n<p>\u00abEstoy motivado y confiando para la primera carrera de MotoE donde espero tener un buen fin de semana despu\u00e9s de haberlo hecho bastante bien en el test Valencia. All\u00ed conseguimos una buena base para la moto y, aunque Sachsenring es otro mundo y los resultados del test no me garantizan nada, s\u00ed que me dan bastante confianza. El viernes intentaremos poner la moto a punto para tenerla lo mejor posible para la Pole del s\u00e1bado y sobre todo la carrera del domingo\u00bb.<\/p>\n\n<p>\u00abEstoy muy motivado y tengo claro el objetivo que es luchar por estar en cabeza. Va a ser un fin de semana muy intenso porque ser\u00e1 la primera edici\u00f3n de la MotoE as\u00ed que es muy dif\u00edcil conocer las expectativas. El test de Valencia fue mejor de lo que pensaba y ahora hay que coger toda esa experiencia que adquirimos all\u00ed para la primera carrera. No dispondremos de mucho tiempo en pista y ser\u00e1 muy importante estar concentrado porque el fallo no est\u00e1 permitido en esta categor\u00eda\u00bb.<\/p>\n","protected":false},"excerpt":{"rendered":"<p>El circuito de Sachsenring ser\u00e1 escenario\u00a0de la primera carrera de motos el\u00e9ctricas en la historia del marco del Campeonato del Mundo de Velocidad. Despu\u00e9s de que un incendio arrasara todo el material del nuevo campeonato, se retras\u00f3 su arranque hasta la cita alemana de este fin de semana. Todos los equipos de MotoE realizaron tres [&hellip;]<\/p>\n","protected":false},"author":6,"featured_media":14894,"comment_status":"closed","ping_status":"closed","sticky":false,"template":"","format":"standard","meta":{"footnotes":""},"categories":[21],"tags":[],"class_list":["post-14893","post","type-post","status-publish","format-standard","has-post-thumbnail","hentry","category-motoe"],"yoast_head":"<!-- This site is optimized with the Yoast SEO plugin v27.1.1 - https:\/\/yoast.com\/product\/yoast-seo-wordpress\/ -->\n<title>El equipo Avintia Esponsorama Racing, listo para el estreno de MotoE - Esponsorama<\/title>\n<meta name=\"robots\" content=\"index, follow, max-snippet:-1, max-image-preview:large, max-video-preview:-1\" \/>\n<link rel=\"canonical\" href=\"http:\/\/esponsorama.ad\/es\/equipo-avintia-esponsorama-racing-listo-estreno-motoe\/\" \/>\n<meta property=\"og:locale\" content=\"es_ES\" \/>\n<meta property=\"og:type\" content=\"article\" \/>\n<meta property=\"og:title\" content=\"El equipo Avintia Esponsorama Racing, listo para el estreno de MotoE - Esponsorama\" \/>\n<meta property=\"og:description\" content=\"El circuito de Sachsenring ser\u00e1 escenario\u00a0de la primera carrera de motos el\u00e9ctricas en la historia del marco del Campeonato del Mundo de Velocidad. Despu\u00e9s de que un incendio arrasara todo el material del nuevo campeonato, se retras\u00f3 su arranque hasta la cita alemana de este fin de semana. Todos los equipos de MotoE realizaron tres [&hellip;]\" \/>\n<meta property=\"og:url\" content=\"http:\/\/esponsorama.ad\/es\/equipo-avintia-esponsorama-racing-listo-estreno-motoe\/\" \/>\n<meta property=\"og:site_name\" content=\"Esponsorama\" \/>\n<meta property=\"article:published_time\" content=\"2019-07-04T14:17:41+00:00\" \/>\n<meta property=\"article:modified_time\" content=\"2019-07-05T15:41:19+00:00\" \/>\n<meta property=\"og:image\" content=\"http:\/\/esponsorama.ad\/wp-content\/uploads\/2019\/07\/53A7404-ConvertImage-1024x683.jpg\" \/>\n\t<meta property=\"og:image:width\" content=\"1024\" \/>\n\t<meta property=\"og:image:height\" content=\"683\" \/>\n\t<meta property=\"og:image:type\" content=\"image\/jpeg\" \/>\n<meta name=\"author\" content=\"Xavi Andornet\" \/>\n<meta name=\"twitter:card\" content=\"summary_large_image\" \/>\n<meta name=\"twitter:label1\" content=\"Escrito por\" \/>\n\t<meta name=\"twitter:data1\" content=\"Xavi Andornet\" \/>\n\t<meta name=\"twitter:label2\" content=\"Tiempo de lectura\" \/>\n\t<meta name=\"twitter:data2\" content=\"2 minutos\" \/>\n<script type=\"application\/ld+json\" class=\"yoast-schema-graph\">{\"@context\":\"https:\/\/schema.org\",\"@graph\":[{\"@type\":\"Article\",\"@id\":\"http:\/\/esponsorama.ad\/es\/equipo-avintia-esponsorama-racing-listo-estreno-motoe\/#article\",\"isPartOf\":{\"@id\":\"http:\/\/esponsorama.ad\/es\/equipo-avintia-esponsorama-racing-listo-estreno-motoe\/\"},\"author\":{\"name\":\"Xavi Andornet\",\"@id\":\"http:\/\/esponsorama.ad\/es\/#\/schema\/person\/a5cde74945183d737066e46b61c6f9c4\"},\"headline\":\"El equipo Avintia Esponsorama Racing, listo para el estreno de MotoE\",\"datePublished\":\"2019-07-04T14:17:41+00:00\",\"dateModified\":\"2019-07-05T15:41:19+00:00\",\"mainEntityOfPage\":{\"@id\":\"http:\/\/esponsorama.ad\/es\/equipo-avintia-esponsorama-racing-listo-estreno-motoe\/\"},\"wordCount\":357,\"image\":{\"@id\":\"http:\/\/esponsorama.ad\/es\/equipo-avintia-esponsorama-racing-listo-estreno-motoe\/#primaryimage\"},\"thumbnailUrl\":\"http:\/\/esponsorama.ad\/wp-content\/uploads\/2019\/07\/53A7404-ConvertImage.jpg\",\"articleSection\":[\"MotoE\"],\"inLanguage\":\"es\"},{\"@type\":\"WebPage\",\"@id\":\"http:\/\/esponsorama.ad\/es\/equipo-avintia-esponsorama-racing-listo-estreno-motoe\/\",\"url\":\"http:\/\/esponsorama.ad\/es\/equipo-avintia-esponsorama-racing-listo-estreno-motoe\/\",\"name\":\"El equipo Avintia Esponsorama Racing, listo para el estreno de MotoE - Esponsorama\",\"isPartOf\":{\"@id\":\"http:\/\/esponsorama.ad\/es\/#website\"},\"primaryImageOfPage\":{\"@id\":\"http:\/\/esponsorama.ad\/es\/equipo-avintia-esponsorama-racing-listo-estreno-motoe\/#primaryimage\"},\"image\":{\"@id\":\"http:\/\/esponsorama.ad\/es\/equipo-avintia-esponsorama-racing-listo-estreno-motoe\/#primaryimage\"},\"thumbnailUrl\":\"http:\/\/esponsorama.ad\/wp-content\/uploads\/2019\/07\/53A7404-ConvertImage.jpg\",\"datePublished\":\"2019-07-04T14:17:41+00:00\",\"dateModified\":\"2019-07-05T15:41:19+00:00\",\"author\":{\"@id\":\"http:\/\/esponsorama.ad\/es\/#\/schema\/person\/a5cde74945183d737066e46b61c6f9c4\"},\"breadcrumb\":{\"@id\":\"http:\/\/esponsorama.ad\/es\/equipo-avintia-esponsorama-racing-listo-estreno-motoe\/#breadcrumb\"},\"inLanguage\":\"es\",\"potentialAction\":[{\"@type\":\"ReadAction\",\"target\":[\"http:\/\/esponsorama.ad\/es\/equipo-avintia-esponsorama-racing-listo-estreno-motoe\/\"]}]},{\"@type\":\"ImageObject\",\"inLanguage\":\"es\",\"@id\":\"http:\/\/esponsorama.ad\/es\/equipo-avintia-esponsorama-racing-listo-estreno-motoe\/#primaryimage\",\"url\":\"http:\/\/esponsorama.ad\/wp-content\/uploads\/2019\/07\/53A7404-ConvertImage.jpg\",\"contentUrl\":\"http:\/\/esponsorama.ad\/wp-content\/uploads\/2019\/07\/53A7404-ConvertImage.jpg\",\"width\":3707,\"height\":2471},{\"@type\":\"BreadcrumbList\",\"@id\":\"http:\/\/esponsorama.ad\/es\/equipo-avintia-esponsorama-racing-listo-estreno-motoe\/#breadcrumb\",\"itemListElement\":[{\"@type\":\"ListItem\",\"position\":1,\"name\":\"Home\",\"item\":\"http:\/\/esponsorama.ad\/es\/\"},{\"@type\":\"ListItem\",\"position\":2,\"name\":\"El equipo Avintia Esponsorama Racing, listo para el estreno de MotoE\"}]},{\"@type\":\"WebSite\",\"@id\":\"http:\/\/esponsorama.ad\/es\/#website\",\"url\":\"http:\/\/esponsorama.ad\/es\/\",\"name\":\"Esponsorama\",\"description\":\"Specialist in motorsport sponsorship and event promotions\",\"potentialAction\":[{\"@type\":\"SearchAction\",\"target\":{\"@type\":\"EntryPoint\",\"urlTemplate\":\"http:\/\/esponsorama.ad\/es\/?s={search_term_string}\"},\"query-input\":{\"@type\":\"PropertyValueSpecification\",\"valueRequired\":true,\"valueName\":\"search_term_string\"}}],\"inLanguage\":\"es\"},{\"@type\":\"Person\",\"@id\":\"http:\/\/esponsorama.ad\/es\/#\/schema\/person\/a5cde74945183d737066e46b61c6f9c4\",\"name\":\"Xavi Andornet\",\"image\":{\"@type\":\"ImageObject\",\"inLanguage\":\"es\",\"@id\":\"http:\/\/esponsorama.ad\/es\/#\/schema\/person\/image\/\",\"url\":\"https:\/\/secure.gravatar.com\/avatar\/f10eaf9ad601244a2357c9fd7cd9805ed166cfaaf76d5d9ab08a9d873e70147a?s=96&d=mm&r=g\",\"contentUrl\":\"https:\/\/secure.gravatar.com\/avatar\/f10eaf9ad601244a2357c9fd7cd9805ed166cfaaf76d5d9ab08a9d873e70147a?s=96&d=mm&r=g\",\"caption\":\"Xavi Andornet\"},\"sameAs\":[\"http:\/\/www.andornet.ad\"],\"url\":\"http:\/\/esponsorama.ad\/es\/author\/andornet\/\"}]}<\/script>\n<!-- \/ Yoast SEO plugin. -->","yoast_head_json":{"title":"El equipo Avintia Esponsorama Racing, listo para el estreno de MotoE - Esponsorama","robots":{"index":"index","follow":"follow","max-snippet":"max-snippet:-1","max-image-preview":"max-image-preview:large","max-video-preview":"max-video-preview:-1"},"canonical":"http:\/\/esponsorama.ad\/es\/equipo-avintia-esponsorama-racing-listo-estreno-motoe\/","og_locale":"es_ES","og_type":"article","og_title":"El equipo Avintia Esponsorama Racing, listo para el estreno de MotoE - Esponsorama","og_description":"El circuito de Sachsenring ser\u00e1 escenario\u00a0de la primera carrera de motos el\u00e9ctricas en la historia del marco del Campeonato del Mundo de Velocidad. Despu\u00e9s de que un incendio arrasara todo el material del nuevo campeonato, se retras\u00f3 su arranque hasta la cita alemana de este fin de semana. Todos los equipos de MotoE realizaron tres [&hellip;]","og_url":"http:\/\/esponsorama.ad\/es\/equipo-avintia-esponsorama-racing-listo-estreno-motoe\/","og_site_name":"Esponsorama","article_published_time":"2019-07-04T14:17:41+00:00","article_modified_time":"2019-07-05T15:41:19+00:00","og_image":[{"width":1024,"height":683,"url":"http:\/\/esponsorama.ad\/wp-content\/uploads\/2019\/07\/53A7404-ConvertImage-1024x683.jpg","type":"image\/jpeg"}],"author":"Xavi Andornet","twitter_card":"summary_large_image","twitter_misc":{"Escrito por":"Xavi Andornet","Tiempo de lectura":"2 minutos"},"schema":{"@context":"https:\/\/schema.org","@graph":[{"@type":"Article","@id":"http:\/\/esponsorama.ad\/es\/equipo-avintia-esponsorama-racing-listo-estreno-motoe\/#article","isPartOf":{"@id":"http:\/\/esponsorama.ad\/es\/equipo-avintia-esponsorama-racing-listo-estreno-motoe\/"},"author":{"name":"Xavi Andornet","@id":"http:\/\/esponsorama.ad\/es\/#\/schema\/person\/a5cde74945183d737066e46b61c6f9c4"},"headline":"El equipo Avintia Esponsorama Racing, listo para el estreno de MotoE","datePublished":"2019-07-04T14:17:41+00:00","dateModified":"2019-07-05T15:41:19+00:00","mainEntityOfPage":{"@id":"http:\/\/esponsorama.ad\/es\/equipo-avintia-esponsorama-racing-listo-estreno-motoe\/"},"wordCount":357,"image":{"@id":"http:\/\/esponsorama.ad\/es\/equipo-avintia-esponsorama-racing-listo-estreno-motoe\/#primaryimage"},"thumbnailUrl":"http:\/\/esponsorama.ad\/wp-content\/uploads\/2019\/07\/53A7404-ConvertImage.jpg","articleSection":["MotoE"],"inLanguage":"es"},{"@type":"WebPage","@id":"http:\/\/esponsorama.ad\/es\/equipo-avintia-esponsorama-racing-listo-estreno-motoe\/","url":"http:\/\/esponsorama.ad\/es\/equipo-avintia-esponsorama-racing-listo-estreno-motoe\/","name":"El equipo Avintia Esponsorama Racing, listo para el estreno de MotoE - Esponsorama","isPartOf":{"@id":"http:\/\/esponsorama.ad\/es\/#website"},"primaryImageOfPage":{"@id":"http:\/\/esponsorama.ad\/es\/equipo-avintia-esponsorama-racing-listo-estreno-motoe\/#primaryimage"},"image":{"@id":"http:\/\/esponsorama.ad\/es\/equipo-avintia-esponsorama-racing-listo-estreno-motoe\/#primaryimage"},"thumbnailUrl":"http:\/\/esponsorama.ad\/wp-content\/uploads\/2019\/07\/53A7404-ConvertImage.jpg","datePublished":"2019-07-04T14:17:41+00:00","dateModified":"2019-07-05T15:41:19+00:00","author":{"@id":"http:\/\/esponsorama.ad\/es\/#\/schema\/person\/a5cde74945183d737066e46b61c6f9c4"},"breadcrumb":{"@id":"http:\/\/esponsorama.ad\/es\/equipo-avintia-esponsorama-racing-listo-estreno-motoe\/#breadcrumb"},"inLanguage":"es","potentialAction":[{"@type":"ReadAction","target":["http:\/\/esponsorama.ad\/es\/equipo-avintia-esponsorama-racing-listo-estreno-motoe\/"]}]},{"@type":"ImageObject","inLanguage":"es","@id":"http:\/\/esponsorama.ad\/es\/equipo-avintia-esponsorama-racing-listo-estreno-motoe\/#primaryimage","url":"http:\/\/esponsorama.ad\/wp-content\/uploads\/2019\/07\/53A7404-ConvertImage.jpg","contentUrl":"http:\/\/esponsorama.ad\/wp-content\/uploads\/2019\/07\/53A7404-ConvertImage.jpg","width":3707,"height":2471},{"@type":"BreadcrumbList","@id":"http:\/\/esponsorama.ad\/es\/equipo-avintia-esponsorama-racing-listo-estreno-motoe\/#breadcrumb","itemListElement":[{"@type":"ListItem","position":1,"name":"Home","item":"http:\/\/esponsorama.ad\/es\/"},{"@type":"ListItem","position":2,"name":"El equipo Avintia Esponsorama Racing, listo para el estreno de MotoE"}]},{"@type":"WebSite","@id":"http:\/\/esponsorama.ad\/es\/#website","url":"http:\/\/esponsorama.ad\/es\/","name":"Esponsorama","description":"Specialist in motorsport sponsorship and event promotions","potentialAction":[{"@type":"SearchAction","target":{"@type":"EntryPoint","urlTemplate":"http:\/\/esponsorama.ad\/es\/?s={search_term_string}"},"query-input":{"@type":"PropertyValueSpecification","valueRequired":true,"valueName":"search_term_string"}}],"inLanguage":"es"},{"@type":"Person","@id":"http:\/\/esponsorama.ad\/es\/#\/schema\/person\/a5cde74945183d737066e46b61c6f9c4","name":"Xavi Andornet","image":{"@type":"ImageObject","inLanguage":"es","@id":"http:\/\/esponsorama.ad\/es\/#\/schema\/person\/image\/","url":"https:\/\/secure.gravatar.com\/avatar\/f10eaf9ad601244a2357c9fd7cd9805ed166cfaaf76d5d9ab08a9d873e70147a?s=96&d=mm&r=g","contentUrl":"https:\/\/secure.gravatar.com\/avatar\/f10eaf9ad601244a2357c9fd7cd9805ed166cfaaf76d5d9ab08a9d873e70147a?s=96&d=mm&r=g","caption":"Xavi Andornet"},"sameAs":["http:\/\/www.andornet.ad"],"url":"http:\/\/esponsorama.ad\/es\/author\/andornet\/"}]}},"_links":{"self":[{"href":"http:\/\/esponsorama.ad\/es\/wp-json\/wp\/v2\/posts\/14893","targetHints":{"allow":["GET"]}}],"collection":[{"href":"http:\/\/esponsorama.ad\/es\/wp-json\/wp\/v2\/posts"}],"about":[{"href":"http:\/\/esponsorama.ad\/es\/wp-json\/wp\/v2\/types\/post"}],"author":[{"embeddable":true,"href":"http:\/\/esponsorama.ad\/es\/wp-json\/wp\/v2\/users\/6"}],"replies":[{"embeddable":true,"href":"http:\/\/esponsorama.ad\/es\/wp-json\/wp\/v2\/comments?post=14893"}],"version-history":[{"count":0,"href":"http:\/\/esponsorama.ad\/es\/wp-json\/wp\/v2\/posts\/14893\/revisions"}],"wp:featuredmedia":[{"embeddable":true,"href":"http:\/\/esponsorama.ad\/es\/wp-json\/wp\/v2\/media\/14894"}],"wp:attachment":[{"href":"http:\/\/esponsorama.ad\/es\/wp-json\/wp\/v2\/media?parent=14893"}],"wp:term":[{"taxonomy":"category","embeddable":true,"href":"http:\/\/esponsorama.ad\/es\/wp-json\/wp\/v2\/categories?post=14893"},{"taxonomy":"post_tag","embeddable":true,"href":"http:\/\/esponsorama.ad\/es\/wp-json\/wp\/v2\/tags?post=14893"}],"curies":[{"name":"wp","href":"https:\/\/api.w.org\/{rel}","templated":true}]}}