{"id":14902,"date":"2019-07-05T20:04:24","date_gmt":"2019-07-05T18:04:24","guid":{"rendered":"http:\/\/esponsorama.ad\/?p=14902"},"modified":"2019-07-05T20:13:05","modified_gmt":"2019-07-05T18:13:05","slug":"equipo-avintia-esponsorama-racing-debut-motoe","status":"publish","type":"post","link":"http:\/\/esponsorama.ad\/es\/equipo-avintia-esponsorama-racing-debut-motoe\/","title":{"rendered":"El equipo Avintia Esponsorama Racing hace su debut en MotoE"},"content":{"rendered":"<p>En el primer d\u00eda de la historia de MotoE ambos pilotos del Avintia Esponsorama Racing han conseguido clasificar entre los diez primeros en la combinada de tiempos de los libres 1 y 2. En este primer d\u00eda, los pilotos dispon\u00edan de dos sesiones de entrenamientos libres -una por la ma\u00f1ana y otra por la tarde-\u00a0de 30 minutos cada una.<\/p>\n\t\t\t\t\t<div class=\"rider-short\">\n\t\t\t\t<a href=\"http:\/\/esponsorama.ad\/es\/piloto\/eric-granado\/\"><img loading=\"lazy\" decoding=\"async\" width=\"300\" height=\"300\" src=\"http:\/\/esponsorama.ad\/wp-content\/uploads\/2018\/10\/numero-granado-comunicados-2018.png\" class=\"attachment-medium size-medium\" alt=\"\" srcset=\"http:\/\/esponsorama.ad\/wp-content\/uploads\/2018\/10\/numero-granado-comunicados-2018.png 300w, http:\/\/esponsorama.ad\/wp-content\/uploads\/2018\/10\/numero-granado-comunicados-2018-150x150.png 150w\" sizes=\"auto, (max-width: 300px) 100vw, 300px\" \/><\/a><div class=\"info\"><h3><a href=\"http:\/\/esponsorama.ad\/es\/piloto\/eric-granado\/\">Eric Granado<\/a> | 1'29.166 | P6<\/h3><div class=\"rrss\"><a target=\"_blank\" href=\"https:\/\/www.facebook.com\/PilotoEricGranado\/?ref=br_rs\"><i class=\"fa fa-facebook\"><\/i><\/a><a target=\"_blank\" href=\"https:\/\/twitter.com\/ericgranado\"><i class=\"fa fa-twitter\"><\/i><\/a><a target=\"_blank\" href=\"https:\/\/www.instagram.com\/ericgranado\/\"><i class=\"fa fa-instagram\"><\/i><\/a><\/div><\/div>\t\t\t\t\t<\/div>\n\t\t\t\t\n<p>\u00abHemos trabajo mucho en la puesta a punto de la moto. La \u00faltima vez que vine aqu\u00ed fue con la Moto2 y las referencias que ten\u00eda eran muy diferentes y por lo tanto me ha costado un poco entender bien c\u00f3mo funciona esta moto en esta pista sobre todo en la entrada de curva porque la MotoE pesa mucho y tiene una inercia diferente. Despu\u00e9s me he habituado y he podido ir m\u00e1s o menos c\u00f3modo. Una tanda la he hecho entera solo, buscando referencias y puntos importantes donde atacar sobre todo ma\u00f1ana en la E-Pole que ser\u00e1 super importante tenerlo todo muy claro porque est\u00e1s solo en la pista sin referencias de otros pilotos. Esta tarde no hemos podido mejorar todo lo que nos hubiese gustado por ciertos detalles pero lo m\u00e1s importante es la carrera del domingo\u00bb.<\/p>\n\n<p>\u201cHa sido un d\u00eda muy positivo para ser el primer d\u00eda oficial. Es una cateogira muy chula porque la manera de abordarla es muy diferente a lo que estamos acostumbrados porque tenemos muy poco tiempo para ir r\u00e1pido y hacer la puesta a punto. Hay que entenderlo todo muy r\u00e1pido y esto te hace tener la mente muy abierta porque tienes que estar en el ritmo enseguida. Nos falta mejorar un poco para estar delante pero conf\u00edo en que podamos hacer un buen trabajo para solucionarlo\u201d.<\/p>\n","protected":false},"excerpt":{"rendered":"<p>En el primer d\u00eda de la historia de MotoE ambos pilotos del Avintia Esponsorama Racing han conseguido clasificar entre los diez primeros en la combinada de tiempos de los libres 1 y 2. En este primer d\u00eda, los pilotos dispon\u00edan de dos sesiones de entrenamientos libres -una por la ma\u00f1ana y otra por la tarde-\u00a0de [&hellip;]<\/p>\n","protected":false},"author":6,"featured_media":14905,"comment_status":"closed","ping_status":"closed","sticky":false,"template":"","format":"standard","meta":{"footnotes":""},"categories":[21],"tags":[],"class_list":["post-14902","post","type-post","status-publish","format-standard","has-post-thumbnail","hentry","category-motoe"],"yoast_head":"<!-- This site is optimized with the Yoast SEO plugin v27.1.1 - https:\/\/yoast.com\/product\/yoast-seo-wordpress\/ -->\n<title>El equipo Avintia Esponsorama Racing hace su debut en MotoE - Esponsorama<\/title>\n<meta name=\"robots\" content=\"index, follow, max-snippet:-1, max-image-preview:large, max-video-preview:-1\" \/>\n<link rel=\"canonical\" href=\"http:\/\/esponsorama.ad\/es\/equipo-avintia-esponsorama-racing-debut-motoe\/\" \/>\n<meta property=\"og:locale\" content=\"es_ES\" \/>\n<meta property=\"og:type\" content=\"article\" \/>\n<meta property=\"og:title\" content=\"El equipo Avintia Esponsorama Racing hace su debut en MotoE - Esponsorama\" \/>\n<meta property=\"og:description\" content=\"En el primer d\u00eda de la historia de MotoE ambos pilotos del Avintia Esponsorama Racing han conseguido clasificar entre los diez primeros en la combinada de tiempos de los libres 1 y 2. En este primer d\u00eda, los pilotos dispon\u00edan de dos sesiones de entrenamientos libres -una por la ma\u00f1ana y otra por la tarde-\u00a0de [&hellip;]\" \/>\n<meta property=\"og:url\" content=\"http:\/\/esponsorama.ad\/es\/equipo-avintia-esponsorama-racing-debut-motoe\/\" \/>\n<meta property=\"og:site_name\" content=\"Esponsorama\" \/>\n<meta property=\"article:published_time\" content=\"2019-07-05T18:04:24+00:00\" \/>\n<meta property=\"article:modified_time\" content=\"2019-07-05T18:13:05+00:00\" \/>\n<meta property=\"og:image\" content=\"http:\/\/esponsorama.ad\/wp-content\/uploads\/2019\/07\/53A4208-1024x683.jpg\" \/>\n\t<meta property=\"og:image:width\" content=\"1024\" \/>\n\t<meta property=\"og:image:height\" content=\"683\" \/>\n\t<meta property=\"og:image:type\" content=\"image\/jpeg\" \/>\n<meta name=\"author\" content=\"Xavi Andornet\" \/>\n<meta name=\"twitter:card\" content=\"summary_large_image\" \/>\n<meta name=\"twitter:label1\" content=\"Escrito por\" \/>\n\t<meta name=\"twitter:data1\" content=\"Xavi Andornet\" \/>\n\t<meta name=\"twitter:label2\" content=\"Tiempo de lectura\" \/>\n\t<meta name=\"twitter:data2\" content=\"2 minutos\" \/>\n<script type=\"application\/ld+json\" class=\"yoast-schema-graph\">{\"@context\":\"https:\/\/schema.org\",\"@graph\":[{\"@type\":\"Article\",\"@id\":\"http:\/\/esponsorama.ad\/es\/equipo-avintia-esponsorama-racing-debut-motoe\/#article\",\"isPartOf\":{\"@id\":\"http:\/\/esponsorama.ad\/es\/equipo-avintia-esponsorama-racing-debut-motoe\/\"},\"author\":{\"name\":\"Xavi Andornet\",\"@id\":\"http:\/\/esponsorama.ad\/es\/#\/schema\/person\/a5cde74945183d737066e46b61c6f9c4\"},\"headline\":\"El equipo Avintia Esponsorama Racing hace su debut en MotoE\",\"datePublished\":\"2019-07-05T18:04:24+00:00\",\"dateModified\":\"2019-07-05T18:13:05+00:00\",\"mainEntityOfPage\":{\"@id\":\"http:\/\/esponsorama.ad\/es\/equipo-avintia-esponsorama-racing-debut-motoe\/\"},\"wordCount\":319,\"image\":{\"@id\":\"http:\/\/esponsorama.ad\/es\/equipo-avintia-esponsorama-racing-debut-motoe\/#primaryimage\"},\"thumbnailUrl\":\"http:\/\/esponsorama.ad\/wp-content\/uploads\/2019\/07\/53A4208.jpg\",\"articleSection\":[\"MotoE\"],\"inLanguage\":\"es\"},{\"@type\":\"WebPage\",\"@id\":\"http:\/\/esponsorama.ad\/es\/equipo-avintia-esponsorama-racing-debut-motoe\/\",\"url\":\"http:\/\/esponsorama.ad\/es\/equipo-avintia-esponsorama-racing-debut-motoe\/\",\"name\":\"El equipo Avintia Esponsorama Racing hace su debut en MotoE - Esponsorama\",\"isPartOf\":{\"@id\":\"http:\/\/esponsorama.ad\/es\/#website\"},\"primaryImageOfPage\":{\"@id\":\"http:\/\/esponsorama.ad\/es\/equipo-avintia-esponsorama-racing-debut-motoe\/#primaryimage\"},\"image\":{\"@id\":\"http:\/\/esponsorama.ad\/es\/equipo-avintia-esponsorama-racing-debut-motoe\/#primaryimage\"},\"thumbnailUrl\":\"http:\/\/esponsorama.ad\/wp-content\/uploads\/2019\/07\/53A4208.jpg\",\"datePublished\":\"2019-07-05T18:04:24+00:00\",\"dateModified\":\"2019-07-05T18:13:05+00:00\",\"author\":{\"@id\":\"http:\/\/esponsorama.ad\/es\/#\/schema\/person\/a5cde74945183d737066e46b61c6f9c4\"},\"breadcrumb\":{\"@id\":\"http:\/\/esponsorama.ad\/es\/equipo-avintia-esponsorama-racing-debut-motoe\/#breadcrumb\"},\"inLanguage\":\"es\",\"potentialAction\":[{\"@type\":\"ReadAction\",\"target\":[\"http:\/\/esponsorama.ad\/es\/equipo-avintia-esponsorama-racing-debut-motoe\/\"]}]},{\"@type\":\"ImageObject\",\"inLanguage\":\"es\",\"@id\":\"http:\/\/esponsorama.ad\/es\/equipo-avintia-esponsorama-racing-debut-motoe\/#primaryimage\",\"url\":\"http:\/\/esponsorama.ad\/wp-content\/uploads\/2019\/07\/53A4208.jpg\",\"contentUrl\":\"http:\/\/esponsorama.ad\/wp-content\/uploads\/2019\/07\/53A4208.jpg\",\"width\":5472,\"height\":3648},{\"@type\":\"BreadcrumbList\",\"@id\":\"http:\/\/esponsorama.ad\/es\/equipo-avintia-esponsorama-racing-debut-motoe\/#breadcrumb\",\"itemListElement\":[{\"@type\":\"ListItem\",\"position\":1,\"name\":\"Home\",\"item\":\"http:\/\/esponsorama.ad\/ca\/\"},{\"@type\":\"ListItem\",\"position\":2,\"name\":\"El equipo Avintia Esponsorama Racing hace su debut en MotoE\"}]},{\"@type\":\"WebSite\",\"@id\":\"http:\/\/esponsorama.ad\/es\/#website\",\"url\":\"http:\/\/esponsorama.ad\/es\/\",\"name\":\"Esponsorama\",\"description\":\"Specialist in motorsport sponsorship and event promotions\",\"potentialAction\":[{\"@type\":\"SearchAction\",\"target\":{\"@type\":\"EntryPoint\",\"urlTemplate\":\"http:\/\/esponsorama.ad\/es\/?s={search_term_string}\"},\"query-input\":{\"@type\":\"PropertyValueSpecification\",\"valueRequired\":true,\"valueName\":\"search_term_string\"}}],\"inLanguage\":\"es\"},{\"@type\":\"Person\",\"@id\":\"http:\/\/esponsorama.ad\/es\/#\/schema\/person\/a5cde74945183d737066e46b61c6f9c4\",\"name\":\"Xavi Andornet\",\"image\":{\"@type\":\"ImageObject\",\"inLanguage\":\"es\",\"@id\":\"http:\/\/esponsorama.ad\/es\/#\/schema\/person\/image\/\",\"url\":\"https:\/\/secure.gravatar.com\/avatar\/f10eaf9ad601244a2357c9fd7cd9805ed166cfaaf76d5d9ab08a9d873e70147a?s=96&d=mm&r=g\",\"contentUrl\":\"https:\/\/secure.gravatar.com\/avatar\/f10eaf9ad601244a2357c9fd7cd9805ed166cfaaf76d5d9ab08a9d873e70147a?s=96&d=mm&r=g\",\"caption\":\"Xavi Andornet\"},\"sameAs\":[\"http:\/\/www.andornet.ad\"],\"url\":\"http:\/\/esponsorama.ad\/es\/author\/andornet\/\"}]}<\/script>\n<!-- \/ Yoast SEO plugin. -->","yoast_head_json":{"title":"El equipo Avintia Esponsorama Racing hace su debut en MotoE - Esponsorama","robots":{"index":"index","follow":"follow","max-snippet":"max-snippet:-1","max-image-preview":"max-image-preview:large","max-video-preview":"max-video-preview:-1"},"canonical":"http:\/\/esponsorama.ad\/es\/equipo-avintia-esponsorama-racing-debut-motoe\/","og_locale":"es_ES","og_type":"article","og_title":"El equipo Avintia Esponsorama Racing hace su debut en MotoE - Esponsorama","og_description":"En el primer d\u00eda de la historia de MotoE ambos pilotos del Avintia Esponsorama Racing han conseguido clasificar entre los diez primeros en la combinada de tiempos de los libres 1 y 2. En este primer d\u00eda, los pilotos dispon\u00edan de dos sesiones de entrenamientos libres -una por la ma\u00f1ana y otra por la tarde-\u00a0de [&hellip;]","og_url":"http:\/\/esponsorama.ad\/es\/equipo-avintia-esponsorama-racing-debut-motoe\/","og_site_name":"Esponsorama","article_published_time":"2019-07-05T18:04:24+00:00","article_modified_time":"2019-07-05T18:13:05+00:00","og_image":[{"width":1024,"height":683,"url":"http:\/\/esponsorama.ad\/wp-content\/uploads\/2019\/07\/53A4208-1024x683.jpg","type":"image\/jpeg"}],"author":"Xavi Andornet","twitter_card":"summary_large_image","twitter_misc":{"Escrito por":"Xavi Andornet","Tiempo de lectura":"2 minutos"},"schema":{"@context":"https:\/\/schema.org","@graph":[{"@type":"Article","@id":"http:\/\/esponsorama.ad\/es\/equipo-avintia-esponsorama-racing-debut-motoe\/#article","isPartOf":{"@id":"http:\/\/esponsorama.ad\/es\/equipo-avintia-esponsorama-racing-debut-motoe\/"},"author":{"name":"Xavi Andornet","@id":"http:\/\/esponsorama.ad\/es\/#\/schema\/person\/a5cde74945183d737066e46b61c6f9c4"},"headline":"El equipo Avintia Esponsorama Racing hace su debut en MotoE","datePublished":"2019-07-05T18:04:24+00:00","dateModified":"2019-07-05T18:13:05+00:00","mainEntityOfPage":{"@id":"http:\/\/esponsorama.ad\/es\/equipo-avintia-esponsorama-racing-debut-motoe\/"},"wordCount":319,"image":{"@id":"http:\/\/esponsorama.ad\/es\/equipo-avintia-esponsorama-racing-debut-motoe\/#primaryimage"},"thumbnailUrl":"http:\/\/esponsorama.ad\/wp-content\/uploads\/2019\/07\/53A4208.jpg","articleSection":["MotoE"],"inLanguage":"es"},{"@type":"WebPage","@id":"http:\/\/esponsorama.ad\/es\/equipo-avintia-esponsorama-racing-debut-motoe\/","url":"http:\/\/esponsorama.ad\/es\/equipo-avintia-esponsorama-racing-debut-motoe\/","name":"El equipo Avintia Esponsorama Racing hace su debut en MotoE - Esponsorama","isPartOf":{"@id":"http:\/\/esponsorama.ad\/es\/#website"},"primaryImageOfPage":{"@id":"http:\/\/esponsorama.ad\/es\/equipo-avintia-esponsorama-racing-debut-motoe\/#primaryimage"},"image":{"@id":"http:\/\/esponsorama.ad\/es\/equipo-avintia-esponsorama-racing-debut-motoe\/#primaryimage"},"thumbnailUrl":"http:\/\/esponsorama.ad\/wp-content\/uploads\/2019\/07\/53A4208.jpg","datePublished":"2019-07-05T18:04:24+00:00","dateModified":"2019-07-05T18:13:05+00:00","author":{"@id":"http:\/\/esponsorama.ad\/es\/#\/schema\/person\/a5cde74945183d737066e46b61c6f9c4"},"breadcrumb":{"@id":"http:\/\/esponsorama.ad\/es\/equipo-avintia-esponsorama-racing-debut-motoe\/#breadcrumb"},"inLanguage":"es","potentialAction":[{"@type":"ReadAction","target":["http:\/\/esponsorama.ad\/es\/equipo-avintia-esponsorama-racing-debut-motoe\/"]}]},{"@type":"ImageObject","inLanguage":"es","@id":"http:\/\/esponsorama.ad\/es\/equipo-avintia-esponsorama-racing-debut-motoe\/#primaryimage","url":"http:\/\/esponsorama.ad\/wp-content\/uploads\/2019\/07\/53A4208.jpg","contentUrl":"http:\/\/esponsorama.ad\/wp-content\/uploads\/2019\/07\/53A4208.jpg","width":5472,"height":3648},{"@type":"BreadcrumbList","@id":"http:\/\/esponsorama.ad\/es\/equipo-avintia-esponsorama-racing-debut-motoe\/#breadcrumb","itemListElement":[{"@type":"ListItem","position":1,"name":"Home","item":"http:\/\/esponsorama.ad\/ca\/"},{"@type":"ListItem","position":2,"name":"El equipo Avintia Esponsorama Racing hace su debut en MotoE"}]},{"@type":"WebSite","@id":"http:\/\/esponsorama.ad\/es\/#website","url":"http:\/\/esponsorama.ad\/es\/","name":"Esponsorama","description":"Specialist in motorsport sponsorship and event promotions","potentialAction":[{"@type":"SearchAction","target":{"@type":"EntryPoint","urlTemplate":"http:\/\/esponsorama.ad\/es\/?s={search_term_string}"},"query-input":{"@type":"PropertyValueSpecification","valueRequired":true,"valueName":"search_term_string"}}],"inLanguage":"es"},{"@type":"Person","@id":"http:\/\/esponsorama.ad\/es\/#\/schema\/person\/a5cde74945183d737066e46b61c6f9c4","name":"Xavi Andornet","image":{"@type":"ImageObject","inLanguage":"es","@id":"http:\/\/esponsorama.ad\/es\/#\/schema\/person\/image\/","url":"https:\/\/secure.gravatar.com\/avatar\/f10eaf9ad601244a2357c9fd7cd9805ed166cfaaf76d5d9ab08a9d873e70147a?s=96&d=mm&r=g","contentUrl":"https:\/\/secure.gravatar.com\/avatar\/f10eaf9ad601244a2357c9fd7cd9805ed166cfaaf76d5d9ab08a9d873e70147a?s=96&d=mm&r=g","caption":"Xavi Andornet"},"sameAs":["http:\/\/www.andornet.ad"],"url":"http:\/\/esponsorama.ad\/es\/author\/andornet\/"}]}},"_links":{"self":[{"href":"http:\/\/esponsorama.ad\/es\/wp-json\/wp\/v2\/posts\/14902","targetHints":{"allow":["GET"]}}],"collection":[{"href":"http:\/\/esponsorama.ad\/es\/wp-json\/wp\/v2\/posts"}],"about":[{"href":"http:\/\/esponsorama.ad\/es\/wp-json\/wp\/v2\/types\/post"}],"author":[{"embeddable":true,"href":"http:\/\/esponsorama.ad\/es\/wp-json\/wp\/v2\/users\/6"}],"replies":[{"embeddable":true,"href":"http:\/\/esponsorama.ad\/es\/wp-json\/wp\/v2\/comments?post=14902"}],"version-history":[{"count":0,"href":"http:\/\/esponsorama.ad\/es\/wp-json\/wp\/v2\/posts\/14902\/revisions"}],"wp:featuredmedia":[{"embeddable":true,"href":"http:\/\/esponsorama.ad\/es\/wp-json\/wp\/v2\/media\/14905"}],"wp:attachment":[{"href":"http:\/\/esponsorama.ad\/es\/wp-json\/wp\/v2\/media?parent=14902"}],"wp:term":[{"taxonomy":"category","embeddable":true,"href":"http:\/\/esponsorama.ad\/es\/wp-json\/wp\/v2\/categories?post=14902"},{"taxonomy":"post_tag","embeddable":true,"href":"http:\/\/esponsorama.ad\/es\/wp-json\/wp\/v2\/tags?post=14902"}],"curies":[{"name":"wp","href":"https:\/\/api.w.org\/{rel}","templated":true}]}}