{"id":14912,"date":"2019-07-07T17:03:29","date_gmt":"2019-07-07T15:03:29","guid":{"rendered":"http:\/\/esponsorama.ad\/?p=14912"},"modified":"2019-07-07T18:02:04","modified_gmt":"2019-07-07T16:02:04","slug":"stefano-nepa-cierra-positivo-fin-semana-aprendizaje-alemania","status":"publish","type":"post","link":"http:\/\/esponsorama.ad\/es\/stefano-nepa-cierra-positivo-fin-semana-aprendizaje-alemania\/","title":{"rendered":"Stefano Nepa cierra un positivo fin de semana de aprendizaje en Alemania"},"content":{"rendered":"<p>Stefano Nepa sal\u00eda en parrilla desde la s\u00e9ptima fila en 26\u00ba posici\u00f3n. El piloto italiano complet\u00f3 su segunda carrera mundialista con el Reale Avintia Arizona 77 en un nuevo fin de semana de adaptaci\u00f3n a su KTM.<\/p>\n<p>El final de carrera iba a ser una inc\u00f3gnita porque se sab\u00eda que los neum\u00e1ticos iban a llegar muy desgastados y habr\u00eda que gestionar su consumo a lo largo de la carrera. Al tratarse de un circuito lento, estrecho y con rectas muy cortas, no influyeron los rebufos como en otras ocasiones y no lleg\u00f3 a formarse un gran grupo una vez subi\u00f3 el ritmo en la segunda mitad de carrera<\/p>\n<p>Stefano Nepa fue remontando posiciones gracias a los accidentes que se iban sucediendo por delante hasta llegar a la 18\u00ba posici\u00f3n, a las puertas de las posiciones de puntos. La pr\u00f3xima prueba ser\u00e1 en el circuito de Brno los d\u00edas 2, 3 y 4 de agosto, justo tras el par\u00f3n veraniego.<\/p>\n\n<p>\u201cHa sido un fin de semana muy positivo. Nos hemos acercado mucho en cuanto a los tiempos y hemos reducido el tiempo con los pilotos de cabeza. Nos ha faltado un poco de ritmo en carrera porque no consigo girar en el ritmo de los primeros, pero en la pr\u00f3xima carrera seguiremos trabajando para acercarnos aun m\u00e1s y permanecer con los cabeceros durante toda la carrera\u201d.<\/p>\n","protected":false},"excerpt":{"rendered":"<p>Stefano Nepa sal\u00eda en parrilla desde la s\u00e9ptima fila en 26\u00ba posici\u00f3n. El piloto italiano complet\u00f3 su segunda carrera mundialista con el Reale Avintia Arizona 77 en un nuevo fin de semana de adaptaci\u00f3n a su KTM. El final de carrera iba a ser una inc\u00f3gnita porque se sab\u00eda que los neum\u00e1ticos iban a llegar [&hellip;]<\/p>\n","protected":false},"author":6,"featured_media":14919,"comment_status":"closed","ping_status":"closed","sticky":false,"template":"","format":"standard","meta":{"footnotes":""},"categories":[12],"tags":[27,56],"class_list":["post-14912","post","type-post","status-publish","format-standard","has-post-thumbnail","hentry","category-moto3","tag-moto3","tag-sachsenring"],"yoast_head":"<!-- This site is optimized with the Yoast SEO plugin v27.1.1 - https:\/\/yoast.com\/product\/yoast-seo-wordpress\/ -->\n<title>Stefano Nepa cierra un positivo fin de semana de aprendizaje en Alemania - Esponsorama<\/title>\n<meta name=\"robots\" content=\"index, follow, max-snippet:-1, max-image-preview:large, max-video-preview:-1\" \/>\n<link rel=\"canonical\" href=\"http:\/\/esponsorama.ad\/es\/stefano-nepa-cierra-positivo-fin-semana-aprendizaje-alemania\/\" \/>\n<meta property=\"og:locale\" content=\"es_ES\" \/>\n<meta property=\"og:type\" content=\"article\" \/>\n<meta property=\"og:title\" content=\"Stefano Nepa cierra un positivo fin de semana de aprendizaje en Alemania - Esponsorama\" \/>\n<meta property=\"og:description\" content=\"Stefano Nepa sal\u00eda en parrilla desde la s\u00e9ptima fila en 26\u00ba posici\u00f3n. El piloto italiano complet\u00f3 su segunda carrera mundialista con el Reale Avintia Arizona 77 en un nuevo fin de semana de adaptaci\u00f3n a su KTM. El final de carrera iba a ser una inc\u00f3gnita porque se sab\u00eda que los neum\u00e1ticos iban a llegar [&hellip;]\" \/>\n<meta property=\"og:url\" content=\"http:\/\/esponsorama.ad\/es\/stefano-nepa-cierra-positivo-fin-semana-aprendizaje-alemania\/\" \/>\n<meta property=\"og:site_name\" content=\"Esponsorama\" \/>\n<meta property=\"article:published_time\" content=\"2019-07-07T15:03:29+00:00\" \/>\n<meta property=\"article:modified_time\" content=\"2019-07-07T16:02:04+00:00\" \/>\n<meta property=\"og:image\" content=\"http:\/\/esponsorama.ad\/wp-content\/uploads\/2019\/07\/09Alemania19M3Esponsorama_JOC4066-1-1-1024x683.jpg\" \/>\n\t<meta property=\"og:image:width\" content=\"1024\" \/>\n\t<meta property=\"og:image:height\" content=\"683\" \/>\n\t<meta property=\"og:image:type\" content=\"image\/jpeg\" \/>\n<meta name=\"author\" content=\"Xavi Andornet\" \/>\n<meta name=\"twitter:card\" content=\"summary_large_image\" \/>\n<meta name=\"twitter:label1\" content=\"Escrito por\" \/>\n\t<meta name=\"twitter:data1\" content=\"Xavi Andornet\" \/>\n\t<meta name=\"twitter:label2\" content=\"Tiempo de lectura\" \/>\n\t<meta name=\"twitter:data2\" content=\"1 minuto\" \/>\n<script type=\"application\/ld+json\" class=\"yoast-schema-graph\">{\"@context\":\"https:\/\/schema.org\",\"@graph\":[{\"@type\":\"Article\",\"@id\":\"http:\/\/esponsorama.ad\/es\/stefano-nepa-cierra-positivo-fin-semana-aprendizaje-alemania\/#article\",\"isPartOf\":{\"@id\":\"http:\/\/esponsorama.ad\/es\/stefano-nepa-cierra-positivo-fin-semana-aprendizaje-alemania\/\"},\"author\":{\"name\":\"Xavi Andornet\",\"@id\":\"http:\/\/esponsorama.ad\/es\/#\/schema\/person\/a5cde74945183d737066e46b61c6f9c4\"},\"headline\":\"Stefano Nepa cierra un positivo fin de semana de aprendizaje en Alemania\",\"datePublished\":\"2019-07-07T15:03:29+00:00\",\"dateModified\":\"2019-07-07T16:02:04+00:00\",\"mainEntityOfPage\":{\"@id\":\"http:\/\/esponsorama.ad\/es\/stefano-nepa-cierra-positivo-fin-semana-aprendizaje-alemania\/\"},\"wordCount\":248,\"image\":{\"@id\":\"http:\/\/esponsorama.ad\/es\/stefano-nepa-cierra-positivo-fin-semana-aprendizaje-alemania\/#primaryimage\"},\"thumbnailUrl\":\"http:\/\/esponsorama.ad\/wp-content\/uploads\/2019\/07\/09Alemania19M3Esponsorama_JOC4066-1-1.jpg\",\"keywords\":[\"moto3\",\"sachsenring\"],\"articleSection\":[\"Moto3\"],\"inLanguage\":\"es\"},{\"@type\":\"WebPage\",\"@id\":\"http:\/\/esponsorama.ad\/es\/stefano-nepa-cierra-positivo-fin-semana-aprendizaje-alemania\/\",\"url\":\"http:\/\/esponsorama.ad\/es\/stefano-nepa-cierra-positivo-fin-semana-aprendizaje-alemania\/\",\"name\":\"Stefano Nepa cierra un positivo fin de semana de aprendizaje en Alemania - Esponsorama\",\"isPartOf\":{\"@id\":\"http:\/\/esponsorama.ad\/es\/#website\"},\"primaryImageOfPage\":{\"@id\":\"http:\/\/esponsorama.ad\/es\/stefano-nepa-cierra-positivo-fin-semana-aprendizaje-alemania\/#primaryimage\"},\"image\":{\"@id\":\"http:\/\/esponsorama.ad\/es\/stefano-nepa-cierra-positivo-fin-semana-aprendizaje-alemania\/#primaryimage\"},\"thumbnailUrl\":\"http:\/\/esponsorama.ad\/wp-content\/uploads\/2019\/07\/09Alemania19M3Esponsorama_JOC4066-1-1.jpg\",\"datePublished\":\"2019-07-07T15:03:29+00:00\",\"dateModified\":\"2019-07-07T16:02:04+00:00\",\"author\":{\"@id\":\"http:\/\/esponsorama.ad\/es\/#\/schema\/person\/a5cde74945183d737066e46b61c6f9c4\"},\"breadcrumb\":{\"@id\":\"http:\/\/esponsorama.ad\/es\/stefano-nepa-cierra-positivo-fin-semana-aprendizaje-alemania\/#breadcrumb\"},\"inLanguage\":\"es\",\"potentialAction\":[{\"@type\":\"ReadAction\",\"target\":[\"http:\/\/esponsorama.ad\/es\/stefano-nepa-cierra-positivo-fin-semana-aprendizaje-alemania\/\"]}]},{\"@type\":\"ImageObject\",\"inLanguage\":\"es\",\"@id\":\"http:\/\/esponsorama.ad\/es\/stefano-nepa-cierra-positivo-fin-semana-aprendizaje-alemania\/#primaryimage\",\"url\":\"http:\/\/esponsorama.ad\/wp-content\/uploads\/2019\/07\/09Alemania19M3Esponsorama_JOC4066-1-1.jpg\",\"contentUrl\":\"http:\/\/esponsorama.ad\/wp-content\/uploads\/2019\/07\/09Alemania19M3Esponsorama_JOC4066-1-1.jpg\",\"width\":5472,\"height\":3648,\"caption\":\"09 GP Alemania 4, 5, 6 y 7 de julio de 2019. Circuito de Sachsengring, ALEMANIA Motogp, MGP, Mgp, MotoGP\"},{\"@type\":\"BreadcrumbList\",\"@id\":\"http:\/\/esponsorama.ad\/es\/stefano-nepa-cierra-positivo-fin-semana-aprendizaje-alemania\/#breadcrumb\",\"itemListElement\":[{\"@type\":\"ListItem\",\"position\":1,\"name\":\"Home\",\"item\":\"http:\/\/esponsorama.ad\/es\/\"},{\"@type\":\"ListItem\",\"position\":2,\"name\":\"Stefano Nepa cierra un positivo fin de semana de aprendizaje en Alemania\"}]},{\"@type\":\"WebSite\",\"@id\":\"http:\/\/esponsorama.ad\/es\/#website\",\"url\":\"http:\/\/esponsorama.ad\/es\/\",\"name\":\"Esponsorama\",\"description\":\"Specialist in motorsport sponsorship and event promotions\",\"potentialAction\":[{\"@type\":\"SearchAction\",\"target\":{\"@type\":\"EntryPoint\",\"urlTemplate\":\"http:\/\/esponsorama.ad\/es\/?s={search_term_string}\"},\"query-input\":{\"@type\":\"PropertyValueSpecification\",\"valueRequired\":true,\"valueName\":\"search_term_string\"}}],\"inLanguage\":\"es\"},{\"@type\":\"Person\",\"@id\":\"http:\/\/esponsorama.ad\/es\/#\/schema\/person\/a5cde74945183d737066e46b61c6f9c4\",\"name\":\"Xavi Andornet\",\"image\":{\"@type\":\"ImageObject\",\"inLanguage\":\"es\",\"@id\":\"http:\/\/esponsorama.ad\/es\/#\/schema\/person\/image\/\",\"url\":\"https:\/\/secure.gravatar.com\/avatar\/f10eaf9ad601244a2357c9fd7cd9805ed166cfaaf76d5d9ab08a9d873e70147a?s=96&d=mm&r=g\",\"contentUrl\":\"https:\/\/secure.gravatar.com\/avatar\/f10eaf9ad601244a2357c9fd7cd9805ed166cfaaf76d5d9ab08a9d873e70147a?s=96&d=mm&r=g\",\"caption\":\"Xavi Andornet\"},\"sameAs\":[\"http:\/\/www.andornet.ad\"],\"url\":\"http:\/\/esponsorama.ad\/es\/author\/andornet\/\"}]}<\/script>\n<!-- \/ Yoast SEO plugin. -->","yoast_head_json":{"title":"Stefano Nepa cierra un positivo fin de semana de aprendizaje en Alemania - Esponsorama","robots":{"index":"index","follow":"follow","max-snippet":"max-snippet:-1","max-image-preview":"max-image-preview:large","max-video-preview":"max-video-preview:-1"},"canonical":"http:\/\/esponsorama.ad\/es\/stefano-nepa-cierra-positivo-fin-semana-aprendizaje-alemania\/","og_locale":"es_ES","og_type":"article","og_title":"Stefano Nepa cierra un positivo fin de semana de aprendizaje en Alemania - Esponsorama","og_description":"Stefano Nepa sal\u00eda en parrilla desde la s\u00e9ptima fila en 26\u00ba posici\u00f3n. El piloto italiano complet\u00f3 su segunda carrera mundialista con el Reale Avintia Arizona 77 en un nuevo fin de semana de adaptaci\u00f3n a su KTM. El final de carrera iba a ser una inc\u00f3gnita porque se sab\u00eda que los neum\u00e1ticos iban a llegar [&hellip;]","og_url":"http:\/\/esponsorama.ad\/es\/stefano-nepa-cierra-positivo-fin-semana-aprendizaje-alemania\/","og_site_name":"Esponsorama","article_published_time":"2019-07-07T15:03:29+00:00","article_modified_time":"2019-07-07T16:02:04+00:00","og_image":[{"width":1024,"height":683,"url":"http:\/\/esponsorama.ad\/wp-content\/uploads\/2019\/07\/09Alemania19M3Esponsorama_JOC4066-1-1-1024x683.jpg","type":"image\/jpeg"}],"author":"Xavi Andornet","twitter_card":"summary_large_image","twitter_misc":{"Escrito por":"Xavi Andornet","Tiempo de lectura":"1 minuto"},"schema":{"@context":"https:\/\/schema.org","@graph":[{"@type":"Article","@id":"http:\/\/esponsorama.ad\/es\/stefano-nepa-cierra-positivo-fin-semana-aprendizaje-alemania\/#article","isPartOf":{"@id":"http:\/\/esponsorama.ad\/es\/stefano-nepa-cierra-positivo-fin-semana-aprendizaje-alemania\/"},"author":{"name":"Xavi Andornet","@id":"http:\/\/esponsorama.ad\/es\/#\/schema\/person\/a5cde74945183d737066e46b61c6f9c4"},"headline":"Stefano Nepa cierra un positivo fin de semana de aprendizaje en Alemania","datePublished":"2019-07-07T15:03:29+00:00","dateModified":"2019-07-07T16:02:04+00:00","mainEntityOfPage":{"@id":"http:\/\/esponsorama.ad\/es\/stefano-nepa-cierra-positivo-fin-semana-aprendizaje-alemania\/"},"wordCount":248,"image":{"@id":"http:\/\/esponsorama.ad\/es\/stefano-nepa-cierra-positivo-fin-semana-aprendizaje-alemania\/#primaryimage"},"thumbnailUrl":"http:\/\/esponsorama.ad\/wp-content\/uploads\/2019\/07\/09Alemania19M3Esponsorama_JOC4066-1-1.jpg","keywords":["moto3","sachsenring"],"articleSection":["Moto3"],"inLanguage":"es"},{"@type":"WebPage","@id":"http:\/\/esponsorama.ad\/es\/stefano-nepa-cierra-positivo-fin-semana-aprendizaje-alemania\/","url":"http:\/\/esponsorama.ad\/es\/stefano-nepa-cierra-positivo-fin-semana-aprendizaje-alemania\/","name":"Stefano Nepa cierra un positivo fin de semana de aprendizaje en Alemania - Esponsorama","isPartOf":{"@id":"http:\/\/esponsorama.ad\/es\/#website"},"primaryImageOfPage":{"@id":"http:\/\/esponsorama.ad\/es\/stefano-nepa-cierra-positivo-fin-semana-aprendizaje-alemania\/#primaryimage"},"image":{"@id":"http:\/\/esponsorama.ad\/es\/stefano-nepa-cierra-positivo-fin-semana-aprendizaje-alemania\/#primaryimage"},"thumbnailUrl":"http:\/\/esponsorama.ad\/wp-content\/uploads\/2019\/07\/09Alemania19M3Esponsorama_JOC4066-1-1.jpg","datePublished":"2019-07-07T15:03:29+00:00","dateModified":"2019-07-07T16:02:04+00:00","author":{"@id":"http:\/\/esponsorama.ad\/es\/#\/schema\/person\/a5cde74945183d737066e46b61c6f9c4"},"breadcrumb":{"@id":"http:\/\/esponsorama.ad\/es\/stefano-nepa-cierra-positivo-fin-semana-aprendizaje-alemania\/#breadcrumb"},"inLanguage":"es","potentialAction":[{"@type":"ReadAction","target":["http:\/\/esponsorama.ad\/es\/stefano-nepa-cierra-positivo-fin-semana-aprendizaje-alemania\/"]}]},{"@type":"ImageObject","inLanguage":"es","@id":"http:\/\/esponsorama.ad\/es\/stefano-nepa-cierra-positivo-fin-semana-aprendizaje-alemania\/#primaryimage","url":"http:\/\/esponsorama.ad\/wp-content\/uploads\/2019\/07\/09Alemania19M3Esponsorama_JOC4066-1-1.jpg","contentUrl":"http:\/\/esponsorama.ad\/wp-content\/uploads\/2019\/07\/09Alemania19M3Esponsorama_JOC4066-1-1.jpg","width":5472,"height":3648,"caption":"09 GP Alemania 4, 5, 6 y 7 de julio de 2019. Circuito de Sachsengring, ALEMANIA Motogp, MGP, Mgp, MotoGP"},{"@type":"BreadcrumbList","@id":"http:\/\/esponsorama.ad\/es\/stefano-nepa-cierra-positivo-fin-semana-aprendizaje-alemania\/#breadcrumb","itemListElement":[{"@type":"ListItem","position":1,"name":"Home","item":"http:\/\/esponsorama.ad\/es\/"},{"@type":"ListItem","position":2,"name":"Stefano Nepa cierra un positivo fin de semana de aprendizaje en Alemania"}]},{"@type":"WebSite","@id":"http:\/\/esponsorama.ad\/es\/#website","url":"http:\/\/esponsorama.ad\/es\/","name":"Esponsorama","description":"Specialist in motorsport sponsorship and event promotions","potentialAction":[{"@type":"SearchAction","target":{"@type":"EntryPoint","urlTemplate":"http:\/\/esponsorama.ad\/es\/?s={search_term_string}"},"query-input":{"@type":"PropertyValueSpecification","valueRequired":true,"valueName":"search_term_string"}}],"inLanguage":"es"},{"@type":"Person","@id":"http:\/\/esponsorama.ad\/es\/#\/schema\/person\/a5cde74945183d737066e46b61c6f9c4","name":"Xavi Andornet","image":{"@type":"ImageObject","inLanguage":"es","@id":"http:\/\/esponsorama.ad\/es\/#\/schema\/person\/image\/","url":"https:\/\/secure.gravatar.com\/avatar\/f10eaf9ad601244a2357c9fd7cd9805ed166cfaaf76d5d9ab08a9d873e70147a?s=96&d=mm&r=g","contentUrl":"https:\/\/secure.gravatar.com\/avatar\/f10eaf9ad601244a2357c9fd7cd9805ed166cfaaf76d5d9ab08a9d873e70147a?s=96&d=mm&r=g","caption":"Xavi Andornet"},"sameAs":["http:\/\/www.andornet.ad"],"url":"http:\/\/esponsorama.ad\/es\/author\/andornet\/"}]}},"_links":{"self":[{"href":"http:\/\/esponsorama.ad\/es\/wp-json\/wp\/v2\/posts\/14912","targetHints":{"allow":["GET"]}}],"collection":[{"href":"http:\/\/esponsorama.ad\/es\/wp-json\/wp\/v2\/posts"}],"about":[{"href":"http:\/\/esponsorama.ad\/es\/wp-json\/wp\/v2\/types\/post"}],"author":[{"embeddable":true,"href":"http:\/\/esponsorama.ad\/es\/wp-json\/wp\/v2\/users\/6"}],"replies":[{"embeddable":true,"href":"http:\/\/esponsorama.ad\/es\/wp-json\/wp\/v2\/comments?post=14912"}],"version-history":[{"count":0,"href":"http:\/\/esponsorama.ad\/es\/wp-json\/wp\/v2\/posts\/14912\/revisions"}],"wp:featuredmedia":[{"embeddable":true,"href":"http:\/\/esponsorama.ad\/es\/wp-json\/wp\/v2\/media\/14919"}],"wp:attachment":[{"href":"http:\/\/esponsorama.ad\/es\/wp-json\/wp\/v2\/media?parent=14912"}],"wp:term":[{"taxonomy":"category","embeddable":true,"href":"http:\/\/esponsorama.ad\/es\/wp-json\/wp\/v2\/categories?post=14912"},{"taxonomy":"post_tag","embeddable":true,"href":"http:\/\/esponsorama.ad\/es\/wp-json\/wp\/v2\/tags?post=14912"}],"curies":[{"name":"wp","href":"https:\/\/api.w.org\/{rel}","templated":true}]}}