{"id":14914,"date":"2019-07-07T19:25:45","date_gmt":"2019-07-07T17:25:45","guid":{"rendered":"http:\/\/esponsorama.ad\/?p=14914"},"modified":"2019-07-07T19:49:04","modified_gmt":"2019-07-07T17:49:04","slug":"los-pilotos-del-avintia-esponsorama-team-concluyen-la-primera-carrera-motoe-top10","status":"publish","type":"post","link":"http:\/\/esponsorama.ad\/es\/los-pilotos-del-avintia-esponsorama-team-concluyen-la-primera-carrera-motoe-top10\/","title":{"rendered":"Los pilotos del Avintia Esponsorama Team concluyen la primera carrera de MotoE en el Top10"},"content":{"rendered":"<p>El Campeonato de\u00a0MotoE ya es una realidad y los pilotos del Avintia Esponsorama Team han conseguido finalizar dentro de los diez primeros clasificados. Eric Granado, que sal\u00eda desde la primera l\u00ednea de parrilla, sufri\u00f3 un incidente en la primera curva que le llev\u00f3 al fondo de la clasificaci\u00f3n. A partir de ah\u00ed, su carrera consisti\u00f3 en ir remontando posiciones hasta una meritoria octava plaza. En esa misma primera curva cometer\u00eda un error un par de vueltas despu\u00e9s Xavier Simeon perdiendo algunas plazas cuando se encontraba en puestos de cabeza y perdiendo, consecuentemente, contacto con el grupo delantero. A dos vueltas para el final, la moto de Lorenzo Savadori romp\u00eda una de las protecciones de las escapatorias tras una ca\u00edda cuando era adelantado por Granado y direcci\u00f3n de carrera se ve\u00eda obligaba sacar la bandera roja, neutralizando la carrera y d\u00e1ndola ya por concluida.<\/p>\n\n<p>\u201cHa sido una carrera muy divertida pero ha sido una pena no haber acabado en el podio o en el Top5. En cinco vueltas no puedes cometer ning\u00fan fallo, algo que he hecho en la primera curva cuando he perdido tres posiciones. Eso me ha penalizado para estar arriba pero la verdad es que ha sido una carrera muy bonita, espero seguir divirti\u00e9ndome en la siguiente.\u201d<\/p>\n\t\t\t\t\t<div class=\"rider-short\">\n\t\t\t\t<a href=\"http:\/\/esponsorama.ad\/es\/piloto\/eric-granado\/\"><img loading=\"lazy\" decoding=\"async\" width=\"300\" height=\"300\" src=\"http:\/\/esponsorama.ad\/wp-content\/uploads\/2018\/10\/numero-granado-comunicados-2018.png\" class=\"attachment-medium size-medium\" alt=\"\" srcset=\"http:\/\/esponsorama.ad\/wp-content\/uploads\/2018\/10\/numero-granado-comunicados-2018.png 300w, http:\/\/esponsorama.ad\/wp-content\/uploads\/2018\/10\/numero-granado-comunicados-2018-150x150.png 150w\" sizes=\"auto, (max-width: 300px) 100vw, 300px\" \/><\/a><div class=\"info\"><h3><a href=\"http:\/\/esponsorama.ad\/es\/piloto\/eric-granado\/\">Eric Granado<\/a> | P8<\/h3><div class=\"rrss\"><a target=\"_blank\" href=\"https:\/\/www.facebook.com\/PilotoEricGranado\/?ref=br_rs\"><i class=\"fa fa-facebook\"><\/i><\/a><a target=\"_blank\" href=\"https:\/\/twitter.com\/ericgranado\"><i class=\"fa fa-twitter\"><\/i><\/a><a target=\"_blank\" href=\"https:\/\/www.instagram.com\/ericgranado\/\"><i class=\"fa fa-instagram\"><\/i><\/a><\/div><\/div>\t\t\t\t\t<\/div>\n\t\t\t\t\n<p>\u201cHa sido una pena tener el contacto con otro piloto en la primera curva porque se me ha movido la maneta del freno y la he tenido que colocar en su sitio. He intentado remontar lo m\u00e1s r\u00e1pido posible, la moto iba muy bien y me he sentido muy c\u00f3modo y he podido pasar a todos los que ten\u00eda delante hasta llegar a la octava posici\u00f3n. Me voy con un sabor agridulce de Sachsenring porque sab\u00eda que ten\u00eda opciones de luchar por el podio o la victoria. La parte positiva es que somos r\u00e1pidos y competitivos y estamos listos para dar guerra en Austria.\u201d<\/p>\n","protected":false},"excerpt":{"rendered":"<p>El Campeonato de\u00a0MotoE ya es una realidad y los pilotos del Avintia Esponsorama Team han conseguido finalizar dentro de los diez primeros clasificados. Eric Granado, que sal\u00eda desde la primera l\u00ednea de parrilla, sufri\u00f3 un incidente en la primera curva que le llev\u00f3 al fondo de la clasificaci\u00f3n. A partir de ah\u00ed, su carrera consisti\u00f3 [&hellip;]<\/p>\n","protected":false},"author":6,"featured_media":14942,"comment_status":"closed","ping_status":"closed","sticky":false,"template":"","format":"standard","meta":{"footnotes":""},"categories":[21],"tags":[],"class_list":["post-14914","post","type-post","status-publish","format-standard","has-post-thumbnail","hentry","category-motoe"],"yoast_head":"<!-- This site is optimized with the Yoast SEO plugin v27.1.1 - https:\/\/yoast.com\/product\/yoast-seo-wordpress\/ -->\n<title>Los pilotos del Avintia Esponsorama Team concluyen la primera carrera de MotoE en el Top10 - Esponsorama<\/title>\n<meta name=\"robots\" content=\"index, follow, max-snippet:-1, max-image-preview:large, max-video-preview:-1\" \/>\n<link rel=\"canonical\" href=\"http:\/\/esponsorama.ad\/es\/los-pilotos-del-avintia-esponsorama-team-concluyen-la-primera-carrera-motoe-top10\/\" \/>\n<meta property=\"og:locale\" content=\"es_ES\" \/>\n<meta property=\"og:type\" content=\"article\" \/>\n<meta property=\"og:title\" content=\"Los pilotos del Avintia Esponsorama Team concluyen la primera carrera de MotoE en el Top10 - Esponsorama\" \/>\n<meta property=\"og:description\" content=\"El Campeonato de\u00a0MotoE ya es una realidad y los pilotos del Avintia Esponsorama Team han conseguido finalizar dentro de los diez primeros clasificados. Eric Granado, que sal\u00eda desde la primera l\u00ednea de parrilla, sufri\u00f3 un incidente en la primera curva que le llev\u00f3 al fondo de la clasificaci\u00f3n. A partir de ah\u00ed, su carrera consisti\u00f3 [&hellip;]\" \/>\n<meta property=\"og:url\" content=\"http:\/\/esponsorama.ad\/es\/los-pilotos-del-avintia-esponsorama-team-concluyen-la-primera-carrera-motoe-top10\/\" \/>\n<meta property=\"og:site_name\" content=\"Esponsorama\" \/>\n<meta property=\"article:published_time\" content=\"2019-07-07T17:25:45+00:00\" \/>\n<meta property=\"article:modified_time\" content=\"2019-07-07T17:49:04+00:00\" \/>\n<meta property=\"og:image\" content=\"http:\/\/esponsorama.ad\/wp-content\/uploads\/2019\/07\/09Alemania19ME_Esponsorama_JOC3280-1024x683.jpg\" \/>\n\t<meta property=\"og:image:width\" content=\"1024\" \/>\n\t<meta property=\"og:image:height\" content=\"683\" \/>\n\t<meta property=\"og:image:type\" content=\"image\/jpeg\" \/>\n<meta name=\"author\" content=\"Xavi Andornet\" \/>\n<meta name=\"twitter:card\" content=\"summary_large_image\" \/>\n<meta name=\"twitter:label1\" content=\"Escrito por\" \/>\n\t<meta name=\"twitter:data1\" content=\"Xavi Andornet\" \/>\n\t<meta name=\"twitter:label2\" content=\"Tiempo de lectura\" \/>\n\t<meta name=\"twitter:data2\" content=\"2 minutos\" \/>\n<script type=\"application\/ld+json\" class=\"yoast-schema-graph\">{\"@context\":\"https:\/\/schema.org\",\"@graph\":[{\"@type\":\"Article\",\"@id\":\"http:\/\/esponsorama.ad\/es\/los-pilotos-del-avintia-esponsorama-team-concluyen-la-primera-carrera-motoe-top10\/#article\",\"isPartOf\":{\"@id\":\"http:\/\/esponsorama.ad\/es\/los-pilotos-del-avintia-esponsorama-team-concluyen-la-primera-carrera-motoe-top10\/\"},\"author\":{\"name\":\"Xavi Andornet\",\"@id\":\"http:\/\/esponsorama.ad\/es\/#\/schema\/person\/a5cde74945183d737066e46b61c6f9c4\"},\"headline\":\"Los pilotos del Avintia Esponsorama Team concluyen la primera carrera de MotoE en el Top10\",\"datePublished\":\"2019-07-07T17:25:45+00:00\",\"dateModified\":\"2019-07-07T17:49:04+00:00\",\"mainEntityOfPage\":{\"@id\":\"http:\/\/esponsorama.ad\/es\/los-pilotos-del-avintia-esponsorama-team-concluyen-la-primera-carrera-motoe-top10\/\"},\"wordCount\":355,\"image\":{\"@id\":\"http:\/\/esponsorama.ad\/es\/los-pilotos-del-avintia-esponsorama-team-concluyen-la-primera-carrera-motoe-top10\/#primaryimage\"},\"thumbnailUrl\":\"http:\/\/esponsorama.ad\/wp-content\/uploads\/2019\/07\/09Alemania19ME_Esponsorama_JOC3280.jpg\",\"articleSection\":[\"MotoE\"],\"inLanguage\":\"es\"},{\"@type\":\"WebPage\",\"@id\":\"http:\/\/esponsorama.ad\/es\/los-pilotos-del-avintia-esponsorama-team-concluyen-la-primera-carrera-motoe-top10\/\",\"url\":\"http:\/\/esponsorama.ad\/es\/los-pilotos-del-avintia-esponsorama-team-concluyen-la-primera-carrera-motoe-top10\/\",\"name\":\"Los pilotos del Avintia Esponsorama Team concluyen la primera carrera de MotoE en el Top10 - Esponsorama\",\"isPartOf\":{\"@id\":\"http:\/\/esponsorama.ad\/es\/#website\"},\"primaryImageOfPage\":{\"@id\":\"http:\/\/esponsorama.ad\/es\/los-pilotos-del-avintia-esponsorama-team-concluyen-la-primera-carrera-motoe-top10\/#primaryimage\"},\"image\":{\"@id\":\"http:\/\/esponsorama.ad\/es\/los-pilotos-del-avintia-esponsorama-team-concluyen-la-primera-carrera-motoe-top10\/#primaryimage\"},\"thumbnailUrl\":\"http:\/\/esponsorama.ad\/wp-content\/uploads\/2019\/07\/09Alemania19ME_Esponsorama_JOC3280.jpg\",\"datePublished\":\"2019-07-07T17:25:45+00:00\",\"dateModified\":\"2019-07-07T17:49:04+00:00\",\"author\":{\"@id\":\"http:\/\/esponsorama.ad\/es\/#\/schema\/person\/a5cde74945183d737066e46b61c6f9c4\"},\"breadcrumb\":{\"@id\":\"http:\/\/esponsorama.ad\/es\/los-pilotos-del-avintia-esponsorama-team-concluyen-la-primera-carrera-motoe-top10\/#breadcrumb\"},\"inLanguage\":\"es\",\"potentialAction\":[{\"@type\":\"ReadAction\",\"target\":[\"http:\/\/esponsorama.ad\/es\/los-pilotos-del-avintia-esponsorama-team-concluyen-la-primera-carrera-motoe-top10\/\"]}]},{\"@type\":\"ImageObject\",\"inLanguage\":\"es\",\"@id\":\"http:\/\/esponsorama.ad\/es\/los-pilotos-del-avintia-esponsorama-team-concluyen-la-primera-carrera-motoe-top10\/#primaryimage\",\"url\":\"http:\/\/esponsorama.ad\/wp-content\/uploads\/2019\/07\/09Alemania19ME_Esponsorama_JOC3280.jpg\",\"contentUrl\":\"http:\/\/esponsorama.ad\/wp-content\/uploads\/2019\/07\/09Alemania19ME_Esponsorama_JOC3280.jpg\",\"width\":5472,\"height\":3648,\"caption\":\"09 GP Alemania 4, 5, 6 y 7 de julio de 2019. Circuito de Sachsengring, ALEMANIA Motogp, MGP, Mgp, MotoGP\"},{\"@type\":\"BreadcrumbList\",\"@id\":\"http:\/\/esponsorama.ad\/es\/los-pilotos-del-avintia-esponsorama-team-concluyen-la-primera-carrera-motoe-top10\/#breadcrumb\",\"itemListElement\":[{\"@type\":\"ListItem\",\"position\":1,\"name\":\"Home\",\"item\":\"http:\/\/esponsorama.ad\/en\/\"},{\"@type\":\"ListItem\",\"position\":2,\"name\":\"Los pilotos del Avintia Esponsorama Team concluyen la primera carrera de MotoE en el Top10\"}]},{\"@type\":\"WebSite\",\"@id\":\"http:\/\/esponsorama.ad\/es\/#website\",\"url\":\"http:\/\/esponsorama.ad\/es\/\",\"name\":\"Esponsorama\",\"description\":\"Specialist in motorsport sponsorship and event promotions\",\"potentialAction\":[{\"@type\":\"SearchAction\",\"target\":{\"@type\":\"EntryPoint\",\"urlTemplate\":\"http:\/\/esponsorama.ad\/es\/?s={search_term_string}\"},\"query-input\":{\"@type\":\"PropertyValueSpecification\",\"valueRequired\":true,\"valueName\":\"search_term_string\"}}],\"inLanguage\":\"es\"},{\"@type\":\"Person\",\"@id\":\"http:\/\/esponsorama.ad\/es\/#\/schema\/person\/a5cde74945183d737066e46b61c6f9c4\",\"name\":\"Xavi Andornet\",\"image\":{\"@type\":\"ImageObject\",\"inLanguage\":\"es\",\"@id\":\"http:\/\/esponsorama.ad\/es\/#\/schema\/person\/image\/\",\"url\":\"https:\/\/secure.gravatar.com\/avatar\/f10eaf9ad601244a2357c9fd7cd9805ed166cfaaf76d5d9ab08a9d873e70147a?s=96&d=mm&r=g\",\"contentUrl\":\"https:\/\/secure.gravatar.com\/avatar\/f10eaf9ad601244a2357c9fd7cd9805ed166cfaaf76d5d9ab08a9d873e70147a?s=96&d=mm&r=g\",\"caption\":\"Xavi Andornet\"},\"sameAs\":[\"http:\/\/www.andornet.ad\"],\"url\":\"http:\/\/esponsorama.ad\/es\/author\/andornet\/\"}]}<\/script>\n<!-- \/ Yoast SEO plugin. -->","yoast_head_json":{"title":"Los pilotos del Avintia Esponsorama Team concluyen la primera carrera de MotoE en el Top10 - Esponsorama","robots":{"index":"index","follow":"follow","max-snippet":"max-snippet:-1","max-image-preview":"max-image-preview:large","max-video-preview":"max-video-preview:-1"},"canonical":"http:\/\/esponsorama.ad\/es\/los-pilotos-del-avintia-esponsorama-team-concluyen-la-primera-carrera-motoe-top10\/","og_locale":"es_ES","og_type":"article","og_title":"Los pilotos del Avintia Esponsorama Team concluyen la primera carrera de MotoE en el Top10 - Esponsorama","og_description":"El Campeonato de\u00a0MotoE ya es una realidad y los pilotos del Avintia Esponsorama Team han conseguido finalizar dentro de los diez primeros clasificados. Eric Granado, que sal\u00eda desde la primera l\u00ednea de parrilla, sufri\u00f3 un incidente en la primera curva que le llev\u00f3 al fondo de la clasificaci\u00f3n. A partir de ah\u00ed, su carrera consisti\u00f3 [&hellip;]","og_url":"http:\/\/esponsorama.ad\/es\/los-pilotos-del-avintia-esponsorama-team-concluyen-la-primera-carrera-motoe-top10\/","og_site_name":"Esponsorama","article_published_time":"2019-07-07T17:25:45+00:00","article_modified_time":"2019-07-07T17:49:04+00:00","og_image":[{"width":1024,"height":683,"url":"http:\/\/esponsorama.ad\/wp-content\/uploads\/2019\/07\/09Alemania19ME_Esponsorama_JOC3280-1024x683.jpg","type":"image\/jpeg"}],"author":"Xavi Andornet","twitter_card":"summary_large_image","twitter_misc":{"Escrito por":"Xavi Andornet","Tiempo de lectura":"2 minutos"},"schema":{"@context":"https:\/\/schema.org","@graph":[{"@type":"Article","@id":"http:\/\/esponsorama.ad\/es\/los-pilotos-del-avintia-esponsorama-team-concluyen-la-primera-carrera-motoe-top10\/#article","isPartOf":{"@id":"http:\/\/esponsorama.ad\/es\/los-pilotos-del-avintia-esponsorama-team-concluyen-la-primera-carrera-motoe-top10\/"},"author":{"name":"Xavi Andornet","@id":"http:\/\/esponsorama.ad\/es\/#\/schema\/person\/a5cde74945183d737066e46b61c6f9c4"},"headline":"Los pilotos del Avintia Esponsorama Team concluyen la primera carrera de MotoE en el Top10","datePublished":"2019-07-07T17:25:45+00:00","dateModified":"2019-07-07T17:49:04+00:00","mainEntityOfPage":{"@id":"http:\/\/esponsorama.ad\/es\/los-pilotos-del-avintia-esponsorama-team-concluyen-la-primera-carrera-motoe-top10\/"},"wordCount":355,"image":{"@id":"http:\/\/esponsorama.ad\/es\/los-pilotos-del-avintia-esponsorama-team-concluyen-la-primera-carrera-motoe-top10\/#primaryimage"},"thumbnailUrl":"http:\/\/esponsorama.ad\/wp-content\/uploads\/2019\/07\/09Alemania19ME_Esponsorama_JOC3280.jpg","articleSection":["MotoE"],"inLanguage":"es"},{"@type":"WebPage","@id":"http:\/\/esponsorama.ad\/es\/los-pilotos-del-avintia-esponsorama-team-concluyen-la-primera-carrera-motoe-top10\/","url":"http:\/\/esponsorama.ad\/es\/los-pilotos-del-avintia-esponsorama-team-concluyen-la-primera-carrera-motoe-top10\/","name":"Los pilotos del Avintia Esponsorama Team concluyen la primera carrera de MotoE en el Top10 - Esponsorama","isPartOf":{"@id":"http:\/\/esponsorama.ad\/es\/#website"},"primaryImageOfPage":{"@id":"http:\/\/esponsorama.ad\/es\/los-pilotos-del-avintia-esponsorama-team-concluyen-la-primera-carrera-motoe-top10\/#primaryimage"},"image":{"@id":"http:\/\/esponsorama.ad\/es\/los-pilotos-del-avintia-esponsorama-team-concluyen-la-primera-carrera-motoe-top10\/#primaryimage"},"thumbnailUrl":"http:\/\/esponsorama.ad\/wp-content\/uploads\/2019\/07\/09Alemania19ME_Esponsorama_JOC3280.jpg","datePublished":"2019-07-07T17:25:45+00:00","dateModified":"2019-07-07T17:49:04+00:00","author":{"@id":"http:\/\/esponsorama.ad\/es\/#\/schema\/person\/a5cde74945183d737066e46b61c6f9c4"},"breadcrumb":{"@id":"http:\/\/esponsorama.ad\/es\/los-pilotos-del-avintia-esponsorama-team-concluyen-la-primera-carrera-motoe-top10\/#breadcrumb"},"inLanguage":"es","potentialAction":[{"@type":"ReadAction","target":["http:\/\/esponsorama.ad\/es\/los-pilotos-del-avintia-esponsorama-team-concluyen-la-primera-carrera-motoe-top10\/"]}]},{"@type":"ImageObject","inLanguage":"es","@id":"http:\/\/esponsorama.ad\/es\/los-pilotos-del-avintia-esponsorama-team-concluyen-la-primera-carrera-motoe-top10\/#primaryimage","url":"http:\/\/esponsorama.ad\/wp-content\/uploads\/2019\/07\/09Alemania19ME_Esponsorama_JOC3280.jpg","contentUrl":"http:\/\/esponsorama.ad\/wp-content\/uploads\/2019\/07\/09Alemania19ME_Esponsorama_JOC3280.jpg","width":5472,"height":3648,"caption":"09 GP Alemania 4, 5, 6 y 7 de julio de 2019. Circuito de Sachsengring, ALEMANIA Motogp, MGP, Mgp, MotoGP"},{"@type":"BreadcrumbList","@id":"http:\/\/esponsorama.ad\/es\/los-pilotos-del-avintia-esponsorama-team-concluyen-la-primera-carrera-motoe-top10\/#breadcrumb","itemListElement":[{"@type":"ListItem","position":1,"name":"Home","item":"http:\/\/esponsorama.ad\/en\/"},{"@type":"ListItem","position":2,"name":"Los pilotos del Avintia Esponsorama Team concluyen la primera carrera de MotoE en el Top10"}]},{"@type":"WebSite","@id":"http:\/\/esponsorama.ad\/es\/#website","url":"http:\/\/esponsorama.ad\/es\/","name":"Esponsorama","description":"Specialist in motorsport sponsorship and event promotions","potentialAction":[{"@type":"SearchAction","target":{"@type":"EntryPoint","urlTemplate":"http:\/\/esponsorama.ad\/es\/?s={search_term_string}"},"query-input":{"@type":"PropertyValueSpecification","valueRequired":true,"valueName":"search_term_string"}}],"inLanguage":"es"},{"@type":"Person","@id":"http:\/\/esponsorama.ad\/es\/#\/schema\/person\/a5cde74945183d737066e46b61c6f9c4","name":"Xavi Andornet","image":{"@type":"ImageObject","inLanguage":"es","@id":"http:\/\/esponsorama.ad\/es\/#\/schema\/person\/image\/","url":"https:\/\/secure.gravatar.com\/avatar\/f10eaf9ad601244a2357c9fd7cd9805ed166cfaaf76d5d9ab08a9d873e70147a?s=96&d=mm&r=g","contentUrl":"https:\/\/secure.gravatar.com\/avatar\/f10eaf9ad601244a2357c9fd7cd9805ed166cfaaf76d5d9ab08a9d873e70147a?s=96&d=mm&r=g","caption":"Xavi Andornet"},"sameAs":["http:\/\/www.andornet.ad"],"url":"http:\/\/esponsorama.ad\/es\/author\/andornet\/"}]}},"_links":{"self":[{"href":"http:\/\/esponsorama.ad\/es\/wp-json\/wp\/v2\/posts\/14914","targetHints":{"allow":["GET"]}}],"collection":[{"href":"http:\/\/esponsorama.ad\/es\/wp-json\/wp\/v2\/posts"}],"about":[{"href":"http:\/\/esponsorama.ad\/es\/wp-json\/wp\/v2\/types\/post"}],"author":[{"embeddable":true,"href":"http:\/\/esponsorama.ad\/es\/wp-json\/wp\/v2\/users\/6"}],"replies":[{"embeddable":true,"href":"http:\/\/esponsorama.ad\/es\/wp-json\/wp\/v2\/comments?post=14914"}],"version-history":[{"count":0,"href":"http:\/\/esponsorama.ad\/es\/wp-json\/wp\/v2\/posts\/14914\/revisions"}],"wp:featuredmedia":[{"embeddable":true,"href":"http:\/\/esponsorama.ad\/es\/wp-json\/wp\/v2\/media\/14942"}],"wp:attachment":[{"href":"http:\/\/esponsorama.ad\/es\/wp-json\/wp\/v2\/media?parent=14914"}],"wp:term":[{"taxonomy":"category","embeddable":true,"href":"http:\/\/esponsorama.ad\/es\/wp-json\/wp\/v2\/categories?post=14914"},{"taxonomy":"post_tag","embeddable":true,"href":"http:\/\/esponsorama.ad\/es\/wp-json\/wp\/v2\/tags?post=14914"}],"curies":[{"name":"wp","href":"https:\/\/api.w.org\/{rel}","templated":true}]}}