{"id":14961,"date":"2019-07-31T15:51:23","date_gmt":"2019-07-31T13:51:23","guid":{"rendered":"http:\/\/esponsorama.ad\/?p=14961"},"modified":"2019-07-31T16:04:46","modified_gmt":"2019-07-31T14:04:46","slug":"tito-rabat-renueva-dos-temporadas-mas-reale-avintia-racing","status":"publish","type":"post","link":"http:\/\/esponsorama.ad\/es\/tito-rabat-renueva-dos-temporadas-mas-reale-avintia-racing\/","title":{"rendered":"Tito Rabat renueva dos temporadas m\u00e1s con Reale Avintia Racing"},"content":{"rendered":"<p>El equipo Reale Avintia Racing tiene el placer de anunciar el acuerdo alcanzado con Tito Rabat para las temporadas 2020 y 2021. Con este contrato, el ex Campe\u00f3n del Mundo de Moto2 seguir\u00e1 dos a\u00f1os m\u00e1s con el equipo de Ra\u00fal Romero, quien est\u00e1 trabajando duro para conseguir motos con las \u00faltimas especificaciones de f\u00e1brica, as\u00ed como un equipo t\u00e9cnico oficial. Adem\u00e1s, gracias a la buena relaci\u00f3n de Esponsorama con la familia Rabat, el equipo est\u00e1 negociando con un importante patrocinador para completar un ambicioso proyecto, que le permitir\u00e1 luchar grandes resultados en las pr\u00f3ximas temporadas.<\/p>\n<p>Tras sufrir un grave accidente la pasada temporada durante el transcurso del Gran Premio de Gran Breta\u00f1a, Tito Rabat ha protagonizado una primera parte de campeonato complicada, pero en las \u00faltimas carreras, el piloto espa\u00f1ol comenz\u00f3 a recuperar las buenas sensaciones con su moto terminando noveno en Catalunya y muy cerca del \u2018top 10\u2019 en Alemania.<\/p>\n<p>Con este anuncio se pone fin a los rumores que situaban a Rabat en WSBK y tambi\u00e9n se confirma que el equipo propiedad de Esponsorama, seguir\u00e1 en el Campeonato del Mundo de MotoGP con m\u00e1s fuerza que nunca.<\/p>\n\n<p>\u201cEstoy muy contento de renovar dos a\u00f1os m\u00e1s con mi equipo. Pero la mejor noticia es que contaremos con material de f\u00e1brica desde 2020, lo que ser\u00e1 muy importante para poder estar luchando delante en cada carrera. La categor\u00eda de MotoGP cada vez es m\u00e1s competitiva y hace falta contar con lo mejor para conseguir resultados. Agradezco a Ra\u00fal su confianza, porque este a\u00f1o no est\u00e1 siendo f\u00e1cil, pero en las \u00faltimas carreras hemos estado m\u00e1s fuertes y, con la seguridad que me da saber que seguir\u00e9 otras dos temporadas, volver\u00e9 a tope para la segunda mitad de campeonato\u201d.<\/p>\n<p><strong>Ra\u00fal Romero (CEO Esponsorama)<\/strong><\/p>\n<p>\u201cEs un placer anunciar que Tito seguir\u00e1 con nosotros las dos pr\u00f3ximas temporadas. Este a\u00f1o se ha hablado mucho del futuro del equipo y \u00faltimamente tambi\u00e9n del de Tito, pero con este anuncio de renovaci\u00f3n dejamos claro que seguimos adelante y con m\u00e1s fuerza. El equipo no ha parado de crecer desde que lleg\u00f3 a MotoGP y el siguiente paso ser\u00e1 conseguir material de f\u00e1brica como el resto de estructuras independientes que compiten en el campeonato. Eso es en lo que estamos trabajando ahora y tambi\u00e9n en cerrar un sponsor de la talla del proyecto que tenemos preparado para las pr\u00f3ximas temporadas\u201d.<\/p>\n","protected":false},"excerpt":{"rendered":"<p>El equipo Reale Avintia Racing tiene el placer de anunciar el acuerdo alcanzado con Tito Rabat para las temporadas 2020 y 2021. Con este contrato, el ex Campe\u00f3n del Mundo de Moto2 seguir\u00e1 dos a\u00f1os m\u00e1s con el equipo de Ra\u00fal Romero, quien est\u00e1 trabajando duro para conseguir motos con las \u00faltimas especificaciones de f\u00e1brica, [&hellip;]<\/p>\n","protected":false},"author":6,"featured_media":14963,"comment_status":"closed","ping_status":"closed","sticky":false,"template":"","format":"standard","meta":{"footnotes":""},"categories":[3],"tags":[13,15],"class_list":["post-14961","post","type-post","status-publish","format-standard","has-post-thumbnail","hentry","category-motogp","tag-motogp","tag-tito-rabat"],"yoast_head":"<!-- This site is optimized with the Yoast SEO plugin v27.1.1 - https:\/\/yoast.com\/product\/yoast-seo-wordpress\/ -->\n<title>Tito Rabat renueva dos temporadas m\u00e1s con Reale Avintia Racing - Esponsorama<\/title>\n<meta name=\"robots\" content=\"index, follow, max-snippet:-1, max-image-preview:large, max-video-preview:-1\" \/>\n<link rel=\"canonical\" href=\"http:\/\/esponsorama.ad\/es\/tito-rabat-renueva-dos-temporadas-mas-reale-avintia-racing\/\" \/>\n<meta property=\"og:locale\" content=\"es_ES\" \/>\n<meta property=\"og:type\" content=\"article\" \/>\n<meta property=\"og:title\" content=\"Tito Rabat renueva dos temporadas m\u00e1s con Reale Avintia Racing - Esponsorama\" \/>\n<meta property=\"og:description\" content=\"El equipo Reale Avintia Racing tiene el placer de anunciar el acuerdo alcanzado con Tito Rabat para las temporadas 2020 y 2021. Con este contrato, el ex Campe\u00f3n del Mundo de Moto2 seguir\u00e1 dos a\u00f1os m\u00e1s con el equipo de Ra\u00fal Romero, quien est\u00e1 trabajando duro para conseguir motos con las \u00faltimas especificaciones de f\u00e1brica, [&hellip;]\" \/>\n<meta property=\"og:url\" content=\"http:\/\/esponsorama.ad\/es\/tito-rabat-renueva-dos-temporadas-mas-reale-avintia-racing\/\" \/>\n<meta property=\"og:site_name\" content=\"Esponsorama\" \/>\n<meta property=\"article:published_time\" content=\"2019-07-31T13:51:23+00:00\" \/>\n<meta property=\"article:modified_time\" content=\"2019-07-31T14:04:46+00:00\" \/>\n<meta property=\"og:image\" content=\"http:\/\/esponsorama.ad\/wp-content\/uploads\/2019\/07\/WhatsApp-Image-2019-07-31-at-15.40.11.jpeg\" \/>\n\t<meta property=\"og:image:width\" content=\"1024\" \/>\n\t<meta property=\"og:image:height\" content=\"828\" \/>\n\t<meta property=\"og:image:type\" content=\"image\/jpeg\" \/>\n<meta name=\"author\" content=\"Xavi Andornet\" \/>\n<meta name=\"twitter:card\" content=\"summary_large_image\" \/>\n<meta name=\"twitter:label1\" content=\"Escrito por\" \/>\n\t<meta name=\"twitter:data1\" content=\"Xavi Andornet\" \/>\n\t<meta name=\"twitter:label2\" content=\"Tiempo de lectura\" \/>\n\t<meta name=\"twitter:data2\" content=\"2 minutos\" \/>\n<script type=\"application\/ld+json\" class=\"yoast-schema-graph\">{\"@context\":\"https:\/\/schema.org\",\"@graph\":[{\"@type\":\"Article\",\"@id\":\"http:\/\/esponsorama.ad\/es\/tito-rabat-renueva-dos-temporadas-mas-reale-avintia-racing\/#article\",\"isPartOf\":{\"@id\":\"http:\/\/esponsorama.ad\/es\/tito-rabat-renueva-dos-temporadas-mas-reale-avintia-racing\/\"},\"author\":{\"name\":\"Xavi Andornet\",\"@id\":\"http:\/\/esponsorama.ad\/es\/#\/schema\/person\/a5cde74945183d737066e46b61c6f9c4\"},\"headline\":\"Tito Rabat renueva dos temporadas m\u00e1s con Reale Avintia Racing\",\"datePublished\":\"2019-07-31T13:51:23+00:00\",\"dateModified\":\"2019-07-31T14:04:46+00:00\",\"mainEntityOfPage\":{\"@id\":\"http:\/\/esponsorama.ad\/es\/tito-rabat-renueva-dos-temporadas-mas-reale-avintia-racing\/\"},\"wordCount\":435,\"image\":{\"@id\":\"http:\/\/esponsorama.ad\/es\/tito-rabat-renueva-dos-temporadas-mas-reale-avintia-racing\/#primaryimage\"},\"thumbnailUrl\":\"http:\/\/esponsorama.ad\/wp-content\/uploads\/2019\/07\/WhatsApp-Image-2019-07-31-at-15.40.11.jpeg\",\"keywords\":[\"MotoGP\",\"Tito Rabat\"],\"articleSection\":[\"MotoGP\"],\"inLanguage\":\"es\"},{\"@type\":\"WebPage\",\"@id\":\"http:\/\/esponsorama.ad\/es\/tito-rabat-renueva-dos-temporadas-mas-reale-avintia-racing\/\",\"url\":\"http:\/\/esponsorama.ad\/es\/tito-rabat-renueva-dos-temporadas-mas-reale-avintia-racing\/\",\"name\":\"Tito Rabat renueva dos temporadas m\u00e1s con Reale Avintia Racing - Esponsorama\",\"isPartOf\":{\"@id\":\"http:\/\/esponsorama.ad\/es\/#website\"},\"primaryImageOfPage\":{\"@id\":\"http:\/\/esponsorama.ad\/es\/tito-rabat-renueva-dos-temporadas-mas-reale-avintia-racing\/#primaryimage\"},\"image\":{\"@id\":\"http:\/\/esponsorama.ad\/es\/tito-rabat-renueva-dos-temporadas-mas-reale-avintia-racing\/#primaryimage\"},\"thumbnailUrl\":\"http:\/\/esponsorama.ad\/wp-content\/uploads\/2019\/07\/WhatsApp-Image-2019-07-31-at-15.40.11.jpeg\",\"datePublished\":\"2019-07-31T13:51:23+00:00\",\"dateModified\":\"2019-07-31T14:04:46+00:00\",\"author\":{\"@id\":\"http:\/\/esponsorama.ad\/es\/#\/schema\/person\/a5cde74945183d737066e46b61c6f9c4\"},\"breadcrumb\":{\"@id\":\"http:\/\/esponsorama.ad\/es\/tito-rabat-renueva-dos-temporadas-mas-reale-avintia-racing\/#breadcrumb\"},\"inLanguage\":\"es\",\"potentialAction\":[{\"@type\":\"ReadAction\",\"target\":[\"http:\/\/esponsorama.ad\/es\/tito-rabat-renueva-dos-temporadas-mas-reale-avintia-racing\/\"]}]},{\"@type\":\"ImageObject\",\"inLanguage\":\"es\",\"@id\":\"http:\/\/esponsorama.ad\/es\/tito-rabat-renueva-dos-temporadas-mas-reale-avintia-racing\/#primaryimage\",\"url\":\"http:\/\/esponsorama.ad\/wp-content\/uploads\/2019\/07\/WhatsApp-Image-2019-07-31-at-15.40.11.jpeg\",\"contentUrl\":\"http:\/\/esponsorama.ad\/wp-content\/uploads\/2019\/07\/WhatsApp-Image-2019-07-31-at-15.40.11.jpeg\",\"width\":1024,\"height\":828},{\"@type\":\"BreadcrumbList\",\"@id\":\"http:\/\/esponsorama.ad\/es\/tito-rabat-renueva-dos-temporadas-mas-reale-avintia-racing\/#breadcrumb\",\"itemListElement\":[{\"@type\":\"ListItem\",\"position\":1,\"name\":\"Home\",\"item\":\"http:\/\/esponsorama.ad\/ca\/\"},{\"@type\":\"ListItem\",\"position\":2,\"name\":\"Tito Rabat renueva dos temporadas m\u00e1s con Reale Avintia Racing\"}]},{\"@type\":\"WebSite\",\"@id\":\"http:\/\/esponsorama.ad\/es\/#website\",\"url\":\"http:\/\/esponsorama.ad\/es\/\",\"name\":\"Esponsorama\",\"description\":\"Specialist in motorsport sponsorship and event promotions\",\"potentialAction\":[{\"@type\":\"SearchAction\",\"target\":{\"@type\":\"EntryPoint\",\"urlTemplate\":\"http:\/\/esponsorama.ad\/es\/?s={search_term_string}\"},\"query-input\":{\"@type\":\"PropertyValueSpecification\",\"valueRequired\":true,\"valueName\":\"search_term_string\"}}],\"inLanguage\":\"es\"},{\"@type\":\"Person\",\"@id\":\"http:\/\/esponsorama.ad\/es\/#\/schema\/person\/a5cde74945183d737066e46b61c6f9c4\",\"name\":\"Xavi Andornet\",\"image\":{\"@type\":\"ImageObject\",\"inLanguage\":\"es\",\"@id\":\"http:\/\/esponsorama.ad\/es\/#\/schema\/person\/image\/\",\"url\":\"https:\/\/secure.gravatar.com\/avatar\/f10eaf9ad601244a2357c9fd7cd9805ed166cfaaf76d5d9ab08a9d873e70147a?s=96&d=mm&r=g\",\"contentUrl\":\"https:\/\/secure.gravatar.com\/avatar\/f10eaf9ad601244a2357c9fd7cd9805ed166cfaaf76d5d9ab08a9d873e70147a?s=96&d=mm&r=g\",\"caption\":\"Xavi Andornet\"},\"sameAs\":[\"http:\/\/www.andornet.ad\"],\"url\":\"http:\/\/esponsorama.ad\/es\/author\/andornet\/\"}]}<\/script>\n<!-- \/ Yoast SEO plugin. -->","yoast_head_json":{"title":"Tito Rabat renueva dos temporadas m\u00e1s con Reale Avintia Racing - Esponsorama","robots":{"index":"index","follow":"follow","max-snippet":"max-snippet:-1","max-image-preview":"max-image-preview:large","max-video-preview":"max-video-preview:-1"},"canonical":"http:\/\/esponsorama.ad\/es\/tito-rabat-renueva-dos-temporadas-mas-reale-avintia-racing\/","og_locale":"es_ES","og_type":"article","og_title":"Tito Rabat renueva dos temporadas m\u00e1s con Reale Avintia Racing - Esponsorama","og_description":"El equipo Reale Avintia Racing tiene el placer de anunciar el acuerdo alcanzado con Tito Rabat para las temporadas 2020 y 2021. Con este contrato, el ex Campe\u00f3n del Mundo de Moto2 seguir\u00e1 dos a\u00f1os m\u00e1s con el equipo de Ra\u00fal Romero, quien est\u00e1 trabajando duro para conseguir motos con las \u00faltimas especificaciones de f\u00e1brica, [&hellip;]","og_url":"http:\/\/esponsorama.ad\/es\/tito-rabat-renueva-dos-temporadas-mas-reale-avintia-racing\/","og_site_name":"Esponsorama","article_published_time":"2019-07-31T13:51:23+00:00","article_modified_time":"2019-07-31T14:04:46+00:00","og_image":[{"width":1024,"height":828,"url":"http:\/\/esponsorama.ad\/wp-content\/uploads\/2019\/07\/WhatsApp-Image-2019-07-31-at-15.40.11.jpeg","type":"image\/jpeg"}],"author":"Xavi Andornet","twitter_card":"summary_large_image","twitter_misc":{"Escrito por":"Xavi Andornet","Tiempo de lectura":"2 minutos"},"schema":{"@context":"https:\/\/schema.org","@graph":[{"@type":"Article","@id":"http:\/\/esponsorama.ad\/es\/tito-rabat-renueva-dos-temporadas-mas-reale-avintia-racing\/#article","isPartOf":{"@id":"http:\/\/esponsorama.ad\/es\/tito-rabat-renueva-dos-temporadas-mas-reale-avintia-racing\/"},"author":{"name":"Xavi Andornet","@id":"http:\/\/esponsorama.ad\/es\/#\/schema\/person\/a5cde74945183d737066e46b61c6f9c4"},"headline":"Tito Rabat renueva dos temporadas m\u00e1s con Reale Avintia Racing","datePublished":"2019-07-31T13:51:23+00:00","dateModified":"2019-07-31T14:04:46+00:00","mainEntityOfPage":{"@id":"http:\/\/esponsorama.ad\/es\/tito-rabat-renueva-dos-temporadas-mas-reale-avintia-racing\/"},"wordCount":435,"image":{"@id":"http:\/\/esponsorama.ad\/es\/tito-rabat-renueva-dos-temporadas-mas-reale-avintia-racing\/#primaryimage"},"thumbnailUrl":"http:\/\/esponsorama.ad\/wp-content\/uploads\/2019\/07\/WhatsApp-Image-2019-07-31-at-15.40.11.jpeg","keywords":["MotoGP","Tito Rabat"],"articleSection":["MotoGP"],"inLanguage":"es"},{"@type":"WebPage","@id":"http:\/\/esponsorama.ad\/es\/tito-rabat-renueva-dos-temporadas-mas-reale-avintia-racing\/","url":"http:\/\/esponsorama.ad\/es\/tito-rabat-renueva-dos-temporadas-mas-reale-avintia-racing\/","name":"Tito Rabat renueva dos temporadas m\u00e1s con Reale Avintia Racing - Esponsorama","isPartOf":{"@id":"http:\/\/esponsorama.ad\/es\/#website"},"primaryImageOfPage":{"@id":"http:\/\/esponsorama.ad\/es\/tito-rabat-renueva-dos-temporadas-mas-reale-avintia-racing\/#primaryimage"},"image":{"@id":"http:\/\/esponsorama.ad\/es\/tito-rabat-renueva-dos-temporadas-mas-reale-avintia-racing\/#primaryimage"},"thumbnailUrl":"http:\/\/esponsorama.ad\/wp-content\/uploads\/2019\/07\/WhatsApp-Image-2019-07-31-at-15.40.11.jpeg","datePublished":"2019-07-31T13:51:23+00:00","dateModified":"2019-07-31T14:04:46+00:00","author":{"@id":"http:\/\/esponsorama.ad\/es\/#\/schema\/person\/a5cde74945183d737066e46b61c6f9c4"},"breadcrumb":{"@id":"http:\/\/esponsorama.ad\/es\/tito-rabat-renueva-dos-temporadas-mas-reale-avintia-racing\/#breadcrumb"},"inLanguage":"es","potentialAction":[{"@type":"ReadAction","target":["http:\/\/esponsorama.ad\/es\/tito-rabat-renueva-dos-temporadas-mas-reale-avintia-racing\/"]}]},{"@type":"ImageObject","inLanguage":"es","@id":"http:\/\/esponsorama.ad\/es\/tito-rabat-renueva-dos-temporadas-mas-reale-avintia-racing\/#primaryimage","url":"http:\/\/esponsorama.ad\/wp-content\/uploads\/2019\/07\/WhatsApp-Image-2019-07-31-at-15.40.11.jpeg","contentUrl":"http:\/\/esponsorama.ad\/wp-content\/uploads\/2019\/07\/WhatsApp-Image-2019-07-31-at-15.40.11.jpeg","width":1024,"height":828},{"@type":"BreadcrumbList","@id":"http:\/\/esponsorama.ad\/es\/tito-rabat-renueva-dos-temporadas-mas-reale-avintia-racing\/#breadcrumb","itemListElement":[{"@type":"ListItem","position":1,"name":"Home","item":"http:\/\/esponsorama.ad\/ca\/"},{"@type":"ListItem","position":2,"name":"Tito Rabat renueva dos temporadas m\u00e1s con Reale Avintia Racing"}]},{"@type":"WebSite","@id":"http:\/\/esponsorama.ad\/es\/#website","url":"http:\/\/esponsorama.ad\/es\/","name":"Esponsorama","description":"Specialist in motorsport sponsorship and event promotions","potentialAction":[{"@type":"SearchAction","target":{"@type":"EntryPoint","urlTemplate":"http:\/\/esponsorama.ad\/es\/?s={search_term_string}"},"query-input":{"@type":"PropertyValueSpecification","valueRequired":true,"valueName":"search_term_string"}}],"inLanguage":"es"},{"@type":"Person","@id":"http:\/\/esponsorama.ad\/es\/#\/schema\/person\/a5cde74945183d737066e46b61c6f9c4","name":"Xavi Andornet","image":{"@type":"ImageObject","inLanguage":"es","@id":"http:\/\/esponsorama.ad\/es\/#\/schema\/person\/image\/","url":"https:\/\/secure.gravatar.com\/avatar\/f10eaf9ad601244a2357c9fd7cd9805ed166cfaaf76d5d9ab08a9d873e70147a?s=96&d=mm&r=g","contentUrl":"https:\/\/secure.gravatar.com\/avatar\/f10eaf9ad601244a2357c9fd7cd9805ed166cfaaf76d5d9ab08a9d873e70147a?s=96&d=mm&r=g","caption":"Xavi Andornet"},"sameAs":["http:\/\/www.andornet.ad"],"url":"http:\/\/esponsorama.ad\/es\/author\/andornet\/"}]}},"_links":{"self":[{"href":"http:\/\/esponsorama.ad\/es\/wp-json\/wp\/v2\/posts\/14961","targetHints":{"allow":["GET"]}}],"collection":[{"href":"http:\/\/esponsorama.ad\/es\/wp-json\/wp\/v2\/posts"}],"about":[{"href":"http:\/\/esponsorama.ad\/es\/wp-json\/wp\/v2\/types\/post"}],"author":[{"embeddable":true,"href":"http:\/\/esponsorama.ad\/es\/wp-json\/wp\/v2\/users\/6"}],"replies":[{"embeddable":true,"href":"http:\/\/esponsorama.ad\/es\/wp-json\/wp\/v2\/comments?post=14961"}],"version-history":[{"count":0,"href":"http:\/\/esponsorama.ad\/es\/wp-json\/wp\/v2\/posts\/14961\/revisions"}],"wp:featuredmedia":[{"embeddable":true,"href":"http:\/\/esponsorama.ad\/es\/wp-json\/wp\/v2\/media\/14963"}],"wp:attachment":[{"href":"http:\/\/esponsorama.ad\/es\/wp-json\/wp\/v2\/media?parent=14961"}],"wp:term":[{"taxonomy":"category","embeddable":true,"href":"http:\/\/esponsorama.ad\/es\/wp-json\/wp\/v2\/categories?post=14961"},{"taxonomy":"post_tag","embeddable":true,"href":"http:\/\/esponsorama.ad\/es\/wp-json\/wp\/v2\/tags?post=14961"}],"curies":[{"name":"wp","href":"https:\/\/api.w.org\/{rel}","templated":true}]}}