{"id":14976,"date":"2019-07-31T18:55:10","date_gmt":"2019-07-31T16:55:10","guid":{"rendered":"http:\/\/esponsorama.ad\/?p=14976"},"modified":"2019-07-31T19:03:26","modified_gmt":"2019-07-31T17:03:26","slug":"stefano-nepa-ganas-seguir-progresando-reale-avintia-arizona-77","status":"publish","type":"post","link":"http:\/\/esponsorama.ad\/es\/stefano-nepa-ganas-seguir-progresando-reale-avintia-arizona-77\/","title":{"rendered":"Stefano Nepa, con ganas de seguir progresando con el Reale Avintia Arizona 77"},"content":{"rendered":"<p>Tras el par\u00f3n veraniego, el piloto italiano cumplir\u00e1 este fin de semana en la Rep\u00fablica Checa su tercer gran premio con el Reale Avintia Arizona 77. En el circuito de Brno, una pista que ya conoce, Nepa intentar\u00e1 seguir progresando y mejorando sus resultados sobre su KTM.<\/p>\n<p>El circuito de Brno tiene una longitud de 5,6km y cuenta con 8 curvas a derecha, 6 a izquierda que se unen en a menudo en cambios de direcci\u00f3n , lo que lo hace un circuito bastante sim\u00e9trico. A pesar de su longitud, su recta m\u00e1s larga apenas supera\u00a0los 630m.<\/p>\n\n<p>\u00abLlegamos a Brno para la que ser\u00e1 mi tercera carrera con el equipo en el mundial. Es una pista larga y bonita que ya conozco y que me gusta. Durante estas tres semanas de par\u00f3n veraniego me he entrenado mucho, sobre todo la primera semana ya que estuve en Andorra donde me divert\u00ed con Rub\u00e9n Xaus que me ayud\u00f3 mucho. Llego con ganas de hacerlo bien y no veo la hora de volver a salir a pista\u00bb.<\/p>\n","protected":false},"excerpt":{"rendered":"<p>Tras el par\u00f3n veraniego, el piloto italiano cumplir\u00e1 este fin de semana en la Rep\u00fablica Checa su tercer gran premio con el Reale Avintia Arizona 77. En el circuito de Brno, una pista que ya conoce, Nepa intentar\u00e1 seguir progresando y mejorando sus resultados sobre su KTM. El circuito de Brno tiene una longitud de [&hellip;]<\/p>\n","protected":false},"author":6,"featured_media":14977,"comment_status":"closed","ping_status":"closed","sticky":false,"template":"","format":"standard","meta":{"footnotes":""},"categories":[12],"tags":[],"class_list":["post-14976","post","type-post","status-publish","format-standard","has-post-thumbnail","hentry","category-moto3"],"yoast_head":"<!-- This site is optimized with the Yoast SEO plugin v27.1.1 - https:\/\/yoast.com\/product\/yoast-seo-wordpress\/ -->\n<title>Stefano Nepa, con ganas de seguir progresando con el Reale Avintia Arizona 77 - Esponsorama<\/title>\n<meta name=\"robots\" content=\"index, follow, max-snippet:-1, max-image-preview:large, max-video-preview:-1\" \/>\n<link rel=\"canonical\" href=\"http:\/\/esponsorama.ad\/es\/stefano-nepa-ganas-seguir-progresando-reale-avintia-arizona-77\/\" \/>\n<meta property=\"og:locale\" content=\"es_ES\" \/>\n<meta property=\"og:type\" content=\"article\" \/>\n<meta property=\"og:title\" content=\"Stefano Nepa, con ganas de seguir progresando con el Reale Avintia Arizona 77 - Esponsorama\" \/>\n<meta property=\"og:description\" content=\"Tras el par\u00f3n veraniego, el piloto italiano cumplir\u00e1 este fin de semana en la Rep\u00fablica Checa su tercer gran premio con el Reale Avintia Arizona 77. En el circuito de Brno, una pista que ya conoce, Nepa intentar\u00e1 seguir progresando y mejorando sus resultados sobre su KTM. El circuito de Brno tiene una longitud de [&hellip;]\" \/>\n<meta property=\"og:url\" content=\"http:\/\/esponsorama.ad\/es\/stefano-nepa-ganas-seguir-progresando-reale-avintia-arizona-77\/\" \/>\n<meta property=\"og:site_name\" content=\"Esponsorama\" \/>\n<meta property=\"article:published_time\" content=\"2019-07-31T16:55:10+00:00\" \/>\n<meta property=\"article:modified_time\" content=\"2019-07-31T17:03:26+00:00\" \/>\n<meta property=\"og:image\" content=\"http:\/\/esponsorama.ad\/wp-content\/uploads\/2019\/07\/09Alemania19M3Esponsorama_JOC3817-1-1024x683.jpg\" \/>\n\t<meta property=\"og:image:width\" content=\"1024\" \/>\n\t<meta property=\"og:image:height\" content=\"683\" \/>\n\t<meta property=\"og:image:type\" content=\"image\/jpeg\" \/>\n<meta name=\"author\" content=\"Xavi Andornet\" \/>\n<meta name=\"twitter:card\" content=\"summary_large_image\" \/>\n<meta name=\"twitter:label1\" content=\"Escrito por\" \/>\n\t<meta name=\"twitter:data1\" content=\"Xavi Andornet\" \/>\n\t<meta name=\"twitter:label2\" content=\"Tiempo de lectura\" \/>\n\t<meta name=\"twitter:data2\" content=\"1 minuto\" \/>\n<script type=\"application\/ld+json\" class=\"yoast-schema-graph\">{\"@context\":\"https:\/\/schema.org\",\"@graph\":[{\"@type\":\"Article\",\"@id\":\"http:\/\/esponsorama.ad\/es\/stefano-nepa-ganas-seguir-progresando-reale-avintia-arizona-77\/#article\",\"isPartOf\":{\"@id\":\"http:\/\/esponsorama.ad\/es\/stefano-nepa-ganas-seguir-progresando-reale-avintia-arizona-77\/\"},\"author\":{\"name\":\"Xavi Andornet\",\"@id\":\"http:\/\/esponsorama.ad\/es\/#\/schema\/person\/a5cde74945183d737066e46b61c6f9c4\"},\"headline\":\"Stefano Nepa, con ganas de seguir progresando con el Reale Avintia Arizona 77\",\"datePublished\":\"2019-07-31T16:55:10+00:00\",\"dateModified\":\"2019-07-31T17:03:26+00:00\",\"mainEntityOfPage\":{\"@id\":\"http:\/\/esponsorama.ad\/es\/stefano-nepa-ganas-seguir-progresando-reale-avintia-arizona-77\/\"},\"wordCount\":192,\"image\":{\"@id\":\"http:\/\/esponsorama.ad\/es\/stefano-nepa-ganas-seguir-progresando-reale-avintia-arizona-77\/#primaryimage\"},\"thumbnailUrl\":\"http:\/\/esponsorama.ad\/wp-content\/uploads\/2019\/07\/09Alemania19M3Esponsorama_JOC3817-1.jpg\",\"articleSection\":[\"Moto3\"],\"inLanguage\":\"es\"},{\"@type\":\"WebPage\",\"@id\":\"http:\/\/esponsorama.ad\/es\/stefano-nepa-ganas-seguir-progresando-reale-avintia-arizona-77\/\",\"url\":\"http:\/\/esponsorama.ad\/es\/stefano-nepa-ganas-seguir-progresando-reale-avintia-arizona-77\/\",\"name\":\"Stefano Nepa, con ganas de seguir progresando con el Reale Avintia Arizona 77 - Esponsorama\",\"isPartOf\":{\"@id\":\"http:\/\/esponsorama.ad\/es\/#website\"},\"primaryImageOfPage\":{\"@id\":\"http:\/\/esponsorama.ad\/es\/stefano-nepa-ganas-seguir-progresando-reale-avintia-arizona-77\/#primaryimage\"},\"image\":{\"@id\":\"http:\/\/esponsorama.ad\/es\/stefano-nepa-ganas-seguir-progresando-reale-avintia-arizona-77\/#primaryimage\"},\"thumbnailUrl\":\"http:\/\/esponsorama.ad\/wp-content\/uploads\/2019\/07\/09Alemania19M3Esponsorama_JOC3817-1.jpg\",\"datePublished\":\"2019-07-31T16:55:10+00:00\",\"dateModified\":\"2019-07-31T17:03:26+00:00\",\"author\":{\"@id\":\"http:\/\/esponsorama.ad\/es\/#\/schema\/person\/a5cde74945183d737066e46b61c6f9c4\"},\"breadcrumb\":{\"@id\":\"http:\/\/esponsorama.ad\/es\/stefano-nepa-ganas-seguir-progresando-reale-avintia-arizona-77\/#breadcrumb\"},\"inLanguage\":\"es\",\"potentialAction\":[{\"@type\":\"ReadAction\",\"target\":[\"http:\/\/esponsorama.ad\/es\/stefano-nepa-ganas-seguir-progresando-reale-avintia-arizona-77\/\"]}]},{\"@type\":\"ImageObject\",\"inLanguage\":\"es\",\"@id\":\"http:\/\/esponsorama.ad\/es\/stefano-nepa-ganas-seguir-progresando-reale-avintia-arizona-77\/#primaryimage\",\"url\":\"http:\/\/esponsorama.ad\/wp-content\/uploads\/2019\/07\/09Alemania19M3Esponsorama_JOC3817-1.jpg\",\"contentUrl\":\"http:\/\/esponsorama.ad\/wp-content\/uploads\/2019\/07\/09Alemania19M3Esponsorama_JOC3817-1.jpg\",\"width\":5472,\"height\":3648,\"caption\":\"09 GP Alemania 4, 5, 6 y 7 de julio de 2019. Circuito de Sachsengring, ALEMANIA Motogp, MGP, Mgp, MotoGP\"},{\"@type\":\"BreadcrumbList\",\"@id\":\"http:\/\/esponsorama.ad\/es\/stefano-nepa-ganas-seguir-progresando-reale-avintia-arizona-77\/#breadcrumb\",\"itemListElement\":[{\"@type\":\"ListItem\",\"position\":1,\"name\":\"Home\",\"item\":\"http:\/\/esponsorama.ad\/ca\/\"},{\"@type\":\"ListItem\",\"position\":2,\"name\":\"Stefano Nepa, con ganas de seguir progresando con el Reale Avintia Arizona 77\"}]},{\"@type\":\"WebSite\",\"@id\":\"http:\/\/esponsorama.ad\/es\/#website\",\"url\":\"http:\/\/esponsorama.ad\/es\/\",\"name\":\"Esponsorama\",\"description\":\"Specialist in motorsport sponsorship and event promotions\",\"potentialAction\":[{\"@type\":\"SearchAction\",\"target\":{\"@type\":\"EntryPoint\",\"urlTemplate\":\"http:\/\/esponsorama.ad\/es\/?s={search_term_string}\"},\"query-input\":{\"@type\":\"PropertyValueSpecification\",\"valueRequired\":true,\"valueName\":\"search_term_string\"}}],\"inLanguage\":\"es\"},{\"@type\":\"Person\",\"@id\":\"http:\/\/esponsorama.ad\/es\/#\/schema\/person\/a5cde74945183d737066e46b61c6f9c4\",\"name\":\"Xavi Andornet\",\"image\":{\"@type\":\"ImageObject\",\"inLanguage\":\"es\",\"@id\":\"http:\/\/esponsorama.ad\/es\/#\/schema\/person\/image\/\",\"url\":\"https:\/\/secure.gravatar.com\/avatar\/f10eaf9ad601244a2357c9fd7cd9805ed166cfaaf76d5d9ab08a9d873e70147a?s=96&d=mm&r=g\",\"contentUrl\":\"https:\/\/secure.gravatar.com\/avatar\/f10eaf9ad601244a2357c9fd7cd9805ed166cfaaf76d5d9ab08a9d873e70147a?s=96&d=mm&r=g\",\"caption\":\"Xavi Andornet\"},\"sameAs\":[\"http:\/\/www.andornet.ad\"],\"url\":\"http:\/\/esponsorama.ad\/es\/author\/andornet\/\"}]}<\/script>\n<!-- \/ Yoast SEO plugin. -->","yoast_head_json":{"title":"Stefano Nepa, con ganas de seguir progresando con el Reale Avintia Arizona 77 - Esponsorama","robots":{"index":"index","follow":"follow","max-snippet":"max-snippet:-1","max-image-preview":"max-image-preview:large","max-video-preview":"max-video-preview:-1"},"canonical":"http:\/\/esponsorama.ad\/es\/stefano-nepa-ganas-seguir-progresando-reale-avintia-arizona-77\/","og_locale":"es_ES","og_type":"article","og_title":"Stefano Nepa, con ganas de seguir progresando con el Reale Avintia Arizona 77 - Esponsorama","og_description":"Tras el par\u00f3n veraniego, el piloto italiano cumplir\u00e1 este fin de semana en la Rep\u00fablica Checa su tercer gran premio con el Reale Avintia Arizona 77. En el circuito de Brno, una pista que ya conoce, Nepa intentar\u00e1 seguir progresando y mejorando sus resultados sobre su KTM. El circuito de Brno tiene una longitud de [&hellip;]","og_url":"http:\/\/esponsorama.ad\/es\/stefano-nepa-ganas-seguir-progresando-reale-avintia-arizona-77\/","og_site_name":"Esponsorama","article_published_time":"2019-07-31T16:55:10+00:00","article_modified_time":"2019-07-31T17:03:26+00:00","og_image":[{"width":1024,"height":683,"url":"http:\/\/esponsorama.ad\/wp-content\/uploads\/2019\/07\/09Alemania19M3Esponsorama_JOC3817-1-1024x683.jpg","type":"image\/jpeg"}],"author":"Xavi Andornet","twitter_card":"summary_large_image","twitter_misc":{"Escrito por":"Xavi Andornet","Tiempo de lectura":"1 minuto"},"schema":{"@context":"https:\/\/schema.org","@graph":[{"@type":"Article","@id":"http:\/\/esponsorama.ad\/es\/stefano-nepa-ganas-seguir-progresando-reale-avintia-arizona-77\/#article","isPartOf":{"@id":"http:\/\/esponsorama.ad\/es\/stefano-nepa-ganas-seguir-progresando-reale-avintia-arizona-77\/"},"author":{"name":"Xavi Andornet","@id":"http:\/\/esponsorama.ad\/es\/#\/schema\/person\/a5cde74945183d737066e46b61c6f9c4"},"headline":"Stefano Nepa, con ganas de seguir progresando con el Reale Avintia Arizona 77","datePublished":"2019-07-31T16:55:10+00:00","dateModified":"2019-07-31T17:03:26+00:00","mainEntityOfPage":{"@id":"http:\/\/esponsorama.ad\/es\/stefano-nepa-ganas-seguir-progresando-reale-avintia-arizona-77\/"},"wordCount":192,"image":{"@id":"http:\/\/esponsorama.ad\/es\/stefano-nepa-ganas-seguir-progresando-reale-avintia-arizona-77\/#primaryimage"},"thumbnailUrl":"http:\/\/esponsorama.ad\/wp-content\/uploads\/2019\/07\/09Alemania19M3Esponsorama_JOC3817-1.jpg","articleSection":["Moto3"],"inLanguage":"es"},{"@type":"WebPage","@id":"http:\/\/esponsorama.ad\/es\/stefano-nepa-ganas-seguir-progresando-reale-avintia-arizona-77\/","url":"http:\/\/esponsorama.ad\/es\/stefano-nepa-ganas-seguir-progresando-reale-avintia-arizona-77\/","name":"Stefano Nepa, con ganas de seguir progresando con el Reale Avintia Arizona 77 - Esponsorama","isPartOf":{"@id":"http:\/\/esponsorama.ad\/es\/#website"},"primaryImageOfPage":{"@id":"http:\/\/esponsorama.ad\/es\/stefano-nepa-ganas-seguir-progresando-reale-avintia-arizona-77\/#primaryimage"},"image":{"@id":"http:\/\/esponsorama.ad\/es\/stefano-nepa-ganas-seguir-progresando-reale-avintia-arizona-77\/#primaryimage"},"thumbnailUrl":"http:\/\/esponsorama.ad\/wp-content\/uploads\/2019\/07\/09Alemania19M3Esponsorama_JOC3817-1.jpg","datePublished":"2019-07-31T16:55:10+00:00","dateModified":"2019-07-31T17:03:26+00:00","author":{"@id":"http:\/\/esponsorama.ad\/es\/#\/schema\/person\/a5cde74945183d737066e46b61c6f9c4"},"breadcrumb":{"@id":"http:\/\/esponsorama.ad\/es\/stefano-nepa-ganas-seguir-progresando-reale-avintia-arizona-77\/#breadcrumb"},"inLanguage":"es","potentialAction":[{"@type":"ReadAction","target":["http:\/\/esponsorama.ad\/es\/stefano-nepa-ganas-seguir-progresando-reale-avintia-arizona-77\/"]}]},{"@type":"ImageObject","inLanguage":"es","@id":"http:\/\/esponsorama.ad\/es\/stefano-nepa-ganas-seguir-progresando-reale-avintia-arizona-77\/#primaryimage","url":"http:\/\/esponsorama.ad\/wp-content\/uploads\/2019\/07\/09Alemania19M3Esponsorama_JOC3817-1.jpg","contentUrl":"http:\/\/esponsorama.ad\/wp-content\/uploads\/2019\/07\/09Alemania19M3Esponsorama_JOC3817-1.jpg","width":5472,"height":3648,"caption":"09 GP Alemania 4, 5, 6 y 7 de julio de 2019. Circuito de Sachsengring, ALEMANIA Motogp, MGP, Mgp, MotoGP"},{"@type":"BreadcrumbList","@id":"http:\/\/esponsorama.ad\/es\/stefano-nepa-ganas-seguir-progresando-reale-avintia-arizona-77\/#breadcrumb","itemListElement":[{"@type":"ListItem","position":1,"name":"Home","item":"http:\/\/esponsorama.ad\/ca\/"},{"@type":"ListItem","position":2,"name":"Stefano Nepa, con ganas de seguir progresando con el Reale Avintia Arizona 77"}]},{"@type":"WebSite","@id":"http:\/\/esponsorama.ad\/es\/#website","url":"http:\/\/esponsorama.ad\/es\/","name":"Esponsorama","description":"Specialist in motorsport sponsorship and event promotions","potentialAction":[{"@type":"SearchAction","target":{"@type":"EntryPoint","urlTemplate":"http:\/\/esponsorama.ad\/es\/?s={search_term_string}"},"query-input":{"@type":"PropertyValueSpecification","valueRequired":true,"valueName":"search_term_string"}}],"inLanguage":"es"},{"@type":"Person","@id":"http:\/\/esponsorama.ad\/es\/#\/schema\/person\/a5cde74945183d737066e46b61c6f9c4","name":"Xavi Andornet","image":{"@type":"ImageObject","inLanguage":"es","@id":"http:\/\/esponsorama.ad\/es\/#\/schema\/person\/image\/","url":"https:\/\/secure.gravatar.com\/avatar\/f10eaf9ad601244a2357c9fd7cd9805ed166cfaaf76d5d9ab08a9d873e70147a?s=96&d=mm&r=g","contentUrl":"https:\/\/secure.gravatar.com\/avatar\/f10eaf9ad601244a2357c9fd7cd9805ed166cfaaf76d5d9ab08a9d873e70147a?s=96&d=mm&r=g","caption":"Xavi Andornet"},"sameAs":["http:\/\/www.andornet.ad"],"url":"http:\/\/esponsorama.ad\/es\/author\/andornet\/"}]}},"_links":{"self":[{"href":"http:\/\/esponsorama.ad\/es\/wp-json\/wp\/v2\/posts\/14976","targetHints":{"allow":["GET"]}}],"collection":[{"href":"http:\/\/esponsorama.ad\/es\/wp-json\/wp\/v2\/posts"}],"about":[{"href":"http:\/\/esponsorama.ad\/es\/wp-json\/wp\/v2\/types\/post"}],"author":[{"embeddable":true,"href":"http:\/\/esponsorama.ad\/es\/wp-json\/wp\/v2\/users\/6"}],"replies":[{"embeddable":true,"href":"http:\/\/esponsorama.ad\/es\/wp-json\/wp\/v2\/comments?post=14976"}],"version-history":[{"count":0,"href":"http:\/\/esponsorama.ad\/es\/wp-json\/wp\/v2\/posts\/14976\/revisions"}],"wp:featuredmedia":[{"embeddable":true,"href":"http:\/\/esponsorama.ad\/es\/wp-json\/wp\/v2\/media\/14977"}],"wp:attachment":[{"href":"http:\/\/esponsorama.ad\/es\/wp-json\/wp\/v2\/media?parent=14976"}],"wp:term":[{"taxonomy":"category","embeddable":true,"href":"http:\/\/esponsorama.ad\/es\/wp-json\/wp\/v2\/categories?post=14976"},{"taxonomy":"post_tag","embeddable":true,"href":"http:\/\/esponsorama.ad\/es\/wp-json\/wp\/v2\/tags?post=14976"}],"curies":[{"name":"wp","href":"https:\/\/api.w.org\/{rel}","templated":true}]}}