{"id":15012,"date":"2019-08-07T20:42:35","date_gmt":"2019-08-07T18:42:35","guid":{"rendered":"http:\/\/esponsorama.ad\/?p=15012"},"modified":"2019-08-07T21:05:16","modified_gmt":"2019-08-07T19:05:16","slug":"reale-avintia-racing-team-quiere-sacarse-la-espina-brno-2","status":"publish","type":"post","link":"http:\/\/esponsorama.ad\/es\/reale-avintia-racing-team-quiere-sacarse-la-espina-brno-2\/","title":{"rendered":"El Reale Avintia Racing Team quiere sacarse la espina en Brno"},"content":{"rendered":"<p>Los pilotos del Reale Avintia Racing Team se marcharon sin puntos como recompensa de la cita de la semana pasada celebrada en el circuito de Brno. A partir del viernes tendr\u00e1n una nueva oportunidad de\u00a0luchar por los puntos con motivo de la\u00a0disputa de la\u00a0duod\u00e9cima\u00a0prueba del campeonato del mundo de MotoGP en el circuito de Speilberg en Austria.<br \/>\nDesde su regreso al campeonato en el a\u00f1o 2016, Ducati ha sido la \u00fanica marca de ganar en la categor\u00eda reina ya que, debido al dise\u00f1o del circuito, se adapta a las mil maravillas a las caracter\u00edsticas de las motos italianas.\u00a0Por ello los pilotos del Reale Avintia Racing Team se muestran optimistas de cara a la prueba austriaca.<\/p>\n\n<p>\u00abPor desgracia no pudimos llevarnos ning\u00fan punto en Brno pero luchamos hasta el final por ello. Dimos 70 vueltas de test el lunes tras el Gran Premio as\u00ed que estoy motivado y con ganas de hacerlo bien. Ojal\u00e1 nos respete el tiempo y podamos dar gas.\u00bb<\/p>\n\n<p>\u00abMe gusta mucho el circuito del Red Bull Ring porque es muy r\u00e1pido y fluido. Sin embargo, parece que va a llover y recuerdo de otros a\u00f1os que es bastante resbaladizo. Veremos si la meteorolog\u00eda nos respeta este fin de semana, ser\u00eda un sue\u00f1o tener buen tiempo sin lluvia.\u00bb<\/p>\n","protected":false},"excerpt":{"rendered":"<p>Los pilotos del Reale Avintia Racing Team se marcharon sin puntos como recompensa de la cita de la semana pasada celebrada en el circuito de Brno. A partir del viernes tendr\u00e1n una nueva oportunidad de\u00a0luchar por los puntos con motivo de la\u00a0disputa de la\u00a0duod\u00e9cima\u00a0prueba del campeonato del mundo de MotoGP en el circuito de Speilberg [&hellip;]<\/p>\n","protected":false},"author":6,"featured_media":15011,"comment_status":"closed","ping_status":"closed","sticky":false,"template":"","format":"standard","meta":{"footnotes":""},"categories":[3],"tags":[13,59],"class_list":["post-15012","post","type-post","status-publish","format-standard","has-post-thumbnail","hentry","category-motogp","tag-motogp","tag-spielberg"],"yoast_head":"<!-- This site is optimized with the Yoast SEO plugin v27.1.1 - https:\/\/yoast.com\/product\/yoast-seo-wordpress\/ -->\n<title>El Reale Avintia Racing Team quiere sacarse la espina en Brno - Esponsorama<\/title>\n<meta name=\"robots\" content=\"index, follow, max-snippet:-1, max-image-preview:large, max-video-preview:-1\" \/>\n<link rel=\"canonical\" href=\"http:\/\/esponsorama.ad\/es\/reale-avintia-racing-team-quiere-sacarse-la-espina-brno-2\/\" \/>\n<meta property=\"og:locale\" content=\"es_ES\" \/>\n<meta property=\"og:type\" content=\"article\" \/>\n<meta property=\"og:title\" content=\"El Reale Avintia Racing Team quiere sacarse la espina en Brno - Esponsorama\" \/>\n<meta property=\"og:description\" content=\"Los pilotos del Reale Avintia Racing Team se marcharon sin puntos como recompensa de la cita de la semana pasada celebrada en el circuito de Brno. A partir del viernes tendr\u00e1n una nueva oportunidad de\u00a0luchar por los puntos con motivo de la\u00a0disputa de la\u00a0duod\u00e9cima\u00a0prueba del campeonato del mundo de MotoGP en el circuito de Speilberg [&hellip;]\" \/>\n<meta property=\"og:url\" content=\"http:\/\/esponsorama.ad\/es\/reale-avintia-racing-team-quiere-sacarse-la-espina-brno-2\/\" \/>\n<meta property=\"og:site_name\" content=\"Esponsorama\" \/>\n<meta property=\"article:published_time\" content=\"2019-08-07T18:42:35+00:00\" \/>\n<meta property=\"article:modified_time\" content=\"2019-08-07T19:05:16+00:00\" \/>\n<meta property=\"og:image\" content=\"http:\/\/esponsorama.ad\/wp-content\/uploads\/2019\/08\/10RCheca19MgpESPONSORAMA_JOC1670-1024x683.jpg\" \/>\n\t<meta property=\"og:image:width\" content=\"1024\" \/>\n\t<meta property=\"og:image:height\" content=\"683\" \/>\n\t<meta property=\"og:image:type\" content=\"image\/jpeg\" \/>\n<meta name=\"author\" content=\"Xavi Andornet\" \/>\n<meta name=\"twitter:card\" content=\"summary_large_image\" \/>\n<meta name=\"twitter:label1\" content=\"Escrito por\" \/>\n\t<meta name=\"twitter:data1\" content=\"Xavi Andornet\" \/>\n\t<meta name=\"twitter:label2\" content=\"Tiempo de lectura\" \/>\n\t<meta name=\"twitter:data2\" content=\"1 minuto\" \/>\n<script type=\"application\/ld+json\" class=\"yoast-schema-graph\">{\"@context\":\"https:\/\/schema.org\",\"@graph\":[{\"@type\":\"Article\",\"@id\":\"http:\/\/esponsorama.ad\/es\/reale-avintia-racing-team-quiere-sacarse-la-espina-brno-2\/#article\",\"isPartOf\":{\"@id\":\"http:\/\/esponsorama.ad\/es\/reale-avintia-racing-team-quiere-sacarse-la-espina-brno-2\/\"},\"author\":{\"name\":\"Xavi Andornet\",\"@id\":\"http:\/\/esponsorama.ad\/es\/#\/schema\/person\/a5cde74945183d737066e46b61c6f9c4\"},\"headline\":\"El Reale Avintia Racing Team quiere sacarse la espina en Brno\",\"datePublished\":\"2019-08-07T18:42:35+00:00\",\"dateModified\":\"2019-08-07T19:05:16+00:00\",\"mainEntityOfPage\":{\"@id\":\"http:\/\/esponsorama.ad\/es\/reale-avintia-racing-team-quiere-sacarse-la-espina-brno-2\/\"},\"wordCount\":240,\"image\":{\"@id\":\"http:\/\/esponsorama.ad\/es\/reale-avintia-racing-team-quiere-sacarse-la-espina-brno-2\/#primaryimage\"},\"thumbnailUrl\":\"http:\/\/esponsorama.ad\/wp-content\/uploads\/2019\/08\/10RCheca19MgpESPONSORAMA_JOC1670.jpg\",\"keywords\":[\"MotoGP\",\"spielberg\"],\"articleSection\":[\"MotoGP\"],\"inLanguage\":\"es\"},{\"@type\":\"WebPage\",\"@id\":\"http:\/\/esponsorama.ad\/es\/reale-avintia-racing-team-quiere-sacarse-la-espina-brno-2\/\",\"url\":\"http:\/\/esponsorama.ad\/es\/reale-avintia-racing-team-quiere-sacarse-la-espina-brno-2\/\",\"name\":\"El Reale Avintia Racing Team quiere sacarse la espina en Brno - Esponsorama\",\"isPartOf\":{\"@id\":\"http:\/\/esponsorama.ad\/es\/#website\"},\"primaryImageOfPage\":{\"@id\":\"http:\/\/esponsorama.ad\/es\/reale-avintia-racing-team-quiere-sacarse-la-espina-brno-2\/#primaryimage\"},\"image\":{\"@id\":\"http:\/\/esponsorama.ad\/es\/reale-avintia-racing-team-quiere-sacarse-la-espina-brno-2\/#primaryimage\"},\"thumbnailUrl\":\"http:\/\/esponsorama.ad\/wp-content\/uploads\/2019\/08\/10RCheca19MgpESPONSORAMA_JOC1670.jpg\",\"datePublished\":\"2019-08-07T18:42:35+00:00\",\"dateModified\":\"2019-08-07T19:05:16+00:00\",\"author\":{\"@id\":\"http:\/\/esponsorama.ad\/es\/#\/schema\/person\/a5cde74945183d737066e46b61c6f9c4\"},\"breadcrumb\":{\"@id\":\"http:\/\/esponsorama.ad\/es\/reale-avintia-racing-team-quiere-sacarse-la-espina-brno-2\/#breadcrumb\"},\"inLanguage\":\"es\",\"potentialAction\":[{\"@type\":\"ReadAction\",\"target\":[\"http:\/\/esponsorama.ad\/es\/reale-avintia-racing-team-quiere-sacarse-la-espina-brno-2\/\"]}]},{\"@type\":\"ImageObject\",\"inLanguage\":\"es\",\"@id\":\"http:\/\/esponsorama.ad\/es\/reale-avintia-racing-team-quiere-sacarse-la-espina-brno-2\/#primaryimage\",\"url\":\"http:\/\/esponsorama.ad\/wp-content\/uploads\/2019\/08\/10RCheca19MgpESPONSORAMA_JOC1670.jpg\",\"contentUrl\":\"http:\/\/esponsorama.ad\/wp-content\/uploads\/2019\/08\/10RCheca19MgpESPONSORAMA_JOC1670.jpg\",\"width\":5472,\"height\":3648,\"caption\":\"10 GP Republica Checa 1, 2, 3 y 4 de agosto de 2019. Circuito de Bron Rep\u00fablica Checa Motogp, MGP, Mgp, MotoGP\"},{\"@type\":\"BreadcrumbList\",\"@id\":\"http:\/\/esponsorama.ad\/es\/reale-avintia-racing-team-quiere-sacarse-la-espina-brno-2\/#breadcrumb\",\"itemListElement\":[{\"@type\":\"ListItem\",\"position\":1,\"name\":\"Home\",\"item\":\"http:\/\/esponsorama.ad\/es\/\"},{\"@type\":\"ListItem\",\"position\":2,\"name\":\"El Reale Avintia Racing Team quiere sacarse la espina en Brno\"}]},{\"@type\":\"WebSite\",\"@id\":\"http:\/\/esponsorama.ad\/es\/#website\",\"url\":\"http:\/\/esponsorama.ad\/es\/\",\"name\":\"Esponsorama\",\"description\":\"Specialist in motorsport sponsorship and event promotions\",\"potentialAction\":[{\"@type\":\"SearchAction\",\"target\":{\"@type\":\"EntryPoint\",\"urlTemplate\":\"http:\/\/esponsorama.ad\/es\/?s={search_term_string}\"},\"query-input\":{\"@type\":\"PropertyValueSpecification\",\"valueRequired\":true,\"valueName\":\"search_term_string\"}}],\"inLanguage\":\"es\"},{\"@type\":\"Person\",\"@id\":\"http:\/\/esponsorama.ad\/es\/#\/schema\/person\/a5cde74945183d737066e46b61c6f9c4\",\"name\":\"Xavi Andornet\",\"image\":{\"@type\":\"ImageObject\",\"inLanguage\":\"es\",\"@id\":\"http:\/\/esponsorama.ad\/es\/#\/schema\/person\/image\/\",\"url\":\"https:\/\/secure.gravatar.com\/avatar\/f10eaf9ad601244a2357c9fd7cd9805ed166cfaaf76d5d9ab08a9d873e70147a?s=96&d=mm&r=g\",\"contentUrl\":\"https:\/\/secure.gravatar.com\/avatar\/f10eaf9ad601244a2357c9fd7cd9805ed166cfaaf76d5d9ab08a9d873e70147a?s=96&d=mm&r=g\",\"caption\":\"Xavi Andornet\"},\"sameAs\":[\"http:\/\/www.andornet.ad\"],\"url\":\"http:\/\/esponsorama.ad\/es\/author\/andornet\/\"}]}<\/script>\n<!-- \/ Yoast SEO plugin. -->","yoast_head_json":{"title":"El Reale Avintia Racing Team quiere sacarse la espina en Brno - Esponsorama","robots":{"index":"index","follow":"follow","max-snippet":"max-snippet:-1","max-image-preview":"max-image-preview:large","max-video-preview":"max-video-preview:-1"},"canonical":"http:\/\/esponsorama.ad\/es\/reale-avintia-racing-team-quiere-sacarse-la-espina-brno-2\/","og_locale":"es_ES","og_type":"article","og_title":"El Reale Avintia Racing Team quiere sacarse la espina en Brno - Esponsorama","og_description":"Los pilotos del Reale Avintia Racing Team se marcharon sin puntos como recompensa de la cita de la semana pasada celebrada en el circuito de Brno. A partir del viernes tendr\u00e1n una nueva oportunidad de\u00a0luchar por los puntos con motivo de la\u00a0disputa de la\u00a0duod\u00e9cima\u00a0prueba del campeonato del mundo de MotoGP en el circuito de Speilberg [&hellip;]","og_url":"http:\/\/esponsorama.ad\/es\/reale-avintia-racing-team-quiere-sacarse-la-espina-brno-2\/","og_site_name":"Esponsorama","article_published_time":"2019-08-07T18:42:35+00:00","article_modified_time":"2019-08-07T19:05:16+00:00","og_image":[{"width":1024,"height":683,"url":"http:\/\/esponsorama.ad\/wp-content\/uploads\/2019\/08\/10RCheca19MgpESPONSORAMA_JOC1670-1024x683.jpg","type":"image\/jpeg"}],"author":"Xavi Andornet","twitter_card":"summary_large_image","twitter_misc":{"Escrito por":"Xavi Andornet","Tiempo de lectura":"1 minuto"},"schema":{"@context":"https:\/\/schema.org","@graph":[{"@type":"Article","@id":"http:\/\/esponsorama.ad\/es\/reale-avintia-racing-team-quiere-sacarse-la-espina-brno-2\/#article","isPartOf":{"@id":"http:\/\/esponsorama.ad\/es\/reale-avintia-racing-team-quiere-sacarse-la-espina-brno-2\/"},"author":{"name":"Xavi Andornet","@id":"http:\/\/esponsorama.ad\/es\/#\/schema\/person\/a5cde74945183d737066e46b61c6f9c4"},"headline":"El Reale Avintia Racing Team quiere sacarse la espina en Brno","datePublished":"2019-08-07T18:42:35+00:00","dateModified":"2019-08-07T19:05:16+00:00","mainEntityOfPage":{"@id":"http:\/\/esponsorama.ad\/es\/reale-avintia-racing-team-quiere-sacarse-la-espina-brno-2\/"},"wordCount":240,"image":{"@id":"http:\/\/esponsorama.ad\/es\/reale-avintia-racing-team-quiere-sacarse-la-espina-brno-2\/#primaryimage"},"thumbnailUrl":"http:\/\/esponsorama.ad\/wp-content\/uploads\/2019\/08\/10RCheca19MgpESPONSORAMA_JOC1670.jpg","keywords":["MotoGP","spielberg"],"articleSection":["MotoGP"],"inLanguage":"es"},{"@type":"WebPage","@id":"http:\/\/esponsorama.ad\/es\/reale-avintia-racing-team-quiere-sacarse-la-espina-brno-2\/","url":"http:\/\/esponsorama.ad\/es\/reale-avintia-racing-team-quiere-sacarse-la-espina-brno-2\/","name":"El Reale Avintia Racing Team quiere sacarse la espina en Brno - Esponsorama","isPartOf":{"@id":"http:\/\/esponsorama.ad\/es\/#website"},"primaryImageOfPage":{"@id":"http:\/\/esponsorama.ad\/es\/reale-avintia-racing-team-quiere-sacarse-la-espina-brno-2\/#primaryimage"},"image":{"@id":"http:\/\/esponsorama.ad\/es\/reale-avintia-racing-team-quiere-sacarse-la-espina-brno-2\/#primaryimage"},"thumbnailUrl":"http:\/\/esponsorama.ad\/wp-content\/uploads\/2019\/08\/10RCheca19MgpESPONSORAMA_JOC1670.jpg","datePublished":"2019-08-07T18:42:35+00:00","dateModified":"2019-08-07T19:05:16+00:00","author":{"@id":"http:\/\/esponsorama.ad\/es\/#\/schema\/person\/a5cde74945183d737066e46b61c6f9c4"},"breadcrumb":{"@id":"http:\/\/esponsorama.ad\/es\/reale-avintia-racing-team-quiere-sacarse-la-espina-brno-2\/#breadcrumb"},"inLanguage":"es","potentialAction":[{"@type":"ReadAction","target":["http:\/\/esponsorama.ad\/es\/reale-avintia-racing-team-quiere-sacarse-la-espina-brno-2\/"]}]},{"@type":"ImageObject","inLanguage":"es","@id":"http:\/\/esponsorama.ad\/es\/reale-avintia-racing-team-quiere-sacarse-la-espina-brno-2\/#primaryimage","url":"http:\/\/esponsorama.ad\/wp-content\/uploads\/2019\/08\/10RCheca19MgpESPONSORAMA_JOC1670.jpg","contentUrl":"http:\/\/esponsorama.ad\/wp-content\/uploads\/2019\/08\/10RCheca19MgpESPONSORAMA_JOC1670.jpg","width":5472,"height":3648,"caption":"10 GP Republica Checa 1, 2, 3 y 4 de agosto de 2019. Circuito de Bron Rep\u00fablica Checa Motogp, MGP, Mgp, MotoGP"},{"@type":"BreadcrumbList","@id":"http:\/\/esponsorama.ad\/es\/reale-avintia-racing-team-quiere-sacarse-la-espina-brno-2\/#breadcrumb","itemListElement":[{"@type":"ListItem","position":1,"name":"Home","item":"http:\/\/esponsorama.ad\/es\/"},{"@type":"ListItem","position":2,"name":"El Reale Avintia Racing Team quiere sacarse la espina en Brno"}]},{"@type":"WebSite","@id":"http:\/\/esponsorama.ad\/es\/#website","url":"http:\/\/esponsorama.ad\/es\/","name":"Esponsorama","description":"Specialist in motorsport sponsorship and event promotions","potentialAction":[{"@type":"SearchAction","target":{"@type":"EntryPoint","urlTemplate":"http:\/\/esponsorama.ad\/es\/?s={search_term_string}"},"query-input":{"@type":"PropertyValueSpecification","valueRequired":true,"valueName":"search_term_string"}}],"inLanguage":"es"},{"@type":"Person","@id":"http:\/\/esponsorama.ad\/es\/#\/schema\/person\/a5cde74945183d737066e46b61c6f9c4","name":"Xavi Andornet","image":{"@type":"ImageObject","inLanguage":"es","@id":"http:\/\/esponsorama.ad\/es\/#\/schema\/person\/image\/","url":"https:\/\/secure.gravatar.com\/avatar\/f10eaf9ad601244a2357c9fd7cd9805ed166cfaaf76d5d9ab08a9d873e70147a?s=96&d=mm&r=g","contentUrl":"https:\/\/secure.gravatar.com\/avatar\/f10eaf9ad601244a2357c9fd7cd9805ed166cfaaf76d5d9ab08a9d873e70147a?s=96&d=mm&r=g","caption":"Xavi Andornet"},"sameAs":["http:\/\/www.andornet.ad"],"url":"http:\/\/esponsorama.ad\/es\/author\/andornet\/"}]}},"_links":{"self":[{"href":"http:\/\/esponsorama.ad\/es\/wp-json\/wp\/v2\/posts\/15012","targetHints":{"allow":["GET"]}}],"collection":[{"href":"http:\/\/esponsorama.ad\/es\/wp-json\/wp\/v2\/posts"}],"about":[{"href":"http:\/\/esponsorama.ad\/es\/wp-json\/wp\/v2\/types\/post"}],"author":[{"embeddable":true,"href":"http:\/\/esponsorama.ad\/es\/wp-json\/wp\/v2\/users\/6"}],"replies":[{"embeddable":true,"href":"http:\/\/esponsorama.ad\/es\/wp-json\/wp\/v2\/comments?post=15012"}],"version-history":[{"count":0,"href":"http:\/\/esponsorama.ad\/es\/wp-json\/wp\/v2\/posts\/15012\/revisions"}],"wp:featuredmedia":[{"embeddable":true,"href":"http:\/\/esponsorama.ad\/es\/wp-json\/wp\/v2\/media\/15011"}],"wp:attachment":[{"href":"http:\/\/esponsorama.ad\/es\/wp-json\/wp\/v2\/media?parent=15012"}],"wp:term":[{"taxonomy":"category","embeddable":true,"href":"http:\/\/esponsorama.ad\/es\/wp-json\/wp\/v2\/categories?post=15012"},{"taxonomy":"post_tag","embeddable":true,"href":"http:\/\/esponsorama.ad\/es\/wp-json\/wp\/v2\/tags?post=15012"}],"curies":[{"name":"wp","href":"https:\/\/api.w.org\/{rel}","templated":true}]}}