{"id":15016,"date":"2019-08-07T22:02:33","date_gmt":"2019-08-07T20:02:33","guid":{"rendered":"http:\/\/esponsorama.ad\/?p=15016"},"modified":"2019-08-07T22:25:00","modified_gmt":"2019-08-07T20:25:00","slug":"los-pilotos-del-avintia-esponsorama-team-apuntan-alto-austria","status":"publish","type":"post","link":"http:\/\/esponsorama.ad\/es\/los-pilotos-del-avintia-esponsorama-team-apuntan-alto-austria\/","title":{"rendered":"Los pilotos del Avintia Esponsorama Racing apuntan alto en Austria"},"content":{"rendered":"<p>El mundial de MotoE est\u00e1 de vuelta con motivo del GP de Austria en el circuito de Spielberg donde se celebrar\u00e1 la segunda prueba de la temporada de la nueva categor\u00eda. Despu\u00e9s\u00a0del buen rendimiento demostrado en Sachsenring hace un mes cuando ambos entraron dentro del Top10, tanto Eric Granado como Xavier Simeon llegan a Austria con ilusi\u00f3n para afrontar un\u00a0nuevo fin de semana de competici\u00f3n.<\/p>\n\t\t\t\t\t<div class=\"rider-short\">\n\t\t\t\t<a href=\"http:\/\/esponsorama.ad\/es\/piloto\/eric-granado\/\"><img loading=\"lazy\" decoding=\"async\" width=\"300\" height=\"300\" src=\"http:\/\/esponsorama.ad\/wp-content\/uploads\/2018\/10\/numero-granado-comunicados-2018.png\" class=\"attachment-medium size-medium\" alt=\"\" srcset=\"http:\/\/esponsorama.ad\/wp-content\/uploads\/2018\/10\/numero-granado-comunicados-2018.png 300w, http:\/\/esponsorama.ad\/wp-content\/uploads\/2018\/10\/numero-granado-comunicados-2018-150x150.png 150w\" sizes=\"auto, (max-width: 300px) 100vw, 300px\" \/><\/a><div class=\"info\"><h3><a href=\"http:\/\/esponsorama.ad\/es\/piloto\/eric-granado\/\">Eric Granado<\/a><\/h3><div class=\"rrss\"><a target=\"_blank\" href=\"https:\/\/www.facebook.com\/PilotoEricGranado\/?ref=br_rs\"><i class=\"fa fa-facebook\"><\/i><\/a><a target=\"_blank\" href=\"https:\/\/twitter.com\/ericgranado\"><i class=\"fa fa-twitter\"><\/i><\/a><a target=\"_blank\" href=\"https:\/\/www.instagram.com\/ericgranado\/\"><i class=\"fa fa-instagram\"><\/i><\/a><\/div><\/div>\t\t\t\t\t<\/div>\n\t\t\t\t\n<p>\u00abEstoy bastante motivado, entre otras cosas porque no conozco el circuito de Austria y tengo muchas ganas de comenzar a trabajar con el equipo el viernes y poner la moto a punto para la carrera del domingo. Este fin de semana tendremos un entrenamiento m\u00e1s, lo cual es muy importante para mi por el hecho de no conocer el circuito. En Alemania, a pesar de no conseguir el\u00a0resultado que esper\u00e1bamos, tuvimos un gran ritmo y estoy contento con el nivel que demostramos as\u00ed y aqu\u00ed intentar\u00e9 ser competitivo de nuevo en la Super Pole y en carrera.\u00bb<\/p>\n\n<p>\u00abEstoy muy motivado y con ganas para esta segunda carrera. El del Red Bull Ring es totalmente opuesto al circuito de Sachsering donde corrimos la primera carrera porque este tiene muchas rectas. Ser\u00e1 una sorpresa ver c\u00f3mo se comportan las MotoE aqu\u00ed. En Sachsenring pude demostrar que soy competitivo con estas motos y espero serlo este fin de semana tambi\u00e9n donde el objetivo ser\u00e1 subir al podio.\u00bb<\/p>\n","protected":false},"excerpt":{"rendered":"<p>El mundial de MotoE est\u00e1 de vuelta con motivo del GP de Austria en el circuito de Spielberg donde se celebrar\u00e1 la segunda prueba de la temporada de la nueva categor\u00eda. Despu\u00e9s\u00a0del buen rendimiento demostrado en Sachsenring hace un mes cuando ambos entraron dentro del Top10, tanto Eric Granado como Xavier Simeon llegan a Austria [&hellip;]<\/p>\n","protected":false},"author":6,"featured_media":14937,"comment_status":"closed","ping_status":"closed","sticky":false,"template":"","format":"standard","meta":{"footnotes":""},"categories":[21],"tags":[60,59],"class_list":["post-15016","post","type-post","status-publish","format-standard","has-post-thumbnail","hentry","category-motoe","tag-motoe","tag-spielberg"],"yoast_head":"<!-- This site is optimized with the Yoast SEO plugin v27.1.1 - https:\/\/yoast.com\/product\/yoast-seo-wordpress\/ -->\n<title>Los pilotos del Avintia Esponsorama Racing apuntan alto en Austria - Esponsorama<\/title>\n<meta name=\"robots\" content=\"index, follow, max-snippet:-1, max-image-preview:large, max-video-preview:-1\" \/>\n<link rel=\"canonical\" href=\"http:\/\/esponsorama.ad\/es\/los-pilotos-del-avintia-esponsorama-team-apuntan-alto-austria\/\" \/>\n<meta property=\"og:locale\" content=\"es_ES\" \/>\n<meta property=\"og:type\" content=\"article\" \/>\n<meta property=\"og:title\" content=\"Los pilotos del Avintia Esponsorama Racing apuntan alto en Austria - Esponsorama\" \/>\n<meta property=\"og:description\" content=\"El mundial de MotoE est\u00e1 de vuelta con motivo del GP de Austria en el circuito de Spielberg donde se celebrar\u00e1 la segunda prueba de la temporada de la nueva categor\u00eda. Despu\u00e9s\u00a0del buen rendimiento demostrado en Sachsenring hace un mes cuando ambos entraron dentro del Top10, tanto Eric Granado como Xavier Simeon llegan a Austria [&hellip;]\" \/>\n<meta property=\"og:url\" content=\"http:\/\/esponsorama.ad\/es\/los-pilotos-del-avintia-esponsorama-team-apuntan-alto-austria\/\" \/>\n<meta property=\"og:site_name\" content=\"Esponsorama\" \/>\n<meta property=\"article:published_time\" content=\"2019-08-07T20:02:33+00:00\" \/>\n<meta property=\"article:modified_time\" content=\"2019-08-07T20:25:00+00:00\" \/>\n<meta property=\"og:image\" content=\"http:\/\/esponsorama.ad\/wp-content\/uploads\/2019\/07\/09Alemania19ME_Esponsorama_JOC3294-1024x683.jpg\" \/>\n\t<meta property=\"og:image:width\" content=\"1024\" \/>\n\t<meta property=\"og:image:height\" content=\"683\" \/>\n\t<meta property=\"og:image:type\" content=\"image\/jpeg\" \/>\n<meta name=\"author\" content=\"Xavi Andornet\" \/>\n<meta name=\"twitter:card\" content=\"summary_large_image\" \/>\n<meta name=\"twitter:label1\" content=\"Escrito por\" \/>\n\t<meta name=\"twitter:data1\" content=\"Xavi Andornet\" \/>\n\t<meta name=\"twitter:label2\" content=\"Tiempo de lectura\" \/>\n\t<meta name=\"twitter:data2\" content=\"1 minuto\" \/>\n<script type=\"application\/ld+json\" class=\"yoast-schema-graph\">{\"@context\":\"https:\/\/schema.org\",\"@graph\":[{\"@type\":\"Article\",\"@id\":\"http:\/\/esponsorama.ad\/es\/los-pilotos-del-avintia-esponsorama-team-apuntan-alto-austria\/#article\",\"isPartOf\":{\"@id\":\"http:\/\/esponsorama.ad\/es\/los-pilotos-del-avintia-esponsorama-team-apuntan-alto-austria\/\"},\"author\":{\"name\":\"Xavi Andornet\",\"@id\":\"http:\/\/esponsorama.ad\/es\/#\/schema\/person\/a5cde74945183d737066e46b61c6f9c4\"},\"headline\":\"Los pilotos del Avintia Esponsorama Racing apuntan alto en Austria\",\"datePublished\":\"2019-08-07T20:02:33+00:00\",\"dateModified\":\"2019-08-07T20:25:00+00:00\",\"mainEntityOfPage\":{\"@id\":\"http:\/\/esponsorama.ad\/es\/los-pilotos-del-avintia-esponsorama-team-apuntan-alto-austria\/\"},\"wordCount\":254,\"image\":{\"@id\":\"http:\/\/esponsorama.ad\/es\/los-pilotos-del-avintia-esponsorama-team-apuntan-alto-austria\/#primaryimage\"},\"thumbnailUrl\":\"http:\/\/esponsorama.ad\/wp-content\/uploads\/2019\/07\/09Alemania19ME_Esponsorama_JOC3294.jpg\",\"keywords\":[\"motoe\",\"spielberg\"],\"articleSection\":[\"MotoE\"],\"inLanguage\":\"es\"},{\"@type\":\"WebPage\",\"@id\":\"http:\/\/esponsorama.ad\/es\/los-pilotos-del-avintia-esponsorama-team-apuntan-alto-austria\/\",\"url\":\"http:\/\/esponsorama.ad\/es\/los-pilotos-del-avintia-esponsorama-team-apuntan-alto-austria\/\",\"name\":\"Los pilotos del Avintia Esponsorama Racing apuntan alto en Austria - Esponsorama\",\"isPartOf\":{\"@id\":\"http:\/\/esponsorama.ad\/es\/#website\"},\"primaryImageOfPage\":{\"@id\":\"http:\/\/esponsorama.ad\/es\/los-pilotos-del-avintia-esponsorama-team-apuntan-alto-austria\/#primaryimage\"},\"image\":{\"@id\":\"http:\/\/esponsorama.ad\/es\/los-pilotos-del-avintia-esponsorama-team-apuntan-alto-austria\/#primaryimage\"},\"thumbnailUrl\":\"http:\/\/esponsorama.ad\/wp-content\/uploads\/2019\/07\/09Alemania19ME_Esponsorama_JOC3294.jpg\",\"datePublished\":\"2019-08-07T20:02:33+00:00\",\"dateModified\":\"2019-08-07T20:25:00+00:00\",\"author\":{\"@id\":\"http:\/\/esponsorama.ad\/es\/#\/schema\/person\/a5cde74945183d737066e46b61c6f9c4\"},\"breadcrumb\":{\"@id\":\"http:\/\/esponsorama.ad\/es\/los-pilotos-del-avintia-esponsorama-team-apuntan-alto-austria\/#breadcrumb\"},\"inLanguage\":\"es\",\"potentialAction\":[{\"@type\":\"ReadAction\",\"target\":[\"http:\/\/esponsorama.ad\/es\/los-pilotos-del-avintia-esponsorama-team-apuntan-alto-austria\/\"]}]},{\"@type\":\"ImageObject\",\"inLanguage\":\"es\",\"@id\":\"http:\/\/esponsorama.ad\/es\/los-pilotos-del-avintia-esponsorama-team-apuntan-alto-austria\/#primaryimage\",\"url\":\"http:\/\/esponsorama.ad\/wp-content\/uploads\/2019\/07\/09Alemania19ME_Esponsorama_JOC3294.jpg\",\"contentUrl\":\"http:\/\/esponsorama.ad\/wp-content\/uploads\/2019\/07\/09Alemania19ME_Esponsorama_JOC3294.jpg\",\"width\":5472,\"height\":3648,\"caption\":\"09 GP Alemania 4, 5, 6 y 7 de julio de 2019. Circuito de Sachsengring, ALEMANIA Motogp, MGP, Mgp, MotoGP\"},{\"@type\":\"BreadcrumbList\",\"@id\":\"http:\/\/esponsorama.ad\/es\/los-pilotos-del-avintia-esponsorama-team-apuntan-alto-austria\/#breadcrumb\",\"itemListElement\":[{\"@type\":\"ListItem\",\"position\":1,\"name\":\"Home\",\"item\":\"http:\/\/esponsorama.ad\/es\/\"},{\"@type\":\"ListItem\",\"position\":2,\"name\":\"Los pilotos del Avintia Esponsorama Racing apuntan alto en Austria\"}]},{\"@type\":\"WebSite\",\"@id\":\"http:\/\/esponsorama.ad\/es\/#website\",\"url\":\"http:\/\/esponsorama.ad\/es\/\",\"name\":\"Esponsorama\",\"description\":\"Specialist in motorsport sponsorship and event promotions\",\"potentialAction\":[{\"@type\":\"SearchAction\",\"target\":{\"@type\":\"EntryPoint\",\"urlTemplate\":\"http:\/\/esponsorama.ad\/es\/?s={search_term_string}\"},\"query-input\":{\"@type\":\"PropertyValueSpecification\",\"valueRequired\":true,\"valueName\":\"search_term_string\"}}],\"inLanguage\":\"es\"},{\"@type\":\"Person\",\"@id\":\"http:\/\/esponsorama.ad\/es\/#\/schema\/person\/a5cde74945183d737066e46b61c6f9c4\",\"name\":\"Xavi Andornet\",\"image\":{\"@type\":\"ImageObject\",\"inLanguage\":\"es\",\"@id\":\"http:\/\/esponsorama.ad\/es\/#\/schema\/person\/image\/\",\"url\":\"https:\/\/secure.gravatar.com\/avatar\/f10eaf9ad601244a2357c9fd7cd9805ed166cfaaf76d5d9ab08a9d873e70147a?s=96&d=mm&r=g\",\"contentUrl\":\"https:\/\/secure.gravatar.com\/avatar\/f10eaf9ad601244a2357c9fd7cd9805ed166cfaaf76d5d9ab08a9d873e70147a?s=96&d=mm&r=g\",\"caption\":\"Xavi Andornet\"},\"sameAs\":[\"http:\/\/www.andornet.ad\"],\"url\":\"http:\/\/esponsorama.ad\/es\/author\/andornet\/\"}]}<\/script>\n<!-- \/ Yoast SEO plugin. -->","yoast_head_json":{"title":"Los pilotos del Avintia Esponsorama Racing apuntan alto en Austria - Esponsorama","robots":{"index":"index","follow":"follow","max-snippet":"max-snippet:-1","max-image-preview":"max-image-preview:large","max-video-preview":"max-video-preview:-1"},"canonical":"http:\/\/esponsorama.ad\/es\/los-pilotos-del-avintia-esponsorama-team-apuntan-alto-austria\/","og_locale":"es_ES","og_type":"article","og_title":"Los pilotos del Avintia Esponsorama Racing apuntan alto en Austria - Esponsorama","og_description":"El mundial de MotoE est\u00e1 de vuelta con motivo del GP de Austria en el circuito de Spielberg donde se celebrar\u00e1 la segunda prueba de la temporada de la nueva categor\u00eda. Despu\u00e9s\u00a0del buen rendimiento demostrado en Sachsenring hace un mes cuando ambos entraron dentro del Top10, tanto Eric Granado como Xavier Simeon llegan a Austria [&hellip;]","og_url":"http:\/\/esponsorama.ad\/es\/los-pilotos-del-avintia-esponsorama-team-apuntan-alto-austria\/","og_site_name":"Esponsorama","article_published_time":"2019-08-07T20:02:33+00:00","article_modified_time":"2019-08-07T20:25:00+00:00","og_image":[{"width":1024,"height":683,"url":"http:\/\/esponsorama.ad\/wp-content\/uploads\/2019\/07\/09Alemania19ME_Esponsorama_JOC3294-1024x683.jpg","type":"image\/jpeg"}],"author":"Xavi Andornet","twitter_card":"summary_large_image","twitter_misc":{"Escrito por":"Xavi Andornet","Tiempo de lectura":"1 minuto"},"schema":{"@context":"https:\/\/schema.org","@graph":[{"@type":"Article","@id":"http:\/\/esponsorama.ad\/es\/los-pilotos-del-avintia-esponsorama-team-apuntan-alto-austria\/#article","isPartOf":{"@id":"http:\/\/esponsorama.ad\/es\/los-pilotos-del-avintia-esponsorama-team-apuntan-alto-austria\/"},"author":{"name":"Xavi Andornet","@id":"http:\/\/esponsorama.ad\/es\/#\/schema\/person\/a5cde74945183d737066e46b61c6f9c4"},"headline":"Los pilotos del Avintia Esponsorama Racing apuntan alto en Austria","datePublished":"2019-08-07T20:02:33+00:00","dateModified":"2019-08-07T20:25:00+00:00","mainEntityOfPage":{"@id":"http:\/\/esponsorama.ad\/es\/los-pilotos-del-avintia-esponsorama-team-apuntan-alto-austria\/"},"wordCount":254,"image":{"@id":"http:\/\/esponsorama.ad\/es\/los-pilotos-del-avintia-esponsorama-team-apuntan-alto-austria\/#primaryimage"},"thumbnailUrl":"http:\/\/esponsorama.ad\/wp-content\/uploads\/2019\/07\/09Alemania19ME_Esponsorama_JOC3294.jpg","keywords":["motoe","spielberg"],"articleSection":["MotoE"],"inLanguage":"es"},{"@type":"WebPage","@id":"http:\/\/esponsorama.ad\/es\/los-pilotos-del-avintia-esponsorama-team-apuntan-alto-austria\/","url":"http:\/\/esponsorama.ad\/es\/los-pilotos-del-avintia-esponsorama-team-apuntan-alto-austria\/","name":"Los pilotos del Avintia Esponsorama Racing apuntan alto en Austria - Esponsorama","isPartOf":{"@id":"http:\/\/esponsorama.ad\/es\/#website"},"primaryImageOfPage":{"@id":"http:\/\/esponsorama.ad\/es\/los-pilotos-del-avintia-esponsorama-team-apuntan-alto-austria\/#primaryimage"},"image":{"@id":"http:\/\/esponsorama.ad\/es\/los-pilotos-del-avintia-esponsorama-team-apuntan-alto-austria\/#primaryimage"},"thumbnailUrl":"http:\/\/esponsorama.ad\/wp-content\/uploads\/2019\/07\/09Alemania19ME_Esponsorama_JOC3294.jpg","datePublished":"2019-08-07T20:02:33+00:00","dateModified":"2019-08-07T20:25:00+00:00","author":{"@id":"http:\/\/esponsorama.ad\/es\/#\/schema\/person\/a5cde74945183d737066e46b61c6f9c4"},"breadcrumb":{"@id":"http:\/\/esponsorama.ad\/es\/los-pilotos-del-avintia-esponsorama-team-apuntan-alto-austria\/#breadcrumb"},"inLanguage":"es","potentialAction":[{"@type":"ReadAction","target":["http:\/\/esponsorama.ad\/es\/los-pilotos-del-avintia-esponsorama-team-apuntan-alto-austria\/"]}]},{"@type":"ImageObject","inLanguage":"es","@id":"http:\/\/esponsorama.ad\/es\/los-pilotos-del-avintia-esponsorama-team-apuntan-alto-austria\/#primaryimage","url":"http:\/\/esponsorama.ad\/wp-content\/uploads\/2019\/07\/09Alemania19ME_Esponsorama_JOC3294.jpg","contentUrl":"http:\/\/esponsorama.ad\/wp-content\/uploads\/2019\/07\/09Alemania19ME_Esponsorama_JOC3294.jpg","width":5472,"height":3648,"caption":"09 GP Alemania 4, 5, 6 y 7 de julio de 2019. Circuito de Sachsengring, ALEMANIA Motogp, MGP, Mgp, MotoGP"},{"@type":"BreadcrumbList","@id":"http:\/\/esponsorama.ad\/es\/los-pilotos-del-avintia-esponsorama-team-apuntan-alto-austria\/#breadcrumb","itemListElement":[{"@type":"ListItem","position":1,"name":"Home","item":"http:\/\/esponsorama.ad\/es\/"},{"@type":"ListItem","position":2,"name":"Los pilotos del Avintia Esponsorama Racing apuntan alto en Austria"}]},{"@type":"WebSite","@id":"http:\/\/esponsorama.ad\/es\/#website","url":"http:\/\/esponsorama.ad\/es\/","name":"Esponsorama","description":"Specialist in motorsport sponsorship and event promotions","potentialAction":[{"@type":"SearchAction","target":{"@type":"EntryPoint","urlTemplate":"http:\/\/esponsorama.ad\/es\/?s={search_term_string}"},"query-input":{"@type":"PropertyValueSpecification","valueRequired":true,"valueName":"search_term_string"}}],"inLanguage":"es"},{"@type":"Person","@id":"http:\/\/esponsorama.ad\/es\/#\/schema\/person\/a5cde74945183d737066e46b61c6f9c4","name":"Xavi Andornet","image":{"@type":"ImageObject","inLanguage":"es","@id":"http:\/\/esponsorama.ad\/es\/#\/schema\/person\/image\/","url":"https:\/\/secure.gravatar.com\/avatar\/f10eaf9ad601244a2357c9fd7cd9805ed166cfaaf76d5d9ab08a9d873e70147a?s=96&d=mm&r=g","contentUrl":"https:\/\/secure.gravatar.com\/avatar\/f10eaf9ad601244a2357c9fd7cd9805ed166cfaaf76d5d9ab08a9d873e70147a?s=96&d=mm&r=g","caption":"Xavi Andornet"},"sameAs":["http:\/\/www.andornet.ad"],"url":"http:\/\/esponsorama.ad\/es\/author\/andornet\/"}]}},"_links":{"self":[{"href":"http:\/\/esponsorama.ad\/es\/wp-json\/wp\/v2\/posts\/15016","targetHints":{"allow":["GET"]}}],"collection":[{"href":"http:\/\/esponsorama.ad\/es\/wp-json\/wp\/v2\/posts"}],"about":[{"href":"http:\/\/esponsorama.ad\/es\/wp-json\/wp\/v2\/types\/post"}],"author":[{"embeddable":true,"href":"http:\/\/esponsorama.ad\/es\/wp-json\/wp\/v2\/users\/6"}],"replies":[{"embeddable":true,"href":"http:\/\/esponsorama.ad\/es\/wp-json\/wp\/v2\/comments?post=15016"}],"version-history":[{"count":0,"href":"http:\/\/esponsorama.ad\/es\/wp-json\/wp\/v2\/posts\/15016\/revisions"}],"wp:featuredmedia":[{"embeddable":true,"href":"http:\/\/esponsorama.ad\/es\/wp-json\/wp\/v2\/media\/14937"}],"wp:attachment":[{"href":"http:\/\/esponsorama.ad\/es\/wp-json\/wp\/v2\/media?parent=15016"}],"wp:term":[{"taxonomy":"category","embeddable":true,"href":"http:\/\/esponsorama.ad\/es\/wp-json\/wp\/v2\/categories?post=15016"},{"taxonomy":"post_tag","embeddable":true,"href":"http:\/\/esponsorama.ad\/es\/wp-json\/wp\/v2\/tags?post=15016"}],"curies":[{"name":"wp","href":"https:\/\/api.w.org\/{rel}","templated":true}]}}