{"id":15036,"date":"2019-08-11T14:19:48","date_gmt":"2019-08-11T12:19:48","guid":{"rendered":"http:\/\/esponsorama.ad\/?p=15036"},"modified":"2019-08-11T15:33:26","modified_gmt":"2019-08-11T13:33:26","slug":"cara-cruz-avintia-esponsorama-racing-austria","status":"publish","type":"post","link":"http:\/\/esponsorama.ad\/es\/cara-cruz-avintia-esponsorama-racing-austria\/","title":{"rendered":"Cara y cruz para el Avintia Esponsorama Racing en Austria"},"content":{"rendered":"<p>Los pilotos de MotoE se encontraron con la pista h\u00fameda y de ah\u00ed que la carrera fuese declarada en mojado lo cual era gran inc\u00f3gnita porque nadie hab\u00eda rodado hasta entonces en esas condiciones con las motos el\u00e9ctricas en Austria.<\/p>\n<p>Xavier Simeon realiz\u00f3 una buena salida manteni\u00e9ndose segundo a rueda del primero mientras que Eric Granado hizo una gran remontada desde la novena posici\u00f3n hasta llegar a liderar en la segunda vuelta. Por desgracia, Granado se ir\u00eda al suelo en la curva tres cuando ya hab\u00eda conseguido unos metros de ventaja sobre el segundo clasificado. Por su parte Xavier Simeon se hab\u00eda visto superado por Hector Garz\u00f3 y rodaba tercero pero la ca\u00edda del propio Garz\u00f3 le hizo volver a la segunda posici\u00f3n en la que finaliz\u00f3 para conseguir el primer podio en MotoE para el Avintia Esponsorama Racing.<\/p>\n\n<p>\u00abEstoy muy contento, ha sido un fin de semana casi perfecto porque hemos demostrado nuestra velocidad en todas las condiciones. El equipo ha hecho un gran trabajo, me he divertido much\u00edsimo y espero poder seguir igual en Misano\u00bb.<\/p>\n\t\t\t\t\t<div class=\"rider-short\">\n\t\t\t\t<a href=\"http:\/\/esponsorama.ad\/es\/piloto\/eric-granado\/\"><img loading=\"lazy\" decoding=\"async\" width=\"300\" height=\"300\" src=\"http:\/\/esponsorama.ad\/wp-content\/uploads\/2018\/10\/numero-granado-comunicados-2018.png\" class=\"attachment-medium size-medium\" alt=\"\" srcset=\"http:\/\/esponsorama.ad\/wp-content\/uploads\/2018\/10\/numero-granado-comunicados-2018.png 300w, http:\/\/esponsorama.ad\/wp-content\/uploads\/2018\/10\/numero-granado-comunicados-2018-150x150.png 150w\" sizes=\"auto, (max-width: 300px) 100vw, 300px\" \/><\/a><div class=\"info\"><h3><a href=\"http:\/\/esponsorama.ad\/es\/piloto\/eric-granado\/\">Eric Granado<\/a> | DNF<\/h3><div class=\"rrss\"><a target=\"_blank\" href=\"https:\/\/www.facebook.com\/PilotoEricGranado\/?ref=br_rs\"><i class=\"fa fa-facebook\"><\/i><\/a><a target=\"_blank\" href=\"https:\/\/twitter.com\/ericgranado\"><i class=\"fa fa-twitter\"><\/i><\/a><a target=\"_blank\" href=\"https:\/\/www.instagram.com\/ericgranado\/\"><i class=\"fa fa-instagram\"><\/i><\/a><\/div><\/div>\t\t\t\t\t<\/div>\n\t\t\t\t\n<p>\u00abHe salido bastante bien, he podido ir muy r\u00e1pido al principio. He intentado controlar cuando me he puesto primero y la verdad es que iba muy bien pero tuve un fallo imperdonable. La moto se me ha ido hacia afuera y cuando he tocado el piano no he podido evitar la ca\u00edda. Es una pena acabar as\u00ed en una carrera en la que podr\u00eda haber ganado. Quiero pedir perd\u00f3n al equipo y espero darle la vuelta a la situaci\u00f3n en la pr\u00f3xima carrera en Misano\u00bb.<\/p>\n","protected":false},"excerpt":{"rendered":"<p>Los pilotos de MotoE se encontraron con la pista h\u00fameda y de ah\u00ed que la carrera fuese declarada en mojado lo cual era gran inc\u00f3gnita porque nadie hab\u00eda rodado hasta entonces en esas condiciones con las motos el\u00e9ctricas en Austria. Xavier Simeon realiz\u00f3 una buena salida manteni\u00e9ndose segundo a rueda del primero mientras que Eric [&hellip;]<\/p>\n","protected":false},"author":6,"featured_media":15039,"comment_status":"closed","ping_status":"closed","sticky":false,"template":"","format":"standard","meta":{"footnotes":""},"categories":[21],"tags":[61,60],"class_list":["post-15036","post","type-post","status-publish","format-standard","has-post-thumbnail","hentry","category-motoe","tag-austria","tag-motoe"],"yoast_head":"<!-- This site is optimized with the Yoast SEO plugin v27.1.1 - https:\/\/yoast.com\/product\/yoast-seo-wordpress\/ -->\n<title>Cara y cruz para el Avintia Esponsorama Racing en Austria - Esponsorama<\/title>\n<meta name=\"robots\" content=\"index, follow, max-snippet:-1, max-image-preview:large, max-video-preview:-1\" \/>\n<link rel=\"canonical\" href=\"http:\/\/esponsorama.ad\/es\/cara-cruz-avintia-esponsorama-racing-austria\/\" \/>\n<meta property=\"og:locale\" content=\"es_ES\" \/>\n<meta property=\"og:type\" content=\"article\" \/>\n<meta property=\"og:title\" content=\"Cara y cruz para el Avintia Esponsorama Racing en Austria - Esponsorama\" \/>\n<meta property=\"og:description\" content=\"Los pilotos de MotoE se encontraron con la pista h\u00fameda y de ah\u00ed que la carrera fuese declarada en mojado lo cual era gran inc\u00f3gnita porque nadie hab\u00eda rodado hasta entonces en esas condiciones con las motos el\u00e9ctricas en Austria. Xavier Simeon realiz\u00f3 una buena salida manteni\u00e9ndose segundo a rueda del primero mientras que Eric [&hellip;]\" \/>\n<meta property=\"og:url\" content=\"http:\/\/esponsorama.ad\/es\/cara-cruz-avintia-esponsorama-racing-austria\/\" \/>\n<meta property=\"og:site_name\" content=\"Esponsorama\" \/>\n<meta property=\"article:published_time\" content=\"2019-08-11T12:19:48+00:00\" \/>\n<meta property=\"article:modified_time\" content=\"2019-08-11T13:33:26+00:00\" \/>\n<meta property=\"og:image\" content=\"http:\/\/esponsorama.ad\/wp-content\/uploads\/2019\/08\/11Austria19MeESPONSORAMA_JOC4744-1024x683.jpg\" \/>\n\t<meta property=\"og:image:width\" content=\"1024\" \/>\n\t<meta property=\"og:image:height\" content=\"683\" \/>\n\t<meta property=\"og:image:type\" content=\"image\/jpeg\" \/>\n<meta name=\"author\" content=\"Xavi Andornet\" \/>\n<meta name=\"twitter:card\" content=\"summary_large_image\" \/>\n<meta name=\"twitter:label1\" content=\"Escrito por\" \/>\n\t<meta name=\"twitter:data1\" content=\"Xavi Andornet\" \/>\n\t<meta name=\"twitter:label2\" content=\"Tiempo de lectura\" \/>\n\t<meta name=\"twitter:data2\" content=\"1 minuto\" \/>\n<script type=\"application\/ld+json\" class=\"yoast-schema-graph\">{\"@context\":\"https:\/\/schema.org\",\"@graph\":[{\"@type\":\"Article\",\"@id\":\"http:\/\/esponsorama.ad\/es\/cara-cruz-avintia-esponsorama-racing-austria\/#article\",\"isPartOf\":{\"@id\":\"http:\/\/esponsorama.ad\/es\/cara-cruz-avintia-esponsorama-racing-austria\/\"},\"author\":{\"name\":\"Xavi Andornet\",\"@id\":\"http:\/\/esponsorama.ad\/es\/#\/schema\/person\/a5cde74945183d737066e46b61c6f9c4\"},\"headline\":\"Cara y cruz para el Avintia Esponsorama Racing en Austria\",\"datePublished\":\"2019-08-11T12:19:48+00:00\",\"dateModified\":\"2019-08-11T13:33:26+00:00\",\"mainEntityOfPage\":{\"@id\":\"http:\/\/esponsorama.ad\/es\/cara-cruz-avintia-esponsorama-racing-austria\/\"},\"wordCount\":297,\"image\":{\"@id\":\"http:\/\/esponsorama.ad\/es\/cara-cruz-avintia-esponsorama-racing-austria\/#primaryimage\"},\"thumbnailUrl\":\"http:\/\/esponsorama.ad\/wp-content\/uploads\/2019\/08\/11Austria19MeESPONSORAMA_JOC4744.jpg\",\"keywords\":[\"austria\",\"motoe\"],\"articleSection\":[\"MotoE\"],\"inLanguage\":\"es\"},{\"@type\":\"WebPage\",\"@id\":\"http:\/\/esponsorama.ad\/es\/cara-cruz-avintia-esponsorama-racing-austria\/\",\"url\":\"http:\/\/esponsorama.ad\/es\/cara-cruz-avintia-esponsorama-racing-austria\/\",\"name\":\"Cara y cruz para el Avintia Esponsorama Racing en Austria - Esponsorama\",\"isPartOf\":{\"@id\":\"http:\/\/esponsorama.ad\/es\/#website\"},\"primaryImageOfPage\":{\"@id\":\"http:\/\/esponsorama.ad\/es\/cara-cruz-avintia-esponsorama-racing-austria\/#primaryimage\"},\"image\":{\"@id\":\"http:\/\/esponsorama.ad\/es\/cara-cruz-avintia-esponsorama-racing-austria\/#primaryimage\"},\"thumbnailUrl\":\"http:\/\/esponsorama.ad\/wp-content\/uploads\/2019\/08\/11Austria19MeESPONSORAMA_JOC4744.jpg\",\"datePublished\":\"2019-08-11T12:19:48+00:00\",\"dateModified\":\"2019-08-11T13:33:26+00:00\",\"author\":{\"@id\":\"http:\/\/esponsorama.ad\/es\/#\/schema\/person\/a5cde74945183d737066e46b61c6f9c4\"},\"breadcrumb\":{\"@id\":\"http:\/\/esponsorama.ad\/es\/cara-cruz-avintia-esponsorama-racing-austria\/#breadcrumb\"},\"inLanguage\":\"es\",\"potentialAction\":[{\"@type\":\"ReadAction\",\"target\":[\"http:\/\/esponsorama.ad\/es\/cara-cruz-avintia-esponsorama-racing-austria\/\"]}]},{\"@type\":\"ImageObject\",\"inLanguage\":\"es\",\"@id\":\"http:\/\/esponsorama.ad\/es\/cara-cruz-avintia-esponsorama-racing-austria\/#primaryimage\",\"url\":\"http:\/\/esponsorama.ad\/wp-content\/uploads\/2019\/08\/11Austria19MeESPONSORAMA_JOC4744.jpg\",\"contentUrl\":\"http:\/\/esponsorama.ad\/wp-content\/uploads\/2019\/08\/11Austria19MeESPONSORAMA_JOC4744.jpg\",\"width\":5472,\"height\":3648,\"caption\":\"11 Austria GP 8, 9, 10 y 11 de agosto de 2019, circuito de RedBull Ring, Spielberg, AUSTRIA Motogp, MGP, Mgp, MotoGP\"},{\"@type\":\"BreadcrumbList\",\"@id\":\"http:\/\/esponsorama.ad\/es\/cara-cruz-avintia-esponsorama-racing-austria\/#breadcrumb\",\"itemListElement\":[{\"@type\":\"ListItem\",\"position\":1,\"name\":\"Home\",\"item\":\"http:\/\/esponsorama.ad\/es\/\"},{\"@type\":\"ListItem\",\"position\":2,\"name\":\"Cara y cruz para el Avintia Esponsorama Racing en Austria\"}]},{\"@type\":\"WebSite\",\"@id\":\"http:\/\/esponsorama.ad\/es\/#website\",\"url\":\"http:\/\/esponsorama.ad\/es\/\",\"name\":\"Esponsorama\",\"description\":\"Specialist in motorsport sponsorship and event promotions\",\"potentialAction\":[{\"@type\":\"SearchAction\",\"target\":{\"@type\":\"EntryPoint\",\"urlTemplate\":\"http:\/\/esponsorama.ad\/es\/?s={search_term_string}\"},\"query-input\":{\"@type\":\"PropertyValueSpecification\",\"valueRequired\":true,\"valueName\":\"search_term_string\"}}],\"inLanguage\":\"es\"},{\"@type\":\"Person\",\"@id\":\"http:\/\/esponsorama.ad\/es\/#\/schema\/person\/a5cde74945183d737066e46b61c6f9c4\",\"name\":\"Xavi Andornet\",\"image\":{\"@type\":\"ImageObject\",\"inLanguage\":\"es\",\"@id\":\"http:\/\/esponsorama.ad\/es\/#\/schema\/person\/image\/\",\"url\":\"https:\/\/secure.gravatar.com\/avatar\/f10eaf9ad601244a2357c9fd7cd9805ed166cfaaf76d5d9ab08a9d873e70147a?s=96&d=mm&r=g\",\"contentUrl\":\"https:\/\/secure.gravatar.com\/avatar\/f10eaf9ad601244a2357c9fd7cd9805ed166cfaaf76d5d9ab08a9d873e70147a?s=96&d=mm&r=g\",\"caption\":\"Xavi Andornet\"},\"sameAs\":[\"http:\/\/www.andornet.ad\"],\"url\":\"http:\/\/esponsorama.ad\/es\/author\/andornet\/\"}]}<\/script>\n<!-- \/ Yoast SEO plugin. -->","yoast_head_json":{"title":"Cara y cruz para el Avintia Esponsorama Racing en Austria - Esponsorama","robots":{"index":"index","follow":"follow","max-snippet":"max-snippet:-1","max-image-preview":"max-image-preview:large","max-video-preview":"max-video-preview:-1"},"canonical":"http:\/\/esponsorama.ad\/es\/cara-cruz-avintia-esponsorama-racing-austria\/","og_locale":"es_ES","og_type":"article","og_title":"Cara y cruz para el Avintia Esponsorama Racing en Austria - Esponsorama","og_description":"Los pilotos de MotoE se encontraron con la pista h\u00fameda y de ah\u00ed que la carrera fuese declarada en mojado lo cual era gran inc\u00f3gnita porque nadie hab\u00eda rodado hasta entonces en esas condiciones con las motos el\u00e9ctricas en Austria. Xavier Simeon realiz\u00f3 una buena salida manteni\u00e9ndose segundo a rueda del primero mientras que Eric [&hellip;]","og_url":"http:\/\/esponsorama.ad\/es\/cara-cruz-avintia-esponsorama-racing-austria\/","og_site_name":"Esponsorama","article_published_time":"2019-08-11T12:19:48+00:00","article_modified_time":"2019-08-11T13:33:26+00:00","og_image":[{"width":1024,"height":683,"url":"http:\/\/esponsorama.ad\/wp-content\/uploads\/2019\/08\/11Austria19MeESPONSORAMA_JOC4744-1024x683.jpg","type":"image\/jpeg"}],"author":"Xavi Andornet","twitter_card":"summary_large_image","twitter_misc":{"Escrito por":"Xavi Andornet","Tiempo de lectura":"1 minuto"},"schema":{"@context":"https:\/\/schema.org","@graph":[{"@type":"Article","@id":"http:\/\/esponsorama.ad\/es\/cara-cruz-avintia-esponsorama-racing-austria\/#article","isPartOf":{"@id":"http:\/\/esponsorama.ad\/es\/cara-cruz-avintia-esponsorama-racing-austria\/"},"author":{"name":"Xavi Andornet","@id":"http:\/\/esponsorama.ad\/es\/#\/schema\/person\/a5cde74945183d737066e46b61c6f9c4"},"headline":"Cara y cruz para el Avintia Esponsorama Racing en Austria","datePublished":"2019-08-11T12:19:48+00:00","dateModified":"2019-08-11T13:33:26+00:00","mainEntityOfPage":{"@id":"http:\/\/esponsorama.ad\/es\/cara-cruz-avintia-esponsorama-racing-austria\/"},"wordCount":297,"image":{"@id":"http:\/\/esponsorama.ad\/es\/cara-cruz-avintia-esponsorama-racing-austria\/#primaryimage"},"thumbnailUrl":"http:\/\/esponsorama.ad\/wp-content\/uploads\/2019\/08\/11Austria19MeESPONSORAMA_JOC4744.jpg","keywords":["austria","motoe"],"articleSection":["MotoE"],"inLanguage":"es"},{"@type":"WebPage","@id":"http:\/\/esponsorama.ad\/es\/cara-cruz-avintia-esponsorama-racing-austria\/","url":"http:\/\/esponsorama.ad\/es\/cara-cruz-avintia-esponsorama-racing-austria\/","name":"Cara y cruz para el Avintia Esponsorama Racing en Austria - Esponsorama","isPartOf":{"@id":"http:\/\/esponsorama.ad\/es\/#website"},"primaryImageOfPage":{"@id":"http:\/\/esponsorama.ad\/es\/cara-cruz-avintia-esponsorama-racing-austria\/#primaryimage"},"image":{"@id":"http:\/\/esponsorama.ad\/es\/cara-cruz-avintia-esponsorama-racing-austria\/#primaryimage"},"thumbnailUrl":"http:\/\/esponsorama.ad\/wp-content\/uploads\/2019\/08\/11Austria19MeESPONSORAMA_JOC4744.jpg","datePublished":"2019-08-11T12:19:48+00:00","dateModified":"2019-08-11T13:33:26+00:00","author":{"@id":"http:\/\/esponsorama.ad\/es\/#\/schema\/person\/a5cde74945183d737066e46b61c6f9c4"},"breadcrumb":{"@id":"http:\/\/esponsorama.ad\/es\/cara-cruz-avintia-esponsorama-racing-austria\/#breadcrumb"},"inLanguage":"es","potentialAction":[{"@type":"ReadAction","target":["http:\/\/esponsorama.ad\/es\/cara-cruz-avintia-esponsorama-racing-austria\/"]}]},{"@type":"ImageObject","inLanguage":"es","@id":"http:\/\/esponsorama.ad\/es\/cara-cruz-avintia-esponsorama-racing-austria\/#primaryimage","url":"http:\/\/esponsorama.ad\/wp-content\/uploads\/2019\/08\/11Austria19MeESPONSORAMA_JOC4744.jpg","contentUrl":"http:\/\/esponsorama.ad\/wp-content\/uploads\/2019\/08\/11Austria19MeESPONSORAMA_JOC4744.jpg","width":5472,"height":3648,"caption":"11 Austria GP 8, 9, 10 y 11 de agosto de 2019, circuito de RedBull Ring, Spielberg, AUSTRIA Motogp, MGP, Mgp, MotoGP"},{"@type":"BreadcrumbList","@id":"http:\/\/esponsorama.ad\/es\/cara-cruz-avintia-esponsorama-racing-austria\/#breadcrumb","itemListElement":[{"@type":"ListItem","position":1,"name":"Home","item":"http:\/\/esponsorama.ad\/es\/"},{"@type":"ListItem","position":2,"name":"Cara y cruz para el Avintia Esponsorama Racing en Austria"}]},{"@type":"WebSite","@id":"http:\/\/esponsorama.ad\/es\/#website","url":"http:\/\/esponsorama.ad\/es\/","name":"Esponsorama","description":"Specialist in motorsport sponsorship and event promotions","potentialAction":[{"@type":"SearchAction","target":{"@type":"EntryPoint","urlTemplate":"http:\/\/esponsorama.ad\/es\/?s={search_term_string}"},"query-input":{"@type":"PropertyValueSpecification","valueRequired":true,"valueName":"search_term_string"}}],"inLanguage":"es"},{"@type":"Person","@id":"http:\/\/esponsorama.ad\/es\/#\/schema\/person\/a5cde74945183d737066e46b61c6f9c4","name":"Xavi Andornet","image":{"@type":"ImageObject","inLanguage":"es","@id":"http:\/\/esponsorama.ad\/es\/#\/schema\/person\/image\/","url":"https:\/\/secure.gravatar.com\/avatar\/f10eaf9ad601244a2357c9fd7cd9805ed166cfaaf76d5d9ab08a9d873e70147a?s=96&d=mm&r=g","contentUrl":"https:\/\/secure.gravatar.com\/avatar\/f10eaf9ad601244a2357c9fd7cd9805ed166cfaaf76d5d9ab08a9d873e70147a?s=96&d=mm&r=g","caption":"Xavi Andornet"},"sameAs":["http:\/\/www.andornet.ad"],"url":"http:\/\/esponsorama.ad\/es\/author\/andornet\/"}]}},"_links":{"self":[{"href":"http:\/\/esponsorama.ad\/es\/wp-json\/wp\/v2\/posts\/15036","targetHints":{"allow":["GET"]}}],"collection":[{"href":"http:\/\/esponsorama.ad\/es\/wp-json\/wp\/v2\/posts"}],"about":[{"href":"http:\/\/esponsorama.ad\/es\/wp-json\/wp\/v2\/types\/post"}],"author":[{"embeddable":true,"href":"http:\/\/esponsorama.ad\/es\/wp-json\/wp\/v2\/users\/6"}],"replies":[{"embeddable":true,"href":"http:\/\/esponsorama.ad\/es\/wp-json\/wp\/v2\/comments?post=15036"}],"version-history":[{"count":0,"href":"http:\/\/esponsorama.ad\/es\/wp-json\/wp\/v2\/posts\/15036\/revisions"}],"wp:featuredmedia":[{"embeddable":true,"href":"http:\/\/esponsorama.ad\/es\/wp-json\/wp\/v2\/media\/15039"}],"wp:attachment":[{"href":"http:\/\/esponsorama.ad\/es\/wp-json\/wp\/v2\/media?parent=15036"}],"wp:term":[{"taxonomy":"category","embeddable":true,"href":"http:\/\/esponsorama.ad\/es\/wp-json\/wp\/v2\/categories?post=15036"},{"taxonomy":"post_tag","embeddable":true,"href":"http:\/\/esponsorama.ad\/es\/wp-json\/wp\/v2\/tags?post=15036"}],"curies":[{"name":"wp","href":"https:\/\/api.w.org\/{rel}","templated":true}]}}