{"id":15051,"date":"2019-08-11T15:37:02","date_gmt":"2019-08-11T13:37:02","guid":{"rendered":"http:\/\/esponsorama.ad\/?p=15051"},"modified":"2019-08-12T20:04:28","modified_gmt":"2019-08-12T18:04:28","slug":"stefano-nepa-sobrevive-una-dura-carrera-austria","status":"publish","type":"post","link":"http:\/\/esponsorama.ad\/es\/stefano-nepa-sobrevive-una-dura-carrera-austria\/","title":{"rendered":"Stefano Nepa sobrevive a una dura carrera en Austria"},"content":{"rendered":"<p>Stefano Nepa sal\u00eda decimoquinto, favorecido por las numerosas sanciones que se impusieron el s\u00e1bado por la tarde a los pilotos que hab\u00edan rodado demasiado lentos en la clasificaci\u00f3n al buscar la rueda de un piloto r\u00e1pido. Sin embargo, no pudo aguantar en posiciones de puntos y fue cediendo terreno a medida que pasaban las vueltas. Nepa tambi\u00e9n se vio involucrado en un incidente en el que Can \u00d6ncu que colision\u00f3 con la parte trasera de la KTM del italiano que, a diferencia del turco, logr\u00f3 mantenerse sobre la moto para acabar la carrera en vigesimosegunda posici\u00f3n.<\/p>\n\n<p>\u00ab<span class=\"\" title=\"\">Fue un fin de semana bastante positivo, en la calificaci\u00f3n hicimos un gran paso adelante pero a\u00fan nos faltaba un poco.<\/span> <span class=\"\" title=\"\">Hoy la meteorolog\u00eda no nos ayud\u00f3 a probar algo en el\u00a0warm up y mejorar el ritmo.<\/span> <span class=\"\" title=\"\">La carrera fue muy dif\u00edcil debido a las condiciones del asfalto y, de haber sido mejores, podr\u00edamos haber ganado algunas posiciones.<\/span> <span title=\"\">Ni el equpo ni yo nos rendimos, \u00a1nos vemos en Silverstone!<\/span>.\u00bb<\/p>\n","protected":false},"excerpt":{"rendered":"<p>Stefano Nepa sal\u00eda decimoquinto, favorecido por las numerosas sanciones que se impusieron el s\u00e1bado por la tarde a los pilotos que hab\u00edan rodado demasiado lentos en la clasificaci\u00f3n al buscar la rueda de un piloto r\u00e1pido. Sin embargo, no pudo aguantar en posiciones de puntos y fue cediendo terreno a medida que pasaban las vueltas. [&hellip;]<\/p>\n","protected":false},"author":6,"featured_media":15059,"comment_status":"closed","ping_status":"closed","sticky":false,"template":"","format":"standard","meta":{"footnotes":""},"categories":[12],"tags":[],"class_list":["post-15051","post","type-post","status-publish","format-standard","has-post-thumbnail","hentry","category-moto3"],"yoast_head":"<!-- This site is optimized with the Yoast SEO plugin v27.1.1 - https:\/\/yoast.com\/product\/yoast-seo-wordpress\/ -->\n<title>Stefano Nepa sobrevive a una dura carrera en Austria - Esponsorama<\/title>\n<meta name=\"robots\" content=\"index, follow, max-snippet:-1, max-image-preview:large, max-video-preview:-1\" \/>\n<link rel=\"canonical\" href=\"http:\/\/esponsorama.ad\/es\/stefano-nepa-sobrevive-una-dura-carrera-austria\/\" \/>\n<meta property=\"og:locale\" content=\"es_ES\" \/>\n<meta property=\"og:type\" content=\"article\" \/>\n<meta property=\"og:title\" content=\"Stefano Nepa sobrevive a una dura carrera en Austria - Esponsorama\" \/>\n<meta property=\"og:description\" content=\"Stefano Nepa sal\u00eda decimoquinto, favorecido por las numerosas sanciones que se impusieron el s\u00e1bado por la tarde a los pilotos que hab\u00edan rodado demasiado lentos en la clasificaci\u00f3n al buscar la rueda de un piloto r\u00e1pido. Sin embargo, no pudo aguantar en posiciones de puntos y fue cediendo terreno a medida que pasaban las vueltas. [&hellip;]\" \/>\n<meta property=\"og:url\" content=\"http:\/\/esponsorama.ad\/es\/stefano-nepa-sobrevive-una-dura-carrera-austria\/\" \/>\n<meta property=\"og:site_name\" content=\"Esponsorama\" \/>\n<meta property=\"article:published_time\" content=\"2019-08-11T13:37:02+00:00\" \/>\n<meta property=\"article:modified_time\" content=\"2019-08-12T18:04:28+00:00\" \/>\n<meta property=\"og:image\" content=\"http:\/\/esponsorama.ad\/wp-content\/uploads\/2019\/08\/11Austria19M3Esponsorama_JOC5758-1024x683.jpg\" \/>\n\t<meta property=\"og:image:width\" content=\"1024\" \/>\n\t<meta property=\"og:image:height\" content=\"683\" \/>\n\t<meta property=\"og:image:type\" content=\"image\/jpeg\" \/>\n<meta name=\"author\" content=\"Xavi Andornet\" \/>\n<meta name=\"twitter:card\" content=\"summary_large_image\" \/>\n<meta name=\"twitter:label1\" content=\"Escrito por\" \/>\n\t<meta name=\"twitter:data1\" content=\"Xavi Andornet\" \/>\n\t<meta name=\"twitter:label2\" content=\"Tiempo de lectura\" \/>\n\t<meta name=\"twitter:data2\" content=\"1 minuto\" \/>\n<script type=\"application\/ld+json\" class=\"yoast-schema-graph\">{\"@context\":\"https:\/\/schema.org\",\"@graph\":[{\"@type\":\"Article\",\"@id\":\"http:\/\/esponsorama.ad\/es\/stefano-nepa-sobrevive-una-dura-carrera-austria\/#article\",\"isPartOf\":{\"@id\":\"http:\/\/esponsorama.ad\/es\/stefano-nepa-sobrevive-una-dura-carrera-austria\/\"},\"author\":{\"name\":\"Xavi Andornet\",\"@id\":\"http:\/\/esponsorama.ad\/es\/#\/schema\/person\/a5cde74945183d737066e46b61c6f9c4\"},\"headline\":\"Stefano Nepa sobrevive a una dura carrera en Austria\",\"datePublished\":\"2019-08-11T13:37:02+00:00\",\"dateModified\":\"2019-08-12T18:04:28+00:00\",\"mainEntityOfPage\":{\"@id\":\"http:\/\/esponsorama.ad\/es\/stefano-nepa-sobrevive-una-dura-carrera-austria\/\"},\"wordCount\":190,\"image\":{\"@id\":\"http:\/\/esponsorama.ad\/es\/stefano-nepa-sobrevive-una-dura-carrera-austria\/#primaryimage\"},\"thumbnailUrl\":\"http:\/\/esponsorama.ad\/wp-content\/uploads\/2019\/08\/11Austria19M3Esponsorama_JOC5758.jpg\",\"articleSection\":[\"Moto3\"],\"inLanguage\":\"es\"},{\"@type\":\"WebPage\",\"@id\":\"http:\/\/esponsorama.ad\/es\/stefano-nepa-sobrevive-una-dura-carrera-austria\/\",\"url\":\"http:\/\/esponsorama.ad\/es\/stefano-nepa-sobrevive-una-dura-carrera-austria\/\",\"name\":\"Stefano Nepa sobrevive a una dura carrera en Austria - Esponsorama\",\"isPartOf\":{\"@id\":\"http:\/\/esponsorama.ad\/es\/#website\"},\"primaryImageOfPage\":{\"@id\":\"http:\/\/esponsorama.ad\/es\/stefano-nepa-sobrevive-una-dura-carrera-austria\/#primaryimage\"},\"image\":{\"@id\":\"http:\/\/esponsorama.ad\/es\/stefano-nepa-sobrevive-una-dura-carrera-austria\/#primaryimage\"},\"thumbnailUrl\":\"http:\/\/esponsorama.ad\/wp-content\/uploads\/2019\/08\/11Austria19M3Esponsorama_JOC5758.jpg\",\"datePublished\":\"2019-08-11T13:37:02+00:00\",\"dateModified\":\"2019-08-12T18:04:28+00:00\",\"author\":{\"@id\":\"http:\/\/esponsorama.ad\/es\/#\/schema\/person\/a5cde74945183d737066e46b61c6f9c4\"},\"breadcrumb\":{\"@id\":\"http:\/\/esponsorama.ad\/es\/stefano-nepa-sobrevive-una-dura-carrera-austria\/#breadcrumb\"},\"inLanguage\":\"es\",\"potentialAction\":[{\"@type\":\"ReadAction\",\"target\":[\"http:\/\/esponsorama.ad\/es\/stefano-nepa-sobrevive-una-dura-carrera-austria\/\"]}]},{\"@type\":\"ImageObject\",\"inLanguage\":\"es\",\"@id\":\"http:\/\/esponsorama.ad\/es\/stefano-nepa-sobrevive-una-dura-carrera-austria\/#primaryimage\",\"url\":\"http:\/\/esponsorama.ad\/wp-content\/uploads\/2019\/08\/11Austria19M3Esponsorama_JOC5758.jpg\",\"contentUrl\":\"http:\/\/esponsorama.ad\/wp-content\/uploads\/2019\/08\/11Austria19M3Esponsorama_JOC5758.jpg\",\"width\":5472,\"height\":3648,\"caption\":\"11 Austria GP 8, 9, 10 y 11 de agosto de 2019, circuito de RedBull Ring, Spielberg, AUSTRIA Motogp, MGP, Mgp, MotoGP\"},{\"@type\":\"BreadcrumbList\",\"@id\":\"http:\/\/esponsorama.ad\/es\/stefano-nepa-sobrevive-una-dura-carrera-austria\/#breadcrumb\",\"itemListElement\":[{\"@type\":\"ListItem\",\"position\":1,\"name\":\"Home\",\"item\":\"http:\/\/esponsorama.ad\/es\/\"},{\"@type\":\"ListItem\",\"position\":2,\"name\":\"Stefano Nepa sobrevive a una dura carrera en Austria\"}]},{\"@type\":\"WebSite\",\"@id\":\"http:\/\/esponsorama.ad\/es\/#website\",\"url\":\"http:\/\/esponsorama.ad\/es\/\",\"name\":\"Esponsorama\",\"description\":\"Specialist in motorsport sponsorship and event promotions\",\"potentialAction\":[{\"@type\":\"SearchAction\",\"target\":{\"@type\":\"EntryPoint\",\"urlTemplate\":\"http:\/\/esponsorama.ad\/es\/?s={search_term_string}\"},\"query-input\":{\"@type\":\"PropertyValueSpecification\",\"valueRequired\":true,\"valueName\":\"search_term_string\"}}],\"inLanguage\":\"es\"},{\"@type\":\"Person\",\"@id\":\"http:\/\/esponsorama.ad\/es\/#\/schema\/person\/a5cde74945183d737066e46b61c6f9c4\",\"name\":\"Xavi Andornet\",\"image\":{\"@type\":\"ImageObject\",\"inLanguage\":\"es\",\"@id\":\"http:\/\/esponsorama.ad\/es\/#\/schema\/person\/image\/\",\"url\":\"https:\/\/secure.gravatar.com\/avatar\/f10eaf9ad601244a2357c9fd7cd9805ed166cfaaf76d5d9ab08a9d873e70147a?s=96&d=mm&r=g\",\"contentUrl\":\"https:\/\/secure.gravatar.com\/avatar\/f10eaf9ad601244a2357c9fd7cd9805ed166cfaaf76d5d9ab08a9d873e70147a?s=96&d=mm&r=g\",\"caption\":\"Xavi Andornet\"},\"sameAs\":[\"http:\/\/www.andornet.ad\"],\"url\":\"http:\/\/esponsorama.ad\/es\/author\/andornet\/\"}]}<\/script>\n<!-- \/ Yoast SEO plugin. -->","yoast_head_json":{"title":"Stefano Nepa sobrevive a una dura carrera en Austria - Esponsorama","robots":{"index":"index","follow":"follow","max-snippet":"max-snippet:-1","max-image-preview":"max-image-preview:large","max-video-preview":"max-video-preview:-1"},"canonical":"http:\/\/esponsorama.ad\/es\/stefano-nepa-sobrevive-una-dura-carrera-austria\/","og_locale":"es_ES","og_type":"article","og_title":"Stefano Nepa sobrevive a una dura carrera en Austria - Esponsorama","og_description":"Stefano Nepa sal\u00eda decimoquinto, favorecido por las numerosas sanciones que se impusieron el s\u00e1bado por la tarde a los pilotos que hab\u00edan rodado demasiado lentos en la clasificaci\u00f3n al buscar la rueda de un piloto r\u00e1pido. Sin embargo, no pudo aguantar en posiciones de puntos y fue cediendo terreno a medida que pasaban las vueltas. [&hellip;]","og_url":"http:\/\/esponsorama.ad\/es\/stefano-nepa-sobrevive-una-dura-carrera-austria\/","og_site_name":"Esponsorama","article_published_time":"2019-08-11T13:37:02+00:00","article_modified_time":"2019-08-12T18:04:28+00:00","og_image":[{"width":1024,"height":683,"url":"http:\/\/esponsorama.ad\/wp-content\/uploads\/2019\/08\/11Austria19M3Esponsorama_JOC5758-1024x683.jpg","type":"image\/jpeg"}],"author":"Xavi Andornet","twitter_card":"summary_large_image","twitter_misc":{"Escrito por":"Xavi Andornet","Tiempo de lectura":"1 minuto"},"schema":{"@context":"https:\/\/schema.org","@graph":[{"@type":"Article","@id":"http:\/\/esponsorama.ad\/es\/stefano-nepa-sobrevive-una-dura-carrera-austria\/#article","isPartOf":{"@id":"http:\/\/esponsorama.ad\/es\/stefano-nepa-sobrevive-una-dura-carrera-austria\/"},"author":{"name":"Xavi Andornet","@id":"http:\/\/esponsorama.ad\/es\/#\/schema\/person\/a5cde74945183d737066e46b61c6f9c4"},"headline":"Stefano Nepa sobrevive a una dura carrera en Austria","datePublished":"2019-08-11T13:37:02+00:00","dateModified":"2019-08-12T18:04:28+00:00","mainEntityOfPage":{"@id":"http:\/\/esponsorama.ad\/es\/stefano-nepa-sobrevive-una-dura-carrera-austria\/"},"wordCount":190,"image":{"@id":"http:\/\/esponsorama.ad\/es\/stefano-nepa-sobrevive-una-dura-carrera-austria\/#primaryimage"},"thumbnailUrl":"http:\/\/esponsorama.ad\/wp-content\/uploads\/2019\/08\/11Austria19M3Esponsorama_JOC5758.jpg","articleSection":["Moto3"],"inLanguage":"es"},{"@type":"WebPage","@id":"http:\/\/esponsorama.ad\/es\/stefano-nepa-sobrevive-una-dura-carrera-austria\/","url":"http:\/\/esponsorama.ad\/es\/stefano-nepa-sobrevive-una-dura-carrera-austria\/","name":"Stefano Nepa sobrevive a una dura carrera en Austria - Esponsorama","isPartOf":{"@id":"http:\/\/esponsorama.ad\/es\/#website"},"primaryImageOfPage":{"@id":"http:\/\/esponsorama.ad\/es\/stefano-nepa-sobrevive-una-dura-carrera-austria\/#primaryimage"},"image":{"@id":"http:\/\/esponsorama.ad\/es\/stefano-nepa-sobrevive-una-dura-carrera-austria\/#primaryimage"},"thumbnailUrl":"http:\/\/esponsorama.ad\/wp-content\/uploads\/2019\/08\/11Austria19M3Esponsorama_JOC5758.jpg","datePublished":"2019-08-11T13:37:02+00:00","dateModified":"2019-08-12T18:04:28+00:00","author":{"@id":"http:\/\/esponsorama.ad\/es\/#\/schema\/person\/a5cde74945183d737066e46b61c6f9c4"},"breadcrumb":{"@id":"http:\/\/esponsorama.ad\/es\/stefano-nepa-sobrevive-una-dura-carrera-austria\/#breadcrumb"},"inLanguage":"es","potentialAction":[{"@type":"ReadAction","target":["http:\/\/esponsorama.ad\/es\/stefano-nepa-sobrevive-una-dura-carrera-austria\/"]}]},{"@type":"ImageObject","inLanguage":"es","@id":"http:\/\/esponsorama.ad\/es\/stefano-nepa-sobrevive-una-dura-carrera-austria\/#primaryimage","url":"http:\/\/esponsorama.ad\/wp-content\/uploads\/2019\/08\/11Austria19M3Esponsorama_JOC5758.jpg","contentUrl":"http:\/\/esponsorama.ad\/wp-content\/uploads\/2019\/08\/11Austria19M3Esponsorama_JOC5758.jpg","width":5472,"height":3648,"caption":"11 Austria GP 8, 9, 10 y 11 de agosto de 2019, circuito de RedBull Ring, Spielberg, AUSTRIA Motogp, MGP, Mgp, MotoGP"},{"@type":"BreadcrumbList","@id":"http:\/\/esponsorama.ad\/es\/stefano-nepa-sobrevive-una-dura-carrera-austria\/#breadcrumb","itemListElement":[{"@type":"ListItem","position":1,"name":"Home","item":"http:\/\/esponsorama.ad\/es\/"},{"@type":"ListItem","position":2,"name":"Stefano Nepa sobrevive a una dura carrera en Austria"}]},{"@type":"WebSite","@id":"http:\/\/esponsorama.ad\/es\/#website","url":"http:\/\/esponsorama.ad\/es\/","name":"Esponsorama","description":"Specialist in motorsport sponsorship and event promotions","potentialAction":[{"@type":"SearchAction","target":{"@type":"EntryPoint","urlTemplate":"http:\/\/esponsorama.ad\/es\/?s={search_term_string}"},"query-input":{"@type":"PropertyValueSpecification","valueRequired":true,"valueName":"search_term_string"}}],"inLanguage":"es"},{"@type":"Person","@id":"http:\/\/esponsorama.ad\/es\/#\/schema\/person\/a5cde74945183d737066e46b61c6f9c4","name":"Xavi Andornet","image":{"@type":"ImageObject","inLanguage":"es","@id":"http:\/\/esponsorama.ad\/es\/#\/schema\/person\/image\/","url":"https:\/\/secure.gravatar.com\/avatar\/f10eaf9ad601244a2357c9fd7cd9805ed166cfaaf76d5d9ab08a9d873e70147a?s=96&d=mm&r=g","contentUrl":"https:\/\/secure.gravatar.com\/avatar\/f10eaf9ad601244a2357c9fd7cd9805ed166cfaaf76d5d9ab08a9d873e70147a?s=96&d=mm&r=g","caption":"Xavi Andornet"},"sameAs":["http:\/\/www.andornet.ad"],"url":"http:\/\/esponsorama.ad\/es\/author\/andornet\/"}]}},"_links":{"self":[{"href":"http:\/\/esponsorama.ad\/es\/wp-json\/wp\/v2\/posts\/15051","targetHints":{"allow":["GET"]}}],"collection":[{"href":"http:\/\/esponsorama.ad\/es\/wp-json\/wp\/v2\/posts"}],"about":[{"href":"http:\/\/esponsorama.ad\/es\/wp-json\/wp\/v2\/types\/post"}],"author":[{"embeddable":true,"href":"http:\/\/esponsorama.ad\/es\/wp-json\/wp\/v2\/users\/6"}],"replies":[{"embeddable":true,"href":"http:\/\/esponsorama.ad\/es\/wp-json\/wp\/v2\/comments?post=15051"}],"version-history":[{"count":0,"href":"http:\/\/esponsorama.ad\/es\/wp-json\/wp\/v2\/posts\/15051\/revisions"}],"wp:featuredmedia":[{"embeddable":true,"href":"http:\/\/esponsorama.ad\/es\/wp-json\/wp\/v2\/media\/15059"}],"wp:attachment":[{"href":"http:\/\/esponsorama.ad\/es\/wp-json\/wp\/v2\/media?parent=15051"}],"wp:term":[{"taxonomy":"category","embeddable":true,"href":"http:\/\/esponsorama.ad\/es\/wp-json\/wp\/v2\/categories?post=15051"},{"taxonomy":"post_tag","embeddable":true,"href":"http:\/\/esponsorama.ad\/es\/wp-json\/wp\/v2\/tags?post=15051"}],"curies":[{"name":"wp","href":"https:\/\/api.w.org\/{rel}","templated":true}]}}