{"id":15086,"date":"2019-08-20T19:53:58","date_gmt":"2019-08-20T17:53:58","guid":{"rendered":"http:\/\/esponsorama.ad\/?p=15086"},"modified":"2019-08-20T20:41:12","modified_gmt":"2019-08-20T18:41:12","slug":"stefano-nepa-llega-silverstone-la-mirada-puesta-los-puntos","status":"publish","type":"post","link":"http:\/\/esponsorama.ad\/es\/stefano-nepa-llega-silverstone-la-mirada-puesta-los-puntos\/","title":{"rendered":"Stefano Nepa llega a Silverstone con la mirada puesta en los puntos"},"content":{"rendered":"<p>El mundial de MotoGP aterriza esta semana en el m\u00edtico circuito de Silverstone (Inglaterra) con motivo de la duod\u00e9cima prueba del campeonato. Se trata del trazado m\u00e1s largo de todo el campeonato con una longitud de 5.900m, cuenta con 10 curvas a la derecha y 8 a la izquierda. Despu\u00e9s de los problemas de drenaje que sufri\u00f3 el a\u00f1o pasado que impidieron la disputa de las carreras,\u00a0se opt\u00f3 por reasfaltar nuevamente todo el trazado de cara al Gran Premio de esta temporada.<\/p>\n<p>El piloto del Reale Avintia Arizona 77, Stefano Nepa, ha estado cerca de entrar en los puntos en las \u00faltimas carreras pero ciertos motivos han hecho que el italiano a\u00fan no haya conseguido puntuar des de que debutara con el equipo en Assen. A pesar de todo, la brecha con los quince primeros cada vez es menor y el objetivo de los puntos es m\u00e1s realista que nunca.<\/p>\n\n<p>\u00abLa de Silverstone es una pista muy t\u00e9cnica y dif\u00edcil. Este a\u00f1o han reasfaltado todo el circuito as\u00ed que esperamos que sea mejor y no hayan baches pero lo m\u00e1s importante es que la meteorolog\u00eda acompa\u00f1e. Me siento con las pilas cargadas y no veo el momento de salir a pista, tengo muchas ganas. El objetivo es acabar la carrera dentro de los puntos porque hemos estado cerca en un par de ocasiones pero nos falta terminar de rematar la faena as\u00ed que estoy seguro que lo conseguiremos.\u00bb<\/p>\n","protected":false},"excerpt":{"rendered":"<p>El mundial de MotoGP aterriza esta semana en el m\u00edtico circuito de Silverstone (Inglaterra) con motivo de la duod\u00e9cima prueba del campeonato. Se trata del trazado m\u00e1s largo de todo el campeonato con una longitud de 5.900m, cuenta con 10 curvas a la derecha y 8 a la izquierda. Despu\u00e9s de los problemas de drenaje [&hellip;]<\/p>\n","protected":false},"author":6,"featured_media":15053,"comment_status":"closed","ping_status":"closed","sticky":false,"template":"","format":"standard","meta":{"footnotes":""},"categories":[12],"tags":[],"class_list":["post-15086","post","type-post","status-publish","format-standard","has-post-thumbnail","hentry","category-moto3"],"yoast_head":"<!-- This site is optimized with the Yoast SEO plugin v27.1.1 - https:\/\/yoast.com\/product\/yoast-seo-wordpress\/ -->\n<title>Stefano Nepa llega a Silverstone con la mirada puesta en los puntos - Esponsorama<\/title>\n<meta name=\"robots\" content=\"index, follow, max-snippet:-1, max-image-preview:large, max-video-preview:-1\" \/>\n<link rel=\"canonical\" href=\"http:\/\/esponsorama.ad\/es\/stefano-nepa-llega-silverstone-la-mirada-puesta-los-puntos\/\" \/>\n<meta property=\"og:locale\" content=\"es_ES\" \/>\n<meta property=\"og:type\" content=\"article\" \/>\n<meta property=\"og:title\" content=\"Stefano Nepa llega a Silverstone con la mirada puesta en los puntos - Esponsorama\" \/>\n<meta property=\"og:description\" content=\"El mundial de MotoGP aterriza esta semana en el m\u00edtico circuito de Silverstone (Inglaterra) con motivo de la duod\u00e9cima prueba del campeonato. Se trata del trazado m\u00e1s largo de todo el campeonato con una longitud de 5.900m, cuenta con 10 curvas a la derecha y 8 a la izquierda. Despu\u00e9s de los problemas de drenaje [&hellip;]\" \/>\n<meta property=\"og:url\" content=\"http:\/\/esponsorama.ad\/es\/stefano-nepa-llega-silverstone-la-mirada-puesta-los-puntos\/\" \/>\n<meta property=\"og:site_name\" content=\"Esponsorama\" \/>\n<meta property=\"article:published_time\" content=\"2019-08-20T17:53:58+00:00\" \/>\n<meta property=\"article:modified_time\" content=\"2019-08-20T18:41:12+00:00\" \/>\n<meta property=\"og:image\" content=\"http:\/\/esponsorama.ad\/wp-content\/uploads\/2019\/08\/11Austria19M3Esponsorama_JOC5764-1024x683.jpg\" \/>\n\t<meta property=\"og:image:width\" content=\"1024\" \/>\n\t<meta property=\"og:image:height\" content=\"683\" \/>\n\t<meta property=\"og:image:type\" content=\"image\/jpeg\" \/>\n<meta name=\"author\" content=\"Xavi Andornet\" \/>\n<meta name=\"twitter:card\" content=\"summary_large_image\" \/>\n<meta name=\"twitter:label1\" content=\"Escrito por\" \/>\n\t<meta name=\"twitter:data1\" content=\"Xavi Andornet\" \/>\n\t<meta name=\"twitter:label2\" content=\"Tiempo de lectura\" \/>\n\t<meta name=\"twitter:data2\" content=\"1 minuto\" \/>\n<script type=\"application\/ld+json\" class=\"yoast-schema-graph\">{\"@context\":\"https:\/\/schema.org\",\"@graph\":[{\"@type\":\"Article\",\"@id\":\"http:\/\/esponsorama.ad\/es\/stefano-nepa-llega-silverstone-la-mirada-puesta-los-puntos\/#article\",\"isPartOf\":{\"@id\":\"http:\/\/esponsorama.ad\/es\/stefano-nepa-llega-silverstone-la-mirada-puesta-los-puntos\/\"},\"author\":{\"name\":\"Xavi Andornet\",\"@id\":\"http:\/\/esponsorama.ad\/es\/#\/schema\/person\/a5cde74945183d737066e46b61c6f9c4\"},\"headline\":\"Stefano Nepa llega a Silverstone con la mirada puesta en los puntos\",\"datePublished\":\"2019-08-20T17:53:58+00:00\",\"dateModified\":\"2019-08-20T18:41:12+00:00\",\"mainEntityOfPage\":{\"@id\":\"http:\/\/esponsorama.ad\/es\/stefano-nepa-llega-silverstone-la-mirada-puesta-los-puntos\/\"},\"wordCount\":263,\"image\":{\"@id\":\"http:\/\/esponsorama.ad\/es\/stefano-nepa-llega-silverstone-la-mirada-puesta-los-puntos\/#primaryimage\"},\"thumbnailUrl\":\"http:\/\/esponsorama.ad\/wp-content\/uploads\/2019\/08\/11Austria19M3Esponsorama_JOC5764.jpg\",\"articleSection\":[\"Moto3\"],\"inLanguage\":\"es\"},{\"@type\":\"WebPage\",\"@id\":\"http:\/\/esponsorama.ad\/es\/stefano-nepa-llega-silverstone-la-mirada-puesta-los-puntos\/\",\"url\":\"http:\/\/esponsorama.ad\/es\/stefano-nepa-llega-silverstone-la-mirada-puesta-los-puntos\/\",\"name\":\"Stefano Nepa llega a Silverstone con la mirada puesta en los puntos - Esponsorama\",\"isPartOf\":{\"@id\":\"http:\/\/esponsorama.ad\/es\/#website\"},\"primaryImageOfPage\":{\"@id\":\"http:\/\/esponsorama.ad\/es\/stefano-nepa-llega-silverstone-la-mirada-puesta-los-puntos\/#primaryimage\"},\"image\":{\"@id\":\"http:\/\/esponsorama.ad\/es\/stefano-nepa-llega-silverstone-la-mirada-puesta-los-puntos\/#primaryimage\"},\"thumbnailUrl\":\"http:\/\/esponsorama.ad\/wp-content\/uploads\/2019\/08\/11Austria19M3Esponsorama_JOC5764.jpg\",\"datePublished\":\"2019-08-20T17:53:58+00:00\",\"dateModified\":\"2019-08-20T18:41:12+00:00\",\"author\":{\"@id\":\"http:\/\/esponsorama.ad\/es\/#\/schema\/person\/a5cde74945183d737066e46b61c6f9c4\"},\"breadcrumb\":{\"@id\":\"http:\/\/esponsorama.ad\/es\/stefano-nepa-llega-silverstone-la-mirada-puesta-los-puntos\/#breadcrumb\"},\"inLanguage\":\"es\",\"potentialAction\":[{\"@type\":\"ReadAction\",\"target\":[\"http:\/\/esponsorama.ad\/es\/stefano-nepa-llega-silverstone-la-mirada-puesta-los-puntos\/\"]}]},{\"@type\":\"ImageObject\",\"inLanguage\":\"es\",\"@id\":\"http:\/\/esponsorama.ad\/es\/stefano-nepa-llega-silverstone-la-mirada-puesta-los-puntos\/#primaryimage\",\"url\":\"http:\/\/esponsorama.ad\/wp-content\/uploads\/2019\/08\/11Austria19M3Esponsorama_JOC5764.jpg\",\"contentUrl\":\"http:\/\/esponsorama.ad\/wp-content\/uploads\/2019\/08\/11Austria19M3Esponsorama_JOC5764.jpg\",\"width\":5472,\"height\":3648,\"caption\":\"11 Austria GP 8, 9, 10 y 11 de agosto de 2019, circuito de RedBull Ring, Spielberg, AUSTRIA Motogp, MGP, Mgp, MotoGP\"},{\"@type\":\"BreadcrumbList\",\"@id\":\"http:\/\/esponsorama.ad\/es\/stefano-nepa-llega-silverstone-la-mirada-puesta-los-puntos\/#breadcrumb\",\"itemListElement\":[{\"@type\":\"ListItem\",\"position\":1,\"name\":\"Home\",\"item\":\"http:\/\/esponsorama.ad\/es\/\"},{\"@type\":\"ListItem\",\"position\":2,\"name\":\"Stefano Nepa llega a Silverstone con la mirada puesta en los puntos\"}]},{\"@type\":\"WebSite\",\"@id\":\"http:\/\/esponsorama.ad\/es\/#website\",\"url\":\"http:\/\/esponsorama.ad\/es\/\",\"name\":\"Esponsorama\",\"description\":\"Specialist in motorsport sponsorship and event promotions\",\"potentialAction\":[{\"@type\":\"SearchAction\",\"target\":{\"@type\":\"EntryPoint\",\"urlTemplate\":\"http:\/\/esponsorama.ad\/es\/?s={search_term_string}\"},\"query-input\":{\"@type\":\"PropertyValueSpecification\",\"valueRequired\":true,\"valueName\":\"search_term_string\"}}],\"inLanguage\":\"es\"},{\"@type\":\"Person\",\"@id\":\"http:\/\/esponsorama.ad\/es\/#\/schema\/person\/a5cde74945183d737066e46b61c6f9c4\",\"name\":\"Xavi Andornet\",\"image\":{\"@type\":\"ImageObject\",\"inLanguage\":\"es\",\"@id\":\"http:\/\/esponsorama.ad\/es\/#\/schema\/person\/image\/\",\"url\":\"https:\/\/secure.gravatar.com\/avatar\/f10eaf9ad601244a2357c9fd7cd9805ed166cfaaf76d5d9ab08a9d873e70147a?s=96&d=mm&r=g\",\"contentUrl\":\"https:\/\/secure.gravatar.com\/avatar\/f10eaf9ad601244a2357c9fd7cd9805ed166cfaaf76d5d9ab08a9d873e70147a?s=96&d=mm&r=g\",\"caption\":\"Xavi Andornet\"},\"sameAs\":[\"http:\/\/www.andornet.ad\"],\"url\":\"http:\/\/esponsorama.ad\/es\/author\/andornet\/\"}]}<\/script>\n<!-- \/ Yoast SEO plugin. -->","yoast_head_json":{"title":"Stefano Nepa llega a Silverstone con la mirada puesta en los puntos - Esponsorama","robots":{"index":"index","follow":"follow","max-snippet":"max-snippet:-1","max-image-preview":"max-image-preview:large","max-video-preview":"max-video-preview:-1"},"canonical":"http:\/\/esponsorama.ad\/es\/stefano-nepa-llega-silverstone-la-mirada-puesta-los-puntos\/","og_locale":"es_ES","og_type":"article","og_title":"Stefano Nepa llega a Silverstone con la mirada puesta en los puntos - Esponsorama","og_description":"El mundial de MotoGP aterriza esta semana en el m\u00edtico circuito de Silverstone (Inglaterra) con motivo de la duod\u00e9cima prueba del campeonato. Se trata del trazado m\u00e1s largo de todo el campeonato con una longitud de 5.900m, cuenta con 10 curvas a la derecha y 8 a la izquierda. Despu\u00e9s de los problemas de drenaje [&hellip;]","og_url":"http:\/\/esponsorama.ad\/es\/stefano-nepa-llega-silverstone-la-mirada-puesta-los-puntos\/","og_site_name":"Esponsorama","article_published_time":"2019-08-20T17:53:58+00:00","article_modified_time":"2019-08-20T18:41:12+00:00","og_image":[{"width":1024,"height":683,"url":"http:\/\/esponsorama.ad\/wp-content\/uploads\/2019\/08\/11Austria19M3Esponsorama_JOC5764-1024x683.jpg","type":"image\/jpeg"}],"author":"Xavi Andornet","twitter_card":"summary_large_image","twitter_misc":{"Escrito por":"Xavi Andornet","Tiempo de lectura":"1 minuto"},"schema":{"@context":"https:\/\/schema.org","@graph":[{"@type":"Article","@id":"http:\/\/esponsorama.ad\/es\/stefano-nepa-llega-silverstone-la-mirada-puesta-los-puntos\/#article","isPartOf":{"@id":"http:\/\/esponsorama.ad\/es\/stefano-nepa-llega-silverstone-la-mirada-puesta-los-puntos\/"},"author":{"name":"Xavi Andornet","@id":"http:\/\/esponsorama.ad\/es\/#\/schema\/person\/a5cde74945183d737066e46b61c6f9c4"},"headline":"Stefano Nepa llega a Silverstone con la mirada puesta en los puntos","datePublished":"2019-08-20T17:53:58+00:00","dateModified":"2019-08-20T18:41:12+00:00","mainEntityOfPage":{"@id":"http:\/\/esponsorama.ad\/es\/stefano-nepa-llega-silverstone-la-mirada-puesta-los-puntos\/"},"wordCount":263,"image":{"@id":"http:\/\/esponsorama.ad\/es\/stefano-nepa-llega-silverstone-la-mirada-puesta-los-puntos\/#primaryimage"},"thumbnailUrl":"http:\/\/esponsorama.ad\/wp-content\/uploads\/2019\/08\/11Austria19M3Esponsorama_JOC5764.jpg","articleSection":["Moto3"],"inLanguage":"es"},{"@type":"WebPage","@id":"http:\/\/esponsorama.ad\/es\/stefano-nepa-llega-silverstone-la-mirada-puesta-los-puntos\/","url":"http:\/\/esponsorama.ad\/es\/stefano-nepa-llega-silverstone-la-mirada-puesta-los-puntos\/","name":"Stefano Nepa llega a Silverstone con la mirada puesta en los puntos - Esponsorama","isPartOf":{"@id":"http:\/\/esponsorama.ad\/es\/#website"},"primaryImageOfPage":{"@id":"http:\/\/esponsorama.ad\/es\/stefano-nepa-llega-silverstone-la-mirada-puesta-los-puntos\/#primaryimage"},"image":{"@id":"http:\/\/esponsorama.ad\/es\/stefano-nepa-llega-silverstone-la-mirada-puesta-los-puntos\/#primaryimage"},"thumbnailUrl":"http:\/\/esponsorama.ad\/wp-content\/uploads\/2019\/08\/11Austria19M3Esponsorama_JOC5764.jpg","datePublished":"2019-08-20T17:53:58+00:00","dateModified":"2019-08-20T18:41:12+00:00","author":{"@id":"http:\/\/esponsorama.ad\/es\/#\/schema\/person\/a5cde74945183d737066e46b61c6f9c4"},"breadcrumb":{"@id":"http:\/\/esponsorama.ad\/es\/stefano-nepa-llega-silverstone-la-mirada-puesta-los-puntos\/#breadcrumb"},"inLanguage":"es","potentialAction":[{"@type":"ReadAction","target":["http:\/\/esponsorama.ad\/es\/stefano-nepa-llega-silverstone-la-mirada-puesta-los-puntos\/"]}]},{"@type":"ImageObject","inLanguage":"es","@id":"http:\/\/esponsorama.ad\/es\/stefano-nepa-llega-silverstone-la-mirada-puesta-los-puntos\/#primaryimage","url":"http:\/\/esponsorama.ad\/wp-content\/uploads\/2019\/08\/11Austria19M3Esponsorama_JOC5764.jpg","contentUrl":"http:\/\/esponsorama.ad\/wp-content\/uploads\/2019\/08\/11Austria19M3Esponsorama_JOC5764.jpg","width":5472,"height":3648,"caption":"11 Austria GP 8, 9, 10 y 11 de agosto de 2019, circuito de RedBull Ring, Spielberg, AUSTRIA Motogp, MGP, Mgp, MotoGP"},{"@type":"BreadcrumbList","@id":"http:\/\/esponsorama.ad\/es\/stefano-nepa-llega-silverstone-la-mirada-puesta-los-puntos\/#breadcrumb","itemListElement":[{"@type":"ListItem","position":1,"name":"Home","item":"http:\/\/esponsorama.ad\/es\/"},{"@type":"ListItem","position":2,"name":"Stefano Nepa llega a Silverstone con la mirada puesta en los puntos"}]},{"@type":"WebSite","@id":"http:\/\/esponsorama.ad\/es\/#website","url":"http:\/\/esponsorama.ad\/es\/","name":"Esponsorama","description":"Specialist in motorsport sponsorship and event promotions","potentialAction":[{"@type":"SearchAction","target":{"@type":"EntryPoint","urlTemplate":"http:\/\/esponsorama.ad\/es\/?s={search_term_string}"},"query-input":{"@type":"PropertyValueSpecification","valueRequired":true,"valueName":"search_term_string"}}],"inLanguage":"es"},{"@type":"Person","@id":"http:\/\/esponsorama.ad\/es\/#\/schema\/person\/a5cde74945183d737066e46b61c6f9c4","name":"Xavi Andornet","image":{"@type":"ImageObject","inLanguage":"es","@id":"http:\/\/esponsorama.ad\/es\/#\/schema\/person\/image\/","url":"https:\/\/secure.gravatar.com\/avatar\/f10eaf9ad601244a2357c9fd7cd9805ed166cfaaf76d5d9ab08a9d873e70147a?s=96&d=mm&r=g","contentUrl":"https:\/\/secure.gravatar.com\/avatar\/f10eaf9ad601244a2357c9fd7cd9805ed166cfaaf76d5d9ab08a9d873e70147a?s=96&d=mm&r=g","caption":"Xavi Andornet"},"sameAs":["http:\/\/www.andornet.ad"],"url":"http:\/\/esponsorama.ad\/es\/author\/andornet\/"}]}},"_links":{"self":[{"href":"http:\/\/esponsorama.ad\/es\/wp-json\/wp\/v2\/posts\/15086","targetHints":{"allow":["GET"]}}],"collection":[{"href":"http:\/\/esponsorama.ad\/es\/wp-json\/wp\/v2\/posts"}],"about":[{"href":"http:\/\/esponsorama.ad\/es\/wp-json\/wp\/v2\/types\/post"}],"author":[{"embeddable":true,"href":"http:\/\/esponsorama.ad\/es\/wp-json\/wp\/v2\/users\/6"}],"replies":[{"embeddable":true,"href":"http:\/\/esponsorama.ad\/es\/wp-json\/wp\/v2\/comments?post=15086"}],"version-history":[{"count":0,"href":"http:\/\/esponsorama.ad\/es\/wp-json\/wp\/v2\/posts\/15086\/revisions"}],"wp:featuredmedia":[{"embeddable":true,"href":"http:\/\/esponsorama.ad\/es\/wp-json\/wp\/v2\/media\/15053"}],"wp:attachment":[{"href":"http:\/\/esponsorama.ad\/es\/wp-json\/wp\/v2\/media?parent=15086"}],"wp:term":[{"taxonomy":"category","embeddable":true,"href":"http:\/\/esponsorama.ad\/es\/wp-json\/wp\/v2\/categories?post=15086"},{"taxonomy":"post_tag","embeddable":true,"href":"http:\/\/esponsorama.ad\/es\/wp-json\/wp\/v2\/tags?post=15086"}],"curies":[{"name":"wp","href":"https:\/\/api.w.org\/{rel}","templated":true}]}}