{"id":15096,"date":"2019-08-25T15:34:38","date_gmt":"2019-08-25T13:34:38","guid":{"rendered":"http:\/\/esponsorama.ad\/?p=15096"},"modified":"2019-08-25T15:48:07","modified_gmt":"2019-08-25T13:48:07","slug":"stefano-nepa-cierra-positivo-fin-semana-cerca-los-puntos","status":"publish","type":"post","link":"http:\/\/esponsorama.ad\/es\/stefano-nepa-cierra-positivo-fin-semana-cerca-los-puntos\/","title":{"rendered":"Stefano Nepa cierra un positivo fin de semana cerca de los puntos"},"content":{"rendered":"<p>A diferencia de lo ocurrido el a\u00f1o pasado cuando la intensa lluvia y la mala situaci\u00f3n del asfalto impidieron la celebraci\u00f3n de la prueba, la carrera del Gran Premio de Gran Breta\u00f1a pudo celebrarse con normalidad en esta ocasi\u00f3n. Sin embargo, volvi\u00f3 a ser una carrera dif\u00edcil para el piloto del Reale Avintia Arizona 77, Stefano Nepa, que no pudo llegar a los puntos. La parte positiva es que la diferencia con el TOP15 fue menor que en otras ocasiones\u00a0y cada vez est\u00e1 m\u00e1s cerca de lograr el objetivo.<\/p>\n\n<p>\u00abHa sido un fin de semana positivo sobre todo el primer d\u00eda cuando el FP2 pude hacer un gran tiempo, sin embargo fue una l\u00e1stima que en el FP3 no pudiese clasificarme directamente para la Q2 porque de esa manera habr\u00eda sido m\u00e1s f\u00e1cil salir delante el domnigo. Estamos mejorando poco a poco, estoy contento porque hemos trabajado bien aunque por desgracia en carrera nos ha faltado materializarlo con un buen resultado pero estoy satisfecho con las sensaciones en pista, el ritmo y los tiempos. Llego con confiaza a Misano, con las pilas cargadas y con ganas. Quisiera dar las gracias al equipo, a los patrocinadores y a mi familia\u00bb<\/p>\n","protected":false},"excerpt":{"rendered":"<p>A diferencia de lo ocurrido el a\u00f1o pasado cuando la intensa lluvia y la mala situaci\u00f3n del asfalto impidieron la celebraci\u00f3n de la prueba, la carrera del Gran Premio de Gran Breta\u00f1a pudo celebrarse con normalidad en esta ocasi\u00f3n. Sin embargo, volvi\u00f3 a ser una carrera dif\u00edcil para el piloto del Reale Avintia Arizona 77, [&hellip;]<\/p>\n","protected":false},"author":6,"featured_media":15104,"comment_status":"closed","ping_status":"closed","sticky":false,"template":"","format":"standard","meta":{"footnotes":""},"categories":[12],"tags":[62,27],"class_list":["post-15096","post","type-post","status-publish","format-standard","has-post-thumbnail","hentry","category-moto3","tag-britishgp","tag-moto3"],"yoast_head":"<!-- This site is optimized with the Yoast SEO plugin v27.1.1 - https:\/\/yoast.com\/product\/yoast-seo-wordpress\/ -->\n<title>Stefano Nepa cierra un positivo fin de semana cerca de los puntos - Esponsorama<\/title>\n<meta name=\"robots\" content=\"index, follow, max-snippet:-1, max-image-preview:large, max-video-preview:-1\" \/>\n<link rel=\"canonical\" href=\"http:\/\/esponsorama.ad\/es\/stefano-nepa-cierra-positivo-fin-semana-cerca-los-puntos\/\" \/>\n<meta property=\"og:locale\" content=\"es_ES\" \/>\n<meta property=\"og:type\" content=\"article\" \/>\n<meta property=\"og:title\" content=\"Stefano Nepa cierra un positivo fin de semana cerca de los puntos - Esponsorama\" \/>\n<meta property=\"og:description\" content=\"A diferencia de lo ocurrido el a\u00f1o pasado cuando la intensa lluvia y la mala situaci\u00f3n del asfalto impidieron la celebraci\u00f3n de la prueba, la carrera del Gran Premio de Gran Breta\u00f1a pudo celebrarse con normalidad en esta ocasi\u00f3n. Sin embargo, volvi\u00f3 a ser una carrera dif\u00edcil para el piloto del Reale Avintia Arizona 77, [&hellip;]\" \/>\n<meta property=\"og:url\" content=\"http:\/\/esponsorama.ad\/es\/stefano-nepa-cierra-positivo-fin-semana-cerca-los-puntos\/\" \/>\n<meta property=\"og:site_name\" content=\"Esponsorama\" \/>\n<meta property=\"article:published_time\" content=\"2019-08-25T13:34:38+00:00\" \/>\n<meta property=\"article:modified_time\" content=\"2019-08-25T13:48:07+00:00\" \/>\n<meta property=\"og:image\" content=\"http:\/\/esponsorama.ad\/wp-content\/uploads\/2019\/08\/12GranBretana19M3Esponsorama_AX25393-1-1024x683.jpg\" \/>\n\t<meta property=\"og:image:width\" content=\"1024\" \/>\n\t<meta property=\"og:image:height\" content=\"683\" \/>\n\t<meta property=\"og:image:type\" content=\"image\/jpeg\" \/>\n<meta name=\"author\" content=\"Xavi Andornet\" \/>\n<meta name=\"twitter:card\" content=\"summary_large_image\" \/>\n<meta name=\"twitter:label1\" content=\"Escrito por\" \/>\n\t<meta name=\"twitter:data1\" content=\"Xavi Andornet\" \/>\n\t<meta name=\"twitter:label2\" content=\"Tiempo de lectura\" \/>\n\t<meta name=\"twitter:data2\" content=\"1 minuto\" \/>\n<script type=\"application\/ld+json\" class=\"yoast-schema-graph\">{\"@context\":\"https:\/\/schema.org\",\"@graph\":[{\"@type\":\"Article\",\"@id\":\"http:\/\/esponsorama.ad\/es\/stefano-nepa-cierra-positivo-fin-semana-cerca-los-puntos\/#article\",\"isPartOf\":{\"@id\":\"http:\/\/esponsorama.ad\/es\/stefano-nepa-cierra-positivo-fin-semana-cerca-los-puntos\/\"},\"author\":{\"name\":\"Xavi Andornet\",\"@id\":\"http:\/\/esponsorama.ad\/es\/#\/schema\/person\/a5cde74945183d737066e46b61c6f9c4\"},\"headline\":\"Stefano Nepa cierra un positivo fin de semana cerca de los puntos\",\"datePublished\":\"2019-08-25T13:34:38+00:00\",\"dateModified\":\"2019-08-25T13:48:07+00:00\",\"mainEntityOfPage\":{\"@id\":\"http:\/\/esponsorama.ad\/es\/stefano-nepa-cierra-positivo-fin-semana-cerca-los-puntos\/\"},\"wordCount\":226,\"image\":{\"@id\":\"http:\/\/esponsorama.ad\/es\/stefano-nepa-cierra-positivo-fin-semana-cerca-los-puntos\/#primaryimage\"},\"thumbnailUrl\":\"http:\/\/esponsorama.ad\/wp-content\/uploads\/2019\/08\/12GranBretana19M3Esponsorama_AX25393-1.jpg\",\"keywords\":[\"britishgp\",\"moto3\"],\"articleSection\":[\"Moto3\"],\"inLanguage\":\"es\"},{\"@type\":\"WebPage\",\"@id\":\"http:\/\/esponsorama.ad\/es\/stefano-nepa-cierra-positivo-fin-semana-cerca-los-puntos\/\",\"url\":\"http:\/\/esponsorama.ad\/es\/stefano-nepa-cierra-positivo-fin-semana-cerca-los-puntos\/\",\"name\":\"Stefano Nepa cierra un positivo fin de semana cerca de los puntos - Esponsorama\",\"isPartOf\":{\"@id\":\"http:\/\/esponsorama.ad\/es\/#website\"},\"primaryImageOfPage\":{\"@id\":\"http:\/\/esponsorama.ad\/es\/stefano-nepa-cierra-positivo-fin-semana-cerca-los-puntos\/#primaryimage\"},\"image\":{\"@id\":\"http:\/\/esponsorama.ad\/es\/stefano-nepa-cierra-positivo-fin-semana-cerca-los-puntos\/#primaryimage\"},\"thumbnailUrl\":\"http:\/\/esponsorama.ad\/wp-content\/uploads\/2019\/08\/12GranBretana19M3Esponsorama_AX25393-1.jpg\",\"datePublished\":\"2019-08-25T13:34:38+00:00\",\"dateModified\":\"2019-08-25T13:48:07+00:00\",\"author\":{\"@id\":\"http:\/\/esponsorama.ad\/es\/#\/schema\/person\/a5cde74945183d737066e46b61c6f9c4\"},\"breadcrumb\":{\"@id\":\"http:\/\/esponsorama.ad\/es\/stefano-nepa-cierra-positivo-fin-semana-cerca-los-puntos\/#breadcrumb\"},\"inLanguage\":\"es\",\"potentialAction\":[{\"@type\":\"ReadAction\",\"target\":[\"http:\/\/esponsorama.ad\/es\/stefano-nepa-cierra-positivo-fin-semana-cerca-los-puntos\/\"]}]},{\"@type\":\"ImageObject\",\"inLanguage\":\"es\",\"@id\":\"http:\/\/esponsorama.ad\/es\/stefano-nepa-cierra-positivo-fin-semana-cerca-los-puntos\/#primaryimage\",\"url\":\"http:\/\/esponsorama.ad\/wp-content\/uploads\/2019\/08\/12GranBretana19M3Esponsorama_AX25393-1.jpg\",\"contentUrl\":\"http:\/\/esponsorama.ad\/wp-content\/uploads\/2019\/08\/12GranBretana19M3Esponsorama_AX25393-1.jpg\",\"width\":5472,\"height\":3648,\"caption\":\"12 GranBretana GP 22, 23, 24 y 25 de agosto de 2019, circuito de Silverstone, Inglaterra Motogp, MGP, Mgp, MotoGP\"},{\"@type\":\"BreadcrumbList\",\"@id\":\"http:\/\/esponsorama.ad\/es\/stefano-nepa-cierra-positivo-fin-semana-cerca-los-puntos\/#breadcrumb\",\"itemListElement\":[{\"@type\":\"ListItem\",\"position\":1,\"name\":\"Home\",\"item\":\"http:\/\/esponsorama.ad\/es\/\"},{\"@type\":\"ListItem\",\"position\":2,\"name\":\"Stefano Nepa cierra un positivo fin de semana cerca de los puntos\"}]},{\"@type\":\"WebSite\",\"@id\":\"http:\/\/esponsorama.ad\/es\/#website\",\"url\":\"http:\/\/esponsorama.ad\/es\/\",\"name\":\"Esponsorama\",\"description\":\"Specialist in motorsport sponsorship and event promotions\",\"potentialAction\":[{\"@type\":\"SearchAction\",\"target\":{\"@type\":\"EntryPoint\",\"urlTemplate\":\"http:\/\/esponsorama.ad\/es\/?s={search_term_string}\"},\"query-input\":{\"@type\":\"PropertyValueSpecification\",\"valueRequired\":true,\"valueName\":\"search_term_string\"}}],\"inLanguage\":\"es\"},{\"@type\":\"Person\",\"@id\":\"http:\/\/esponsorama.ad\/es\/#\/schema\/person\/a5cde74945183d737066e46b61c6f9c4\",\"name\":\"Xavi Andornet\",\"image\":{\"@type\":\"ImageObject\",\"inLanguage\":\"es\",\"@id\":\"http:\/\/esponsorama.ad\/es\/#\/schema\/person\/image\/\",\"url\":\"https:\/\/secure.gravatar.com\/avatar\/f10eaf9ad601244a2357c9fd7cd9805ed166cfaaf76d5d9ab08a9d873e70147a?s=96&d=mm&r=g\",\"contentUrl\":\"https:\/\/secure.gravatar.com\/avatar\/f10eaf9ad601244a2357c9fd7cd9805ed166cfaaf76d5d9ab08a9d873e70147a?s=96&d=mm&r=g\",\"caption\":\"Xavi Andornet\"},\"sameAs\":[\"http:\/\/www.andornet.ad\"],\"url\":\"http:\/\/esponsorama.ad\/es\/author\/andornet\/\"}]}<\/script>\n<!-- \/ Yoast SEO plugin. -->","yoast_head_json":{"title":"Stefano Nepa cierra un positivo fin de semana cerca de los puntos - Esponsorama","robots":{"index":"index","follow":"follow","max-snippet":"max-snippet:-1","max-image-preview":"max-image-preview:large","max-video-preview":"max-video-preview:-1"},"canonical":"http:\/\/esponsorama.ad\/es\/stefano-nepa-cierra-positivo-fin-semana-cerca-los-puntos\/","og_locale":"es_ES","og_type":"article","og_title":"Stefano Nepa cierra un positivo fin de semana cerca de los puntos - Esponsorama","og_description":"A diferencia de lo ocurrido el a\u00f1o pasado cuando la intensa lluvia y la mala situaci\u00f3n del asfalto impidieron la celebraci\u00f3n de la prueba, la carrera del Gran Premio de Gran Breta\u00f1a pudo celebrarse con normalidad en esta ocasi\u00f3n. Sin embargo, volvi\u00f3 a ser una carrera dif\u00edcil para el piloto del Reale Avintia Arizona 77, [&hellip;]","og_url":"http:\/\/esponsorama.ad\/es\/stefano-nepa-cierra-positivo-fin-semana-cerca-los-puntos\/","og_site_name":"Esponsorama","article_published_time":"2019-08-25T13:34:38+00:00","article_modified_time":"2019-08-25T13:48:07+00:00","og_image":[{"width":1024,"height":683,"url":"http:\/\/esponsorama.ad\/wp-content\/uploads\/2019\/08\/12GranBretana19M3Esponsorama_AX25393-1-1024x683.jpg","type":"image\/jpeg"}],"author":"Xavi Andornet","twitter_card":"summary_large_image","twitter_misc":{"Escrito por":"Xavi Andornet","Tiempo de lectura":"1 minuto"},"schema":{"@context":"https:\/\/schema.org","@graph":[{"@type":"Article","@id":"http:\/\/esponsorama.ad\/es\/stefano-nepa-cierra-positivo-fin-semana-cerca-los-puntos\/#article","isPartOf":{"@id":"http:\/\/esponsorama.ad\/es\/stefano-nepa-cierra-positivo-fin-semana-cerca-los-puntos\/"},"author":{"name":"Xavi Andornet","@id":"http:\/\/esponsorama.ad\/es\/#\/schema\/person\/a5cde74945183d737066e46b61c6f9c4"},"headline":"Stefano Nepa cierra un positivo fin de semana cerca de los puntos","datePublished":"2019-08-25T13:34:38+00:00","dateModified":"2019-08-25T13:48:07+00:00","mainEntityOfPage":{"@id":"http:\/\/esponsorama.ad\/es\/stefano-nepa-cierra-positivo-fin-semana-cerca-los-puntos\/"},"wordCount":226,"image":{"@id":"http:\/\/esponsorama.ad\/es\/stefano-nepa-cierra-positivo-fin-semana-cerca-los-puntos\/#primaryimage"},"thumbnailUrl":"http:\/\/esponsorama.ad\/wp-content\/uploads\/2019\/08\/12GranBretana19M3Esponsorama_AX25393-1.jpg","keywords":["britishgp","moto3"],"articleSection":["Moto3"],"inLanguage":"es"},{"@type":"WebPage","@id":"http:\/\/esponsorama.ad\/es\/stefano-nepa-cierra-positivo-fin-semana-cerca-los-puntos\/","url":"http:\/\/esponsorama.ad\/es\/stefano-nepa-cierra-positivo-fin-semana-cerca-los-puntos\/","name":"Stefano Nepa cierra un positivo fin de semana cerca de los puntos - Esponsorama","isPartOf":{"@id":"http:\/\/esponsorama.ad\/es\/#website"},"primaryImageOfPage":{"@id":"http:\/\/esponsorama.ad\/es\/stefano-nepa-cierra-positivo-fin-semana-cerca-los-puntos\/#primaryimage"},"image":{"@id":"http:\/\/esponsorama.ad\/es\/stefano-nepa-cierra-positivo-fin-semana-cerca-los-puntos\/#primaryimage"},"thumbnailUrl":"http:\/\/esponsorama.ad\/wp-content\/uploads\/2019\/08\/12GranBretana19M3Esponsorama_AX25393-1.jpg","datePublished":"2019-08-25T13:34:38+00:00","dateModified":"2019-08-25T13:48:07+00:00","author":{"@id":"http:\/\/esponsorama.ad\/es\/#\/schema\/person\/a5cde74945183d737066e46b61c6f9c4"},"breadcrumb":{"@id":"http:\/\/esponsorama.ad\/es\/stefano-nepa-cierra-positivo-fin-semana-cerca-los-puntos\/#breadcrumb"},"inLanguage":"es","potentialAction":[{"@type":"ReadAction","target":["http:\/\/esponsorama.ad\/es\/stefano-nepa-cierra-positivo-fin-semana-cerca-los-puntos\/"]}]},{"@type":"ImageObject","inLanguage":"es","@id":"http:\/\/esponsorama.ad\/es\/stefano-nepa-cierra-positivo-fin-semana-cerca-los-puntos\/#primaryimage","url":"http:\/\/esponsorama.ad\/wp-content\/uploads\/2019\/08\/12GranBretana19M3Esponsorama_AX25393-1.jpg","contentUrl":"http:\/\/esponsorama.ad\/wp-content\/uploads\/2019\/08\/12GranBretana19M3Esponsorama_AX25393-1.jpg","width":5472,"height":3648,"caption":"12 GranBretana GP 22, 23, 24 y 25 de agosto de 2019, circuito de Silverstone, Inglaterra Motogp, MGP, Mgp, MotoGP"},{"@type":"BreadcrumbList","@id":"http:\/\/esponsorama.ad\/es\/stefano-nepa-cierra-positivo-fin-semana-cerca-los-puntos\/#breadcrumb","itemListElement":[{"@type":"ListItem","position":1,"name":"Home","item":"http:\/\/esponsorama.ad\/es\/"},{"@type":"ListItem","position":2,"name":"Stefano Nepa cierra un positivo fin de semana cerca de los puntos"}]},{"@type":"WebSite","@id":"http:\/\/esponsorama.ad\/es\/#website","url":"http:\/\/esponsorama.ad\/es\/","name":"Esponsorama","description":"Specialist in motorsport sponsorship and event promotions","potentialAction":[{"@type":"SearchAction","target":{"@type":"EntryPoint","urlTemplate":"http:\/\/esponsorama.ad\/es\/?s={search_term_string}"},"query-input":{"@type":"PropertyValueSpecification","valueRequired":true,"valueName":"search_term_string"}}],"inLanguage":"es"},{"@type":"Person","@id":"http:\/\/esponsorama.ad\/es\/#\/schema\/person\/a5cde74945183d737066e46b61c6f9c4","name":"Xavi Andornet","image":{"@type":"ImageObject","inLanguage":"es","@id":"http:\/\/esponsorama.ad\/es\/#\/schema\/person\/image\/","url":"https:\/\/secure.gravatar.com\/avatar\/f10eaf9ad601244a2357c9fd7cd9805ed166cfaaf76d5d9ab08a9d873e70147a?s=96&d=mm&r=g","contentUrl":"https:\/\/secure.gravatar.com\/avatar\/f10eaf9ad601244a2357c9fd7cd9805ed166cfaaf76d5d9ab08a9d873e70147a?s=96&d=mm&r=g","caption":"Xavi Andornet"},"sameAs":["http:\/\/www.andornet.ad"],"url":"http:\/\/esponsorama.ad\/es\/author\/andornet\/"}]}},"_links":{"self":[{"href":"http:\/\/esponsorama.ad\/es\/wp-json\/wp\/v2\/posts\/15096","targetHints":{"allow":["GET"]}}],"collection":[{"href":"http:\/\/esponsorama.ad\/es\/wp-json\/wp\/v2\/posts"}],"about":[{"href":"http:\/\/esponsorama.ad\/es\/wp-json\/wp\/v2\/types\/post"}],"author":[{"embeddable":true,"href":"http:\/\/esponsorama.ad\/es\/wp-json\/wp\/v2\/users\/6"}],"replies":[{"embeddable":true,"href":"http:\/\/esponsorama.ad\/es\/wp-json\/wp\/v2\/comments?post=15096"}],"version-history":[{"count":0,"href":"http:\/\/esponsorama.ad\/es\/wp-json\/wp\/v2\/posts\/15096\/revisions"}],"wp:featuredmedia":[{"embeddable":true,"href":"http:\/\/esponsorama.ad\/es\/wp-json\/wp\/v2\/media\/15104"}],"wp:attachment":[{"href":"http:\/\/esponsorama.ad\/es\/wp-json\/wp\/v2\/media?parent=15096"}],"wp:term":[{"taxonomy":"category","embeddable":true,"href":"http:\/\/esponsorama.ad\/es\/wp-json\/wp\/v2\/categories?post=15096"},{"taxonomy":"post_tag","embeddable":true,"href":"http:\/\/esponsorama.ad\/es\/wp-json\/wp\/v2\/tags?post=15096"}],"curies":[{"name":"wp","href":"https:\/\/api.w.org\/{rel}","templated":true}]}}